{"id":7116,"date":"2025-08-28T10:47:40","date_gmt":"2025-08-28T13:47:40","guid":{"rendered":"https:\/\/dev.alisonandrei.com.br\/noticia\/alunos-do-sepam-participam-de-bate-papo-online-com-elmo-francfort\/"},"modified":"2025-11-24T10:53:35","modified_gmt":"2025-11-24T13:53:35","slug":"alunos-do-sepam-participam-de-bate-papo-online-com-elmo-francfort","status":"publish","type":"post","link":"https:\/\/sepam.com.br\/pt\/alunos-do-sepam-participam-de-bate-papo-online-com-elmo-francfort\/","title":{"rendered":"Alunos do Sepam participam de bate-papo online com Elmo Francfort"},"content":{"rendered":"<p><em>O jornalista \u00e9 respons\u00e1vel pelo projeto Mem\u00f3ria ABERT, dos 70 anos da TV. O bate-papo foi sobre radionovelas <\/em><\/p>\n<p>Nesta segunda-feira (05), os alunos do 9\u00ba ano do Ensino Fundamental do Col\u00e9gio Pontagrossense Sepam, em Ponta Grossa (PR), participaram de um bate-papo online com o jornalista, escritor, radialista, pesquisador e cr\u00edtico de TV, Elmo Francfort, sobre radionovelas. O encontro foi promovido para aprofundar este g\u00eanero textual, que est\u00e1 sendo trabalhado dentro da quarta edi\u00e7\u00e3o do Projeto Liter\u00e1rio Colet\u00e2neas SEPAM, (projeto pedag\u00f3gico que envolve alunos do 6\u00ba ao 9\u00ba ano na produ\u00e7\u00e3o de livros).<\/p>\n<p>\u201cEntender a hist\u00f3ria do r\u00e1dio e da TV \u00e9 pensar tamb\u00e9m na nossa cultura, na nossa mem\u00f3ria nacional e no nosso futuro, resgatando boas ideias e pensando no que aperfei\u00e7oar&#8221;, acredita Francfort, que \u00e9 coordenador do projeto TV Ano 70, realizado pela Associa\u00e7\u00e3o Brasileira das Emissoras de R\u00e1dio e Televis\u00e3o (ABERT) sobre a hist\u00f3ria da TV brasileira.<\/p>\n<p>O encontro durou cerca de duas horas e foi repleto de trocas muito significativas para os estudantes. \u201cElmo trouxe muita informa\u00e7\u00e3o e curiosidades para os alunos. Todos se sentiram bem \u00e0 vontade no bate-papo e entenderam a grandiosidade desse trabalho, pois n\u00e3o se trata de um g\u00eanero feito para o professor ler, mas \u00e9 um g\u00eanero que faz parte da nossa hist\u00f3ria, da hist\u00f3ria dos meios de comunica\u00e7\u00e3o no Brasil\u201d, explica a professora de Produ\u00e7\u00e3o Textual, Marcela Marabeli Pagano de Oliveira, que est\u00e1 desenvolvendo o trabalho com os alunos.<\/p>\n<p>&nbsp;<\/p>\n","protected":false},"excerpt":{"rendered":"<p>O jornalista \u00e9 respons\u00e1vel pelo projeto Mem\u00f3ria ABERT, dos 70 anos da TV. O bate-papo foi sobre radionovelas Nesta segunda-feira (05), os alunos do 9\u00ba ano do Ensino Fundamental do Col\u00e9gio Pontagrossense Sepam, em Ponta Grossa (PR), participaram de um bate-papo online com o jornalista, escritor, radialista, pesquisador e cr\u00edtico de TV, Elmo Francfort, sobre [&hellip;]<\/p>\n","protected":false},"author":13,"featured_media":0,"comment_status":"open","ping_status":"open","sticky":false,"template":"","format":"standard","meta":{"footnotes":""},"categories":[21],"tags":[],"class_list":["post-7116","post","type-post","status-publish","format-standard","hentry","category-colegio-sepam"],"yoast_head":"<!-- This site is optimized with the Yoast SEO plugin v28.4 - https:\/\/yoast.com\/product\/yoast-seo-wordpress\/ -->\n<title>Alunos do Sepam participam de bate-papo online com Elmo Francfort - Col\u00e9gio Sepam<\/title>\n<meta name=\"robots\" content=\"index, follow, max-snippet:-1, max-image-preview:large, max-video-preview:-1\" \/>\n<link rel=\"canonical\" href=\"https:\/\/sepam.com.br\/pt\/alunos-do-sepam-participam-de-bate-papo-online-com-elmo-francfort\/\" \/>\n<meta property=\"og:locale\" content=\"pt_BR\" \/>\n<meta property=\"og:type\" content=\"article\" \/>\n<meta property=\"og:title\" content=\"Alunos do Sepam participam de bate-papo online com Elmo Francfort - Col\u00e9gio Sepam\" \/>\n<meta property=\"og:description\" content=\"O jornalista \u00e9 respons\u00e1vel pelo projeto Mem\u00f3ria ABERT, dos 70 anos da TV. O bate-papo foi sobre radionovelas Nesta segunda-feira (05), os alunos do 9\u00ba ano do Ensino Fundamental do Col\u00e9gio Pontagrossense Sepam, em Ponta Grossa (PR), participaram de um bate-papo online com o jornalista, escritor, radialista, pesquisador e cr\u00edtico de TV, Elmo Francfort, sobre [&hellip;]\" \/>\n<meta property=\"og:url\" content=\"https:\/\/sepam.com.br\/pt\/alunos-do-sepam-participam-de-bate-papo-online-com-elmo-francfort\/\" \/>\n<meta property=\"og:site_name\" content=\"Col\u00e9gio Sepam\" \/>\n<meta property=\"article:published_time\" content=\"2025-08-28T13:47:40+00:00\" \/>\n<meta property=\"article:modified_time\" content=\"2025-11-24T13:53:35+00:00\" \/>\n<meta name=\"author\" content=\"Sepam\" \/>\n<meta name=\"twitter:card\" content=\"summary_large_image\" \/>\n<meta name=\"twitter:label1\" content=\"Escrito por\" \/>\n\t<meta name=\"twitter:data1\" content=\"Sepam\" \/>\n\t<meta name=\"twitter:label2\" content=\"Est. tempo de leitura\" \/>\n\t<meta name=\"twitter:data2\" content=\"1 minuto\" \/>\n<script type=\"application\/ld+json\" class=\"yoast-schema-graph\">{\"@context\":\"https:\\\/\\\/schema.org\",\"@graph\":[{\"@type\":\"Article\",\"@id\":\"https:\\\/\\\/sepam.com.br\\\/pt\\\/alunos-do-sepam-participam-de-bate-papo-online-com-elmo-francfort\\\/#article\",\"isPartOf\":{\"@id\":\"https:\\\/\\\/sepam.com.br\\\/pt\\\/alunos-do-sepam-participam-de-bate-papo-online-com-elmo-francfort\\\/\"},\"author\":{\"name\":\"Sepam\",\"@id\":\"https:\\\/\\\/sepam.com.br\\\/#\\\/schema\\\/person\\\/bfa2996c649a5a6d822766f6e64eb7fd\"},\"headline\":\"Alunos do Sepam participam de bate-papo online com Elmo Francfort\",\"datePublished\":\"2025-08-28T13:47:40+00:00\",\"dateModified\":\"2025-11-24T13:53:35+00:00\",\"mainEntityOfPage\":{\"@id\":\"https:\\\/\\\/sepam.com.br\\\/pt\\\/alunos-do-sepam-participam-de-bate-papo-online-com-elmo-francfort\\\/\"},\"wordCount\":265,\"commentCount\":0,\"publisher\":{\"@id\":\"https:\\\/\\\/sepam.com.br\\\/#organization\"},\"articleSection\":[\"Colegio Sepam\"],\"inLanguage\":\"pt-BR\",\"potentialAction\":[{\"@type\":\"CommentAction\",\"name\":\"Comment\",\"target\":[\"https:\\\/\\\/sepam.com.br\\\/pt\\\/alunos-do-sepam-participam-de-bate-papo-online-com-elmo-francfort\\\/#respond\"]}]},{\"@type\":\"WebPage\",\"@id\":\"https:\\\/\\\/sepam.com.br\\\/pt\\\/alunos-do-sepam-participam-de-bate-papo-online-com-elmo-francfort\\\/\",\"url\":\"https:\\\/\\\/sepam.com.br\\\/pt\\\/alunos-do-sepam-participam-de-bate-papo-online-com-elmo-francfort\\\/\",\"name\":\"Alunos do Sepam participam de bate-papo online com Elmo Francfort - Col\u00e9gio Sepam\",\"isPartOf\":{\"@id\":\"https:\\\/\\\/sepam.com.br\\\/#website\"},\"datePublished\":\"2025-08-28T13:47:40+00:00\",\"dateModified\":\"2025-11-24T13:53:35+00:00\",\"breadcrumb\":{\"@id\":\"https:\\\/\\\/sepam.com.br\\\/pt\\\/alunos-do-sepam-participam-de-bate-papo-online-com-elmo-francfort\\\/#breadcrumb\"},\"inLanguage\":\"pt-BR\",\"potentialAction\":[{\"@type\":\"ReadAction\",\"target\":[\"https:\\\/\\\/sepam.com.br\\\/pt\\\/alunos-do-sepam-participam-de-bate-papo-online-com-elmo-francfort\\\/\"]}]},{\"@type\":\"BreadcrumbList\",\"@id\":\"https:\\\/\\\/sepam.com.br\\\/pt\\\/alunos-do-sepam-participam-de-bate-papo-online-com-elmo-francfort\\\/#breadcrumb\",\"itemListElement\":[{\"@type\":\"ListItem\",\"position\":1,\"name\":\"In\u00edcio\",\"item\":\"https:\\\/\\\/sepam.com.br\\\/\"},{\"@type\":\"ListItem\",\"position\":2,\"name\":\"Alunos do Sepam participam de bate-papo online com Elmo Francfort\"}]},{\"@type\":\"WebSite\",\"@id\":\"https:\\\/\\\/sepam.com.br\\\/#website\",\"url\":\"https:\\\/\\\/sepam.com.br\\\/\",\"name\":\"Col\u00e9gio Sepam\",\"description\":\"Ensino Incompar\u00e1vel\",\"publisher\":{\"@id\":\"https:\\\/\\\/sepam.com.br\\\/#organization\"},\"potentialAction\":[{\"@type\":\"SearchAction\",\"target\":{\"@type\":\"EntryPoint\",\"urlTemplate\":\"https:\\\/\\\/sepam.com.br\\\/?s={search_term_string}\"},\"query-input\":{\"@type\":\"PropertyValueSpecification\",\"valueRequired\":true,\"valueName\":\"search_term_string\"}}],\"inLanguage\":\"pt-BR\"},{\"@type\":\"Organization\",\"@id\":\"https:\\\/\\\/sepam.com.br\\\/#organization\",\"name\":\"Col\u00e9gio Sepam\",\"url\":\"https:\\\/\\\/sepam.com.br\\\/\",\"logo\":{\"@type\":\"ImageObject\",\"inLanguage\":\"pt-BR\",\"@id\":\"https:\\\/\\\/sepam.com.br\\\/#\\\/schema\\\/logo\\\/image\\\/\",\"url\":\"https:\\\/\\\/sepam.com.br\\\/wp-content\\\/uploads\\\/2025\\\/02\\\/Ativo-2.png\",\"contentUrl\":\"https:\\\/\\\/sepam.com.br\\\/wp-content\\\/uploads\\\/2025\\\/02\\\/Ativo-2.png\",\"width\":595,\"height\":525,\"caption\":\"Col\u00e9gio Sepam\"},\"image\":{\"@id\":\"https:\\\/\\\/sepam.com.br\\\/#\\\/schema\\\/logo\\\/image\\\/\"}},{\"@type\":\"Person\",\"@id\":\"https:\\\/\\\/sepam.com.br\\\/#\\\/schema\\\/person\\\/bfa2996c649a5a6d822766f6e64eb7fd\",\"name\":\"Sepam\",\"image\":{\"@type\":\"ImageObject\",\"inLanguage\":\"pt-BR\",\"@id\":\"https:\\\/\\\/secure.gravatar.com\\\/avatar\\\/0219e64664f5861998ad57a3432eb4bd5fd99a34c7cc9bc44b3c59dfb830db85?s=96&d=mm&r=g\",\"url\":\"https:\\\/\\\/secure.gravatar.com\\\/avatar\\\/0219e64664f5861998ad57a3432eb4bd5fd99a34c7cc9bc44b3c59dfb830db85?s=96&d=mm&r=g\",\"contentUrl\":\"https:\\\/\\\/secure.gravatar.com\\\/avatar\\\/0219e64664f5861998ad57a3432eb4bd5fd99a34c7cc9bc44b3c59dfb830db85?s=96&d=mm&r=g\",\"caption\":\"Sepam\"},\"url\":\"https:\\\/\\\/sepam.com.br\\\/pt\\\/author\\\/sepam\\\/\"}]}<\/script>\n<!-- \/ Yoast SEO plugin. -->","yoast_head_json":{"title":"Alunos do Sepam participam de bate-papo online com Elmo Francfort - Col\u00e9gio Sepam","robots":{"index":"index","follow":"follow","max-snippet":"max-snippet:-1","max-image-preview":"max-image-preview:large","max-video-preview":"max-video-preview:-1"},"canonical":"https:\/\/sepam.com.br\/pt\/alunos-do-sepam-participam-de-bate-papo-online-com-elmo-francfort\/","og_locale":"pt_BR","og_type":"article","og_title":"Alunos do Sepam participam de bate-papo online com Elmo Francfort - Col\u00e9gio Sepam","og_description":"O jornalista \u00e9 respons\u00e1vel pelo projeto Mem\u00f3ria ABERT, dos 70 anos da TV. O bate-papo foi sobre radionovelas Nesta segunda-feira (05), os alunos do 9\u00ba ano do Ensino Fundamental do Col\u00e9gio Pontagrossense Sepam, em Ponta Grossa (PR), participaram de um bate-papo online com o jornalista, escritor, radialista, pesquisador e cr\u00edtico de TV, Elmo Francfort, sobre [&hellip;]","og_url":"https:\/\/sepam.com.br\/pt\/alunos-do-sepam-participam-de-bate-papo-online-com-elmo-francfort\/","og_site_name":"Col\u00e9gio Sepam","article_published_time":"2025-08-28T13:47:40+00:00","article_modified_time":"2025-11-24T13:53:35+00:00","author":"Sepam","twitter_card":"summary_large_image","twitter_misc":{"Escrito por":"Sepam","Est. tempo de leitura":"1 minuto"},"schema":{"@context":"https:\/\/schema.org","@graph":[{"@type":"Article","@id":"https:\/\/sepam.com.br\/pt\/alunos-do-sepam-participam-de-bate-papo-online-com-elmo-francfort\/#article","isPartOf":{"@id":"https:\/\/sepam.com.br\/pt\/alunos-do-sepam-participam-de-bate-papo-online-com-elmo-francfort\/"},"author":{"name":"Sepam","@id":"https:\/\/sepam.com.br\/#\/schema\/person\/bfa2996c649a5a6d822766f6e64eb7fd"},"headline":"Alunos do Sepam participam de bate-papo online com Elmo Francfort","datePublished":"2025-08-28T13:47:40+00:00","dateModified":"2025-11-24T13:53:35+00:00","mainEntityOfPage":{"@id":"https:\/\/sepam.com.br\/pt\/alunos-do-sepam-participam-de-bate-papo-online-com-elmo-francfort\/"},"wordCount":265,"commentCount":0,"publisher":{"@id":"https:\/\/sepam.com.br\/#organization"},"articleSection":["Colegio Sepam"],"inLanguage":"pt-BR","potentialAction":[{"@type":"CommentAction","name":"Comment","target":["https:\/\/sepam.com.br\/pt\/alunos-do-sepam-participam-de-bate-papo-online-com-elmo-francfort\/#respond"]}]},{"@type":"WebPage","@id":"https:\/\/sepam.com.br\/pt\/alunos-do-sepam-participam-de-bate-papo-online-com-elmo-francfort\/","url":"https:\/\/sepam.com.br\/pt\/alunos-do-sepam-participam-de-bate-papo-online-com-elmo-francfort\/","name":"Alunos do Sepam participam de bate-papo online com Elmo Francfort - Col\u00e9gio Sepam","isPartOf":{"@id":"https:\/\/sepam.com.br\/#website"},"datePublished":"2025-08-28T13:47:40+00:00","dateModified":"2025-11-24T13:53:35+00:00","breadcrumb":{"@id":"https:\/\/sepam.com.br\/pt\/alunos-do-sepam-participam-de-bate-papo-online-com-elmo-francfort\/#breadcrumb"},"inLanguage":"pt-BR","potentialAction":[{"@type":"ReadAction","target":["https:\/\/sepam.com.br\/pt\/alunos-do-sepam-participam-de-bate-papo-online-com-elmo-francfort\/"]}]},{"@type":"BreadcrumbList","@id":"https:\/\/sepam.com.br\/pt\/alunos-do-sepam-participam-de-bate-papo-online-com-elmo-francfort\/#breadcrumb","itemListElement":[{"@type":"ListItem","position":1,"name":"In\u00edcio","item":"https:\/\/sepam.com.br\/"},{"@type":"ListItem","position":2,"name":"Alunos do Sepam participam de bate-papo online com Elmo Francfort"}]},{"@type":"WebSite","@id":"https:\/\/sepam.com.br\/#website","url":"https:\/\/sepam.com.br\/","name":"Col\u00e9gio Sepam","description":"Ensino Incompar\u00e1vel","publisher":{"@id":"https:\/\/sepam.com.br\/#organization"},"potentialAction":[{"@type":"SearchAction","target":{"@type":"EntryPoint","urlTemplate":"https:\/\/sepam.com.br\/?s={search_term_string}"},"query-input":{"@type":"PropertyValueSpecification","valueRequired":true,"valueName":"search_term_string"}}],"inLanguage":"pt-BR"},{"@type":"Organization","@id":"https:\/\/sepam.com.br\/#organization","name":"Col\u00e9gio Sepam","url":"https:\/\/sepam.com.br\/","logo":{"@type":"ImageObject","inLanguage":"pt-BR","@id":"https:\/\/sepam.com.br\/#\/schema\/logo\/image\/","url":"https:\/\/sepam.com.br\/wp-content\/uploads\/2025\/02\/Ativo-2.png","contentUrl":"https:\/\/sepam.com.br\/wp-content\/uploads\/2025\/02\/Ativo-2.png","width":595,"height":525,"caption":"Col\u00e9gio Sepam"},"image":{"@id":"https:\/\/sepam.com.br\/#\/schema\/logo\/image\/"}},{"@type":"Person","@id":"https:\/\/sepam.com.br\/#\/schema\/person\/bfa2996c649a5a6d822766f6e64eb7fd","name":"Sepam","image":{"@type":"ImageObject","inLanguage":"pt-BR","@id":"https:\/\/secure.gravatar.com\/avatar\/0219e64664f5861998ad57a3432eb4bd5fd99a34c7cc9bc44b3c59dfb830db85?s=96&d=mm&r=g","url":"https:\/\/secure.gravatar.com\/avatar\/0219e64664f5861998ad57a3432eb4bd5fd99a34c7cc9bc44b3c59dfb830db85?s=96&d=mm&r=g","contentUrl":"https:\/\/secure.gravatar.com\/avatar\/0219e64664f5861998ad57a3432eb4bd5fd99a34c7cc9bc44b3c59dfb830db85?s=96&d=mm&r=g","caption":"Sepam"},"url":"https:\/\/sepam.com.br\/pt\/author\/sepam\/"}]}},"_links":{"self":[{"href":"https:\/\/sepam.com.br\/pt\/wp-json\/wp\/v2\/posts\/7116","targetHints":{"allow":["GET"]}}],"collection":[{"href":"https:\/\/sepam.com.br\/pt\/wp-json\/wp\/v2\/posts"}],"about":[{"href":"https:\/\/sepam.com.br\/pt\/wp-json\/wp\/v2\/types\/post"}],"author":[{"embeddable":true,"href":"https:\/\/sepam.com.br\/pt\/wp-json\/wp\/v2\/users\/13"}],"replies":[{"embeddable":true,"href":"https:\/\/sepam.com.br\/pt\/wp-json\/wp\/v2\/comments?post=7116"}],"version-history":[{"count":1,"href":"https:\/\/sepam.com.br\/pt\/wp-json\/wp\/v2\/posts\/7116\/revisions"}],"predecessor-version":[{"id":7260,"href":"https:\/\/sepam.com.br\/pt\/wp-json\/wp\/v2\/posts\/7116\/revisions\/7260"}],"wp:attachment":[{"href":"https:\/\/sepam.com.br\/pt\/wp-json\/wp\/v2\/media?parent=7116"}],"wp:term":[{"taxonomy":"category","embeddable":true,"href":"https:\/\/sepam.com.br\/pt\/wp-json\/wp\/v2\/categories?post=7116"},{"taxonomy":"post_tag","embeddable":true,"href":"https:\/\/sepam.com.br\/pt\/wp-json\/wp\/v2\/tags?post=7116"}],"curies":[{"name":"wp","href":"https:\/\/api.w.org\/{rel}","templated":true}]}}