{"id":7107,"date":"2025-08-28T10:47:40","date_gmt":"2025-08-28T13:47:40","guid":{"rendered":"https:\/\/dev.alisonandrei.com.br\/noticia\/sepam-mantem-o-1-lugar-no-enem-em-pg-e-sobe-para-7-no-parana\/"},"modified":"2025-11-24T10:53:35","modified_gmt":"2025-11-24T13:53:35","slug":"sepam-mantem-o-1-lugar-no-enem-em-pg-e-sobe-para-7-no-parana","status":"publish","type":"post","link":"https:\/\/sepam.com.br\/pt\/sepam-mantem-o-1-lugar-no-enem-em-pg-e-sobe-para-7-no-parana\/","title":{"rendered":"Sepam mant\u00e9m o 1\u00b0 lugar no Enem em PG e sobe para 7\u00b0 no Paran\u00e1"},"content":{"rendered":"<p>Alguma vez voc\u00ea parou para pensar o que mudou na sua vida em 10 anos? Certamente aconteceram acertos, erros e muitas reinven\u00e7\u00f5es. Com o Col\u00e9gio Pontagrossense Sepam n\u00e3o foi diferente. As mudan\u00e7as vieram na estrutura f\u00edsica, no jeito de ensinar, nos materiais, nas novas gera\u00e7\u00f5es de alunos e professores, mas uma coisa n\u00e3o mudou: o compromisso com o ensino de qualidade. Na semana passada, o Instituto Nacional de Estudos e Pesquisas Educacionais An\u00edsio Teixeira (INEP) divulgou os resultados do Exame Nacional do Ensino M\u00e9dio (Enem) 2019 e o Sepam, pelo 10\u00b0 ano, ficou com o primeiro lugar em Ponta Grossa e agora est\u00e1 em 7\u00b0 no Paran\u00e1 (10\u00ba em 2018), onde j\u00e1 esteve duas vezes entre os 20 melhores do estado.<\/p>\n<p>Com m\u00e9dia, em 2019, de 642.64 pontos nas provas objetivas e 652 na reda\u00e7\u00e3o, o Sepam vem melhorando gradativamente sua performance no Enem. \u201cO Sepam trabalha durante todo o Ensino M\u00e9dio com muita seriedade pensando no Processo Seletivo Seriado (PSS) nos vestibulares e tamb\u00e9m no Enem. Os materiais did\u00e1ticos s\u00e3o ajustados para proporcionar aos alunos alta performance em cada um dos modelos de concurso que eles participam.\u00a0 Al\u00e9m disso, encorajamos os estudantes para que fa\u00e7am os simulados disponibilizados pelo col\u00e9gio e para que participem do Enem ainda na 2\u00aa s\u00e9rie do Ensino M\u00e9dio a fim de conhecerem a prova, que \u00e9 diferente das provas do PSS e do vestibular por exemplo\u201d, observa o professor e coordenador do Sepam Vestibulares, Yuri S\u00f3crates Saleh Hichmeh.\u00a0 Ele explica que o Enem trabalha a interdisciplinaridade, com quest\u00f5es contextualizadas em temas contempor\u00e2neos, por meio de charges e trechos de m\u00fasicas, tornando a prova mais interpretativa, enquanto no PSS e no vestibular o conte\u00fado \u00e9 mais objetivo.<\/p>\n<p>Para o coordenador pedag\u00f3gico do Col\u00e9gio Sepam, Jacob Cavagnari, a base proporcionada ao aluno no Ensino Fundamental do Sepam \u00e9 primordial para um bom resultado no Enem. \u201cTodo esse esfor\u00e7o vem desde o Ensino Fundamental porque o Enem n\u00e3o se define s\u00f3 nos \u00faltimos tr\u00eas anos da educa\u00e7\u00e3o b\u00e1sica. \u00c9 com uma base forte que desenvolvemos as habilidades e as compet\u00eancias dos alunos. Em todos os nossos momentos dentro e fora de sala de aula\u201d, afirma.<\/p>\n<p>Ex-aluno do Sepam, Igor Henrique Krugel Borba, passou em 7\u00ba lugar em Engenharia Mec\u00e2nica na UTFPR de Ponta Grossa. \u201cQuando eu percebi que o Enem seria o melhor caminho para entrar na universidade eu foquei nos estudos, estudando o que mais ca\u00eda nas provas passadas\u201d, conta Igor. O acad\u00eamico lembra que da primeira reda\u00e7\u00e3o que escreveu nas aulas at\u00e9 a \u00faltima, orientado pelo professor \u00c9lio Antunes, houve um crescimento fundamental para ser aprovado no Enem.<\/p>\n<p>Acad\u00eamica do 1\u00b0 ano de Engenharia Mec\u00e2nica da UTFPR, Renata Cury Caruso, tamb\u00e9m se preparou para o Enem estudando as provas passadas. \u201cA prova do Enem \u00e9 cansativa, por isso \u00e9 preciso estar preparado. Eu refazia as provas antigas para me acostumar com a estrutura, lia as reda\u00e7\u00f5es com as melhores notas e escrevia uma por semana, ent\u00e3o fui me adaptando \u00e0 estrutura da prova\u201d, conta a ex-aluna Sepam.<\/p>\n<p>Para o diretor do Sepam, Osni Mongruel J\u00fanior, o resultado do Enem mostra que o Col\u00e9gio, com mais de 80 anos, segue sendo um col\u00e9gio de vanguarda e com o ensino forte. \u201cNeste momento de turbul\u00eancias que o mundo passa, receber a not\u00edcia de que o Sepam se mant\u00e9m em primeiro lugar no Enem nos Campos Gerias e mais uma vez entre os dez melhores do estado, nos mostra que a seguran\u00e7a educacional do nosso col\u00e9gio se mant\u00e9m em alta. Estar em primeiro lugar por dez anos consecutivos \u00e9 uma honra e um compromisso com a manuten\u00e7\u00e3o daquilo que \u00e9 importante, ou seja, educa\u00e7\u00e3o com princ\u00edpios e valores, com respeito \u00e0 hist\u00f3ria de nossos alunos e professores e com muita qualidade\u201d finaliza.<\/p>\n","protected":false},"excerpt":{"rendered":"<p>Alguma vez voc\u00ea parou para pensar o que mudou na sua vida em 10 anos? Certamente aconteceram acertos, erros e muitas reinven\u00e7\u00f5es. Com o Col\u00e9gio Pontagrossense Sepam n\u00e3o foi diferente. As mudan\u00e7as vieram na estrutura f\u00edsica, no jeito de ensinar, nos materiais, nas novas gera\u00e7\u00f5es de alunos e professores, mas uma coisa n\u00e3o mudou: o [&hellip;]<\/p>\n","protected":false},"author":13,"featured_media":0,"comment_status":"open","ping_status":"open","sticky":false,"template":"","format":"standard","meta":{"footnotes":""},"categories":[21],"tags":[],"class_list":["post-7107","post","type-post","status-publish","format-standard","hentry","category-colegio-sepam"],"yoast_head":"<!-- This site is optimized with the Yoast SEO plugin v28.4 - https:\/\/yoast.com\/product\/yoast-seo-wordpress\/ -->\n<title>Sepam mant\u00e9m o 1\u00b0 lugar no Enem em PG e sobe para 7\u00b0 no Paran\u00e1 - Col\u00e9gio Sepam<\/title>\n<meta name=\"robots\" content=\"index, follow, max-snippet:-1, max-image-preview:large, max-video-preview:-1\" \/>\n<link rel=\"canonical\" href=\"https:\/\/sepam.com.br\/pt\/sepam-mantem-o-1-lugar-no-enem-em-pg-e-sobe-para-7-no-parana\/\" \/>\n<meta property=\"og:locale\" content=\"pt_BR\" \/>\n<meta property=\"og:type\" content=\"article\" \/>\n<meta property=\"og:title\" content=\"Sepam mant\u00e9m o 1\u00b0 lugar no Enem em PG e sobe para 7\u00b0 no Paran\u00e1 - Col\u00e9gio Sepam\" \/>\n<meta property=\"og:description\" content=\"Alguma vez voc\u00ea parou para pensar o que mudou na sua vida em 10 anos? Certamente aconteceram acertos, erros e muitas reinven\u00e7\u00f5es. Com o Col\u00e9gio Pontagrossense Sepam n\u00e3o foi diferente. As mudan\u00e7as vieram na estrutura f\u00edsica, no jeito de ensinar, nos materiais, nas novas gera\u00e7\u00f5es de alunos e professores, mas uma coisa n\u00e3o mudou: o [&hellip;]\" \/>\n<meta property=\"og:url\" content=\"https:\/\/sepam.com.br\/pt\/sepam-mantem-o-1-lugar-no-enem-em-pg-e-sobe-para-7-no-parana\/\" \/>\n<meta property=\"og:site_name\" content=\"Col\u00e9gio Sepam\" \/>\n<meta property=\"article:published_time\" content=\"2025-08-28T13:47:40+00:00\" \/>\n<meta property=\"article:modified_time\" content=\"2025-11-24T13:53:35+00:00\" \/>\n<meta name=\"author\" content=\"Sepam\" \/>\n<meta name=\"twitter:card\" content=\"summary_large_image\" \/>\n<meta name=\"twitter:label1\" content=\"Escrito por\" \/>\n\t<meta name=\"twitter:data1\" content=\"Sepam\" \/>\n\t<meta name=\"twitter:label2\" content=\"Est. tempo de leitura\" \/>\n\t<meta name=\"twitter:data2\" content=\"3 minutos\" \/>\n<script type=\"application\/ld+json\" class=\"yoast-schema-graph\">{\"@context\":\"https:\\\/\\\/schema.org\",\"@graph\":[{\"@type\":\"Article\",\"@id\":\"https:\\\/\\\/sepam.com.br\\\/pt\\\/sepam-mantem-o-1-lugar-no-enem-em-pg-e-sobe-para-7-no-parana\\\/#article\",\"isPartOf\":{\"@id\":\"https:\\\/\\\/sepam.com.br\\\/pt\\\/sepam-mantem-o-1-lugar-no-enem-em-pg-e-sobe-para-7-no-parana\\\/\"},\"author\":{\"name\":\"Sepam\",\"@id\":\"https:\\\/\\\/sepam.com.br\\\/#\\\/schema\\\/person\\\/bfa2996c649a5a6d822766f6e64eb7fd\"},\"headline\":\"Sepam mant\u00e9m o 1\u00b0 lugar no Enem em PG e sobe para 7\u00b0 no Paran\u00e1\",\"datePublished\":\"2025-08-28T13:47:40+00:00\",\"dateModified\":\"2025-11-24T13:53:35+00:00\",\"mainEntityOfPage\":{\"@id\":\"https:\\\/\\\/sepam.com.br\\\/pt\\\/sepam-mantem-o-1-lugar-no-enem-em-pg-e-sobe-para-7-no-parana\\\/\"},\"wordCount\":669,\"commentCount\":0,\"publisher\":{\"@id\":\"https:\\\/\\\/sepam.com.br\\\/#organization\"},\"articleSection\":[\"Colegio Sepam\"],\"inLanguage\":\"pt-BR\",\"potentialAction\":[{\"@type\":\"CommentAction\",\"name\":\"Comment\",\"target\":[\"https:\\\/\\\/sepam.com.br\\\/pt\\\/sepam-mantem-o-1-lugar-no-enem-em-pg-e-sobe-para-7-no-parana\\\/#respond\"]}]},{\"@type\":\"WebPage\",\"@id\":\"https:\\\/\\\/sepam.com.br\\\/pt\\\/sepam-mantem-o-1-lugar-no-enem-em-pg-e-sobe-para-7-no-parana\\\/\",\"url\":\"https:\\\/\\\/sepam.com.br\\\/pt\\\/sepam-mantem-o-1-lugar-no-enem-em-pg-e-sobe-para-7-no-parana\\\/\",\"name\":\"Sepam mant\u00e9m o 1\u00b0 lugar no Enem em PG e sobe para 7\u00b0 no Paran\u00e1 - Col\u00e9gio Sepam\",\"isPartOf\":{\"@id\":\"https:\\\/\\\/sepam.com.br\\\/#website\"},\"datePublished\":\"2025-08-28T13:47:40+00:00\",\"dateModified\":\"2025-11-24T13:53:35+00:00\",\"breadcrumb\":{\"@id\":\"https:\\\/\\\/sepam.com.br\\\/pt\\\/sepam-mantem-o-1-lugar-no-enem-em-pg-e-sobe-para-7-no-parana\\\/#breadcrumb\"},\"inLanguage\":\"pt-BR\",\"potentialAction\":[{\"@type\":\"ReadAction\",\"target\":[\"https:\\\/\\\/sepam.com.br\\\/pt\\\/sepam-mantem-o-1-lugar-no-enem-em-pg-e-sobe-para-7-no-parana\\\/\"]}]},{\"@type\":\"BreadcrumbList\",\"@id\":\"https:\\\/\\\/sepam.com.br\\\/pt\\\/sepam-mantem-o-1-lugar-no-enem-em-pg-e-sobe-para-7-no-parana\\\/#breadcrumb\",\"itemListElement\":[{\"@type\":\"ListItem\",\"position\":1,\"name\":\"In\u00edcio\",\"item\":\"https:\\\/\\\/sepam.com.br\\\/\"},{\"@type\":\"ListItem\",\"position\":2,\"name\":\"Sepam mant\u00e9m o 1\u00b0 lugar no Enem em PG e sobe para 7\u00b0 no Paran\u00e1\"}]},{\"@type\":\"WebSite\",\"@id\":\"https:\\\/\\\/sepam.com.br\\\/#website\",\"url\":\"https:\\\/\\\/sepam.com.br\\\/\",\"name\":\"Col\u00e9gio Sepam\",\"description\":\"Ensino Incompar\u00e1vel\",\"publisher\":{\"@id\":\"https:\\\/\\\/sepam.com.br\\\/#organization\"},\"potentialAction\":[{\"@type\":\"SearchAction\",\"target\":{\"@type\":\"EntryPoint\",\"urlTemplate\":\"https:\\\/\\\/sepam.com.br\\\/?s={search_term_string}\"},\"query-input\":{\"@type\":\"PropertyValueSpecification\",\"valueRequired\":true,\"valueName\":\"search_term_string\"}}],\"inLanguage\":\"pt-BR\"},{\"@type\":\"Organization\",\"@id\":\"https:\\\/\\\/sepam.com.br\\\/#organization\",\"name\":\"Col\u00e9gio Sepam\",\"url\":\"https:\\\/\\\/sepam.com.br\\\/\",\"logo\":{\"@type\":\"ImageObject\",\"inLanguage\":\"pt-BR\",\"@id\":\"https:\\\/\\\/sepam.com.br\\\/#\\\/schema\\\/logo\\\/image\\\/\",\"url\":\"https:\\\/\\\/sepam.com.br\\\/wp-content\\\/uploads\\\/2025\\\/02\\\/Ativo-2.png\",\"contentUrl\":\"https:\\\/\\\/sepam.com.br\\\/wp-content\\\/uploads\\\/2025\\\/02\\\/Ativo-2.png\",\"width\":595,\"height\":525,\"caption\":\"Col\u00e9gio Sepam\"},\"image\":{\"@id\":\"https:\\\/\\\/sepam.com.br\\\/#\\\/schema\\\/logo\\\/image\\\/\"}},{\"@type\":\"Person\",\"@id\":\"https:\\\/\\\/sepam.com.br\\\/#\\\/schema\\\/person\\\/bfa2996c649a5a6d822766f6e64eb7fd\",\"name\":\"Sepam\",\"image\":{\"@type\":\"ImageObject\",\"inLanguage\":\"pt-BR\",\"@id\":\"https:\\\/\\\/secure.gravatar.com\\\/avatar\\\/0219e64664f5861998ad57a3432eb4bd5fd99a34c7cc9bc44b3c59dfb830db85?s=96&d=mm&r=g\",\"url\":\"https:\\\/\\\/secure.gravatar.com\\\/avatar\\\/0219e64664f5861998ad57a3432eb4bd5fd99a34c7cc9bc44b3c59dfb830db85?s=96&d=mm&r=g\",\"contentUrl\":\"https:\\\/\\\/secure.gravatar.com\\\/avatar\\\/0219e64664f5861998ad57a3432eb4bd5fd99a34c7cc9bc44b3c59dfb830db85?s=96&d=mm&r=g\",\"caption\":\"Sepam\"},\"url\":\"https:\\\/\\\/sepam.com.br\\\/pt\\\/author\\\/sepam\\\/\"}]}<\/script>\n<!-- \/ Yoast SEO plugin. -->","yoast_head_json":{"title":"Sepam mant\u00e9m o 1\u00b0 lugar no Enem em PG e sobe para 7\u00b0 no Paran\u00e1 - Col\u00e9gio Sepam","robots":{"index":"index","follow":"follow","max-snippet":"max-snippet:-1","max-image-preview":"max-image-preview:large","max-video-preview":"max-video-preview:-1"},"canonical":"https:\/\/sepam.com.br\/pt\/sepam-mantem-o-1-lugar-no-enem-em-pg-e-sobe-para-7-no-parana\/","og_locale":"pt_BR","og_type":"article","og_title":"Sepam mant\u00e9m o 1\u00b0 lugar no Enem em PG e sobe para 7\u00b0 no Paran\u00e1 - Col\u00e9gio Sepam","og_description":"Alguma vez voc\u00ea parou para pensar o que mudou na sua vida em 10 anos? Certamente aconteceram acertos, erros e muitas reinven\u00e7\u00f5es. Com o Col\u00e9gio Pontagrossense Sepam n\u00e3o foi diferente. As mudan\u00e7as vieram na estrutura f\u00edsica, no jeito de ensinar, nos materiais, nas novas gera\u00e7\u00f5es de alunos e professores, mas uma coisa n\u00e3o mudou: o [&hellip;]","og_url":"https:\/\/sepam.com.br\/pt\/sepam-mantem-o-1-lugar-no-enem-em-pg-e-sobe-para-7-no-parana\/","og_site_name":"Col\u00e9gio Sepam","article_published_time":"2025-08-28T13:47:40+00:00","article_modified_time":"2025-11-24T13:53:35+00:00","author":"Sepam","twitter_card":"summary_large_image","twitter_misc":{"Escrito por":"Sepam","Est. tempo de leitura":"3 minutos"},"schema":{"@context":"https:\/\/schema.org","@graph":[{"@type":"Article","@id":"https:\/\/sepam.com.br\/pt\/sepam-mantem-o-1-lugar-no-enem-em-pg-e-sobe-para-7-no-parana\/#article","isPartOf":{"@id":"https:\/\/sepam.com.br\/pt\/sepam-mantem-o-1-lugar-no-enem-em-pg-e-sobe-para-7-no-parana\/"},"author":{"name":"Sepam","@id":"https:\/\/sepam.com.br\/#\/schema\/person\/bfa2996c649a5a6d822766f6e64eb7fd"},"headline":"Sepam mant\u00e9m o 1\u00b0 lugar no Enem em PG e sobe para 7\u00b0 no Paran\u00e1","datePublished":"2025-08-28T13:47:40+00:00","dateModified":"2025-11-24T13:53:35+00:00","mainEntityOfPage":{"@id":"https:\/\/sepam.com.br\/pt\/sepam-mantem-o-1-lugar-no-enem-em-pg-e-sobe-para-7-no-parana\/"},"wordCount":669,"commentCount":0,"publisher":{"@id":"https:\/\/sepam.com.br\/#organization"},"articleSection":["Colegio Sepam"],"inLanguage":"pt-BR","potentialAction":[{"@type":"CommentAction","name":"Comment","target":["https:\/\/sepam.com.br\/pt\/sepam-mantem-o-1-lugar-no-enem-em-pg-e-sobe-para-7-no-parana\/#respond"]}]},{"@type":"WebPage","@id":"https:\/\/sepam.com.br\/pt\/sepam-mantem-o-1-lugar-no-enem-em-pg-e-sobe-para-7-no-parana\/","url":"https:\/\/sepam.com.br\/pt\/sepam-mantem-o-1-lugar-no-enem-em-pg-e-sobe-para-7-no-parana\/","name":"Sepam mant\u00e9m o 1\u00b0 lugar no Enem em PG e sobe para 7\u00b0 no Paran\u00e1 - Col\u00e9gio Sepam","isPartOf":{"@id":"https:\/\/sepam.com.br\/#website"},"datePublished":"2025-08-28T13:47:40+00:00","dateModified":"2025-11-24T13:53:35+00:00","breadcrumb":{"@id":"https:\/\/sepam.com.br\/pt\/sepam-mantem-o-1-lugar-no-enem-em-pg-e-sobe-para-7-no-parana\/#breadcrumb"},"inLanguage":"pt-BR","potentialAction":[{"@type":"ReadAction","target":["https:\/\/sepam.com.br\/pt\/sepam-mantem-o-1-lugar-no-enem-em-pg-e-sobe-para-7-no-parana\/"]}]},{"@type":"BreadcrumbList","@id":"https:\/\/sepam.com.br\/pt\/sepam-mantem-o-1-lugar-no-enem-em-pg-e-sobe-para-7-no-parana\/#breadcrumb","itemListElement":[{"@type":"ListItem","position":1,"name":"In\u00edcio","item":"https:\/\/sepam.com.br\/"},{"@type":"ListItem","position":2,"name":"Sepam mant\u00e9m o 1\u00b0 lugar no Enem em PG e sobe para 7\u00b0 no Paran\u00e1"}]},{"@type":"WebSite","@id":"https:\/\/sepam.com.br\/#website","url":"https:\/\/sepam.com.br\/","name":"Col\u00e9gio Sepam","description":"Ensino Incompar\u00e1vel","publisher":{"@id":"https:\/\/sepam.com.br\/#organization"},"potentialAction":[{"@type":"SearchAction","target":{"@type":"EntryPoint","urlTemplate":"https:\/\/sepam.com.br\/?s={search_term_string}"},"query-input":{"@type":"PropertyValueSpecification","valueRequired":true,"valueName":"search_term_string"}}],"inLanguage":"pt-BR"},{"@type":"Organization","@id":"https:\/\/sepam.com.br\/#organization","name":"Col\u00e9gio Sepam","url":"https:\/\/sepam.com.br\/","logo":{"@type":"ImageObject","inLanguage":"pt-BR","@id":"https:\/\/sepam.com.br\/#\/schema\/logo\/image\/","url":"https:\/\/sepam.com.br\/wp-content\/uploads\/2025\/02\/Ativo-2.png","contentUrl":"https:\/\/sepam.com.br\/wp-content\/uploads\/2025\/02\/Ativo-2.png","width":595,"height":525,"caption":"Col\u00e9gio Sepam"},"image":{"@id":"https:\/\/sepam.com.br\/#\/schema\/logo\/image\/"}},{"@type":"Person","@id":"https:\/\/sepam.com.br\/#\/schema\/person\/bfa2996c649a5a6d822766f6e64eb7fd","name":"Sepam","image":{"@type":"ImageObject","inLanguage":"pt-BR","@id":"https:\/\/secure.gravatar.com\/avatar\/0219e64664f5861998ad57a3432eb4bd5fd99a34c7cc9bc44b3c59dfb830db85?s=96&d=mm&r=g","url":"https:\/\/secure.gravatar.com\/avatar\/0219e64664f5861998ad57a3432eb4bd5fd99a34c7cc9bc44b3c59dfb830db85?s=96&d=mm&r=g","contentUrl":"https:\/\/secure.gravatar.com\/avatar\/0219e64664f5861998ad57a3432eb4bd5fd99a34c7cc9bc44b3c59dfb830db85?s=96&d=mm&r=g","caption":"Sepam"},"url":"https:\/\/sepam.com.br\/pt\/author\/sepam\/"}]}},"_links":{"self":[{"href":"https:\/\/sepam.com.br\/pt\/wp-json\/wp\/v2\/posts\/7107","targetHints":{"allow":["GET"]}}],"collection":[{"href":"https:\/\/sepam.com.br\/pt\/wp-json\/wp\/v2\/posts"}],"about":[{"href":"https:\/\/sepam.com.br\/pt\/wp-json\/wp\/v2\/types\/post"}],"author":[{"embeddable":true,"href":"https:\/\/sepam.com.br\/pt\/wp-json\/wp\/v2\/users\/13"}],"replies":[{"embeddable":true,"href":"https:\/\/sepam.com.br\/pt\/wp-json\/wp\/v2\/comments?post=7107"}],"version-history":[{"count":1,"href":"https:\/\/sepam.com.br\/pt\/wp-json\/wp\/v2\/posts\/7107\/revisions"}],"predecessor-version":[{"id":7251,"href":"https:\/\/sepam.com.br\/pt\/wp-json\/wp\/v2\/posts\/7107\/revisions\/7251"}],"wp:attachment":[{"href":"https:\/\/sepam.com.br\/pt\/wp-json\/wp\/v2\/media?parent=7107"}],"wp:term":[{"taxonomy":"category","embeddable":true,"href":"https:\/\/sepam.com.br\/pt\/wp-json\/wp\/v2\/categories?post=7107"},{"taxonomy":"post_tag","embeddable":true,"href":"https:\/\/sepam.com.br\/pt\/wp-json\/wp\/v2\/tags?post=7107"}],"curies":[{"name":"wp","href":"https:\/\/api.w.org\/{rel}","templated":true}]}}