{"id":7072,"date":"2025-08-28T10:47:34","date_gmt":"2025-08-28T13:47:34","guid":{"rendered":"https:\/\/dev.alisonandrei.com.br\/noticia\/evento-do-sepam-recebe-alunos-da-escola-municipal-osni-vilaca-mongruel\/"},"modified":"2025-11-24T10:53:35","modified_gmt":"2025-11-24T13:53:35","slug":"evento-do-sepam-recebe-alunos-da-escola-municipal-osni-vilaca-mongruel","status":"publish","type":"post","link":"https:\/\/sepam.com.br\/pt\/evento-do-sepam-recebe-alunos-da-escola-municipal-osni-vilaca-mongruel\/","title":{"rendered":"Evento do Sepam recebe alunos da Escola Municipal Osni Vilaca Mongruel"},"content":{"rendered":"<p>Aconteceu, na tarde do dia 12, mais uma edi\u00e7\u00e3o do Sepam Solid\u00e1rio. O evento promove a integra\u00e7\u00e3o do Col\u00e9gio Pontagrossense Sepam com uma das institui\u00e7\u00f5es p\u00fablicas que recebem as atividades dos projetos de voluntariado realizados pelo Sepam. Este ano, mais de 80 alunos da Escola Municipal Osni Vilaca Mongruel foram convidados para esse momento.<\/p>\n<p>\u201cA escola convidada leva o nome de um dos dirigentes do Sepam, col\u00e9gio que completou 80 anos em outubro. Ent\u00e3o, al\u00e9m de caracterizar o encerramento de nossas atividades sociais, este evento foi tamb\u00e9m uma homenagem ao professor Osni\u201d, explica a professora Verg\u00ednia Uliana.<\/p>\n<p>A confraterniza\u00e7\u00e3o aconteceu na quadra de esportes do Col\u00e9gio e contou com apresenta\u00e7\u00f5es das alunas da Express\u00e3o Corporal e da Gin\u00e1stica R\u00edtmica, al\u00e9m de atividades recreativas conduzidas por alunos e professores orientadores dos projetos de voluntariado.<\/p>\n<p>O Col\u00e9gio Sepam incentiva o protagonismo juvenil e o voluntariado com o objetivo de tornar os alunos cidad\u00e3os atuantes e engajados com a comunidade. Atualmente, s\u00e3o realizados os projetos: Grupo da Cidadania, Menarca, Step by Step, Paso a Paso e Ecopam.<\/p>\n","protected":false},"excerpt":{"rendered":"<p>Aconteceu, na tarde do dia 12, mais uma edi\u00e7\u00e3o do Sepam Solid\u00e1rio. O evento promove a integra\u00e7\u00e3o do Col\u00e9gio Pontagrossense Sepam com uma das institui\u00e7\u00f5es p\u00fablicas que recebem as atividades dos projetos de voluntariado realizados pelo Sepam. Este ano, mais de 80 alunos da Escola Municipal Osni Vilaca Mongruel foram convidados para esse momento. \u201cA [&hellip;]<\/p>\n","protected":false},"author":13,"featured_media":0,"comment_status":"open","ping_status":"open","sticky":false,"template":"","format":"standard","meta":{"footnotes":""},"categories":[21],"tags":[],"class_list":["post-7072","post","type-post","status-publish","format-standard","hentry","category-colegio-sepam"],"yoast_head":"<!-- This site is optimized with the Yoast SEO plugin v28.4 - https:\/\/yoast.com\/product\/yoast-seo-wordpress\/ -->\n<title>Evento do Sepam recebe alunos da Escola Municipal Osni Vilaca Mongruel - Col\u00e9gio Sepam<\/title>\n<meta name=\"robots\" content=\"index, follow, max-snippet:-1, max-image-preview:large, max-video-preview:-1\" \/>\n<link rel=\"canonical\" href=\"https:\/\/sepam.com.br\/pt\/evento-do-sepam-recebe-alunos-da-escola-municipal-osni-vilaca-mongruel\/\" \/>\n<meta property=\"og:locale\" content=\"pt_BR\" \/>\n<meta property=\"og:type\" content=\"article\" \/>\n<meta property=\"og:title\" content=\"Evento do Sepam recebe alunos da Escola Municipal Osni Vilaca Mongruel - Col\u00e9gio Sepam\" \/>\n<meta property=\"og:description\" content=\"Aconteceu, na tarde do dia 12, mais uma edi\u00e7\u00e3o do Sepam Solid\u00e1rio. O evento promove a integra\u00e7\u00e3o do Col\u00e9gio Pontagrossense Sepam com uma das institui\u00e7\u00f5es p\u00fablicas que recebem as atividades dos projetos de voluntariado realizados pelo Sepam. Este ano, mais de 80 alunos da Escola Municipal Osni Vilaca Mongruel foram convidados para esse momento. \u201cA [&hellip;]\" \/>\n<meta property=\"og:url\" content=\"https:\/\/sepam.com.br\/pt\/evento-do-sepam-recebe-alunos-da-escola-municipal-osni-vilaca-mongruel\/\" \/>\n<meta property=\"og:site_name\" content=\"Col\u00e9gio Sepam\" \/>\n<meta property=\"article:published_time\" content=\"2025-08-28T13:47:34+00:00\" \/>\n<meta property=\"article:modified_time\" content=\"2025-11-24T13:53:35+00:00\" \/>\n<meta name=\"author\" content=\"Sepam\" \/>\n<meta name=\"twitter:card\" content=\"summary_large_image\" \/>\n<meta name=\"twitter:label1\" content=\"Escrito por\" \/>\n\t<meta name=\"twitter:data1\" content=\"Sepam\" \/>\n\t<meta name=\"twitter:label2\" content=\"Est. tempo de leitura\" \/>\n\t<meta name=\"twitter:data2\" content=\"1 minuto\" \/>\n<script type=\"application\/ld+json\" class=\"yoast-schema-graph\">{\"@context\":\"https:\\\/\\\/schema.org\",\"@graph\":[{\"@type\":\"Article\",\"@id\":\"https:\\\/\\\/sepam.com.br\\\/pt\\\/evento-do-sepam-recebe-alunos-da-escola-municipal-osni-vilaca-mongruel\\\/#article\",\"isPartOf\":{\"@id\":\"https:\\\/\\\/sepam.com.br\\\/pt\\\/evento-do-sepam-recebe-alunos-da-escola-municipal-osni-vilaca-mongruel\\\/\"},\"author\":{\"name\":\"Sepam\",\"@id\":\"https:\\\/\\\/sepam.com.br\\\/#\\\/schema\\\/person\\\/bfa2996c649a5a6d822766f6e64eb7fd\"},\"headline\":\"Evento do Sepam recebe alunos da Escola Municipal Osni Vilaca Mongruel\",\"datePublished\":\"2025-08-28T13:47:34+00:00\",\"dateModified\":\"2025-11-24T13:53:35+00:00\",\"mainEntityOfPage\":{\"@id\":\"https:\\\/\\\/sepam.com.br\\\/pt\\\/evento-do-sepam-recebe-alunos-da-escola-municipal-osni-vilaca-mongruel\\\/\"},\"wordCount\":203,\"commentCount\":0,\"publisher\":{\"@id\":\"https:\\\/\\\/sepam.com.br\\\/#organization\"},\"articleSection\":[\"Colegio Sepam\"],\"inLanguage\":\"pt-BR\",\"potentialAction\":[{\"@type\":\"CommentAction\",\"name\":\"Comment\",\"target\":[\"https:\\\/\\\/sepam.com.br\\\/pt\\\/evento-do-sepam-recebe-alunos-da-escola-municipal-osni-vilaca-mongruel\\\/#respond\"]}]},{\"@type\":\"WebPage\",\"@id\":\"https:\\\/\\\/sepam.com.br\\\/pt\\\/evento-do-sepam-recebe-alunos-da-escola-municipal-osni-vilaca-mongruel\\\/\",\"url\":\"https:\\\/\\\/sepam.com.br\\\/pt\\\/evento-do-sepam-recebe-alunos-da-escola-municipal-osni-vilaca-mongruel\\\/\",\"name\":\"Evento do Sepam recebe alunos da Escola Municipal Osni Vilaca Mongruel - Col\u00e9gio Sepam\",\"isPartOf\":{\"@id\":\"https:\\\/\\\/sepam.com.br\\\/#website\"},\"datePublished\":\"2025-08-28T13:47:34+00:00\",\"dateModified\":\"2025-11-24T13:53:35+00:00\",\"breadcrumb\":{\"@id\":\"https:\\\/\\\/sepam.com.br\\\/pt\\\/evento-do-sepam-recebe-alunos-da-escola-municipal-osni-vilaca-mongruel\\\/#breadcrumb\"},\"inLanguage\":\"pt-BR\",\"potentialAction\":[{\"@type\":\"ReadAction\",\"target\":[\"https:\\\/\\\/sepam.com.br\\\/pt\\\/evento-do-sepam-recebe-alunos-da-escola-municipal-osni-vilaca-mongruel\\\/\"]}]},{\"@type\":\"BreadcrumbList\",\"@id\":\"https:\\\/\\\/sepam.com.br\\\/pt\\\/evento-do-sepam-recebe-alunos-da-escola-municipal-osni-vilaca-mongruel\\\/#breadcrumb\",\"itemListElement\":[{\"@type\":\"ListItem\",\"position\":1,\"name\":\"In\u00edcio\",\"item\":\"https:\\\/\\\/sepam.com.br\\\/\"},{\"@type\":\"ListItem\",\"position\":2,\"name\":\"Evento do Sepam recebe alunos da Escola Municipal Osni Vilaca Mongruel\"}]},{\"@type\":\"WebSite\",\"@id\":\"https:\\\/\\\/sepam.com.br\\\/#website\",\"url\":\"https:\\\/\\\/sepam.com.br\\\/\",\"name\":\"Col\u00e9gio Sepam\",\"description\":\"Ensino Incompar\u00e1vel\",\"publisher\":{\"@id\":\"https:\\\/\\\/sepam.com.br\\\/#organization\"},\"potentialAction\":[{\"@type\":\"SearchAction\",\"target\":{\"@type\":\"EntryPoint\",\"urlTemplate\":\"https:\\\/\\\/sepam.com.br\\\/?s={search_term_string}\"},\"query-input\":{\"@type\":\"PropertyValueSpecification\",\"valueRequired\":true,\"valueName\":\"search_term_string\"}}],\"inLanguage\":\"pt-BR\"},{\"@type\":\"Organization\",\"@id\":\"https:\\\/\\\/sepam.com.br\\\/#organization\",\"name\":\"Col\u00e9gio Sepam\",\"url\":\"https:\\\/\\\/sepam.com.br\\\/\",\"logo\":{\"@type\":\"ImageObject\",\"inLanguage\":\"pt-BR\",\"@id\":\"https:\\\/\\\/sepam.com.br\\\/#\\\/schema\\\/logo\\\/image\\\/\",\"url\":\"https:\\\/\\\/sepam.com.br\\\/wp-content\\\/uploads\\\/2025\\\/02\\\/Ativo-2.png\",\"contentUrl\":\"https:\\\/\\\/sepam.com.br\\\/wp-content\\\/uploads\\\/2025\\\/02\\\/Ativo-2.png\",\"width\":595,\"height\":525,\"caption\":\"Col\u00e9gio Sepam\"},\"image\":{\"@id\":\"https:\\\/\\\/sepam.com.br\\\/#\\\/schema\\\/logo\\\/image\\\/\"}},{\"@type\":\"Person\",\"@id\":\"https:\\\/\\\/sepam.com.br\\\/#\\\/schema\\\/person\\\/bfa2996c649a5a6d822766f6e64eb7fd\",\"name\":\"Sepam\",\"image\":{\"@type\":\"ImageObject\",\"inLanguage\":\"pt-BR\",\"@id\":\"https:\\\/\\\/secure.gravatar.com\\\/avatar\\\/0219e64664f5861998ad57a3432eb4bd5fd99a34c7cc9bc44b3c59dfb830db85?s=96&d=mm&r=g\",\"url\":\"https:\\\/\\\/secure.gravatar.com\\\/avatar\\\/0219e64664f5861998ad57a3432eb4bd5fd99a34c7cc9bc44b3c59dfb830db85?s=96&d=mm&r=g\",\"contentUrl\":\"https:\\\/\\\/secure.gravatar.com\\\/avatar\\\/0219e64664f5861998ad57a3432eb4bd5fd99a34c7cc9bc44b3c59dfb830db85?s=96&d=mm&r=g\",\"caption\":\"Sepam\"},\"url\":\"https:\\\/\\\/sepam.com.br\\\/pt\\\/author\\\/sepam\\\/\"}]}<\/script>\n<!-- \/ Yoast SEO plugin. -->","yoast_head_json":{"title":"Evento do Sepam recebe alunos da Escola Municipal Osni Vilaca Mongruel - Col\u00e9gio Sepam","robots":{"index":"index","follow":"follow","max-snippet":"max-snippet:-1","max-image-preview":"max-image-preview:large","max-video-preview":"max-video-preview:-1"},"canonical":"https:\/\/sepam.com.br\/pt\/evento-do-sepam-recebe-alunos-da-escola-municipal-osni-vilaca-mongruel\/","og_locale":"pt_BR","og_type":"article","og_title":"Evento do Sepam recebe alunos da Escola Municipal Osni Vilaca Mongruel - Col\u00e9gio Sepam","og_description":"Aconteceu, na tarde do dia 12, mais uma edi\u00e7\u00e3o do Sepam Solid\u00e1rio. O evento promove a integra\u00e7\u00e3o do Col\u00e9gio Pontagrossense Sepam com uma das institui\u00e7\u00f5es p\u00fablicas que recebem as atividades dos projetos de voluntariado realizados pelo Sepam. Este ano, mais de 80 alunos da Escola Municipal Osni Vilaca Mongruel foram convidados para esse momento. \u201cA [&hellip;]","og_url":"https:\/\/sepam.com.br\/pt\/evento-do-sepam-recebe-alunos-da-escola-municipal-osni-vilaca-mongruel\/","og_site_name":"Col\u00e9gio Sepam","article_published_time":"2025-08-28T13:47:34+00:00","article_modified_time":"2025-11-24T13:53:35+00:00","author":"Sepam","twitter_card":"summary_large_image","twitter_misc":{"Escrito por":"Sepam","Est. tempo de leitura":"1 minuto"},"schema":{"@context":"https:\/\/schema.org","@graph":[{"@type":"Article","@id":"https:\/\/sepam.com.br\/pt\/evento-do-sepam-recebe-alunos-da-escola-municipal-osni-vilaca-mongruel\/#article","isPartOf":{"@id":"https:\/\/sepam.com.br\/pt\/evento-do-sepam-recebe-alunos-da-escola-municipal-osni-vilaca-mongruel\/"},"author":{"name":"Sepam","@id":"https:\/\/sepam.com.br\/#\/schema\/person\/bfa2996c649a5a6d822766f6e64eb7fd"},"headline":"Evento do Sepam recebe alunos da Escola Municipal Osni Vilaca Mongruel","datePublished":"2025-08-28T13:47:34+00:00","dateModified":"2025-11-24T13:53:35+00:00","mainEntityOfPage":{"@id":"https:\/\/sepam.com.br\/pt\/evento-do-sepam-recebe-alunos-da-escola-municipal-osni-vilaca-mongruel\/"},"wordCount":203,"commentCount":0,"publisher":{"@id":"https:\/\/sepam.com.br\/#organization"},"articleSection":["Colegio Sepam"],"inLanguage":"pt-BR","potentialAction":[{"@type":"CommentAction","name":"Comment","target":["https:\/\/sepam.com.br\/pt\/evento-do-sepam-recebe-alunos-da-escola-municipal-osni-vilaca-mongruel\/#respond"]}]},{"@type":"WebPage","@id":"https:\/\/sepam.com.br\/pt\/evento-do-sepam-recebe-alunos-da-escola-municipal-osni-vilaca-mongruel\/","url":"https:\/\/sepam.com.br\/pt\/evento-do-sepam-recebe-alunos-da-escola-municipal-osni-vilaca-mongruel\/","name":"Evento do Sepam recebe alunos da Escola Municipal Osni Vilaca Mongruel - Col\u00e9gio Sepam","isPartOf":{"@id":"https:\/\/sepam.com.br\/#website"},"datePublished":"2025-08-28T13:47:34+00:00","dateModified":"2025-11-24T13:53:35+00:00","breadcrumb":{"@id":"https:\/\/sepam.com.br\/pt\/evento-do-sepam-recebe-alunos-da-escola-municipal-osni-vilaca-mongruel\/#breadcrumb"},"inLanguage":"pt-BR","potentialAction":[{"@type":"ReadAction","target":["https:\/\/sepam.com.br\/pt\/evento-do-sepam-recebe-alunos-da-escola-municipal-osni-vilaca-mongruel\/"]}]},{"@type":"BreadcrumbList","@id":"https:\/\/sepam.com.br\/pt\/evento-do-sepam-recebe-alunos-da-escola-municipal-osni-vilaca-mongruel\/#breadcrumb","itemListElement":[{"@type":"ListItem","position":1,"name":"In\u00edcio","item":"https:\/\/sepam.com.br\/"},{"@type":"ListItem","position":2,"name":"Evento do Sepam recebe alunos da Escola Municipal Osni Vilaca Mongruel"}]},{"@type":"WebSite","@id":"https:\/\/sepam.com.br\/#website","url":"https:\/\/sepam.com.br\/","name":"Col\u00e9gio Sepam","description":"Ensino Incompar\u00e1vel","publisher":{"@id":"https:\/\/sepam.com.br\/#organization"},"potentialAction":[{"@type":"SearchAction","target":{"@type":"EntryPoint","urlTemplate":"https:\/\/sepam.com.br\/?s={search_term_string}"},"query-input":{"@type":"PropertyValueSpecification","valueRequired":true,"valueName":"search_term_string"}}],"inLanguage":"pt-BR"},{"@type":"Organization","@id":"https:\/\/sepam.com.br\/#organization","name":"Col\u00e9gio Sepam","url":"https:\/\/sepam.com.br\/","logo":{"@type":"ImageObject","inLanguage":"pt-BR","@id":"https:\/\/sepam.com.br\/#\/schema\/logo\/image\/","url":"https:\/\/sepam.com.br\/wp-content\/uploads\/2025\/02\/Ativo-2.png","contentUrl":"https:\/\/sepam.com.br\/wp-content\/uploads\/2025\/02\/Ativo-2.png","width":595,"height":525,"caption":"Col\u00e9gio Sepam"},"image":{"@id":"https:\/\/sepam.com.br\/#\/schema\/logo\/image\/"}},{"@type":"Person","@id":"https:\/\/sepam.com.br\/#\/schema\/person\/bfa2996c649a5a6d822766f6e64eb7fd","name":"Sepam","image":{"@type":"ImageObject","inLanguage":"pt-BR","@id":"https:\/\/secure.gravatar.com\/avatar\/0219e64664f5861998ad57a3432eb4bd5fd99a34c7cc9bc44b3c59dfb830db85?s=96&d=mm&r=g","url":"https:\/\/secure.gravatar.com\/avatar\/0219e64664f5861998ad57a3432eb4bd5fd99a34c7cc9bc44b3c59dfb830db85?s=96&d=mm&r=g","contentUrl":"https:\/\/secure.gravatar.com\/avatar\/0219e64664f5861998ad57a3432eb4bd5fd99a34c7cc9bc44b3c59dfb830db85?s=96&d=mm&r=g","caption":"Sepam"},"url":"https:\/\/sepam.com.br\/pt\/author\/sepam\/"}]}},"_links":{"self":[{"href":"https:\/\/sepam.com.br\/pt\/wp-json\/wp\/v2\/posts\/7072","targetHints":{"allow":["GET"]}}],"collection":[{"href":"https:\/\/sepam.com.br\/pt\/wp-json\/wp\/v2\/posts"}],"about":[{"href":"https:\/\/sepam.com.br\/pt\/wp-json\/wp\/v2\/types\/post"}],"author":[{"embeddable":true,"href":"https:\/\/sepam.com.br\/pt\/wp-json\/wp\/v2\/users\/13"}],"replies":[{"embeddable":true,"href":"https:\/\/sepam.com.br\/pt\/wp-json\/wp\/v2\/comments?post=7072"}],"version-history":[{"count":1,"href":"https:\/\/sepam.com.br\/pt\/wp-json\/wp\/v2\/posts\/7072\/revisions"}],"predecessor-version":[{"id":7296,"href":"https:\/\/sepam.com.br\/pt\/wp-json\/wp\/v2\/posts\/7072\/revisions\/7296"}],"wp:attachment":[{"href":"https:\/\/sepam.com.br\/pt\/wp-json\/wp\/v2\/media?parent=7072"}],"wp:term":[{"taxonomy":"category","embeddable":true,"href":"https:\/\/sepam.com.br\/pt\/wp-json\/wp\/v2\/categories?post=7072"},{"taxonomy":"post_tag","embeddable":true,"href":"https:\/\/sepam.com.br\/pt\/wp-json\/wp\/v2\/tags?post=7072"}],"curies":[{"name":"wp","href":"https:\/\/api.w.org\/{rel}","templated":true}]}}