{"id":7069,"date":"2025-08-28T10:47:34","date_gmt":"2025-08-28T13:47:34","guid":{"rendered":"https:\/\/dev.alisonandrei.com.br\/noticia\/sepam-comemora-80-anos-de-historia-e-evolucao\/"},"modified":"2025-11-24T10:53:35","modified_gmt":"2025-11-24T13:53:35","slug":"sepam-comemora-80-anos-de-historia-e-evolucao","status":"publish","type":"post","link":"https:\/\/sepam.com.br\/pt\/sepam-comemora-80-anos-de-historia-e-evolucao\/","title":{"rendered":"Sepam comemora 80 anos de hist\u00f3ria e evolu\u00e7\u00e3o"},"content":{"rendered":"<p>O Col\u00e9gio Pontagrossense &#8211; Sepam festejou no \u00faltimo dia 30 de outubro, seus 80 anos de funda\u00e7\u00e3o. Uma comemora\u00e7\u00e3o interna reuniu dire\u00e7\u00e3o, coordena\u00e7\u00e3o, professores, funcion\u00e1rios e alunos e no Gin\u00e1sio de Esportes Osni Vilaca Mongruel. Apresenta\u00e7\u00f5es das alunas da Express\u00e3o Corporal e da Gin\u00e1stica R\u00edtmica do Col\u00e9gio abriram as festividades. Em seguida \u00e0 fala do diretor, todos cantaram parab\u00e9ns para a institui\u00e7\u00e3o. Foram distribu\u00eddos bolos e\u00a0 presentes alusivos \u00e0 data aos alunos e professores.<\/p>\n<p>\u201c\u00c9 uma honra comemorarmos 80 anos de hist\u00f3ria e tradi\u00e7\u00e3o. Mais de 40 mil alunos fizeram parte do Sepam ao longo de todas estas d\u00e9cadas e contribu\u00edram para o Col\u00e9gio que somos hoje. Temos um programa de ensino internacional exclusivo na cidade. Temos um programa bil\u00edngue de excel\u00eancia para todos os alunos, somos um col\u00e9gio s\u00e9rio, com ensino forte e com uma hist\u00f3ria de respeito \u201d, ressalta o diretor do Sepam, Osni Mongruel Junior.<\/p>\n<p>O comprometimento com a educa\u00e7\u00e3o \u00e9 vis\u00edvel nos resultados obtidos pelo Col\u00e9gio, que em todos os rankings, e por nove anos consecutivos, \u00e9 o primeiro lugar no Enem em Ponta Grossa e regi\u00e3o. Para o diretor, isto comprova o trabalho bem feito pela institui\u00e7\u00e3o.<\/p>\n<p>Al\u00e9m do Enem, o Sepam \u00e9 l\u00edder no vestibular e no Processo Seletivo Seriado (PSS) realizado pela Universidade Estadual de Ponta Grossa (UEPG). \u201cEm Medicina, o curso mais concorrido, em todas as onze turmas que ingressaram na UEPG, dos 110 convocados em primeira chamada n\u00f3s temos 53 alunos do Sepam. Isto \u00e9 mais uma refer\u00eancia forte da qualidade do nosso ensino\u201d, conta Mongruel Junior.<\/p>\n","protected":false},"excerpt":{"rendered":"<p>O Col\u00e9gio Pontagrossense &#8211; Sepam festejou no \u00faltimo dia 30 de outubro, seus 80 anos de funda\u00e7\u00e3o. Uma comemora\u00e7\u00e3o interna reuniu dire\u00e7\u00e3o, coordena\u00e7\u00e3o, professores, funcion\u00e1rios e alunos e no Gin\u00e1sio de Esportes Osni Vilaca Mongruel. Apresenta\u00e7\u00f5es das alunas da Express\u00e3o Corporal e da Gin\u00e1stica R\u00edtmica do Col\u00e9gio abriram as festividades. Em seguida \u00e0 fala do [&hellip;]<\/p>\n","protected":false},"author":13,"featured_media":0,"comment_status":"open","ping_status":"open","sticky":false,"template":"","format":"standard","meta":{"footnotes":""},"categories":[21],"tags":[],"class_list":["post-7069","post","type-post","status-publish","format-standard","hentry","category-colegio-sepam"],"yoast_head":"<!-- This site is optimized with the Yoast SEO plugin v28.4 - https:\/\/yoast.com\/product\/yoast-seo-wordpress\/ -->\n<title>Sepam comemora 80 anos de hist\u00f3ria e evolu\u00e7\u00e3o - Col\u00e9gio Sepam<\/title>\n<meta name=\"robots\" content=\"index, follow, max-snippet:-1, max-image-preview:large, max-video-preview:-1\" \/>\n<link rel=\"canonical\" href=\"https:\/\/sepam.com.br\/pt\/sepam-comemora-80-anos-de-historia-e-evolucao\/\" \/>\n<meta property=\"og:locale\" content=\"pt_BR\" \/>\n<meta property=\"og:type\" content=\"article\" \/>\n<meta property=\"og:title\" content=\"Sepam comemora 80 anos de hist\u00f3ria e evolu\u00e7\u00e3o - Col\u00e9gio Sepam\" \/>\n<meta property=\"og:description\" content=\"O Col\u00e9gio Pontagrossense &#8211; Sepam festejou no \u00faltimo dia 30 de outubro, seus 80 anos de funda\u00e7\u00e3o. Uma comemora\u00e7\u00e3o interna reuniu dire\u00e7\u00e3o, coordena\u00e7\u00e3o, professores, funcion\u00e1rios e alunos e no Gin\u00e1sio de Esportes Osni Vilaca Mongruel. Apresenta\u00e7\u00f5es das alunas da Express\u00e3o Corporal e da Gin\u00e1stica R\u00edtmica do Col\u00e9gio abriram as festividades. Em seguida \u00e0 fala do [&hellip;]\" \/>\n<meta property=\"og:url\" content=\"https:\/\/sepam.com.br\/pt\/sepam-comemora-80-anos-de-historia-e-evolucao\/\" \/>\n<meta property=\"og:site_name\" content=\"Col\u00e9gio Sepam\" \/>\n<meta property=\"article:published_time\" content=\"2025-08-28T13:47:34+00:00\" \/>\n<meta property=\"article:modified_time\" content=\"2025-11-24T13:53:35+00:00\" \/>\n<meta name=\"author\" content=\"Sepam\" \/>\n<meta name=\"twitter:card\" content=\"summary_large_image\" \/>\n<meta name=\"twitter:label1\" content=\"Escrito por\" \/>\n\t<meta name=\"twitter:data1\" content=\"Sepam\" \/>\n\t<meta name=\"twitter:label2\" content=\"Est. tempo de leitura\" \/>\n\t<meta name=\"twitter:data2\" content=\"1 minuto\" \/>\n<script type=\"application\/ld+json\" class=\"yoast-schema-graph\">{\"@context\":\"https:\\\/\\\/schema.org\",\"@graph\":[{\"@type\":\"Article\",\"@id\":\"https:\\\/\\\/sepam.com.br\\\/pt\\\/sepam-comemora-80-anos-de-historia-e-evolucao\\\/#article\",\"isPartOf\":{\"@id\":\"https:\\\/\\\/sepam.com.br\\\/pt\\\/sepam-comemora-80-anos-de-historia-e-evolucao\\\/\"},\"author\":{\"name\":\"Sepam\",\"@id\":\"https:\\\/\\\/sepam.com.br\\\/#\\\/schema\\\/person\\\/bfa2996c649a5a6d822766f6e64eb7fd\"},\"headline\":\"Sepam comemora 80 anos de hist\u00f3ria e evolu\u00e7\u00e3o\",\"datePublished\":\"2025-08-28T13:47:34+00:00\",\"dateModified\":\"2025-11-24T13:53:35+00:00\",\"mainEntityOfPage\":{\"@id\":\"https:\\\/\\\/sepam.com.br\\\/pt\\\/sepam-comemora-80-anos-de-historia-e-evolucao\\\/\"},\"wordCount\":285,\"commentCount\":0,\"publisher\":{\"@id\":\"https:\\\/\\\/sepam.com.br\\\/#organization\"},\"articleSection\":[\"Colegio Sepam\"],\"inLanguage\":\"pt-BR\",\"potentialAction\":[{\"@type\":\"CommentAction\",\"name\":\"Comment\",\"target\":[\"https:\\\/\\\/sepam.com.br\\\/pt\\\/sepam-comemora-80-anos-de-historia-e-evolucao\\\/#respond\"]}]},{\"@type\":\"WebPage\",\"@id\":\"https:\\\/\\\/sepam.com.br\\\/pt\\\/sepam-comemora-80-anos-de-historia-e-evolucao\\\/\",\"url\":\"https:\\\/\\\/sepam.com.br\\\/pt\\\/sepam-comemora-80-anos-de-historia-e-evolucao\\\/\",\"name\":\"Sepam comemora 80 anos de hist\u00f3ria e evolu\u00e7\u00e3o - Col\u00e9gio Sepam\",\"isPartOf\":{\"@id\":\"https:\\\/\\\/sepam.com.br\\\/#website\"},\"datePublished\":\"2025-08-28T13:47:34+00:00\",\"dateModified\":\"2025-11-24T13:53:35+00:00\",\"breadcrumb\":{\"@id\":\"https:\\\/\\\/sepam.com.br\\\/pt\\\/sepam-comemora-80-anos-de-historia-e-evolucao\\\/#breadcrumb\"},\"inLanguage\":\"pt-BR\",\"potentialAction\":[{\"@type\":\"ReadAction\",\"target\":[\"https:\\\/\\\/sepam.com.br\\\/pt\\\/sepam-comemora-80-anos-de-historia-e-evolucao\\\/\"]}]},{\"@type\":\"BreadcrumbList\",\"@id\":\"https:\\\/\\\/sepam.com.br\\\/pt\\\/sepam-comemora-80-anos-de-historia-e-evolucao\\\/#breadcrumb\",\"itemListElement\":[{\"@type\":\"ListItem\",\"position\":1,\"name\":\"In\u00edcio\",\"item\":\"https:\\\/\\\/sepam.com.br\\\/\"},{\"@type\":\"ListItem\",\"position\":2,\"name\":\"Sepam comemora 80 anos de hist\u00f3ria e evolu\u00e7\u00e3o\"}]},{\"@type\":\"WebSite\",\"@id\":\"https:\\\/\\\/sepam.com.br\\\/#website\",\"url\":\"https:\\\/\\\/sepam.com.br\\\/\",\"name\":\"Col\u00e9gio Sepam\",\"description\":\"Ensino Incompar\u00e1vel\",\"publisher\":{\"@id\":\"https:\\\/\\\/sepam.com.br\\\/#organization\"},\"potentialAction\":[{\"@type\":\"SearchAction\",\"target\":{\"@type\":\"EntryPoint\",\"urlTemplate\":\"https:\\\/\\\/sepam.com.br\\\/?s={search_term_string}\"},\"query-input\":{\"@type\":\"PropertyValueSpecification\",\"valueRequired\":true,\"valueName\":\"search_term_string\"}}],\"inLanguage\":\"pt-BR\"},{\"@type\":\"Organization\",\"@id\":\"https:\\\/\\\/sepam.com.br\\\/#organization\",\"name\":\"Col\u00e9gio Sepam\",\"url\":\"https:\\\/\\\/sepam.com.br\\\/\",\"logo\":{\"@type\":\"ImageObject\",\"inLanguage\":\"pt-BR\",\"@id\":\"https:\\\/\\\/sepam.com.br\\\/#\\\/schema\\\/logo\\\/image\\\/\",\"url\":\"https:\\\/\\\/sepam.com.br\\\/wp-content\\\/uploads\\\/2025\\\/02\\\/Ativo-2.png\",\"contentUrl\":\"https:\\\/\\\/sepam.com.br\\\/wp-content\\\/uploads\\\/2025\\\/02\\\/Ativo-2.png\",\"width\":595,\"height\":525,\"caption\":\"Col\u00e9gio Sepam\"},\"image\":{\"@id\":\"https:\\\/\\\/sepam.com.br\\\/#\\\/schema\\\/logo\\\/image\\\/\"}},{\"@type\":\"Person\",\"@id\":\"https:\\\/\\\/sepam.com.br\\\/#\\\/schema\\\/person\\\/bfa2996c649a5a6d822766f6e64eb7fd\",\"name\":\"Sepam\",\"image\":{\"@type\":\"ImageObject\",\"inLanguage\":\"pt-BR\",\"@id\":\"https:\\\/\\\/secure.gravatar.com\\\/avatar\\\/0219e64664f5861998ad57a3432eb4bd5fd99a34c7cc9bc44b3c59dfb830db85?s=96&d=mm&r=g\",\"url\":\"https:\\\/\\\/secure.gravatar.com\\\/avatar\\\/0219e64664f5861998ad57a3432eb4bd5fd99a34c7cc9bc44b3c59dfb830db85?s=96&d=mm&r=g\",\"contentUrl\":\"https:\\\/\\\/secure.gravatar.com\\\/avatar\\\/0219e64664f5861998ad57a3432eb4bd5fd99a34c7cc9bc44b3c59dfb830db85?s=96&d=mm&r=g\",\"caption\":\"Sepam\"},\"url\":\"https:\\\/\\\/sepam.com.br\\\/pt\\\/author\\\/sepam\\\/\"}]}<\/script>\n<!-- \/ Yoast SEO plugin. -->","yoast_head_json":{"title":"Sepam comemora 80 anos de hist\u00f3ria e evolu\u00e7\u00e3o - Col\u00e9gio Sepam","robots":{"index":"index","follow":"follow","max-snippet":"max-snippet:-1","max-image-preview":"max-image-preview:large","max-video-preview":"max-video-preview:-1"},"canonical":"https:\/\/sepam.com.br\/pt\/sepam-comemora-80-anos-de-historia-e-evolucao\/","og_locale":"pt_BR","og_type":"article","og_title":"Sepam comemora 80 anos de hist\u00f3ria e evolu\u00e7\u00e3o - Col\u00e9gio Sepam","og_description":"O Col\u00e9gio Pontagrossense &#8211; Sepam festejou no \u00faltimo dia 30 de outubro, seus 80 anos de funda\u00e7\u00e3o. Uma comemora\u00e7\u00e3o interna reuniu dire\u00e7\u00e3o, coordena\u00e7\u00e3o, professores, funcion\u00e1rios e alunos e no Gin\u00e1sio de Esportes Osni Vilaca Mongruel. Apresenta\u00e7\u00f5es das alunas da Express\u00e3o Corporal e da Gin\u00e1stica R\u00edtmica do Col\u00e9gio abriram as festividades. Em seguida \u00e0 fala do [&hellip;]","og_url":"https:\/\/sepam.com.br\/pt\/sepam-comemora-80-anos-de-historia-e-evolucao\/","og_site_name":"Col\u00e9gio Sepam","article_published_time":"2025-08-28T13:47:34+00:00","article_modified_time":"2025-11-24T13:53:35+00:00","author":"Sepam","twitter_card":"summary_large_image","twitter_misc":{"Escrito por":"Sepam","Est. tempo de leitura":"1 minuto"},"schema":{"@context":"https:\/\/schema.org","@graph":[{"@type":"Article","@id":"https:\/\/sepam.com.br\/pt\/sepam-comemora-80-anos-de-historia-e-evolucao\/#article","isPartOf":{"@id":"https:\/\/sepam.com.br\/pt\/sepam-comemora-80-anos-de-historia-e-evolucao\/"},"author":{"name":"Sepam","@id":"https:\/\/sepam.com.br\/#\/schema\/person\/bfa2996c649a5a6d822766f6e64eb7fd"},"headline":"Sepam comemora 80 anos de hist\u00f3ria e evolu\u00e7\u00e3o","datePublished":"2025-08-28T13:47:34+00:00","dateModified":"2025-11-24T13:53:35+00:00","mainEntityOfPage":{"@id":"https:\/\/sepam.com.br\/pt\/sepam-comemora-80-anos-de-historia-e-evolucao\/"},"wordCount":285,"commentCount":0,"publisher":{"@id":"https:\/\/sepam.com.br\/#organization"},"articleSection":["Colegio Sepam"],"inLanguage":"pt-BR","potentialAction":[{"@type":"CommentAction","name":"Comment","target":["https:\/\/sepam.com.br\/pt\/sepam-comemora-80-anos-de-historia-e-evolucao\/#respond"]}]},{"@type":"WebPage","@id":"https:\/\/sepam.com.br\/pt\/sepam-comemora-80-anos-de-historia-e-evolucao\/","url":"https:\/\/sepam.com.br\/pt\/sepam-comemora-80-anos-de-historia-e-evolucao\/","name":"Sepam comemora 80 anos de hist\u00f3ria e evolu\u00e7\u00e3o - Col\u00e9gio Sepam","isPartOf":{"@id":"https:\/\/sepam.com.br\/#website"},"datePublished":"2025-08-28T13:47:34+00:00","dateModified":"2025-11-24T13:53:35+00:00","breadcrumb":{"@id":"https:\/\/sepam.com.br\/pt\/sepam-comemora-80-anos-de-historia-e-evolucao\/#breadcrumb"},"inLanguage":"pt-BR","potentialAction":[{"@type":"ReadAction","target":["https:\/\/sepam.com.br\/pt\/sepam-comemora-80-anos-de-historia-e-evolucao\/"]}]},{"@type":"BreadcrumbList","@id":"https:\/\/sepam.com.br\/pt\/sepam-comemora-80-anos-de-historia-e-evolucao\/#breadcrumb","itemListElement":[{"@type":"ListItem","position":1,"name":"In\u00edcio","item":"https:\/\/sepam.com.br\/"},{"@type":"ListItem","position":2,"name":"Sepam comemora 80 anos de hist\u00f3ria e evolu\u00e7\u00e3o"}]},{"@type":"WebSite","@id":"https:\/\/sepam.com.br\/#website","url":"https:\/\/sepam.com.br\/","name":"Col\u00e9gio Sepam","description":"Ensino Incompar\u00e1vel","publisher":{"@id":"https:\/\/sepam.com.br\/#organization"},"potentialAction":[{"@type":"SearchAction","target":{"@type":"EntryPoint","urlTemplate":"https:\/\/sepam.com.br\/?s={search_term_string}"},"query-input":{"@type":"PropertyValueSpecification","valueRequired":true,"valueName":"search_term_string"}}],"inLanguage":"pt-BR"},{"@type":"Organization","@id":"https:\/\/sepam.com.br\/#organization","name":"Col\u00e9gio Sepam","url":"https:\/\/sepam.com.br\/","logo":{"@type":"ImageObject","inLanguage":"pt-BR","@id":"https:\/\/sepam.com.br\/#\/schema\/logo\/image\/","url":"https:\/\/sepam.com.br\/wp-content\/uploads\/2025\/02\/Ativo-2.png","contentUrl":"https:\/\/sepam.com.br\/wp-content\/uploads\/2025\/02\/Ativo-2.png","width":595,"height":525,"caption":"Col\u00e9gio Sepam"},"image":{"@id":"https:\/\/sepam.com.br\/#\/schema\/logo\/image\/"}},{"@type":"Person","@id":"https:\/\/sepam.com.br\/#\/schema\/person\/bfa2996c649a5a6d822766f6e64eb7fd","name":"Sepam","image":{"@type":"ImageObject","inLanguage":"pt-BR","@id":"https:\/\/secure.gravatar.com\/avatar\/0219e64664f5861998ad57a3432eb4bd5fd99a34c7cc9bc44b3c59dfb830db85?s=96&d=mm&r=g","url":"https:\/\/secure.gravatar.com\/avatar\/0219e64664f5861998ad57a3432eb4bd5fd99a34c7cc9bc44b3c59dfb830db85?s=96&d=mm&r=g","contentUrl":"https:\/\/secure.gravatar.com\/avatar\/0219e64664f5861998ad57a3432eb4bd5fd99a34c7cc9bc44b3c59dfb830db85?s=96&d=mm&r=g","caption":"Sepam"},"url":"https:\/\/sepam.com.br\/pt\/author\/sepam\/"}]}},"_links":{"self":[{"href":"https:\/\/sepam.com.br\/pt\/wp-json\/wp\/v2\/posts\/7069","targetHints":{"allow":["GET"]}}],"collection":[{"href":"https:\/\/sepam.com.br\/pt\/wp-json\/wp\/v2\/posts"}],"about":[{"href":"https:\/\/sepam.com.br\/pt\/wp-json\/wp\/v2\/types\/post"}],"author":[{"embeddable":true,"href":"https:\/\/sepam.com.br\/pt\/wp-json\/wp\/v2\/users\/13"}],"replies":[{"embeddable":true,"href":"https:\/\/sepam.com.br\/pt\/wp-json\/wp\/v2\/comments?post=7069"}],"version-history":[{"count":1,"href":"https:\/\/sepam.com.br\/pt\/wp-json\/wp\/v2\/posts\/7069\/revisions"}],"predecessor-version":[{"id":7293,"href":"https:\/\/sepam.com.br\/pt\/wp-json\/wp\/v2\/posts\/7069\/revisions\/7293"}],"wp:attachment":[{"href":"https:\/\/sepam.com.br\/pt\/wp-json\/wp\/v2\/media?parent=7069"}],"wp:term":[{"taxonomy":"category","embeddable":true,"href":"https:\/\/sepam.com.br\/pt\/wp-json\/wp\/v2\/categories?post=7069"},{"taxonomy":"post_tag","embeddable":true,"href":"https:\/\/sepam.com.br\/pt\/wp-json\/wp\/v2\/tags?post=7069"}],"curies":[{"name":"wp","href":"https:\/\/api.w.org\/{rel}","templated":true}]}}