{"id":7062,"date":"2025-08-28T10:47:34","date_gmt":"2025-08-28T13:47:34","guid":{"rendered":"https:\/\/dev.alisonandrei.com.br\/noticia\/aluno-e-professor-de-xadrez-do-sepam-sao-convocados-para-jogos-sul-americanos-escolares\/"},"modified":"2025-11-24T10:53:35","modified_gmt":"2025-11-24T13:53:35","slug":"aluno-e-professor-de-xadrez-do-sepam-sao-convocados-para-jogos-sul-americanos-escolares","status":"publish","type":"post","link":"https:\/\/sepam.com.br\/pt\/aluno-e-professor-de-xadrez-do-sepam-sao-convocados-para-jogos-sul-americanos-escolares\/","title":{"rendered":"Aluno e professor de xadrez do Sepam s\u00e3o convocados para Jogos Sul-Americanos Escolares"},"content":{"rendered":"<p>Convoca\u00e7\u00e3o foi feita pela Confedera\u00e7\u00e3o Brasileira de Desporto Escolar<\/p>\n<p>No ano em que celebra 80 anos de funda\u00e7\u00e3o, o Col\u00e9gio Pontagrossense &#8211; Sepam tem muito a comemorar n\u00e3o s\u00f3 nos avan\u00e7os e conquistas educacionais, mas nos esportes tamb\u00e9m, com destaque para o Xadrez. O SEPAM, al\u00e9m de obter diversos resultados expressivos nos eventos estaduais e nacionais nos \u00faltimos dez anos, conquistou o 10\u00ba t\u00edtulo dos Jogos Escolares do Paran\u00e1 (JEPs). Com base nestes excelentes resultados, a Confedera\u00e7\u00e3o Brasileira de Desporto Escolar (CBDE) convocou um enxadrista e o t\u00e9cnico do Col\u00e9gio para a sele\u00e7\u00e3o brasileira que ir\u00e1 competir nos Jogos Sul-Americanos Escolares, que acontecem de 30 de novembro a 7 de dezembro em Assun\u00e7\u00e3o, no Paraguai.<\/p>\n<p>O atleta convocado, Leonardo Hisao Herai Borges, sagrou-se em 2019 campe\u00e3o Paranaense sub 14, campe\u00e3o dos JEPs categoria B, dos Jogos dos Comerci\u00e1rios (Jocom) &#8211; SESC Paran\u00e1, dos Jogos da Juventude do Paran\u00e1 (JOJUPs) e vice-campe\u00e3o brasileiro sub 14. Aluno do Sepam desde a Educa\u00e7\u00e3o Infantil, ele \u00e9 filho do t\u00e9cnico, Lucas Silvestre Borges e cursa atualmente o 9\u00ba ano do Ensino Fundamental e faz o 1\u00ba ano do High School Sepam. \u201cPara n\u00f3s \u00e9 um orgulho ter atleta e t\u00e9cnico, mais uma vez, convocados para a sele\u00e7\u00e3o brasileira escolar\u201d, afirma o diretor do Col\u00e9gio, Osni Mongruel J\u00fanior.<\/p>\n<p>Em 2013, a aluna Lara Carolina Malanoski e o t\u00e9cnico Lucas Borges foram convocados para os Jogos Sul-Americanos, que aconteceram em Mar del Plata (Argentina), e trouxeram o bronze para o Sepam. \u201cO Brasil \u00e9 o atual campe\u00e3o desta competi\u00e7\u00e3o, tendo conquistado o t\u00edtulo em 2018, no Peru. Esperamos somar com a equipe, composta por 2 meninos e 2 meninas, e conquistar bons resultados neste evento representando o nosso Pa\u00eds\u201d, salienta o t\u00e9cnico.<\/p>\n","protected":false},"excerpt":{"rendered":"<p>Convoca\u00e7\u00e3o foi feita pela Confedera\u00e7\u00e3o Brasileira de Desporto Escolar No ano em que celebra 80 anos de funda\u00e7\u00e3o, o Col\u00e9gio Pontagrossense &#8211; Sepam tem muito a comemorar n\u00e3o s\u00f3 nos avan\u00e7os e conquistas educacionais, mas nos esportes tamb\u00e9m, com destaque para o Xadrez. O SEPAM, al\u00e9m de obter diversos resultados expressivos nos eventos estaduais e [&hellip;]<\/p>\n","protected":false},"author":13,"featured_media":0,"comment_status":"open","ping_status":"open","sticky":false,"template":"","format":"standard","meta":{"footnotes":""},"categories":[21],"tags":[],"class_list":["post-7062","post","type-post","status-publish","format-standard","hentry","category-colegio-sepam"],"yoast_head":"<!-- This site is optimized with the Yoast SEO plugin v28.4 - https:\/\/yoast.com\/product\/yoast-seo-wordpress\/ -->\n<title>Aluno e professor de xadrez do Sepam s\u00e3o convocados para Jogos Sul-Americanos Escolares - Col\u00e9gio Sepam<\/title>\n<meta name=\"robots\" content=\"index, follow, max-snippet:-1, max-image-preview:large, max-video-preview:-1\" \/>\n<link rel=\"canonical\" href=\"https:\/\/sepam.com.br\/pt\/aluno-e-professor-de-xadrez-do-sepam-sao-convocados-para-jogos-sul-americanos-escolares\/\" \/>\n<meta property=\"og:locale\" content=\"pt_BR\" \/>\n<meta property=\"og:type\" content=\"article\" \/>\n<meta property=\"og:title\" content=\"Aluno e professor de xadrez do Sepam s\u00e3o convocados para Jogos Sul-Americanos Escolares - Col\u00e9gio Sepam\" \/>\n<meta property=\"og:description\" content=\"Convoca\u00e7\u00e3o foi feita pela Confedera\u00e7\u00e3o Brasileira de Desporto Escolar No ano em que celebra 80 anos de funda\u00e7\u00e3o, o Col\u00e9gio Pontagrossense &#8211; Sepam tem muito a comemorar n\u00e3o s\u00f3 nos avan\u00e7os e conquistas educacionais, mas nos esportes tamb\u00e9m, com destaque para o Xadrez. O SEPAM, al\u00e9m de obter diversos resultados expressivos nos eventos estaduais e [&hellip;]\" \/>\n<meta property=\"og:url\" content=\"https:\/\/sepam.com.br\/pt\/aluno-e-professor-de-xadrez-do-sepam-sao-convocados-para-jogos-sul-americanos-escolares\/\" \/>\n<meta property=\"og:site_name\" content=\"Col\u00e9gio Sepam\" \/>\n<meta property=\"article:published_time\" content=\"2025-08-28T13:47:34+00:00\" \/>\n<meta property=\"article:modified_time\" content=\"2025-11-24T13:53:35+00:00\" \/>\n<meta name=\"author\" content=\"Sepam\" \/>\n<meta name=\"twitter:card\" content=\"summary_large_image\" \/>\n<meta name=\"twitter:label1\" content=\"Escrito por\" \/>\n\t<meta name=\"twitter:data1\" content=\"Sepam\" \/>\n\t<meta name=\"twitter:label2\" content=\"Est. tempo de leitura\" \/>\n\t<meta name=\"twitter:data2\" content=\"2 minutos\" \/>\n<script type=\"application\/ld+json\" class=\"yoast-schema-graph\">{\"@context\":\"https:\\\/\\\/schema.org\",\"@graph\":[{\"@type\":\"Article\",\"@id\":\"https:\\\/\\\/sepam.com.br\\\/pt\\\/aluno-e-professor-de-xadrez-do-sepam-sao-convocados-para-jogos-sul-americanos-escolares\\\/#article\",\"isPartOf\":{\"@id\":\"https:\\\/\\\/sepam.com.br\\\/pt\\\/aluno-e-professor-de-xadrez-do-sepam-sao-convocados-para-jogos-sul-americanos-escolares\\\/\"},\"author\":{\"name\":\"Sepam\",\"@id\":\"https:\\\/\\\/sepam.com.br\\\/#\\\/schema\\\/person\\\/bfa2996c649a5a6d822766f6e64eb7fd\"},\"headline\":\"Aluno e professor de xadrez do Sepam s\u00e3o convocados para Jogos Sul-Americanos Escolares\",\"datePublished\":\"2025-08-28T13:47:34+00:00\",\"dateModified\":\"2025-11-24T13:53:35+00:00\",\"mainEntityOfPage\":{\"@id\":\"https:\\\/\\\/sepam.com.br\\\/pt\\\/aluno-e-professor-de-xadrez-do-sepam-sao-convocados-para-jogos-sul-americanos-escolares\\\/\"},\"wordCount\":315,\"commentCount\":0,\"publisher\":{\"@id\":\"https:\\\/\\\/sepam.com.br\\\/#organization\"},\"articleSection\":[\"Colegio Sepam\"],\"inLanguage\":\"pt-BR\",\"potentialAction\":[{\"@type\":\"CommentAction\",\"name\":\"Comment\",\"target\":[\"https:\\\/\\\/sepam.com.br\\\/pt\\\/aluno-e-professor-de-xadrez-do-sepam-sao-convocados-para-jogos-sul-americanos-escolares\\\/#respond\"]}]},{\"@type\":\"WebPage\",\"@id\":\"https:\\\/\\\/sepam.com.br\\\/pt\\\/aluno-e-professor-de-xadrez-do-sepam-sao-convocados-para-jogos-sul-americanos-escolares\\\/\",\"url\":\"https:\\\/\\\/sepam.com.br\\\/pt\\\/aluno-e-professor-de-xadrez-do-sepam-sao-convocados-para-jogos-sul-americanos-escolares\\\/\",\"name\":\"Aluno e professor de xadrez do Sepam s\u00e3o convocados para Jogos Sul-Americanos Escolares - Col\u00e9gio Sepam\",\"isPartOf\":{\"@id\":\"https:\\\/\\\/sepam.com.br\\\/#website\"},\"datePublished\":\"2025-08-28T13:47:34+00:00\",\"dateModified\":\"2025-11-24T13:53:35+00:00\",\"breadcrumb\":{\"@id\":\"https:\\\/\\\/sepam.com.br\\\/pt\\\/aluno-e-professor-de-xadrez-do-sepam-sao-convocados-para-jogos-sul-americanos-escolares\\\/#breadcrumb\"},\"inLanguage\":\"pt-BR\",\"potentialAction\":[{\"@type\":\"ReadAction\",\"target\":[\"https:\\\/\\\/sepam.com.br\\\/pt\\\/aluno-e-professor-de-xadrez-do-sepam-sao-convocados-para-jogos-sul-americanos-escolares\\\/\"]}]},{\"@type\":\"BreadcrumbList\",\"@id\":\"https:\\\/\\\/sepam.com.br\\\/pt\\\/aluno-e-professor-de-xadrez-do-sepam-sao-convocados-para-jogos-sul-americanos-escolares\\\/#breadcrumb\",\"itemListElement\":[{\"@type\":\"ListItem\",\"position\":1,\"name\":\"In\u00edcio\",\"item\":\"https:\\\/\\\/sepam.com.br\\\/\"},{\"@type\":\"ListItem\",\"position\":2,\"name\":\"Aluno e professor de xadrez do Sepam s\u00e3o convocados para Jogos Sul-Americanos Escolares\"}]},{\"@type\":\"WebSite\",\"@id\":\"https:\\\/\\\/sepam.com.br\\\/#website\",\"url\":\"https:\\\/\\\/sepam.com.br\\\/\",\"name\":\"Col\u00e9gio Sepam\",\"description\":\"Ensino Incompar\u00e1vel\",\"publisher\":{\"@id\":\"https:\\\/\\\/sepam.com.br\\\/#organization\"},\"potentialAction\":[{\"@type\":\"SearchAction\",\"target\":{\"@type\":\"EntryPoint\",\"urlTemplate\":\"https:\\\/\\\/sepam.com.br\\\/?s={search_term_string}\"},\"query-input\":{\"@type\":\"PropertyValueSpecification\",\"valueRequired\":true,\"valueName\":\"search_term_string\"}}],\"inLanguage\":\"pt-BR\"},{\"@type\":\"Organization\",\"@id\":\"https:\\\/\\\/sepam.com.br\\\/#organization\",\"name\":\"Col\u00e9gio Sepam\",\"url\":\"https:\\\/\\\/sepam.com.br\\\/\",\"logo\":{\"@type\":\"ImageObject\",\"inLanguage\":\"pt-BR\",\"@id\":\"https:\\\/\\\/sepam.com.br\\\/#\\\/schema\\\/logo\\\/image\\\/\",\"url\":\"https:\\\/\\\/sepam.com.br\\\/wp-content\\\/uploads\\\/2025\\\/02\\\/Ativo-2.png\",\"contentUrl\":\"https:\\\/\\\/sepam.com.br\\\/wp-content\\\/uploads\\\/2025\\\/02\\\/Ativo-2.png\",\"width\":595,\"height\":525,\"caption\":\"Col\u00e9gio Sepam\"},\"image\":{\"@id\":\"https:\\\/\\\/sepam.com.br\\\/#\\\/schema\\\/logo\\\/image\\\/\"}},{\"@type\":\"Person\",\"@id\":\"https:\\\/\\\/sepam.com.br\\\/#\\\/schema\\\/person\\\/bfa2996c649a5a6d822766f6e64eb7fd\",\"name\":\"Sepam\",\"image\":{\"@type\":\"ImageObject\",\"inLanguage\":\"pt-BR\",\"@id\":\"https:\\\/\\\/secure.gravatar.com\\\/avatar\\\/0219e64664f5861998ad57a3432eb4bd5fd99a34c7cc9bc44b3c59dfb830db85?s=96&d=mm&r=g\",\"url\":\"https:\\\/\\\/secure.gravatar.com\\\/avatar\\\/0219e64664f5861998ad57a3432eb4bd5fd99a34c7cc9bc44b3c59dfb830db85?s=96&d=mm&r=g\",\"contentUrl\":\"https:\\\/\\\/secure.gravatar.com\\\/avatar\\\/0219e64664f5861998ad57a3432eb4bd5fd99a34c7cc9bc44b3c59dfb830db85?s=96&d=mm&r=g\",\"caption\":\"Sepam\"},\"url\":\"https:\\\/\\\/sepam.com.br\\\/pt\\\/author\\\/sepam\\\/\"}]}<\/script>\n<!-- \/ Yoast SEO plugin. -->","yoast_head_json":{"title":"Aluno e professor de xadrez do Sepam s\u00e3o convocados para Jogos Sul-Americanos Escolares - Col\u00e9gio Sepam","robots":{"index":"index","follow":"follow","max-snippet":"max-snippet:-1","max-image-preview":"max-image-preview:large","max-video-preview":"max-video-preview:-1"},"canonical":"https:\/\/sepam.com.br\/pt\/aluno-e-professor-de-xadrez-do-sepam-sao-convocados-para-jogos-sul-americanos-escolares\/","og_locale":"pt_BR","og_type":"article","og_title":"Aluno e professor de xadrez do Sepam s\u00e3o convocados para Jogos Sul-Americanos Escolares - Col\u00e9gio Sepam","og_description":"Convoca\u00e7\u00e3o foi feita pela Confedera\u00e7\u00e3o Brasileira de Desporto Escolar No ano em que celebra 80 anos de funda\u00e7\u00e3o, o Col\u00e9gio Pontagrossense &#8211; Sepam tem muito a comemorar n\u00e3o s\u00f3 nos avan\u00e7os e conquistas educacionais, mas nos esportes tamb\u00e9m, com destaque para o Xadrez. O SEPAM, al\u00e9m de obter diversos resultados expressivos nos eventos estaduais e [&hellip;]","og_url":"https:\/\/sepam.com.br\/pt\/aluno-e-professor-de-xadrez-do-sepam-sao-convocados-para-jogos-sul-americanos-escolares\/","og_site_name":"Col\u00e9gio Sepam","article_published_time":"2025-08-28T13:47:34+00:00","article_modified_time":"2025-11-24T13:53:35+00:00","author":"Sepam","twitter_card":"summary_large_image","twitter_misc":{"Escrito por":"Sepam","Est. tempo de leitura":"2 minutos"},"schema":{"@context":"https:\/\/schema.org","@graph":[{"@type":"Article","@id":"https:\/\/sepam.com.br\/pt\/aluno-e-professor-de-xadrez-do-sepam-sao-convocados-para-jogos-sul-americanos-escolares\/#article","isPartOf":{"@id":"https:\/\/sepam.com.br\/pt\/aluno-e-professor-de-xadrez-do-sepam-sao-convocados-para-jogos-sul-americanos-escolares\/"},"author":{"name":"Sepam","@id":"https:\/\/sepam.com.br\/#\/schema\/person\/bfa2996c649a5a6d822766f6e64eb7fd"},"headline":"Aluno e professor de xadrez do Sepam s\u00e3o convocados para Jogos Sul-Americanos Escolares","datePublished":"2025-08-28T13:47:34+00:00","dateModified":"2025-11-24T13:53:35+00:00","mainEntityOfPage":{"@id":"https:\/\/sepam.com.br\/pt\/aluno-e-professor-de-xadrez-do-sepam-sao-convocados-para-jogos-sul-americanos-escolares\/"},"wordCount":315,"commentCount":0,"publisher":{"@id":"https:\/\/sepam.com.br\/#organization"},"articleSection":["Colegio Sepam"],"inLanguage":"pt-BR","potentialAction":[{"@type":"CommentAction","name":"Comment","target":["https:\/\/sepam.com.br\/pt\/aluno-e-professor-de-xadrez-do-sepam-sao-convocados-para-jogos-sul-americanos-escolares\/#respond"]}]},{"@type":"WebPage","@id":"https:\/\/sepam.com.br\/pt\/aluno-e-professor-de-xadrez-do-sepam-sao-convocados-para-jogos-sul-americanos-escolares\/","url":"https:\/\/sepam.com.br\/pt\/aluno-e-professor-de-xadrez-do-sepam-sao-convocados-para-jogos-sul-americanos-escolares\/","name":"Aluno e professor de xadrez do Sepam s\u00e3o convocados para Jogos Sul-Americanos Escolares - Col\u00e9gio Sepam","isPartOf":{"@id":"https:\/\/sepam.com.br\/#website"},"datePublished":"2025-08-28T13:47:34+00:00","dateModified":"2025-11-24T13:53:35+00:00","breadcrumb":{"@id":"https:\/\/sepam.com.br\/pt\/aluno-e-professor-de-xadrez-do-sepam-sao-convocados-para-jogos-sul-americanos-escolares\/#breadcrumb"},"inLanguage":"pt-BR","potentialAction":[{"@type":"ReadAction","target":["https:\/\/sepam.com.br\/pt\/aluno-e-professor-de-xadrez-do-sepam-sao-convocados-para-jogos-sul-americanos-escolares\/"]}]},{"@type":"BreadcrumbList","@id":"https:\/\/sepam.com.br\/pt\/aluno-e-professor-de-xadrez-do-sepam-sao-convocados-para-jogos-sul-americanos-escolares\/#breadcrumb","itemListElement":[{"@type":"ListItem","position":1,"name":"In\u00edcio","item":"https:\/\/sepam.com.br\/"},{"@type":"ListItem","position":2,"name":"Aluno e professor de xadrez do Sepam s\u00e3o convocados para Jogos Sul-Americanos Escolares"}]},{"@type":"WebSite","@id":"https:\/\/sepam.com.br\/#website","url":"https:\/\/sepam.com.br\/","name":"Col\u00e9gio Sepam","description":"Ensino Incompar\u00e1vel","publisher":{"@id":"https:\/\/sepam.com.br\/#organization"},"potentialAction":[{"@type":"SearchAction","target":{"@type":"EntryPoint","urlTemplate":"https:\/\/sepam.com.br\/?s={search_term_string}"},"query-input":{"@type":"PropertyValueSpecification","valueRequired":true,"valueName":"search_term_string"}}],"inLanguage":"pt-BR"},{"@type":"Organization","@id":"https:\/\/sepam.com.br\/#organization","name":"Col\u00e9gio Sepam","url":"https:\/\/sepam.com.br\/","logo":{"@type":"ImageObject","inLanguage":"pt-BR","@id":"https:\/\/sepam.com.br\/#\/schema\/logo\/image\/","url":"https:\/\/sepam.com.br\/wp-content\/uploads\/2025\/02\/Ativo-2.png","contentUrl":"https:\/\/sepam.com.br\/wp-content\/uploads\/2025\/02\/Ativo-2.png","width":595,"height":525,"caption":"Col\u00e9gio Sepam"},"image":{"@id":"https:\/\/sepam.com.br\/#\/schema\/logo\/image\/"}},{"@type":"Person","@id":"https:\/\/sepam.com.br\/#\/schema\/person\/bfa2996c649a5a6d822766f6e64eb7fd","name":"Sepam","image":{"@type":"ImageObject","inLanguage":"pt-BR","@id":"https:\/\/secure.gravatar.com\/avatar\/0219e64664f5861998ad57a3432eb4bd5fd99a34c7cc9bc44b3c59dfb830db85?s=96&d=mm&r=g","url":"https:\/\/secure.gravatar.com\/avatar\/0219e64664f5861998ad57a3432eb4bd5fd99a34c7cc9bc44b3c59dfb830db85?s=96&d=mm&r=g","contentUrl":"https:\/\/secure.gravatar.com\/avatar\/0219e64664f5861998ad57a3432eb4bd5fd99a34c7cc9bc44b3c59dfb830db85?s=96&d=mm&r=g","caption":"Sepam"},"url":"https:\/\/sepam.com.br\/pt\/author\/sepam\/"}]}},"_links":{"self":[{"href":"https:\/\/sepam.com.br\/pt\/wp-json\/wp\/v2\/posts\/7062","targetHints":{"allow":["GET"]}}],"collection":[{"href":"https:\/\/sepam.com.br\/pt\/wp-json\/wp\/v2\/posts"}],"about":[{"href":"https:\/\/sepam.com.br\/pt\/wp-json\/wp\/v2\/types\/post"}],"author":[{"embeddable":true,"href":"https:\/\/sepam.com.br\/pt\/wp-json\/wp\/v2\/users\/13"}],"replies":[{"embeddable":true,"href":"https:\/\/sepam.com.br\/pt\/wp-json\/wp\/v2\/comments?post=7062"}],"version-history":[{"count":1,"href":"https:\/\/sepam.com.br\/pt\/wp-json\/wp\/v2\/posts\/7062\/revisions"}],"predecessor-version":[{"id":7286,"href":"https:\/\/sepam.com.br\/pt\/wp-json\/wp\/v2\/posts\/7062\/revisions\/7286"}],"wp:attachment":[{"href":"https:\/\/sepam.com.br\/pt\/wp-json\/wp\/v2\/media?parent=7062"}],"wp:term":[{"taxonomy":"category","embeddable":true,"href":"https:\/\/sepam.com.br\/pt\/wp-json\/wp\/v2\/categories?post=7062"},{"taxonomy":"post_tag","embeddable":true,"href":"https:\/\/sepam.com.br\/pt\/wp-json\/wp\/v2\/tags?post=7062"}],"curies":[{"name":"wp","href":"https:\/\/api.w.org\/{rel}","templated":true}]}}