{"id":7045,"date":"2025-08-28T10:47:31","date_gmt":"2025-08-28T13:47:31","guid":{"rendered":"https:\/\/dev.alisonandrei.com.br\/noticia\/estudante-de-ponta-grossa-pr-participa-de-bienal-internacional-do-livro\/"},"modified":"2025-11-24T10:53:35","modified_gmt":"2025-11-24T13:53:35","slug":"estudante-de-ponta-grossa-pr-participa-de-bienal-internacional-do-livro","status":"publish","type":"post","link":"https:\/\/sepam.com.br\/pt\/estudante-de-ponta-grossa-pr-participa-de-bienal-internacional-do-livro\/","title":{"rendered":"Estudante de Ponta Grossa (PR) participa de Bienal Internacional do Livro"},"content":{"rendered":"<p>A jovem Alexia Liz lan\u00e7ou seu primeiro livro ano passado<\/p>\n<p>Na pr\u00f3xima sexta-feira (06), a pontagrossense Alexia Liz, de 17 anos, participa de uma sess\u00e3o de aut\u00f3grafos na 19\u00aa Bienal Internacional do Livro do Rio de Janeiro, que ocorre entre 30 de agosto e 08 de setembro\u00a0 no centro de exposi\u00e7\u00f5es do Riocentro. Estudante da 3\u00aa s\u00e9rie do Ensino M\u00e9dio do Col\u00e9gio Sepam, a jovem lan\u00e7ou seu primeiro livro \u201cPynian \u2013 O Come\u00e7o do Fim\u201d em novembro de 2018 pela editora Chiado Books, que publicou e distribuiu a obra nas principais livrarias do Brasil e de Portugal. A sess\u00e3o est\u00e1 marcada para as 16 horas.<\/p>\n<p>Para o pai de Alexia, Sergio Stevan Junior, ter uma filha escritora \u00e9 motivo de orgulho. \u201cPor mais que eu j\u00e1 tenha escrito livros na \u00e1rea t\u00e9cnica ter uma filha escritora, nesta idade, e convidada para uma exposi\u00e7\u00e3o como a Bienal \u00e9 motivo de orgulho para toda a fam\u00edlia\u201d, diz.<\/p>\n<p>Yuri S\u00f3crates, professor da estudante e coordenador do terceir\u00e3o do col\u00e9gio, considera um grande feito a atitude da jovem. \u201cAcho de uma coragem e ousadia admir\u00e1veis que em um pa\u00eds sem h\u00e1bito de leitura, uma adolescente escreva um livro e participe da Bienal\u201d, coloca. No Brasil n\u00e3o \u00e9 comum que jovens publiquem livros. De acordo com uma pesquisa do portal Nexo, os principais autores brasileiros publicaram suas obras, em m\u00e9dia, aos 29 anos.<\/p>\n<p>A obra de 430 p\u00e1ginas \u00e9 baseada em uma aventura rom\u00e2ntica entre mundos paralelos; conta a hist\u00f3ria de Allyss, que junto com outras personagens tenta impedir uma guerra entre o reino dos c\u00e9us e o submundo.<\/p>\n<p>A Bienal do Livro Rio \u00e9 o maior evento liter\u00e1rio do pa\u00eds. Estima-se que 600 mil pessoas e mais de 300 autores internacionais e nacionais passem pelo evento.<\/p>\n","protected":false},"excerpt":{"rendered":"<p>A jovem Alexia Liz lan\u00e7ou seu primeiro livro ano passado Na pr\u00f3xima sexta-feira (06), a pontagrossense Alexia Liz, de 17 anos, participa de uma sess\u00e3o de aut\u00f3grafos na 19\u00aa Bienal Internacional do Livro do Rio de Janeiro, que ocorre entre 30 de agosto e 08 de setembro\u00a0 no centro de exposi\u00e7\u00f5es do Riocentro. Estudante da [&hellip;]<\/p>\n","protected":false},"author":13,"featured_media":0,"comment_status":"open","ping_status":"open","sticky":false,"template":"","format":"standard","meta":{"footnotes":""},"categories":[21],"tags":[],"class_list":["post-7045","post","type-post","status-publish","format-standard","hentry","category-colegio-sepam"],"yoast_head":"<!-- This site is optimized with the Yoast SEO plugin v28.4 - https:\/\/yoast.com\/product\/yoast-seo-wordpress\/ -->\n<title>Estudante de Ponta Grossa (PR) participa de Bienal Internacional do Livro - Col\u00e9gio Sepam<\/title>\n<meta name=\"robots\" content=\"index, follow, max-snippet:-1, max-image-preview:large, max-video-preview:-1\" \/>\n<link rel=\"canonical\" href=\"https:\/\/sepam.com.br\/pt\/estudante-de-ponta-grossa-pr-participa-de-bienal-internacional-do-livro\/\" \/>\n<meta property=\"og:locale\" content=\"pt_BR\" \/>\n<meta property=\"og:type\" content=\"article\" \/>\n<meta property=\"og:title\" content=\"Estudante de Ponta Grossa (PR) participa de Bienal Internacional do Livro - Col\u00e9gio Sepam\" \/>\n<meta property=\"og:description\" content=\"A jovem Alexia Liz lan\u00e7ou seu primeiro livro ano passado Na pr\u00f3xima sexta-feira (06), a pontagrossense Alexia Liz, de 17 anos, participa de uma sess\u00e3o de aut\u00f3grafos na 19\u00aa Bienal Internacional do Livro do Rio de Janeiro, que ocorre entre 30 de agosto e 08 de setembro\u00a0 no centro de exposi\u00e7\u00f5es do Riocentro. Estudante da [&hellip;]\" \/>\n<meta property=\"og:url\" content=\"https:\/\/sepam.com.br\/pt\/estudante-de-ponta-grossa-pr-participa-de-bienal-internacional-do-livro\/\" \/>\n<meta property=\"og:site_name\" content=\"Col\u00e9gio Sepam\" \/>\n<meta property=\"article:published_time\" content=\"2025-08-28T13:47:31+00:00\" \/>\n<meta property=\"article:modified_time\" content=\"2025-11-24T13:53:35+00:00\" \/>\n<meta name=\"author\" content=\"Sepam\" \/>\n<meta name=\"twitter:card\" content=\"summary_large_image\" \/>\n<meta name=\"twitter:label1\" content=\"Escrito por\" \/>\n\t<meta name=\"twitter:data1\" content=\"Sepam\" \/>\n\t<meta name=\"twitter:label2\" content=\"Est. tempo de leitura\" \/>\n\t<meta name=\"twitter:data2\" content=\"2 minutos\" \/>\n<script type=\"application\/ld+json\" class=\"yoast-schema-graph\">{\"@context\":\"https:\\\/\\\/schema.org\",\"@graph\":[{\"@type\":\"Article\",\"@id\":\"https:\\\/\\\/sepam.com.br\\\/pt\\\/estudante-de-ponta-grossa-pr-participa-de-bienal-internacional-do-livro\\\/#article\",\"isPartOf\":{\"@id\":\"https:\\\/\\\/sepam.com.br\\\/pt\\\/estudante-de-ponta-grossa-pr-participa-de-bienal-internacional-do-livro\\\/\"},\"author\":{\"name\":\"Sepam\",\"@id\":\"https:\\\/\\\/sepam.com.br\\\/#\\\/schema\\\/person\\\/bfa2996c649a5a6d822766f6e64eb7fd\"},\"headline\":\"Estudante de Ponta Grossa (PR) participa de Bienal Internacional do Livro\",\"datePublished\":\"2025-08-28T13:47:31+00:00\",\"dateModified\":\"2025-11-24T13:53:35+00:00\",\"mainEntityOfPage\":{\"@id\":\"https:\\\/\\\/sepam.com.br\\\/pt\\\/estudante-de-ponta-grossa-pr-participa-de-bienal-internacional-do-livro\\\/\"},\"wordCount\":313,\"commentCount\":0,\"publisher\":{\"@id\":\"https:\\\/\\\/sepam.com.br\\\/#organization\"},\"articleSection\":[\"Colegio Sepam\"],\"inLanguage\":\"pt-BR\",\"potentialAction\":[{\"@type\":\"CommentAction\",\"name\":\"Comment\",\"target\":[\"https:\\\/\\\/sepam.com.br\\\/pt\\\/estudante-de-ponta-grossa-pr-participa-de-bienal-internacional-do-livro\\\/#respond\"]}]},{\"@type\":\"WebPage\",\"@id\":\"https:\\\/\\\/sepam.com.br\\\/pt\\\/estudante-de-ponta-grossa-pr-participa-de-bienal-internacional-do-livro\\\/\",\"url\":\"https:\\\/\\\/sepam.com.br\\\/pt\\\/estudante-de-ponta-grossa-pr-participa-de-bienal-internacional-do-livro\\\/\",\"name\":\"Estudante de Ponta Grossa (PR) participa de Bienal Internacional do Livro - Col\u00e9gio Sepam\",\"isPartOf\":{\"@id\":\"https:\\\/\\\/sepam.com.br\\\/#website\"},\"datePublished\":\"2025-08-28T13:47:31+00:00\",\"dateModified\":\"2025-11-24T13:53:35+00:00\",\"breadcrumb\":{\"@id\":\"https:\\\/\\\/sepam.com.br\\\/pt\\\/estudante-de-ponta-grossa-pr-participa-de-bienal-internacional-do-livro\\\/#breadcrumb\"},\"inLanguage\":\"pt-BR\",\"potentialAction\":[{\"@type\":\"ReadAction\",\"target\":[\"https:\\\/\\\/sepam.com.br\\\/pt\\\/estudante-de-ponta-grossa-pr-participa-de-bienal-internacional-do-livro\\\/\"]}]},{\"@type\":\"BreadcrumbList\",\"@id\":\"https:\\\/\\\/sepam.com.br\\\/pt\\\/estudante-de-ponta-grossa-pr-participa-de-bienal-internacional-do-livro\\\/#breadcrumb\",\"itemListElement\":[{\"@type\":\"ListItem\",\"position\":1,\"name\":\"In\u00edcio\",\"item\":\"https:\\\/\\\/sepam.com.br\\\/\"},{\"@type\":\"ListItem\",\"position\":2,\"name\":\"Estudante de Ponta Grossa (PR) participa de Bienal Internacional do Livro\"}]},{\"@type\":\"WebSite\",\"@id\":\"https:\\\/\\\/sepam.com.br\\\/#website\",\"url\":\"https:\\\/\\\/sepam.com.br\\\/\",\"name\":\"Col\u00e9gio Sepam\",\"description\":\"Ensino Incompar\u00e1vel\",\"publisher\":{\"@id\":\"https:\\\/\\\/sepam.com.br\\\/#organization\"},\"potentialAction\":[{\"@type\":\"SearchAction\",\"target\":{\"@type\":\"EntryPoint\",\"urlTemplate\":\"https:\\\/\\\/sepam.com.br\\\/?s={search_term_string}\"},\"query-input\":{\"@type\":\"PropertyValueSpecification\",\"valueRequired\":true,\"valueName\":\"search_term_string\"}}],\"inLanguage\":\"pt-BR\"},{\"@type\":\"Organization\",\"@id\":\"https:\\\/\\\/sepam.com.br\\\/#organization\",\"name\":\"Col\u00e9gio Sepam\",\"url\":\"https:\\\/\\\/sepam.com.br\\\/\",\"logo\":{\"@type\":\"ImageObject\",\"inLanguage\":\"pt-BR\",\"@id\":\"https:\\\/\\\/sepam.com.br\\\/#\\\/schema\\\/logo\\\/image\\\/\",\"url\":\"https:\\\/\\\/sepam.com.br\\\/wp-content\\\/uploads\\\/2025\\\/02\\\/Ativo-2.png\",\"contentUrl\":\"https:\\\/\\\/sepam.com.br\\\/wp-content\\\/uploads\\\/2025\\\/02\\\/Ativo-2.png\",\"width\":595,\"height\":525,\"caption\":\"Col\u00e9gio Sepam\"},\"image\":{\"@id\":\"https:\\\/\\\/sepam.com.br\\\/#\\\/schema\\\/logo\\\/image\\\/\"}},{\"@type\":\"Person\",\"@id\":\"https:\\\/\\\/sepam.com.br\\\/#\\\/schema\\\/person\\\/bfa2996c649a5a6d822766f6e64eb7fd\",\"name\":\"Sepam\",\"image\":{\"@type\":\"ImageObject\",\"inLanguage\":\"pt-BR\",\"@id\":\"https:\\\/\\\/secure.gravatar.com\\\/avatar\\\/0219e64664f5861998ad57a3432eb4bd5fd99a34c7cc9bc44b3c59dfb830db85?s=96&d=mm&r=g\",\"url\":\"https:\\\/\\\/secure.gravatar.com\\\/avatar\\\/0219e64664f5861998ad57a3432eb4bd5fd99a34c7cc9bc44b3c59dfb830db85?s=96&d=mm&r=g\",\"contentUrl\":\"https:\\\/\\\/secure.gravatar.com\\\/avatar\\\/0219e64664f5861998ad57a3432eb4bd5fd99a34c7cc9bc44b3c59dfb830db85?s=96&d=mm&r=g\",\"caption\":\"Sepam\"},\"url\":\"https:\\\/\\\/sepam.com.br\\\/pt\\\/author\\\/sepam\\\/\"}]}<\/script>\n<!-- \/ Yoast SEO plugin. -->","yoast_head_json":{"title":"Estudante de Ponta Grossa (PR) participa de Bienal Internacional do Livro - Col\u00e9gio Sepam","robots":{"index":"index","follow":"follow","max-snippet":"max-snippet:-1","max-image-preview":"max-image-preview:large","max-video-preview":"max-video-preview:-1"},"canonical":"https:\/\/sepam.com.br\/pt\/estudante-de-ponta-grossa-pr-participa-de-bienal-internacional-do-livro\/","og_locale":"pt_BR","og_type":"article","og_title":"Estudante de Ponta Grossa (PR) participa de Bienal Internacional do Livro - Col\u00e9gio Sepam","og_description":"A jovem Alexia Liz lan\u00e7ou seu primeiro livro ano passado Na pr\u00f3xima sexta-feira (06), a pontagrossense Alexia Liz, de 17 anos, participa de uma sess\u00e3o de aut\u00f3grafos na 19\u00aa Bienal Internacional do Livro do Rio de Janeiro, que ocorre entre 30 de agosto e 08 de setembro\u00a0 no centro de exposi\u00e7\u00f5es do Riocentro. Estudante da [&hellip;]","og_url":"https:\/\/sepam.com.br\/pt\/estudante-de-ponta-grossa-pr-participa-de-bienal-internacional-do-livro\/","og_site_name":"Col\u00e9gio Sepam","article_published_time":"2025-08-28T13:47:31+00:00","article_modified_time":"2025-11-24T13:53:35+00:00","author":"Sepam","twitter_card":"summary_large_image","twitter_misc":{"Escrito por":"Sepam","Est. tempo de leitura":"2 minutos"},"schema":{"@context":"https:\/\/schema.org","@graph":[{"@type":"Article","@id":"https:\/\/sepam.com.br\/pt\/estudante-de-ponta-grossa-pr-participa-de-bienal-internacional-do-livro\/#article","isPartOf":{"@id":"https:\/\/sepam.com.br\/pt\/estudante-de-ponta-grossa-pr-participa-de-bienal-internacional-do-livro\/"},"author":{"name":"Sepam","@id":"https:\/\/sepam.com.br\/#\/schema\/person\/bfa2996c649a5a6d822766f6e64eb7fd"},"headline":"Estudante de Ponta Grossa (PR) participa de Bienal Internacional do Livro","datePublished":"2025-08-28T13:47:31+00:00","dateModified":"2025-11-24T13:53:35+00:00","mainEntityOfPage":{"@id":"https:\/\/sepam.com.br\/pt\/estudante-de-ponta-grossa-pr-participa-de-bienal-internacional-do-livro\/"},"wordCount":313,"commentCount":0,"publisher":{"@id":"https:\/\/sepam.com.br\/#organization"},"articleSection":["Colegio Sepam"],"inLanguage":"pt-BR","potentialAction":[{"@type":"CommentAction","name":"Comment","target":["https:\/\/sepam.com.br\/pt\/estudante-de-ponta-grossa-pr-participa-de-bienal-internacional-do-livro\/#respond"]}]},{"@type":"WebPage","@id":"https:\/\/sepam.com.br\/pt\/estudante-de-ponta-grossa-pr-participa-de-bienal-internacional-do-livro\/","url":"https:\/\/sepam.com.br\/pt\/estudante-de-ponta-grossa-pr-participa-de-bienal-internacional-do-livro\/","name":"Estudante de Ponta Grossa (PR) participa de Bienal Internacional do Livro - Col\u00e9gio Sepam","isPartOf":{"@id":"https:\/\/sepam.com.br\/#website"},"datePublished":"2025-08-28T13:47:31+00:00","dateModified":"2025-11-24T13:53:35+00:00","breadcrumb":{"@id":"https:\/\/sepam.com.br\/pt\/estudante-de-ponta-grossa-pr-participa-de-bienal-internacional-do-livro\/#breadcrumb"},"inLanguage":"pt-BR","potentialAction":[{"@type":"ReadAction","target":["https:\/\/sepam.com.br\/pt\/estudante-de-ponta-grossa-pr-participa-de-bienal-internacional-do-livro\/"]}]},{"@type":"BreadcrumbList","@id":"https:\/\/sepam.com.br\/pt\/estudante-de-ponta-grossa-pr-participa-de-bienal-internacional-do-livro\/#breadcrumb","itemListElement":[{"@type":"ListItem","position":1,"name":"In\u00edcio","item":"https:\/\/sepam.com.br\/"},{"@type":"ListItem","position":2,"name":"Estudante de Ponta Grossa (PR) participa de Bienal Internacional do Livro"}]},{"@type":"WebSite","@id":"https:\/\/sepam.com.br\/#website","url":"https:\/\/sepam.com.br\/","name":"Col\u00e9gio Sepam","description":"Ensino Incompar\u00e1vel","publisher":{"@id":"https:\/\/sepam.com.br\/#organization"},"potentialAction":[{"@type":"SearchAction","target":{"@type":"EntryPoint","urlTemplate":"https:\/\/sepam.com.br\/?s={search_term_string}"},"query-input":{"@type":"PropertyValueSpecification","valueRequired":true,"valueName":"search_term_string"}}],"inLanguage":"pt-BR"},{"@type":"Organization","@id":"https:\/\/sepam.com.br\/#organization","name":"Col\u00e9gio Sepam","url":"https:\/\/sepam.com.br\/","logo":{"@type":"ImageObject","inLanguage":"pt-BR","@id":"https:\/\/sepam.com.br\/#\/schema\/logo\/image\/","url":"https:\/\/sepam.com.br\/wp-content\/uploads\/2025\/02\/Ativo-2.png","contentUrl":"https:\/\/sepam.com.br\/wp-content\/uploads\/2025\/02\/Ativo-2.png","width":595,"height":525,"caption":"Col\u00e9gio Sepam"},"image":{"@id":"https:\/\/sepam.com.br\/#\/schema\/logo\/image\/"}},{"@type":"Person","@id":"https:\/\/sepam.com.br\/#\/schema\/person\/bfa2996c649a5a6d822766f6e64eb7fd","name":"Sepam","image":{"@type":"ImageObject","inLanguage":"pt-BR","@id":"https:\/\/secure.gravatar.com\/avatar\/0219e64664f5861998ad57a3432eb4bd5fd99a34c7cc9bc44b3c59dfb830db85?s=96&d=mm&r=g","url":"https:\/\/secure.gravatar.com\/avatar\/0219e64664f5861998ad57a3432eb4bd5fd99a34c7cc9bc44b3c59dfb830db85?s=96&d=mm&r=g","contentUrl":"https:\/\/secure.gravatar.com\/avatar\/0219e64664f5861998ad57a3432eb4bd5fd99a34c7cc9bc44b3c59dfb830db85?s=96&d=mm&r=g","caption":"Sepam"},"url":"https:\/\/sepam.com.br\/pt\/author\/sepam\/"}]}},"_links":{"self":[{"href":"https:\/\/sepam.com.br\/pt\/wp-json\/wp\/v2\/posts\/7045","targetHints":{"allow":["GET"]}}],"collection":[{"href":"https:\/\/sepam.com.br\/pt\/wp-json\/wp\/v2\/posts"}],"about":[{"href":"https:\/\/sepam.com.br\/pt\/wp-json\/wp\/v2\/types\/post"}],"author":[{"embeddable":true,"href":"https:\/\/sepam.com.br\/pt\/wp-json\/wp\/v2\/users\/13"}],"replies":[{"embeddable":true,"href":"https:\/\/sepam.com.br\/pt\/wp-json\/wp\/v2\/comments?post=7045"}],"version-history":[{"count":1,"href":"https:\/\/sepam.com.br\/pt\/wp-json\/wp\/v2\/posts\/7045\/revisions"}],"predecessor-version":[{"id":7309,"href":"https:\/\/sepam.com.br\/pt\/wp-json\/wp\/v2\/posts\/7045\/revisions\/7309"}],"wp:attachment":[{"href":"https:\/\/sepam.com.br\/pt\/wp-json\/wp\/v2\/media?parent=7045"}],"wp:term":[{"taxonomy":"category","embeddable":true,"href":"https:\/\/sepam.com.br\/pt\/wp-json\/wp\/v2\/categories?post=7045"},{"taxonomy":"post_tag","embeddable":true,"href":"https:\/\/sepam.com.br\/pt\/wp-json\/wp\/v2\/tags?post=7045"}],"curies":[{"name":"wp","href":"https:\/\/api.w.org\/{rel}","templated":true}]}}