{"id":7034,"date":"2025-08-28T10:47:28","date_gmt":"2025-08-28T13:47:28","guid":{"rendered":"https:\/\/dev.alisonandrei.com.br\/noticia\/alunos-do-5o-ano-participam-do-projeto-soletrando\/"},"modified":"2025-11-24T10:53:36","modified_gmt":"2025-11-24T13:53:36","slug":"alunos-do-5o-ano-participam-do-projeto-soletrando","status":"publish","type":"post","link":"https:\/\/sepam.com.br\/pt\/alunos-do-5o-ano-participam-do-projeto-soletrando\/","title":{"rendered":"Alunos do 5\u00ba ano participam do projeto Soletrando"},"content":{"rendered":"<p><i><span style=\"font-weight: 400;\">Competi\u00e7\u00e3o amplia o vocabul\u00e1rio e auxilia na escrita<\/span><\/i><\/p>\n<p>Na \u00faltima sexta-feira (09), aconteceu mais uma edi\u00e7\u00e3o do Soletrando, projeto realizado semestralmente com as turmas do 5\u00ba ano do Ensino Fundamental do Col\u00e9gio SEPAM. No formato de jogo, os alunos competem entre si e ao final recebem certificados de acordo com a classifica\u00e7\u00e3o.<\/p>\n<p>Idealizado pela professora de L\u00edngua Portuguesa, Marcela Marabeli Pagano de Oliveira, o projeto iniciou no col\u00e9gio em 2014 e \u00e9 bem-sucedido devido ao apoio das professoras das turmas, que preparam os alunos em sala de aula e auxiliam nos estudos das palavras. \u201cO soletrando \u00e9 uma forma diferente de aprendizagem, os alunos se engajam por causa da coloca\u00e7\u00e3o e, assim, aprendem a escrever corretamente\u201d, conta a professora Francine Mayara Gomes (5\u00baA).<\/p>\n<p>As palavras s\u00e3o selecionadas de acordo com o vocabul\u00e1rio trabalhado em sala de aula e com o n\u00edvel de dificuldade de ortografia dos alunos. A competi\u00e7\u00e3o visa ampliar o vocabul\u00e1rio e promover a escrita. \u201cOs alunos se dedicaram bastante, estudaram muito, estavam empenhados na competi\u00e7\u00e3o. Observamos que os erros foram poucos, e isso foi bom para que todos percebessem a import\u00e2ncia da ortografia, algo que \u00e9 cobrado sempre nas aulas\u201d, completa a professora Daniela Aparecida Fabricio (5\u00baB).<\/p>\n<p>De acordo com a professora Juliane Fidelis (5\u00baC), foi poss\u00edvel notar o comprometimento dos alunos. \u201cA competi\u00e7\u00e3o serviu como um incentivo para todos, para que nas pr\u00f3ximas competi\u00e7\u00f5es eles estudem ainda mais e superem suas pr\u00f3prias expectativas\u201d, acredita.<\/p>\n<p>Para a idealizadora do projeto, professora Marcela, a cada ano os alunos estudam mais para dar o seu melhor no Soletrando. \u201cEles desenvolvem a reflex\u00e3o gr\u00e1fica e funcional das letras, al\u00e9m de aprimorarem o reconhecimento fonol\u00f3gico dessas palavras. Com isso, potencializam as estrat\u00e9gias de leitura, reconhecendo a grafia das palavras\u201d, finaliza.<\/p>\n<p>&nbsp;<\/p>\n<p>CLASSIFICA\u00c7\u00c3O<\/p>\n<p>5\u00ba ano A<br \/>\n1\u00ba lugar &#8211; Tiago Aquino Postiglioni<br \/>\n2\u00ba lugar &#8211; Matheus M\u00e9gda de Oliveira<br \/>\n3\u00ba lugar &#8211; Isadora Biscaia David e Manuela Alberti Fischer<\/p>\n<p>&nbsp;<\/p>\n<p>5\u00ba ano B<br \/>\n1\u00ba lugar &#8211; Leonardo Oliveira Bittencourt<br \/>\n2\u00ba lugar &#8211; Ana Let\u00edcia Martins Biazetto Moreira Diogo<br \/>\n3\u00ba lugar &#8211; Lucas Ferreira<\/p>\n<p>&nbsp;<\/p>\n<p>5\u00ba ano C<br \/>\n1\u00ba lugar &#8211; Marina Nagea da Silva<br \/>\n2\u00ba lugar &#8211; Luiza do Amaral Nogueira de Andrade<br \/>\n3\u00ba lugar &#8211; Gabriela Mezzadri Rankel<\/p>\n","protected":false},"excerpt":{"rendered":"<p>Competi\u00e7\u00e3o amplia o vocabul\u00e1rio e auxilia na escrita Na \u00faltima sexta-feira (09), aconteceu mais uma edi\u00e7\u00e3o do Soletrando, projeto realizado semestralmente com as turmas do 5\u00ba ano do Ensino Fundamental do Col\u00e9gio SEPAM. No formato de jogo, os alunos competem entre si e ao final recebem certificados de acordo com a classifica\u00e7\u00e3o. Idealizado pela professora [&hellip;]<\/p>\n","protected":false},"author":13,"featured_media":0,"comment_status":"open","ping_status":"open","sticky":false,"template":"","format":"standard","meta":{"footnotes":""},"categories":[21],"tags":[],"class_list":["post-7034","post","type-post","status-publish","format-standard","hentry","category-colegio-sepam"],"yoast_head":"<!-- This site is optimized with the Yoast SEO plugin v28.4 - https:\/\/yoast.com\/product\/yoast-seo-wordpress\/ -->\n<title>Alunos do 5\u00ba ano participam do projeto Soletrando - Col\u00e9gio Sepam<\/title>\n<meta name=\"robots\" content=\"index, follow, max-snippet:-1, max-image-preview:large, max-video-preview:-1\" \/>\n<link rel=\"canonical\" href=\"https:\/\/sepam.com.br\/pt\/alunos-do-5o-ano-participam-do-projeto-soletrando\/\" \/>\n<meta property=\"og:locale\" content=\"pt_BR\" \/>\n<meta property=\"og:type\" content=\"article\" \/>\n<meta property=\"og:title\" content=\"Alunos do 5\u00ba ano participam do projeto Soletrando - Col\u00e9gio Sepam\" \/>\n<meta property=\"og:description\" content=\"Competi\u00e7\u00e3o amplia o vocabul\u00e1rio e auxilia na escrita Na \u00faltima sexta-feira (09), aconteceu mais uma edi\u00e7\u00e3o do Soletrando, projeto realizado semestralmente com as turmas do 5\u00ba ano do Ensino Fundamental do Col\u00e9gio SEPAM. No formato de jogo, os alunos competem entre si e ao final recebem certificados de acordo com a classifica\u00e7\u00e3o. Idealizado pela professora [&hellip;]\" \/>\n<meta property=\"og:url\" content=\"https:\/\/sepam.com.br\/pt\/alunos-do-5o-ano-participam-do-projeto-soletrando\/\" \/>\n<meta property=\"og:site_name\" content=\"Col\u00e9gio Sepam\" \/>\n<meta property=\"article:published_time\" content=\"2025-08-28T13:47:28+00:00\" \/>\n<meta property=\"article:modified_time\" content=\"2025-11-24T13:53:36+00:00\" \/>\n<meta name=\"author\" content=\"Sepam\" \/>\n<meta name=\"twitter:card\" content=\"summary_large_image\" \/>\n<meta name=\"twitter:label1\" content=\"Escrito por\" \/>\n\t<meta name=\"twitter:data1\" content=\"Sepam\" \/>\n\t<meta name=\"twitter:label2\" content=\"Est. tempo de leitura\" \/>\n\t<meta name=\"twitter:data2\" content=\"2 minutos\" \/>\n<script type=\"application\/ld+json\" class=\"yoast-schema-graph\">{\"@context\":\"https:\\\/\\\/schema.org\",\"@graph\":[{\"@type\":\"Article\",\"@id\":\"https:\\\/\\\/sepam.com.br\\\/pt\\\/alunos-do-5o-ano-participam-do-projeto-soletrando\\\/#article\",\"isPartOf\":{\"@id\":\"https:\\\/\\\/sepam.com.br\\\/pt\\\/alunos-do-5o-ano-participam-do-projeto-soletrando\\\/\"},\"author\":{\"name\":\"Sepam\",\"@id\":\"https:\\\/\\\/sepam.com.br\\\/#\\\/schema\\\/person\\\/bfa2996c649a5a6d822766f6e64eb7fd\"},\"headline\":\"Alunos do 5\u00ba ano participam do projeto Soletrando\",\"datePublished\":\"2025-08-28T13:47:28+00:00\",\"dateModified\":\"2025-11-24T13:53:36+00:00\",\"mainEntityOfPage\":{\"@id\":\"https:\\\/\\\/sepam.com.br\\\/pt\\\/alunos-do-5o-ano-participam-do-projeto-soletrando\\\/\"},\"wordCount\":384,\"commentCount\":0,\"publisher\":{\"@id\":\"https:\\\/\\\/sepam.com.br\\\/#organization\"},\"articleSection\":[\"Colegio Sepam\"],\"inLanguage\":\"pt-BR\",\"potentialAction\":[{\"@type\":\"CommentAction\",\"name\":\"Comment\",\"target\":[\"https:\\\/\\\/sepam.com.br\\\/pt\\\/alunos-do-5o-ano-participam-do-projeto-soletrando\\\/#respond\"]}]},{\"@type\":\"WebPage\",\"@id\":\"https:\\\/\\\/sepam.com.br\\\/pt\\\/alunos-do-5o-ano-participam-do-projeto-soletrando\\\/\",\"url\":\"https:\\\/\\\/sepam.com.br\\\/pt\\\/alunos-do-5o-ano-participam-do-projeto-soletrando\\\/\",\"name\":\"Alunos do 5\u00ba ano participam do projeto Soletrando - Col\u00e9gio Sepam\",\"isPartOf\":{\"@id\":\"https:\\\/\\\/sepam.com.br\\\/#website\"},\"datePublished\":\"2025-08-28T13:47:28+00:00\",\"dateModified\":\"2025-11-24T13:53:36+00:00\",\"breadcrumb\":{\"@id\":\"https:\\\/\\\/sepam.com.br\\\/pt\\\/alunos-do-5o-ano-participam-do-projeto-soletrando\\\/#breadcrumb\"},\"inLanguage\":\"pt-BR\",\"potentialAction\":[{\"@type\":\"ReadAction\",\"target\":[\"https:\\\/\\\/sepam.com.br\\\/pt\\\/alunos-do-5o-ano-participam-do-projeto-soletrando\\\/\"]}]},{\"@type\":\"BreadcrumbList\",\"@id\":\"https:\\\/\\\/sepam.com.br\\\/pt\\\/alunos-do-5o-ano-participam-do-projeto-soletrando\\\/#breadcrumb\",\"itemListElement\":[{\"@type\":\"ListItem\",\"position\":1,\"name\":\"In\u00edcio\",\"item\":\"https:\\\/\\\/sepam.com.br\\\/\"},{\"@type\":\"ListItem\",\"position\":2,\"name\":\"Alunos do 5\u00ba ano participam do projeto Soletrando\"}]},{\"@type\":\"WebSite\",\"@id\":\"https:\\\/\\\/sepam.com.br\\\/#website\",\"url\":\"https:\\\/\\\/sepam.com.br\\\/\",\"name\":\"Col\u00e9gio Sepam\",\"description\":\"Ensino Incompar\u00e1vel\",\"publisher\":{\"@id\":\"https:\\\/\\\/sepam.com.br\\\/#organization\"},\"potentialAction\":[{\"@type\":\"SearchAction\",\"target\":{\"@type\":\"EntryPoint\",\"urlTemplate\":\"https:\\\/\\\/sepam.com.br\\\/?s={search_term_string}\"},\"query-input\":{\"@type\":\"PropertyValueSpecification\",\"valueRequired\":true,\"valueName\":\"search_term_string\"}}],\"inLanguage\":\"pt-BR\"},{\"@type\":\"Organization\",\"@id\":\"https:\\\/\\\/sepam.com.br\\\/#organization\",\"name\":\"Col\u00e9gio Sepam\",\"url\":\"https:\\\/\\\/sepam.com.br\\\/\",\"logo\":{\"@type\":\"ImageObject\",\"inLanguage\":\"pt-BR\",\"@id\":\"https:\\\/\\\/sepam.com.br\\\/#\\\/schema\\\/logo\\\/image\\\/\",\"url\":\"https:\\\/\\\/sepam.com.br\\\/wp-content\\\/uploads\\\/2025\\\/02\\\/Ativo-2.png\",\"contentUrl\":\"https:\\\/\\\/sepam.com.br\\\/wp-content\\\/uploads\\\/2025\\\/02\\\/Ativo-2.png\",\"width\":595,\"height\":525,\"caption\":\"Col\u00e9gio Sepam\"},\"image\":{\"@id\":\"https:\\\/\\\/sepam.com.br\\\/#\\\/schema\\\/logo\\\/image\\\/\"}},{\"@type\":\"Person\",\"@id\":\"https:\\\/\\\/sepam.com.br\\\/#\\\/schema\\\/person\\\/bfa2996c649a5a6d822766f6e64eb7fd\",\"name\":\"Sepam\",\"image\":{\"@type\":\"ImageObject\",\"inLanguage\":\"pt-BR\",\"@id\":\"https:\\\/\\\/secure.gravatar.com\\\/avatar\\\/0219e64664f5861998ad57a3432eb4bd5fd99a34c7cc9bc44b3c59dfb830db85?s=96&d=mm&r=g\",\"url\":\"https:\\\/\\\/secure.gravatar.com\\\/avatar\\\/0219e64664f5861998ad57a3432eb4bd5fd99a34c7cc9bc44b3c59dfb830db85?s=96&d=mm&r=g\",\"contentUrl\":\"https:\\\/\\\/secure.gravatar.com\\\/avatar\\\/0219e64664f5861998ad57a3432eb4bd5fd99a34c7cc9bc44b3c59dfb830db85?s=96&d=mm&r=g\",\"caption\":\"Sepam\"},\"url\":\"https:\\\/\\\/sepam.com.br\\\/pt\\\/author\\\/sepam\\\/\"}]}<\/script>\n<!-- \/ Yoast SEO plugin. -->","yoast_head_json":{"title":"Alunos do 5\u00ba ano participam do projeto Soletrando - Col\u00e9gio Sepam","robots":{"index":"index","follow":"follow","max-snippet":"max-snippet:-1","max-image-preview":"max-image-preview:large","max-video-preview":"max-video-preview:-1"},"canonical":"https:\/\/sepam.com.br\/pt\/alunos-do-5o-ano-participam-do-projeto-soletrando\/","og_locale":"pt_BR","og_type":"article","og_title":"Alunos do 5\u00ba ano participam do projeto Soletrando - Col\u00e9gio Sepam","og_description":"Competi\u00e7\u00e3o amplia o vocabul\u00e1rio e auxilia na escrita Na \u00faltima sexta-feira (09), aconteceu mais uma edi\u00e7\u00e3o do Soletrando, projeto realizado semestralmente com as turmas do 5\u00ba ano do Ensino Fundamental do Col\u00e9gio SEPAM. No formato de jogo, os alunos competem entre si e ao final recebem certificados de acordo com a classifica\u00e7\u00e3o. Idealizado pela professora [&hellip;]","og_url":"https:\/\/sepam.com.br\/pt\/alunos-do-5o-ano-participam-do-projeto-soletrando\/","og_site_name":"Col\u00e9gio Sepam","article_published_time":"2025-08-28T13:47:28+00:00","article_modified_time":"2025-11-24T13:53:36+00:00","author":"Sepam","twitter_card":"summary_large_image","twitter_misc":{"Escrito por":"Sepam","Est. tempo de leitura":"2 minutos"},"schema":{"@context":"https:\/\/schema.org","@graph":[{"@type":"Article","@id":"https:\/\/sepam.com.br\/pt\/alunos-do-5o-ano-participam-do-projeto-soletrando\/#article","isPartOf":{"@id":"https:\/\/sepam.com.br\/pt\/alunos-do-5o-ano-participam-do-projeto-soletrando\/"},"author":{"name":"Sepam","@id":"https:\/\/sepam.com.br\/#\/schema\/person\/bfa2996c649a5a6d822766f6e64eb7fd"},"headline":"Alunos do 5\u00ba ano participam do projeto Soletrando","datePublished":"2025-08-28T13:47:28+00:00","dateModified":"2025-11-24T13:53:36+00:00","mainEntityOfPage":{"@id":"https:\/\/sepam.com.br\/pt\/alunos-do-5o-ano-participam-do-projeto-soletrando\/"},"wordCount":384,"commentCount":0,"publisher":{"@id":"https:\/\/sepam.com.br\/#organization"},"articleSection":["Colegio Sepam"],"inLanguage":"pt-BR","potentialAction":[{"@type":"CommentAction","name":"Comment","target":["https:\/\/sepam.com.br\/pt\/alunos-do-5o-ano-participam-do-projeto-soletrando\/#respond"]}]},{"@type":"WebPage","@id":"https:\/\/sepam.com.br\/pt\/alunos-do-5o-ano-participam-do-projeto-soletrando\/","url":"https:\/\/sepam.com.br\/pt\/alunos-do-5o-ano-participam-do-projeto-soletrando\/","name":"Alunos do 5\u00ba ano participam do projeto Soletrando - Col\u00e9gio Sepam","isPartOf":{"@id":"https:\/\/sepam.com.br\/#website"},"datePublished":"2025-08-28T13:47:28+00:00","dateModified":"2025-11-24T13:53:36+00:00","breadcrumb":{"@id":"https:\/\/sepam.com.br\/pt\/alunos-do-5o-ano-participam-do-projeto-soletrando\/#breadcrumb"},"inLanguage":"pt-BR","potentialAction":[{"@type":"ReadAction","target":["https:\/\/sepam.com.br\/pt\/alunos-do-5o-ano-participam-do-projeto-soletrando\/"]}]},{"@type":"BreadcrumbList","@id":"https:\/\/sepam.com.br\/pt\/alunos-do-5o-ano-participam-do-projeto-soletrando\/#breadcrumb","itemListElement":[{"@type":"ListItem","position":1,"name":"In\u00edcio","item":"https:\/\/sepam.com.br\/"},{"@type":"ListItem","position":2,"name":"Alunos do 5\u00ba ano participam do projeto Soletrando"}]},{"@type":"WebSite","@id":"https:\/\/sepam.com.br\/#website","url":"https:\/\/sepam.com.br\/","name":"Col\u00e9gio Sepam","description":"Ensino Incompar\u00e1vel","publisher":{"@id":"https:\/\/sepam.com.br\/#organization"},"potentialAction":[{"@type":"SearchAction","target":{"@type":"EntryPoint","urlTemplate":"https:\/\/sepam.com.br\/?s={search_term_string}"},"query-input":{"@type":"PropertyValueSpecification","valueRequired":true,"valueName":"search_term_string"}}],"inLanguage":"pt-BR"},{"@type":"Organization","@id":"https:\/\/sepam.com.br\/#organization","name":"Col\u00e9gio Sepam","url":"https:\/\/sepam.com.br\/","logo":{"@type":"ImageObject","inLanguage":"pt-BR","@id":"https:\/\/sepam.com.br\/#\/schema\/logo\/image\/","url":"https:\/\/sepam.com.br\/wp-content\/uploads\/2025\/02\/Ativo-2.png","contentUrl":"https:\/\/sepam.com.br\/wp-content\/uploads\/2025\/02\/Ativo-2.png","width":595,"height":525,"caption":"Col\u00e9gio Sepam"},"image":{"@id":"https:\/\/sepam.com.br\/#\/schema\/logo\/image\/"}},{"@type":"Person","@id":"https:\/\/sepam.com.br\/#\/schema\/person\/bfa2996c649a5a6d822766f6e64eb7fd","name":"Sepam","image":{"@type":"ImageObject","inLanguage":"pt-BR","@id":"https:\/\/secure.gravatar.com\/avatar\/0219e64664f5861998ad57a3432eb4bd5fd99a34c7cc9bc44b3c59dfb830db85?s=96&d=mm&r=g","url":"https:\/\/secure.gravatar.com\/avatar\/0219e64664f5861998ad57a3432eb4bd5fd99a34c7cc9bc44b3c59dfb830db85?s=96&d=mm&r=g","contentUrl":"https:\/\/secure.gravatar.com\/avatar\/0219e64664f5861998ad57a3432eb4bd5fd99a34c7cc9bc44b3c59dfb830db85?s=96&d=mm&r=g","caption":"Sepam"},"url":"https:\/\/sepam.com.br\/pt\/author\/sepam\/"}]}},"_links":{"self":[{"href":"https:\/\/sepam.com.br\/pt\/wp-json\/wp\/v2\/posts\/7034","targetHints":{"allow":["GET"]}}],"collection":[{"href":"https:\/\/sepam.com.br\/pt\/wp-json\/wp\/v2\/posts"}],"about":[{"href":"https:\/\/sepam.com.br\/pt\/wp-json\/wp\/v2\/types\/post"}],"author":[{"embeddable":true,"href":"https:\/\/sepam.com.br\/pt\/wp-json\/wp\/v2\/users\/13"}],"replies":[{"embeddable":true,"href":"https:\/\/sepam.com.br\/pt\/wp-json\/wp\/v2\/comments?post=7034"}],"version-history":[{"count":1,"href":"https:\/\/sepam.com.br\/pt\/wp-json\/wp\/v2\/posts\/7034\/revisions"}],"predecessor-version":[{"id":7338,"href":"https:\/\/sepam.com.br\/pt\/wp-json\/wp\/v2\/posts\/7034\/revisions\/7338"}],"wp:attachment":[{"href":"https:\/\/sepam.com.br\/pt\/wp-json\/wp\/v2\/media?parent=7034"}],"wp:term":[{"taxonomy":"category","embeddable":true,"href":"https:\/\/sepam.com.br\/pt\/wp-json\/wp\/v2\/categories?post=7034"},{"taxonomy":"post_tag","embeddable":true,"href":"https:\/\/sepam.com.br\/pt\/wp-json\/wp\/v2\/tags?post=7034"}],"curies":[{"name":"wp","href":"https:\/\/api.w.org\/{rel}","templated":true}]}}