{"id":7025,"date":"2025-08-28T10:47:28","date_gmt":"2025-08-28T13:47:28","guid":{"rendered":"https:\/\/dev.alisonandrei.com.br\/noticia\/educacao-infantil-criancas-participam-de-projeto-sobre-a-agua\/"},"modified":"2025-11-24T10:53:36","modified_gmt":"2025-11-24T13:53:36","slug":"educacao-infantil-criancas-participam-de-projeto-sobre-a-agua","status":"publish","type":"post","link":"https:\/\/sepam.com.br\/pt\/educacao-infantil-criancas-participam-de-projeto-sobre-a-agua\/","title":{"rendered":"Educa\u00e7\u00e3o Infantil: Crian\u00e7as participam de projeto sobre a \u00e1gua"},"content":{"rendered":"<p>Durante o m\u00eas de junho, as turmas de Educa\u00e7\u00e3o Infantil do per\u00edodo estendido do Col\u00e9gio SEPAM participaram de atividades relacionadas com a \u00e1gua. Dentre elas, brincadeiras com bolhas de sab\u00e3o, dissolver gelatina, cozinhar macarr\u00e3o e fazer suco de fruta. O objetivo, al\u00e9m de abordar a import\u00e2ncia da preserva\u00e7\u00e3o desse bem precioso, foi mostrar \u00e0s crian\u00e7as situa\u00e7\u00f5es rotineiras, de casa e na escola, onde o uso da \u00e1gua \u00e9 essencial.<\/p>\n<h3><a href=\"http:\/\/bit.ly\/2YNDWvR)\" target=\"_blank\" rel=\"noopener\">Confira registros das atividades.<\/a><\/h3>\n<p>Desenvolvido pelas professoras Bruna da Torre Rodrigues, Carine Franca Pukasiewicz, Ingrid Dutra e Silmara de F\u00e1tima Soares o projeto contemplou os t\u00f3picos: a \u00e1gua para nossa higiene, economia de \u00e1gua, experi\u00eancias com \u00e1gua e a \u00e1gua na culin\u00e1ria. \u201cCom esse trabalho conseguimos mostrar \u00e0s crian\u00e7as a import\u00e2ncia da \u00e1gua para o meio ambiente, para os animais e para n\u00f3s, afinal, precisamos dela para os cuidados com nosso corpo e para nossa alimenta\u00e7\u00e3o tamb\u00e9m\u201d, explica Carine.<\/p>\n<p>O trabalho finalizou com a produ\u00e7\u00e3o de um livreto pelas crian\u00e7as mostrando o ciclo da \u00e1gua. \u201cOs alunos envolveram-se muito com a tem\u00e1tica, mostrando um melhor entendimento em determinadas situa\u00e7\u00f5es. Agora, quando vamos ao parque externo e h\u00e1 alguma po\u00e7a d\u2019\u00e1gua eles logo comentam que ela vai evaporar quando o sol aparecer\u201d, conta Bruna.<\/p>\n","protected":false},"excerpt":{"rendered":"<p>Durante o m\u00eas de junho, as turmas de Educa\u00e7\u00e3o Infantil do per\u00edodo estendido do Col\u00e9gio SEPAM participaram de atividades relacionadas com a \u00e1gua. Dentre elas, brincadeiras com bolhas de sab\u00e3o, dissolver gelatina, cozinhar macarr\u00e3o e fazer suco de fruta. O objetivo, al\u00e9m de abordar a import\u00e2ncia da preserva\u00e7\u00e3o desse bem precioso, foi mostrar \u00e0s crian\u00e7as [&hellip;]<\/p>\n","protected":false},"author":13,"featured_media":0,"comment_status":"open","ping_status":"open","sticky":false,"template":"","format":"standard","meta":{"footnotes":""},"categories":[21],"tags":[],"class_list":["post-7025","post","type-post","status-publish","format-standard","hentry","category-colegio-sepam"],"yoast_head":"<!-- This site is optimized with the Yoast SEO plugin v28.4 - https:\/\/yoast.com\/product\/yoast-seo-wordpress\/ -->\n<title>Educa\u00e7\u00e3o Infantil: Crian\u00e7as participam de projeto sobre a \u00e1gua - Col\u00e9gio Sepam<\/title>\n<meta name=\"robots\" content=\"index, follow, max-snippet:-1, max-image-preview:large, max-video-preview:-1\" \/>\n<link rel=\"canonical\" href=\"https:\/\/sepam.com.br\/pt\/educacao-infantil-criancas-participam-de-projeto-sobre-a-agua\/\" \/>\n<meta property=\"og:locale\" content=\"pt_BR\" \/>\n<meta property=\"og:type\" content=\"article\" \/>\n<meta property=\"og:title\" content=\"Educa\u00e7\u00e3o Infantil: Crian\u00e7as participam de projeto sobre a \u00e1gua - Col\u00e9gio Sepam\" \/>\n<meta property=\"og:description\" content=\"Durante o m\u00eas de junho, as turmas de Educa\u00e7\u00e3o Infantil do per\u00edodo estendido do Col\u00e9gio SEPAM participaram de atividades relacionadas com a \u00e1gua. Dentre elas, brincadeiras com bolhas de sab\u00e3o, dissolver gelatina, cozinhar macarr\u00e3o e fazer suco de fruta. O objetivo, al\u00e9m de abordar a import\u00e2ncia da preserva\u00e7\u00e3o desse bem precioso, foi mostrar \u00e0s crian\u00e7as [&hellip;]\" \/>\n<meta property=\"og:url\" content=\"https:\/\/sepam.com.br\/pt\/educacao-infantil-criancas-participam-de-projeto-sobre-a-agua\/\" \/>\n<meta property=\"og:site_name\" content=\"Col\u00e9gio Sepam\" \/>\n<meta property=\"article:published_time\" content=\"2025-08-28T13:47:28+00:00\" \/>\n<meta property=\"article:modified_time\" content=\"2025-11-24T13:53:36+00:00\" \/>\n<meta name=\"author\" content=\"Sepam\" \/>\n<meta name=\"twitter:card\" content=\"summary_large_image\" \/>\n<meta name=\"twitter:label1\" content=\"Escrito por\" \/>\n\t<meta name=\"twitter:data1\" content=\"Sepam\" \/>\n\t<meta name=\"twitter:label2\" content=\"Est. tempo de leitura\" \/>\n\t<meta name=\"twitter:data2\" content=\"1 minuto\" \/>\n<script type=\"application\/ld+json\" class=\"yoast-schema-graph\">{\"@context\":\"https:\\\/\\\/schema.org\",\"@graph\":[{\"@type\":\"Article\",\"@id\":\"https:\\\/\\\/sepam.com.br\\\/pt\\\/educacao-infantil-criancas-participam-de-projeto-sobre-a-agua\\\/#article\",\"isPartOf\":{\"@id\":\"https:\\\/\\\/sepam.com.br\\\/pt\\\/educacao-infantil-criancas-participam-de-projeto-sobre-a-agua\\\/\"},\"author\":{\"name\":\"Sepam\",\"@id\":\"https:\\\/\\\/sepam.com.br\\\/#\\\/schema\\\/person\\\/bfa2996c649a5a6d822766f6e64eb7fd\"},\"headline\":\"Educa\u00e7\u00e3o Infantil: Crian\u00e7as participam de projeto sobre a \u00e1gua\",\"datePublished\":\"2025-08-28T13:47:28+00:00\",\"dateModified\":\"2025-11-24T13:53:36+00:00\",\"mainEntityOfPage\":{\"@id\":\"https:\\\/\\\/sepam.com.br\\\/pt\\\/educacao-infantil-criancas-participam-de-projeto-sobre-a-agua\\\/\"},\"wordCount\":238,\"commentCount\":0,\"publisher\":{\"@id\":\"https:\\\/\\\/sepam.com.br\\\/#organization\"},\"articleSection\":[\"Colegio Sepam\"],\"inLanguage\":\"pt-BR\",\"potentialAction\":[{\"@type\":\"CommentAction\",\"name\":\"Comment\",\"target\":[\"https:\\\/\\\/sepam.com.br\\\/pt\\\/educacao-infantil-criancas-participam-de-projeto-sobre-a-agua\\\/#respond\"]}]},{\"@type\":\"WebPage\",\"@id\":\"https:\\\/\\\/sepam.com.br\\\/pt\\\/educacao-infantil-criancas-participam-de-projeto-sobre-a-agua\\\/\",\"url\":\"https:\\\/\\\/sepam.com.br\\\/pt\\\/educacao-infantil-criancas-participam-de-projeto-sobre-a-agua\\\/\",\"name\":\"Educa\u00e7\u00e3o Infantil: Crian\u00e7as participam de projeto sobre a \u00e1gua - Col\u00e9gio Sepam\",\"isPartOf\":{\"@id\":\"https:\\\/\\\/sepam.com.br\\\/#website\"},\"datePublished\":\"2025-08-28T13:47:28+00:00\",\"dateModified\":\"2025-11-24T13:53:36+00:00\",\"breadcrumb\":{\"@id\":\"https:\\\/\\\/sepam.com.br\\\/pt\\\/educacao-infantil-criancas-participam-de-projeto-sobre-a-agua\\\/#breadcrumb\"},\"inLanguage\":\"pt-BR\",\"potentialAction\":[{\"@type\":\"ReadAction\",\"target\":[\"https:\\\/\\\/sepam.com.br\\\/pt\\\/educacao-infantil-criancas-participam-de-projeto-sobre-a-agua\\\/\"]}]},{\"@type\":\"BreadcrumbList\",\"@id\":\"https:\\\/\\\/sepam.com.br\\\/pt\\\/educacao-infantil-criancas-participam-de-projeto-sobre-a-agua\\\/#breadcrumb\",\"itemListElement\":[{\"@type\":\"ListItem\",\"position\":1,\"name\":\"In\u00edcio\",\"item\":\"https:\\\/\\\/sepam.com.br\\\/\"},{\"@type\":\"ListItem\",\"position\":2,\"name\":\"Educa\u00e7\u00e3o Infantil: Crian\u00e7as participam de projeto sobre a \u00e1gua\"}]},{\"@type\":\"WebSite\",\"@id\":\"https:\\\/\\\/sepam.com.br\\\/#website\",\"url\":\"https:\\\/\\\/sepam.com.br\\\/\",\"name\":\"Col\u00e9gio Sepam\",\"description\":\"Ensino Incompar\u00e1vel\",\"publisher\":{\"@id\":\"https:\\\/\\\/sepam.com.br\\\/#organization\"},\"potentialAction\":[{\"@type\":\"SearchAction\",\"target\":{\"@type\":\"EntryPoint\",\"urlTemplate\":\"https:\\\/\\\/sepam.com.br\\\/?s={search_term_string}\"},\"query-input\":{\"@type\":\"PropertyValueSpecification\",\"valueRequired\":true,\"valueName\":\"search_term_string\"}}],\"inLanguage\":\"pt-BR\"},{\"@type\":\"Organization\",\"@id\":\"https:\\\/\\\/sepam.com.br\\\/#organization\",\"name\":\"Col\u00e9gio Sepam\",\"url\":\"https:\\\/\\\/sepam.com.br\\\/\",\"logo\":{\"@type\":\"ImageObject\",\"inLanguage\":\"pt-BR\",\"@id\":\"https:\\\/\\\/sepam.com.br\\\/#\\\/schema\\\/logo\\\/image\\\/\",\"url\":\"https:\\\/\\\/sepam.com.br\\\/wp-content\\\/uploads\\\/2025\\\/02\\\/Ativo-2.png\",\"contentUrl\":\"https:\\\/\\\/sepam.com.br\\\/wp-content\\\/uploads\\\/2025\\\/02\\\/Ativo-2.png\",\"width\":595,\"height\":525,\"caption\":\"Col\u00e9gio Sepam\"},\"image\":{\"@id\":\"https:\\\/\\\/sepam.com.br\\\/#\\\/schema\\\/logo\\\/image\\\/\"}},{\"@type\":\"Person\",\"@id\":\"https:\\\/\\\/sepam.com.br\\\/#\\\/schema\\\/person\\\/bfa2996c649a5a6d822766f6e64eb7fd\",\"name\":\"Sepam\",\"image\":{\"@type\":\"ImageObject\",\"inLanguage\":\"pt-BR\",\"@id\":\"https:\\\/\\\/secure.gravatar.com\\\/avatar\\\/0219e64664f5861998ad57a3432eb4bd5fd99a34c7cc9bc44b3c59dfb830db85?s=96&d=mm&r=g\",\"url\":\"https:\\\/\\\/secure.gravatar.com\\\/avatar\\\/0219e64664f5861998ad57a3432eb4bd5fd99a34c7cc9bc44b3c59dfb830db85?s=96&d=mm&r=g\",\"contentUrl\":\"https:\\\/\\\/secure.gravatar.com\\\/avatar\\\/0219e64664f5861998ad57a3432eb4bd5fd99a34c7cc9bc44b3c59dfb830db85?s=96&d=mm&r=g\",\"caption\":\"Sepam\"},\"url\":\"https:\\\/\\\/sepam.com.br\\\/pt\\\/author\\\/sepam\\\/\"}]}<\/script>\n<!-- \/ Yoast SEO plugin. -->","yoast_head_json":{"title":"Educa\u00e7\u00e3o Infantil: Crian\u00e7as participam de projeto sobre a \u00e1gua - Col\u00e9gio Sepam","robots":{"index":"index","follow":"follow","max-snippet":"max-snippet:-1","max-image-preview":"max-image-preview:large","max-video-preview":"max-video-preview:-1"},"canonical":"https:\/\/sepam.com.br\/pt\/educacao-infantil-criancas-participam-de-projeto-sobre-a-agua\/","og_locale":"pt_BR","og_type":"article","og_title":"Educa\u00e7\u00e3o Infantil: Crian\u00e7as participam de projeto sobre a \u00e1gua - Col\u00e9gio Sepam","og_description":"Durante o m\u00eas de junho, as turmas de Educa\u00e7\u00e3o Infantil do per\u00edodo estendido do Col\u00e9gio SEPAM participaram de atividades relacionadas com a \u00e1gua. Dentre elas, brincadeiras com bolhas de sab\u00e3o, dissolver gelatina, cozinhar macarr\u00e3o e fazer suco de fruta. O objetivo, al\u00e9m de abordar a import\u00e2ncia da preserva\u00e7\u00e3o desse bem precioso, foi mostrar \u00e0s crian\u00e7as [&hellip;]","og_url":"https:\/\/sepam.com.br\/pt\/educacao-infantil-criancas-participam-de-projeto-sobre-a-agua\/","og_site_name":"Col\u00e9gio Sepam","article_published_time":"2025-08-28T13:47:28+00:00","article_modified_time":"2025-11-24T13:53:36+00:00","author":"Sepam","twitter_card":"summary_large_image","twitter_misc":{"Escrito por":"Sepam","Est. tempo de leitura":"1 minuto"},"schema":{"@context":"https:\/\/schema.org","@graph":[{"@type":"Article","@id":"https:\/\/sepam.com.br\/pt\/educacao-infantil-criancas-participam-de-projeto-sobre-a-agua\/#article","isPartOf":{"@id":"https:\/\/sepam.com.br\/pt\/educacao-infantil-criancas-participam-de-projeto-sobre-a-agua\/"},"author":{"name":"Sepam","@id":"https:\/\/sepam.com.br\/#\/schema\/person\/bfa2996c649a5a6d822766f6e64eb7fd"},"headline":"Educa\u00e7\u00e3o Infantil: Crian\u00e7as participam de projeto sobre a \u00e1gua","datePublished":"2025-08-28T13:47:28+00:00","dateModified":"2025-11-24T13:53:36+00:00","mainEntityOfPage":{"@id":"https:\/\/sepam.com.br\/pt\/educacao-infantil-criancas-participam-de-projeto-sobre-a-agua\/"},"wordCount":238,"commentCount":0,"publisher":{"@id":"https:\/\/sepam.com.br\/#organization"},"articleSection":["Colegio Sepam"],"inLanguage":"pt-BR","potentialAction":[{"@type":"CommentAction","name":"Comment","target":["https:\/\/sepam.com.br\/pt\/educacao-infantil-criancas-participam-de-projeto-sobre-a-agua\/#respond"]}]},{"@type":"WebPage","@id":"https:\/\/sepam.com.br\/pt\/educacao-infantil-criancas-participam-de-projeto-sobre-a-agua\/","url":"https:\/\/sepam.com.br\/pt\/educacao-infantil-criancas-participam-de-projeto-sobre-a-agua\/","name":"Educa\u00e7\u00e3o Infantil: Crian\u00e7as participam de projeto sobre a \u00e1gua - Col\u00e9gio Sepam","isPartOf":{"@id":"https:\/\/sepam.com.br\/#website"},"datePublished":"2025-08-28T13:47:28+00:00","dateModified":"2025-11-24T13:53:36+00:00","breadcrumb":{"@id":"https:\/\/sepam.com.br\/pt\/educacao-infantil-criancas-participam-de-projeto-sobre-a-agua\/#breadcrumb"},"inLanguage":"pt-BR","potentialAction":[{"@type":"ReadAction","target":["https:\/\/sepam.com.br\/pt\/educacao-infantil-criancas-participam-de-projeto-sobre-a-agua\/"]}]},{"@type":"BreadcrumbList","@id":"https:\/\/sepam.com.br\/pt\/educacao-infantil-criancas-participam-de-projeto-sobre-a-agua\/#breadcrumb","itemListElement":[{"@type":"ListItem","position":1,"name":"In\u00edcio","item":"https:\/\/sepam.com.br\/"},{"@type":"ListItem","position":2,"name":"Educa\u00e7\u00e3o Infantil: Crian\u00e7as participam de projeto sobre a \u00e1gua"}]},{"@type":"WebSite","@id":"https:\/\/sepam.com.br\/#website","url":"https:\/\/sepam.com.br\/","name":"Col\u00e9gio Sepam","description":"Ensino Incompar\u00e1vel","publisher":{"@id":"https:\/\/sepam.com.br\/#organization"},"potentialAction":[{"@type":"SearchAction","target":{"@type":"EntryPoint","urlTemplate":"https:\/\/sepam.com.br\/?s={search_term_string}"},"query-input":{"@type":"PropertyValueSpecification","valueRequired":true,"valueName":"search_term_string"}}],"inLanguage":"pt-BR"},{"@type":"Organization","@id":"https:\/\/sepam.com.br\/#organization","name":"Col\u00e9gio Sepam","url":"https:\/\/sepam.com.br\/","logo":{"@type":"ImageObject","inLanguage":"pt-BR","@id":"https:\/\/sepam.com.br\/#\/schema\/logo\/image\/","url":"https:\/\/sepam.com.br\/wp-content\/uploads\/2025\/02\/Ativo-2.png","contentUrl":"https:\/\/sepam.com.br\/wp-content\/uploads\/2025\/02\/Ativo-2.png","width":595,"height":525,"caption":"Col\u00e9gio Sepam"},"image":{"@id":"https:\/\/sepam.com.br\/#\/schema\/logo\/image\/"}},{"@type":"Person","@id":"https:\/\/sepam.com.br\/#\/schema\/person\/bfa2996c649a5a6d822766f6e64eb7fd","name":"Sepam","image":{"@type":"ImageObject","inLanguage":"pt-BR","@id":"https:\/\/secure.gravatar.com\/avatar\/0219e64664f5861998ad57a3432eb4bd5fd99a34c7cc9bc44b3c59dfb830db85?s=96&d=mm&r=g","url":"https:\/\/secure.gravatar.com\/avatar\/0219e64664f5861998ad57a3432eb4bd5fd99a34c7cc9bc44b3c59dfb830db85?s=96&d=mm&r=g","contentUrl":"https:\/\/secure.gravatar.com\/avatar\/0219e64664f5861998ad57a3432eb4bd5fd99a34c7cc9bc44b3c59dfb830db85?s=96&d=mm&r=g","caption":"Sepam"},"url":"https:\/\/sepam.com.br\/pt\/author\/sepam\/"}]}},"_links":{"self":[{"href":"https:\/\/sepam.com.br\/pt\/wp-json\/wp\/v2\/posts\/7025","targetHints":{"allow":["GET"]}}],"collection":[{"href":"https:\/\/sepam.com.br\/pt\/wp-json\/wp\/v2\/posts"}],"about":[{"href":"https:\/\/sepam.com.br\/pt\/wp-json\/wp\/v2\/types\/post"}],"author":[{"embeddable":true,"href":"https:\/\/sepam.com.br\/pt\/wp-json\/wp\/v2\/users\/13"}],"replies":[{"embeddable":true,"href":"https:\/\/sepam.com.br\/pt\/wp-json\/wp\/v2\/comments?post=7025"}],"version-history":[{"count":1,"href":"https:\/\/sepam.com.br\/pt\/wp-json\/wp\/v2\/posts\/7025\/revisions"}],"predecessor-version":[{"id":7329,"href":"https:\/\/sepam.com.br\/pt\/wp-json\/wp\/v2\/posts\/7025\/revisions\/7329"}],"wp:attachment":[{"href":"https:\/\/sepam.com.br\/pt\/wp-json\/wp\/v2\/media?parent=7025"}],"wp:term":[{"taxonomy":"category","embeddable":true,"href":"https:\/\/sepam.com.br\/pt\/wp-json\/wp\/v2\/categories?post=7025"},{"taxonomy":"post_tag","embeddable":true,"href":"https:\/\/sepam.com.br\/pt\/wp-json\/wp\/v2\/tags?post=7025"}],"curies":[{"name":"wp","href":"https:\/\/api.w.org\/{rel}","templated":true}]}}