{"id":7013,"date":"2025-08-28T10:47:25","date_gmt":"2025-08-28T13:47:25","guid":{"rendered":"https:\/\/dev.alisonandrei.com.br\/noticia\/atleta-do-sepam-entra-para-a-historia-do-xadrez-de-ponta-grossa\/"},"modified":"2025-11-24T10:53:36","modified_gmt":"2025-11-24T13:53:36","slug":"atleta-do-sepam-entra-para-a-historia-do-xadrez-de-ponta-grossa","status":"publish","type":"post","link":"https:\/\/sepam.com.br\/pt\/atleta-do-sepam-entra-para-a-historia-do-xadrez-de-ponta-grossa\/","title":{"rendered":"Atleta do Sepam entra para a hist\u00f3ria do xadrez de Ponta Grossa"},"content":{"rendered":"<p><em>Pontua\u00e7\u00e3o obtida no Campeonato Brasileiro d\u00e1 o t\u00edtulo de Mestre Nacional para Isis Carvalho<\/em><\/p>\n<p>O final de semana foi marcado por mais uma conquista hist\u00f3rica para o xadrez do Col\u00e9gio Sepam. A partir de agora Ponta Grossa possui tr\u00eas atletas com titula\u00e7\u00f5es das mais importantes da modalidade. Em meio aos nomes de Vit\u00f3rio Chemin \u2013 Mestre Fide e Everaldo Matsura (ex-aluno Sepam) \u2013 Grande Mestre, ambos enxadristas renomados no pa\u00eds, a cidade conta agora, com a jovem Isis Carvalho, atleta do Sepam, que na categoria 1.600 pontos do Campeonato Brasileiro, conquistou o terceiro lugar da competi\u00e7\u00e3o. A atleta, de apenas 12 anos de idade, campe\u00e3 brasileira em 2018 e campe\u00e3 paranaense nesta temporada, obteve em S\u00e3o Paulo, no torneio realizado entre os dias 20 e 23, algo que muitos jogadores demoram uma carreira inteira para conseguir \u2013 a titula\u00e7\u00e3o de Mestre Nacional.<\/p>\n<p>O terceiro lugar conquistado na capital paulista foi muito comemorado pelo t\u00e9cnico do xadrez do Sepam, Lucas Borges. \u201cFoi a segunda vez que participamos deste evento. Em 2018 tivemos dois quartos lugares, e nesta competi\u00e7\u00e3o chegamos com um n\u00edvel de conhecimento maior para obter \u00f3timos resultados\u201d, afirmou o t\u00e9cnico. O Sepam ainda teve resultados expressivos com Leonardo Borges, que ficou na 11\u00aa colocado, R\u00f4mulo Cardoso na 20\u00aa posi\u00e7\u00e3o e Gustavo Abilhoa na 21\u00aa, todos na categoria 1.800 pontos. Apenas um aluno do Sepam disputou na modalidade 2.000 pontos, Anderson Silva, que ficou na 33\u00aa categoria.<\/p>\n<p>O pr\u00f3ximo foco dos enxadristas do Col\u00e9gio Sepam ser\u00e1 a fase macrorregional dos Jogos Escolares do Paran\u00e1, que acontecer\u00e1 na cidade de S\u00e3o Matheus do Sul, no pr\u00f3ximo fim de semana. \u201cVamos trabalhar para eles se classificarem a fase final da competi\u00e7\u00e3o, tanto na classe B (alunos com 12 a 14 anos de idade), como na classe A (alunos com 15 a 17 anos), onde o Sepam tem reconhecimento como uma das grandes for\u00e7as do estado\u201d, completou Lucas Borges.<\/p>\n","protected":false},"excerpt":{"rendered":"<p>Pontua\u00e7\u00e3o obtida no Campeonato Brasileiro d\u00e1 o t\u00edtulo de Mestre Nacional para Isis Carvalho O final de semana foi marcado por mais uma conquista hist\u00f3rica para o xadrez do Col\u00e9gio Sepam. A partir de agora Ponta Grossa possui tr\u00eas atletas com titula\u00e7\u00f5es das mais importantes da modalidade. Em meio aos nomes de Vit\u00f3rio Chemin \u2013 [&hellip;]<\/p>\n","protected":false},"author":13,"featured_media":0,"comment_status":"open","ping_status":"open","sticky":false,"template":"","format":"standard","meta":{"footnotes":""},"categories":[21],"tags":[],"class_list":["post-7013","post","type-post","status-publish","format-standard","hentry","category-colegio-sepam"],"yoast_head":"<!-- This site is optimized with the Yoast SEO plugin v28.4 - https:\/\/yoast.com\/product\/yoast-seo-wordpress\/ -->\n<title>Atleta do Sepam entra para a hist\u00f3ria do xadrez de Ponta Grossa - Col\u00e9gio Sepam<\/title>\n<meta name=\"robots\" content=\"index, follow, max-snippet:-1, max-image-preview:large, max-video-preview:-1\" \/>\n<link rel=\"canonical\" href=\"https:\/\/sepam.com.br\/pt\/atleta-do-sepam-entra-para-a-historia-do-xadrez-de-ponta-grossa\/\" \/>\n<meta property=\"og:locale\" content=\"pt_BR\" \/>\n<meta property=\"og:type\" content=\"article\" \/>\n<meta property=\"og:title\" content=\"Atleta do Sepam entra para a hist\u00f3ria do xadrez de Ponta Grossa - Col\u00e9gio Sepam\" \/>\n<meta property=\"og:description\" content=\"Pontua\u00e7\u00e3o obtida no Campeonato Brasileiro d\u00e1 o t\u00edtulo de Mestre Nacional para Isis Carvalho O final de semana foi marcado por mais uma conquista hist\u00f3rica para o xadrez do Col\u00e9gio Sepam. A partir de agora Ponta Grossa possui tr\u00eas atletas com titula\u00e7\u00f5es das mais importantes da modalidade. Em meio aos nomes de Vit\u00f3rio Chemin \u2013 [&hellip;]\" \/>\n<meta property=\"og:url\" content=\"https:\/\/sepam.com.br\/pt\/atleta-do-sepam-entra-para-a-historia-do-xadrez-de-ponta-grossa\/\" \/>\n<meta property=\"og:site_name\" content=\"Col\u00e9gio Sepam\" \/>\n<meta property=\"article:published_time\" content=\"2025-08-28T13:47:25+00:00\" \/>\n<meta property=\"article:modified_time\" content=\"2025-11-24T13:53:36+00:00\" \/>\n<meta name=\"author\" content=\"Sepam\" \/>\n<meta name=\"twitter:card\" content=\"summary_large_image\" \/>\n<meta name=\"twitter:label1\" content=\"Escrito por\" \/>\n\t<meta name=\"twitter:data1\" content=\"Sepam\" \/>\n\t<meta name=\"twitter:label2\" content=\"Est. tempo de leitura\" \/>\n\t<meta name=\"twitter:data2\" content=\"2 minutos\" \/>\n<script type=\"application\/ld+json\" class=\"yoast-schema-graph\">{\"@context\":\"https:\\\/\\\/schema.org\",\"@graph\":[{\"@type\":\"Article\",\"@id\":\"https:\\\/\\\/sepam.com.br\\\/pt\\\/atleta-do-sepam-entra-para-a-historia-do-xadrez-de-ponta-grossa\\\/#article\",\"isPartOf\":{\"@id\":\"https:\\\/\\\/sepam.com.br\\\/pt\\\/atleta-do-sepam-entra-para-a-historia-do-xadrez-de-ponta-grossa\\\/\"},\"author\":{\"name\":\"Sepam\",\"@id\":\"https:\\\/\\\/sepam.com.br\\\/#\\\/schema\\\/person\\\/bfa2996c649a5a6d822766f6e64eb7fd\"},\"headline\":\"Atleta do Sepam entra para a hist\u00f3ria do xadrez de Ponta Grossa\",\"datePublished\":\"2025-08-28T13:47:25+00:00\",\"dateModified\":\"2025-11-24T13:53:36+00:00\",\"mainEntityOfPage\":{\"@id\":\"https:\\\/\\\/sepam.com.br\\\/pt\\\/atleta-do-sepam-entra-para-a-historia-do-xadrez-de-ponta-grossa\\\/\"},\"wordCount\":333,\"commentCount\":0,\"publisher\":{\"@id\":\"https:\\\/\\\/sepam.com.br\\\/#organization\"},\"articleSection\":[\"Colegio Sepam\"],\"inLanguage\":\"pt-BR\",\"potentialAction\":[{\"@type\":\"CommentAction\",\"name\":\"Comment\",\"target\":[\"https:\\\/\\\/sepam.com.br\\\/pt\\\/atleta-do-sepam-entra-para-a-historia-do-xadrez-de-ponta-grossa\\\/#respond\"]}]},{\"@type\":\"WebPage\",\"@id\":\"https:\\\/\\\/sepam.com.br\\\/pt\\\/atleta-do-sepam-entra-para-a-historia-do-xadrez-de-ponta-grossa\\\/\",\"url\":\"https:\\\/\\\/sepam.com.br\\\/pt\\\/atleta-do-sepam-entra-para-a-historia-do-xadrez-de-ponta-grossa\\\/\",\"name\":\"Atleta do Sepam entra para a hist\u00f3ria do xadrez de Ponta Grossa - Col\u00e9gio Sepam\",\"isPartOf\":{\"@id\":\"https:\\\/\\\/sepam.com.br\\\/#website\"},\"datePublished\":\"2025-08-28T13:47:25+00:00\",\"dateModified\":\"2025-11-24T13:53:36+00:00\",\"breadcrumb\":{\"@id\":\"https:\\\/\\\/sepam.com.br\\\/pt\\\/atleta-do-sepam-entra-para-a-historia-do-xadrez-de-ponta-grossa\\\/#breadcrumb\"},\"inLanguage\":\"pt-BR\",\"potentialAction\":[{\"@type\":\"ReadAction\",\"target\":[\"https:\\\/\\\/sepam.com.br\\\/pt\\\/atleta-do-sepam-entra-para-a-historia-do-xadrez-de-ponta-grossa\\\/\"]}]},{\"@type\":\"BreadcrumbList\",\"@id\":\"https:\\\/\\\/sepam.com.br\\\/pt\\\/atleta-do-sepam-entra-para-a-historia-do-xadrez-de-ponta-grossa\\\/#breadcrumb\",\"itemListElement\":[{\"@type\":\"ListItem\",\"position\":1,\"name\":\"In\u00edcio\",\"item\":\"https:\\\/\\\/sepam.com.br\\\/\"},{\"@type\":\"ListItem\",\"position\":2,\"name\":\"Atleta do Sepam entra para a hist\u00f3ria do xadrez de Ponta Grossa\"}]},{\"@type\":\"WebSite\",\"@id\":\"https:\\\/\\\/sepam.com.br\\\/#website\",\"url\":\"https:\\\/\\\/sepam.com.br\\\/\",\"name\":\"Col\u00e9gio Sepam\",\"description\":\"Ensino Incompar\u00e1vel\",\"publisher\":{\"@id\":\"https:\\\/\\\/sepam.com.br\\\/#organization\"},\"potentialAction\":[{\"@type\":\"SearchAction\",\"target\":{\"@type\":\"EntryPoint\",\"urlTemplate\":\"https:\\\/\\\/sepam.com.br\\\/?s={search_term_string}\"},\"query-input\":{\"@type\":\"PropertyValueSpecification\",\"valueRequired\":true,\"valueName\":\"search_term_string\"}}],\"inLanguage\":\"pt-BR\"},{\"@type\":\"Organization\",\"@id\":\"https:\\\/\\\/sepam.com.br\\\/#organization\",\"name\":\"Col\u00e9gio Sepam\",\"url\":\"https:\\\/\\\/sepam.com.br\\\/\",\"logo\":{\"@type\":\"ImageObject\",\"inLanguage\":\"pt-BR\",\"@id\":\"https:\\\/\\\/sepam.com.br\\\/#\\\/schema\\\/logo\\\/image\\\/\",\"url\":\"https:\\\/\\\/sepam.com.br\\\/wp-content\\\/uploads\\\/2025\\\/02\\\/Ativo-2.png\",\"contentUrl\":\"https:\\\/\\\/sepam.com.br\\\/wp-content\\\/uploads\\\/2025\\\/02\\\/Ativo-2.png\",\"width\":595,\"height\":525,\"caption\":\"Col\u00e9gio Sepam\"},\"image\":{\"@id\":\"https:\\\/\\\/sepam.com.br\\\/#\\\/schema\\\/logo\\\/image\\\/\"}},{\"@type\":\"Person\",\"@id\":\"https:\\\/\\\/sepam.com.br\\\/#\\\/schema\\\/person\\\/bfa2996c649a5a6d822766f6e64eb7fd\",\"name\":\"Sepam\",\"image\":{\"@type\":\"ImageObject\",\"inLanguage\":\"pt-BR\",\"@id\":\"https:\\\/\\\/secure.gravatar.com\\\/avatar\\\/0219e64664f5861998ad57a3432eb4bd5fd99a34c7cc9bc44b3c59dfb830db85?s=96&d=mm&r=g\",\"url\":\"https:\\\/\\\/secure.gravatar.com\\\/avatar\\\/0219e64664f5861998ad57a3432eb4bd5fd99a34c7cc9bc44b3c59dfb830db85?s=96&d=mm&r=g\",\"contentUrl\":\"https:\\\/\\\/secure.gravatar.com\\\/avatar\\\/0219e64664f5861998ad57a3432eb4bd5fd99a34c7cc9bc44b3c59dfb830db85?s=96&d=mm&r=g\",\"caption\":\"Sepam\"},\"url\":\"https:\\\/\\\/sepam.com.br\\\/pt\\\/author\\\/sepam\\\/\"}]}<\/script>\n<!-- \/ Yoast SEO plugin. -->","yoast_head_json":{"title":"Atleta do Sepam entra para a hist\u00f3ria do xadrez de Ponta Grossa - Col\u00e9gio Sepam","robots":{"index":"index","follow":"follow","max-snippet":"max-snippet:-1","max-image-preview":"max-image-preview:large","max-video-preview":"max-video-preview:-1"},"canonical":"https:\/\/sepam.com.br\/pt\/atleta-do-sepam-entra-para-a-historia-do-xadrez-de-ponta-grossa\/","og_locale":"pt_BR","og_type":"article","og_title":"Atleta do Sepam entra para a hist\u00f3ria do xadrez de Ponta Grossa - Col\u00e9gio Sepam","og_description":"Pontua\u00e7\u00e3o obtida no Campeonato Brasileiro d\u00e1 o t\u00edtulo de Mestre Nacional para Isis Carvalho O final de semana foi marcado por mais uma conquista hist\u00f3rica para o xadrez do Col\u00e9gio Sepam. A partir de agora Ponta Grossa possui tr\u00eas atletas com titula\u00e7\u00f5es das mais importantes da modalidade. Em meio aos nomes de Vit\u00f3rio Chemin \u2013 [&hellip;]","og_url":"https:\/\/sepam.com.br\/pt\/atleta-do-sepam-entra-para-a-historia-do-xadrez-de-ponta-grossa\/","og_site_name":"Col\u00e9gio Sepam","article_published_time":"2025-08-28T13:47:25+00:00","article_modified_time":"2025-11-24T13:53:36+00:00","author":"Sepam","twitter_card":"summary_large_image","twitter_misc":{"Escrito por":"Sepam","Est. tempo de leitura":"2 minutos"},"schema":{"@context":"https:\/\/schema.org","@graph":[{"@type":"Article","@id":"https:\/\/sepam.com.br\/pt\/atleta-do-sepam-entra-para-a-historia-do-xadrez-de-ponta-grossa\/#article","isPartOf":{"@id":"https:\/\/sepam.com.br\/pt\/atleta-do-sepam-entra-para-a-historia-do-xadrez-de-ponta-grossa\/"},"author":{"name":"Sepam","@id":"https:\/\/sepam.com.br\/#\/schema\/person\/bfa2996c649a5a6d822766f6e64eb7fd"},"headline":"Atleta do Sepam entra para a hist\u00f3ria do xadrez de Ponta Grossa","datePublished":"2025-08-28T13:47:25+00:00","dateModified":"2025-11-24T13:53:36+00:00","mainEntityOfPage":{"@id":"https:\/\/sepam.com.br\/pt\/atleta-do-sepam-entra-para-a-historia-do-xadrez-de-ponta-grossa\/"},"wordCount":333,"commentCount":0,"publisher":{"@id":"https:\/\/sepam.com.br\/#organization"},"articleSection":["Colegio Sepam"],"inLanguage":"pt-BR","potentialAction":[{"@type":"CommentAction","name":"Comment","target":["https:\/\/sepam.com.br\/pt\/atleta-do-sepam-entra-para-a-historia-do-xadrez-de-ponta-grossa\/#respond"]}]},{"@type":"WebPage","@id":"https:\/\/sepam.com.br\/pt\/atleta-do-sepam-entra-para-a-historia-do-xadrez-de-ponta-grossa\/","url":"https:\/\/sepam.com.br\/pt\/atleta-do-sepam-entra-para-a-historia-do-xadrez-de-ponta-grossa\/","name":"Atleta do Sepam entra para a hist\u00f3ria do xadrez de Ponta Grossa - Col\u00e9gio Sepam","isPartOf":{"@id":"https:\/\/sepam.com.br\/#website"},"datePublished":"2025-08-28T13:47:25+00:00","dateModified":"2025-11-24T13:53:36+00:00","breadcrumb":{"@id":"https:\/\/sepam.com.br\/pt\/atleta-do-sepam-entra-para-a-historia-do-xadrez-de-ponta-grossa\/#breadcrumb"},"inLanguage":"pt-BR","potentialAction":[{"@type":"ReadAction","target":["https:\/\/sepam.com.br\/pt\/atleta-do-sepam-entra-para-a-historia-do-xadrez-de-ponta-grossa\/"]}]},{"@type":"BreadcrumbList","@id":"https:\/\/sepam.com.br\/pt\/atleta-do-sepam-entra-para-a-historia-do-xadrez-de-ponta-grossa\/#breadcrumb","itemListElement":[{"@type":"ListItem","position":1,"name":"In\u00edcio","item":"https:\/\/sepam.com.br\/"},{"@type":"ListItem","position":2,"name":"Atleta do Sepam entra para a hist\u00f3ria do xadrez de Ponta Grossa"}]},{"@type":"WebSite","@id":"https:\/\/sepam.com.br\/#website","url":"https:\/\/sepam.com.br\/","name":"Col\u00e9gio Sepam","description":"Ensino Incompar\u00e1vel","publisher":{"@id":"https:\/\/sepam.com.br\/#organization"},"potentialAction":[{"@type":"SearchAction","target":{"@type":"EntryPoint","urlTemplate":"https:\/\/sepam.com.br\/?s={search_term_string}"},"query-input":{"@type":"PropertyValueSpecification","valueRequired":true,"valueName":"search_term_string"}}],"inLanguage":"pt-BR"},{"@type":"Organization","@id":"https:\/\/sepam.com.br\/#organization","name":"Col\u00e9gio Sepam","url":"https:\/\/sepam.com.br\/","logo":{"@type":"ImageObject","inLanguage":"pt-BR","@id":"https:\/\/sepam.com.br\/#\/schema\/logo\/image\/","url":"https:\/\/sepam.com.br\/wp-content\/uploads\/2025\/02\/Ativo-2.png","contentUrl":"https:\/\/sepam.com.br\/wp-content\/uploads\/2025\/02\/Ativo-2.png","width":595,"height":525,"caption":"Col\u00e9gio Sepam"},"image":{"@id":"https:\/\/sepam.com.br\/#\/schema\/logo\/image\/"}},{"@type":"Person","@id":"https:\/\/sepam.com.br\/#\/schema\/person\/bfa2996c649a5a6d822766f6e64eb7fd","name":"Sepam","image":{"@type":"ImageObject","inLanguage":"pt-BR","@id":"https:\/\/secure.gravatar.com\/avatar\/0219e64664f5861998ad57a3432eb4bd5fd99a34c7cc9bc44b3c59dfb830db85?s=96&d=mm&r=g","url":"https:\/\/secure.gravatar.com\/avatar\/0219e64664f5861998ad57a3432eb4bd5fd99a34c7cc9bc44b3c59dfb830db85?s=96&d=mm&r=g","contentUrl":"https:\/\/secure.gravatar.com\/avatar\/0219e64664f5861998ad57a3432eb4bd5fd99a34c7cc9bc44b3c59dfb830db85?s=96&d=mm&r=g","caption":"Sepam"},"url":"https:\/\/sepam.com.br\/pt\/author\/sepam\/"}]}},"_links":{"self":[{"href":"https:\/\/sepam.com.br\/pt\/wp-json\/wp\/v2\/posts\/7013","targetHints":{"allow":["GET"]}}],"collection":[{"href":"https:\/\/sepam.com.br\/pt\/wp-json\/wp\/v2\/posts"}],"about":[{"href":"https:\/\/sepam.com.br\/pt\/wp-json\/wp\/v2\/types\/post"}],"author":[{"embeddable":true,"href":"https:\/\/sepam.com.br\/pt\/wp-json\/wp\/v2\/users\/13"}],"replies":[{"embeddable":true,"href":"https:\/\/sepam.com.br\/pt\/wp-json\/wp\/v2\/comments?post=7013"}],"version-history":[{"count":1,"href":"https:\/\/sepam.com.br\/pt\/wp-json\/wp\/v2\/posts\/7013\/revisions"}],"predecessor-version":[{"id":7357,"href":"https:\/\/sepam.com.br\/pt\/wp-json\/wp\/v2\/posts\/7013\/revisions\/7357"}],"wp:attachment":[{"href":"https:\/\/sepam.com.br\/pt\/wp-json\/wp\/v2\/media?parent=7013"}],"wp:term":[{"taxonomy":"category","embeddable":true,"href":"https:\/\/sepam.com.br\/pt\/wp-json\/wp\/v2\/categories?post=7013"},{"taxonomy":"post_tag","embeddable":true,"href":"https:\/\/sepam.com.br\/pt\/wp-json\/wp\/v2\/tags?post=7013"}],"curies":[{"name":"wp","href":"https:\/\/api.w.org\/{rel}","templated":true}]}}