{"id":6988,"date":"2025-08-28T10:47:22","date_gmt":"2025-08-28T13:47:22","guid":{"rendered":"https:\/\/dev.alisonandrei.com.br\/noticia\/em-comemoracao-aos-80-anos-sepam-realiza-encontros-de-ex-alunos-e-ex-professores\/"},"modified":"2025-11-24T10:53:36","modified_gmt":"2025-11-24T13:53:36","slug":"em-comemoracao-aos-80-anos-sepam-realiza-encontros-de-ex-alunos-e-ex-professores","status":"publish","type":"post","link":"https:\/\/sepam.com.br\/pt\/em-comemoracao-aos-80-anos-sepam-realiza-encontros-de-ex-alunos-e-ex-professores\/","title":{"rendered":"Em comemora\u00e7\u00e3o aos 80 anos, Sepam realiza encontros de ex-alunos e ex-professores"},"content":{"rendered":"<p><em>Turmas das d\u00e9cadas de 40, 50 e 60 se reuniram no \u00faltimo s\u00e1bado (27)<\/em><\/p>\n<p>&nbsp;<\/p>\n<p>Uma manh\u00e3 diferente no Col\u00e9gio Sepam, dedicada a relembrar hist\u00f3rias da \u00e9poca da \u201cAcademia\u201d. Mais de 50 pessoas, entre ex-alunos e ex-professores que passaram pela institui\u00e7\u00e3o entre os anos de 1939 e 1959, participaram do primeiro encontro em comemora\u00e7\u00e3o aos 80 anos da institui\u00e7\u00e3o, que na \u00e9poca de sua funda\u00e7\u00e3o chamava-se \u201cAcademia Pontagrossossense de Com\u00e9rcio\u201d.<\/p>\n<p>&nbsp;<\/p>\n<p>Fundado em 1939, em um pequeno terreno na esquina das ruas General Carneiro e Tiradentes, o col\u00e9gio hoje tem mais de dez mil metros quadrados na regi\u00e3o central da cidade \u201cAqui onde estamos era uma cancha, onde jog\u00e1vamos futebol. Nos fins de semana pul\u00e1vamos o muro para vir aqui brincar\u201d, lembra Osvaldo Coneglian, que estudou no Sepam em 1952, se referindo ao espa\u00e7o onde hoje \u00e9 a entrada do pr\u00e9dio da Educa\u00e7\u00e3o Infantil. Local onde o bisneto Heitor, de cinco anos, passa todos os dias para ter aulas. \u201c\u00c9 muito emocionante reviver essa hist\u00f3ria, eu estudei aqui, minha filha estudou e hoje meu bisneto\u201d, conta seu Oswaldo \u201cConeli\u201d, como \u00e9 conhecido, e que no s\u00e1bado do encontro de turmas, estava completando 81 anos.<\/p>\n<p>&nbsp;<\/p>\n<p>Mantendo algumas caracter\u00edsticas originais da fachada do pr\u00e9dio, nestes 80 anos o Col\u00e9gio passou por muitas amplia\u00e7\u00f5es e readequa\u00e7\u00f5es. A \u201cAcademia\u201d ofereceria inicialmente os cursos de \u201ccom\u00e9rcio\u201d e \u201ccontador\u201d. Depois vieram o secretariado, o educa\u00e7\u00e3o geral, o gin\u00e1sio, o supletivo e o curso pr\u00e9-vestibular. Atualmente o SEPAM oferece educa\u00e7\u00e3o infantil, ensino fundamental e m\u00e9dio, al\u00e9m do curso SEPAM Vestibulares. Mais de 40 mil alunos j\u00e1 passaram pela institui\u00e7\u00e3o desde a funda\u00e7\u00e3o at\u00e9 os dias de hoje. Entre eles o engenheiro civil Carlos Luciano Santana Vargas, ex-reitor da Universidade estadual de Ponta Grossa (UEPG). \u201cSomos a 4\u00aa gera\u00e7\u00e3o aqui. Meu pai se formou t\u00e9cnico em Contabilidade no tempo que era Academia, minha m\u00e3e foi aluna do curso de Secretariado assim como minhas duas irm\u00e3s. Eu tamb\u00e9m fui aluno de Contabilidade em 1973, depois meus filhos frequentaram o Sepam e hoje os meus netos estudam aqui. Nossa liga\u00e7\u00e3o com a institui\u00e7\u00e3o \u00e9 muito forte\u201d, conta.<\/p>\n<p>&nbsp;<\/p>\n<p>Assim como gera\u00e7\u00f5es de alunos passaram pelo Sepam, a institui\u00e7\u00e3o tamb\u00e9m tem a tradi\u00e7\u00e3o familiar em sua gest\u00e3o. Fundada por Roberto Emilio Mongruel e seu filho, Altair de Oliveira Mongruel \u2013 que d\u00e1 nome \u00e0 institui\u00e7\u00e3o \u201cSociedade Educacional Professor Altair Mongruel \u2013 Sepam&#8221; \u2013 hoje a quarta gera\u00e7\u00e3o da Fam\u00edlia Mongruel est\u00e1 \u00e0 frente da dire\u00e7\u00e3o dos col\u00e9gios em Ponta Grossa e em Castro, onde iniciaram as atividades em 1993.<\/p>\n<p>&nbsp;<\/p>\n<p>\u201cNunca imaginei que poderia rever essas pessoas, \u00e9 um momento de muita emo\u00e7\u00e3o\u201d, afirma Alexandre Aracema. Dentista, ex-professor universit\u00e1rio e ex-vereador, seu Alexandre, de 104 anos, sempre foi vizinho do Col\u00e9gio, momento em que conheceu e se tornou amigo do professor Roberto, um dos fundadores do Sepam.\u00a0 Ele se emociona ao lembrar o que aprendeu: \u201cNas horas vagas enquanto me preparava para a prova de admiss\u00e3o no gin\u00e1sio, seu Roberto me ensinou a jogar xadrez. Levei esse ensinamento para minha vida, pois o jogo nos mostra que precisamos pensar nas consequ\u00eancias dos nossos atos antes de agir\u201d.<\/p>\n<p>&nbsp;<\/p>\n<p>Durante a manh\u00e3 de s\u00e1bado (27), os ex-alunos e ex-professores participaram de um tour pela estrutura do Col\u00e9gio, passando por um espa\u00e7o decorado com pe\u00e7as como carteiras, projetores de filmes, mapas antigos, cadernos e materiais escolares da \u00e9poca. O encontro reuniu personalidades de Ponta Grossa que tiveram \u2013 e ainda t\u00eam &#8211; rela\u00e7\u00e3o com a hist\u00f3ria do Col\u00e9gio, como o ex-prefeito de Ponta Grossa, Otto Cunha.<\/p>\n<p>&nbsp;<\/p>\n<p>Outros encontros das turmas \u201cmais novas\u201d acontecer\u00e3o nos pr\u00f3ximos meses. \u201cEstamos registrando e revivendo a hist\u00f3ria ao conversarmos com as pessoas que fizeram parte da nossa institui\u00e7\u00e3o\u201d, afirma Osni Mongruel Junior, diretor do Sepam<\/p>\n<p>&nbsp;<\/p>\n","protected":false},"excerpt":{"rendered":"<p>Turmas das d\u00e9cadas de 40, 50 e 60 se reuniram no \u00faltimo s\u00e1bado (27) &nbsp; Uma manh\u00e3 diferente no Col\u00e9gio Sepam, dedicada a relembrar hist\u00f3rias da \u00e9poca da \u201cAcademia\u201d. Mais de 50 pessoas, entre ex-alunos e ex-professores que passaram pela institui\u00e7\u00e3o entre os anos de 1939 e 1959, participaram do primeiro encontro em comemora\u00e7\u00e3o aos [&hellip;]<\/p>\n","protected":false},"author":13,"featured_media":0,"comment_status":"open","ping_status":"open","sticky":false,"template":"","format":"standard","meta":{"footnotes":""},"categories":[21],"tags":[],"class_list":["post-6988","post","type-post","status-publish","format-standard","hentry","category-colegio-sepam"],"yoast_head":"<!-- This site is optimized with the Yoast SEO plugin v28.4 - https:\/\/yoast.com\/product\/yoast-seo-wordpress\/ -->\n<title>Em comemora\u00e7\u00e3o aos 80 anos, Sepam realiza encontros de ex-alunos e ex-professores - Col\u00e9gio Sepam<\/title>\n<meta name=\"robots\" content=\"index, follow, max-snippet:-1, max-image-preview:large, max-video-preview:-1\" \/>\n<link rel=\"canonical\" href=\"https:\/\/sepam.com.br\/pt\/em-comemoracao-aos-80-anos-sepam-realiza-encontros-de-ex-alunos-e-ex-professores\/\" \/>\n<meta property=\"og:locale\" content=\"pt_BR\" \/>\n<meta property=\"og:type\" content=\"article\" \/>\n<meta property=\"og:title\" content=\"Em comemora\u00e7\u00e3o aos 80 anos, Sepam realiza encontros de ex-alunos e ex-professores - Col\u00e9gio Sepam\" \/>\n<meta property=\"og:description\" content=\"Turmas das d\u00e9cadas de 40, 50 e 60 se reuniram no \u00faltimo s\u00e1bado (27) &nbsp; Uma manh\u00e3 diferente no Col\u00e9gio Sepam, dedicada a relembrar hist\u00f3rias da \u00e9poca da \u201cAcademia\u201d. Mais de 50 pessoas, entre ex-alunos e ex-professores que passaram pela institui\u00e7\u00e3o entre os anos de 1939 e 1959, participaram do primeiro encontro em comemora\u00e7\u00e3o aos [&hellip;]\" \/>\n<meta property=\"og:url\" content=\"https:\/\/sepam.com.br\/pt\/em-comemoracao-aos-80-anos-sepam-realiza-encontros-de-ex-alunos-e-ex-professores\/\" \/>\n<meta property=\"og:site_name\" content=\"Col\u00e9gio Sepam\" \/>\n<meta property=\"article:published_time\" content=\"2025-08-28T13:47:22+00:00\" \/>\n<meta property=\"article:modified_time\" content=\"2025-11-24T13:53:36+00:00\" \/>\n<meta name=\"author\" content=\"Sepam\" \/>\n<meta name=\"twitter:card\" content=\"summary_large_image\" \/>\n<meta name=\"twitter:label1\" content=\"Escrito por\" \/>\n\t<meta name=\"twitter:data1\" content=\"Sepam\" \/>\n\t<meta name=\"twitter:label2\" content=\"Est. tempo de leitura\" \/>\n\t<meta name=\"twitter:data2\" content=\"3 minutos\" \/>\n<script type=\"application\/ld+json\" class=\"yoast-schema-graph\">{\"@context\":\"https:\\\/\\\/schema.org\",\"@graph\":[{\"@type\":\"Article\",\"@id\":\"https:\\\/\\\/sepam.com.br\\\/pt\\\/em-comemoracao-aos-80-anos-sepam-realiza-encontros-de-ex-alunos-e-ex-professores\\\/#article\",\"isPartOf\":{\"@id\":\"https:\\\/\\\/sepam.com.br\\\/pt\\\/em-comemoracao-aos-80-anos-sepam-realiza-encontros-de-ex-alunos-e-ex-professores\\\/\"},\"author\":{\"name\":\"Sepam\",\"@id\":\"https:\\\/\\\/sepam.com.br\\\/#\\\/schema\\\/person\\\/bfa2996c649a5a6d822766f6e64eb7fd\"},\"headline\":\"Em comemora\u00e7\u00e3o aos 80 anos, Sepam realiza encontros de ex-alunos e ex-professores\",\"datePublished\":\"2025-08-28T13:47:22+00:00\",\"dateModified\":\"2025-11-24T13:53:36+00:00\",\"mainEntityOfPage\":{\"@id\":\"https:\\\/\\\/sepam.com.br\\\/pt\\\/em-comemoracao-aos-80-anos-sepam-realiza-encontros-de-ex-alunos-e-ex-professores\\\/\"},\"wordCount\":670,\"commentCount\":0,\"publisher\":{\"@id\":\"https:\\\/\\\/sepam.com.br\\\/#organization\"},\"articleSection\":[\"Colegio Sepam\"],\"inLanguage\":\"pt-BR\",\"potentialAction\":[{\"@type\":\"CommentAction\",\"name\":\"Comment\",\"target\":[\"https:\\\/\\\/sepam.com.br\\\/pt\\\/em-comemoracao-aos-80-anos-sepam-realiza-encontros-de-ex-alunos-e-ex-professores\\\/#respond\"]}]},{\"@type\":\"WebPage\",\"@id\":\"https:\\\/\\\/sepam.com.br\\\/pt\\\/em-comemoracao-aos-80-anos-sepam-realiza-encontros-de-ex-alunos-e-ex-professores\\\/\",\"url\":\"https:\\\/\\\/sepam.com.br\\\/pt\\\/em-comemoracao-aos-80-anos-sepam-realiza-encontros-de-ex-alunos-e-ex-professores\\\/\",\"name\":\"Em comemora\u00e7\u00e3o aos 80 anos, Sepam realiza encontros de ex-alunos e ex-professores - Col\u00e9gio Sepam\",\"isPartOf\":{\"@id\":\"https:\\\/\\\/sepam.com.br\\\/#website\"},\"datePublished\":\"2025-08-28T13:47:22+00:00\",\"dateModified\":\"2025-11-24T13:53:36+00:00\",\"breadcrumb\":{\"@id\":\"https:\\\/\\\/sepam.com.br\\\/pt\\\/em-comemoracao-aos-80-anos-sepam-realiza-encontros-de-ex-alunos-e-ex-professores\\\/#breadcrumb\"},\"inLanguage\":\"pt-BR\",\"potentialAction\":[{\"@type\":\"ReadAction\",\"target\":[\"https:\\\/\\\/sepam.com.br\\\/pt\\\/em-comemoracao-aos-80-anos-sepam-realiza-encontros-de-ex-alunos-e-ex-professores\\\/\"]}]},{\"@type\":\"BreadcrumbList\",\"@id\":\"https:\\\/\\\/sepam.com.br\\\/pt\\\/em-comemoracao-aos-80-anos-sepam-realiza-encontros-de-ex-alunos-e-ex-professores\\\/#breadcrumb\",\"itemListElement\":[{\"@type\":\"ListItem\",\"position\":1,\"name\":\"In\u00edcio\",\"item\":\"https:\\\/\\\/sepam.com.br\\\/\"},{\"@type\":\"ListItem\",\"position\":2,\"name\":\"Em comemora\u00e7\u00e3o aos 80 anos, Sepam realiza encontros de ex-alunos e ex-professores\"}]},{\"@type\":\"WebSite\",\"@id\":\"https:\\\/\\\/sepam.com.br\\\/#website\",\"url\":\"https:\\\/\\\/sepam.com.br\\\/\",\"name\":\"Col\u00e9gio Sepam\",\"description\":\"Ensino Incompar\u00e1vel\",\"publisher\":{\"@id\":\"https:\\\/\\\/sepam.com.br\\\/#organization\"},\"potentialAction\":[{\"@type\":\"SearchAction\",\"target\":{\"@type\":\"EntryPoint\",\"urlTemplate\":\"https:\\\/\\\/sepam.com.br\\\/?s={search_term_string}\"},\"query-input\":{\"@type\":\"PropertyValueSpecification\",\"valueRequired\":true,\"valueName\":\"search_term_string\"}}],\"inLanguage\":\"pt-BR\"},{\"@type\":\"Organization\",\"@id\":\"https:\\\/\\\/sepam.com.br\\\/#organization\",\"name\":\"Col\u00e9gio Sepam\",\"url\":\"https:\\\/\\\/sepam.com.br\\\/\",\"logo\":{\"@type\":\"ImageObject\",\"inLanguage\":\"pt-BR\",\"@id\":\"https:\\\/\\\/sepam.com.br\\\/#\\\/schema\\\/logo\\\/image\\\/\",\"url\":\"https:\\\/\\\/sepam.com.br\\\/wp-content\\\/uploads\\\/2025\\\/02\\\/Ativo-2.png\",\"contentUrl\":\"https:\\\/\\\/sepam.com.br\\\/wp-content\\\/uploads\\\/2025\\\/02\\\/Ativo-2.png\",\"width\":595,\"height\":525,\"caption\":\"Col\u00e9gio Sepam\"},\"image\":{\"@id\":\"https:\\\/\\\/sepam.com.br\\\/#\\\/schema\\\/logo\\\/image\\\/\"}},{\"@type\":\"Person\",\"@id\":\"https:\\\/\\\/sepam.com.br\\\/#\\\/schema\\\/person\\\/bfa2996c649a5a6d822766f6e64eb7fd\",\"name\":\"Sepam\",\"image\":{\"@type\":\"ImageObject\",\"inLanguage\":\"pt-BR\",\"@id\":\"https:\\\/\\\/secure.gravatar.com\\\/avatar\\\/0219e64664f5861998ad57a3432eb4bd5fd99a34c7cc9bc44b3c59dfb830db85?s=96&d=mm&r=g\",\"url\":\"https:\\\/\\\/secure.gravatar.com\\\/avatar\\\/0219e64664f5861998ad57a3432eb4bd5fd99a34c7cc9bc44b3c59dfb830db85?s=96&d=mm&r=g\",\"contentUrl\":\"https:\\\/\\\/secure.gravatar.com\\\/avatar\\\/0219e64664f5861998ad57a3432eb4bd5fd99a34c7cc9bc44b3c59dfb830db85?s=96&d=mm&r=g\",\"caption\":\"Sepam\"},\"url\":\"https:\\\/\\\/sepam.com.br\\\/pt\\\/author\\\/sepam\\\/\"}]}<\/script>\n<!-- \/ Yoast SEO plugin. -->","yoast_head_json":{"title":"Em comemora\u00e7\u00e3o aos 80 anos, Sepam realiza encontros de ex-alunos e ex-professores - Col\u00e9gio Sepam","robots":{"index":"index","follow":"follow","max-snippet":"max-snippet:-1","max-image-preview":"max-image-preview:large","max-video-preview":"max-video-preview:-1"},"canonical":"https:\/\/sepam.com.br\/pt\/em-comemoracao-aos-80-anos-sepam-realiza-encontros-de-ex-alunos-e-ex-professores\/","og_locale":"pt_BR","og_type":"article","og_title":"Em comemora\u00e7\u00e3o aos 80 anos, Sepam realiza encontros de ex-alunos e ex-professores - Col\u00e9gio Sepam","og_description":"Turmas das d\u00e9cadas de 40, 50 e 60 se reuniram no \u00faltimo s\u00e1bado (27) &nbsp; Uma manh\u00e3 diferente no Col\u00e9gio Sepam, dedicada a relembrar hist\u00f3rias da \u00e9poca da \u201cAcademia\u201d. Mais de 50 pessoas, entre ex-alunos e ex-professores que passaram pela institui\u00e7\u00e3o entre os anos de 1939 e 1959, participaram do primeiro encontro em comemora\u00e7\u00e3o aos [&hellip;]","og_url":"https:\/\/sepam.com.br\/pt\/em-comemoracao-aos-80-anos-sepam-realiza-encontros-de-ex-alunos-e-ex-professores\/","og_site_name":"Col\u00e9gio Sepam","article_published_time":"2025-08-28T13:47:22+00:00","article_modified_time":"2025-11-24T13:53:36+00:00","author":"Sepam","twitter_card":"summary_large_image","twitter_misc":{"Escrito por":"Sepam","Est. tempo de leitura":"3 minutos"},"schema":{"@context":"https:\/\/schema.org","@graph":[{"@type":"Article","@id":"https:\/\/sepam.com.br\/pt\/em-comemoracao-aos-80-anos-sepam-realiza-encontros-de-ex-alunos-e-ex-professores\/#article","isPartOf":{"@id":"https:\/\/sepam.com.br\/pt\/em-comemoracao-aos-80-anos-sepam-realiza-encontros-de-ex-alunos-e-ex-professores\/"},"author":{"name":"Sepam","@id":"https:\/\/sepam.com.br\/#\/schema\/person\/bfa2996c649a5a6d822766f6e64eb7fd"},"headline":"Em comemora\u00e7\u00e3o aos 80 anos, Sepam realiza encontros de ex-alunos e ex-professores","datePublished":"2025-08-28T13:47:22+00:00","dateModified":"2025-11-24T13:53:36+00:00","mainEntityOfPage":{"@id":"https:\/\/sepam.com.br\/pt\/em-comemoracao-aos-80-anos-sepam-realiza-encontros-de-ex-alunos-e-ex-professores\/"},"wordCount":670,"commentCount":0,"publisher":{"@id":"https:\/\/sepam.com.br\/#organization"},"articleSection":["Colegio Sepam"],"inLanguage":"pt-BR","potentialAction":[{"@type":"CommentAction","name":"Comment","target":["https:\/\/sepam.com.br\/pt\/em-comemoracao-aos-80-anos-sepam-realiza-encontros-de-ex-alunos-e-ex-professores\/#respond"]}]},{"@type":"WebPage","@id":"https:\/\/sepam.com.br\/pt\/em-comemoracao-aos-80-anos-sepam-realiza-encontros-de-ex-alunos-e-ex-professores\/","url":"https:\/\/sepam.com.br\/pt\/em-comemoracao-aos-80-anos-sepam-realiza-encontros-de-ex-alunos-e-ex-professores\/","name":"Em comemora\u00e7\u00e3o aos 80 anos, Sepam realiza encontros de ex-alunos e ex-professores - Col\u00e9gio Sepam","isPartOf":{"@id":"https:\/\/sepam.com.br\/#website"},"datePublished":"2025-08-28T13:47:22+00:00","dateModified":"2025-11-24T13:53:36+00:00","breadcrumb":{"@id":"https:\/\/sepam.com.br\/pt\/em-comemoracao-aos-80-anos-sepam-realiza-encontros-de-ex-alunos-e-ex-professores\/#breadcrumb"},"inLanguage":"pt-BR","potentialAction":[{"@type":"ReadAction","target":["https:\/\/sepam.com.br\/pt\/em-comemoracao-aos-80-anos-sepam-realiza-encontros-de-ex-alunos-e-ex-professores\/"]}]},{"@type":"BreadcrumbList","@id":"https:\/\/sepam.com.br\/pt\/em-comemoracao-aos-80-anos-sepam-realiza-encontros-de-ex-alunos-e-ex-professores\/#breadcrumb","itemListElement":[{"@type":"ListItem","position":1,"name":"In\u00edcio","item":"https:\/\/sepam.com.br\/"},{"@type":"ListItem","position":2,"name":"Em comemora\u00e7\u00e3o aos 80 anos, Sepam realiza encontros de ex-alunos e ex-professores"}]},{"@type":"WebSite","@id":"https:\/\/sepam.com.br\/#website","url":"https:\/\/sepam.com.br\/","name":"Col\u00e9gio Sepam","description":"Ensino Incompar\u00e1vel","publisher":{"@id":"https:\/\/sepam.com.br\/#organization"},"potentialAction":[{"@type":"SearchAction","target":{"@type":"EntryPoint","urlTemplate":"https:\/\/sepam.com.br\/?s={search_term_string}"},"query-input":{"@type":"PropertyValueSpecification","valueRequired":true,"valueName":"search_term_string"}}],"inLanguage":"pt-BR"},{"@type":"Organization","@id":"https:\/\/sepam.com.br\/#organization","name":"Col\u00e9gio Sepam","url":"https:\/\/sepam.com.br\/","logo":{"@type":"ImageObject","inLanguage":"pt-BR","@id":"https:\/\/sepam.com.br\/#\/schema\/logo\/image\/","url":"https:\/\/sepam.com.br\/wp-content\/uploads\/2025\/02\/Ativo-2.png","contentUrl":"https:\/\/sepam.com.br\/wp-content\/uploads\/2025\/02\/Ativo-2.png","width":595,"height":525,"caption":"Col\u00e9gio Sepam"},"image":{"@id":"https:\/\/sepam.com.br\/#\/schema\/logo\/image\/"}},{"@type":"Person","@id":"https:\/\/sepam.com.br\/#\/schema\/person\/bfa2996c649a5a6d822766f6e64eb7fd","name":"Sepam","image":{"@type":"ImageObject","inLanguage":"pt-BR","@id":"https:\/\/secure.gravatar.com\/avatar\/0219e64664f5861998ad57a3432eb4bd5fd99a34c7cc9bc44b3c59dfb830db85?s=96&d=mm&r=g","url":"https:\/\/secure.gravatar.com\/avatar\/0219e64664f5861998ad57a3432eb4bd5fd99a34c7cc9bc44b3c59dfb830db85?s=96&d=mm&r=g","contentUrl":"https:\/\/secure.gravatar.com\/avatar\/0219e64664f5861998ad57a3432eb4bd5fd99a34c7cc9bc44b3c59dfb830db85?s=96&d=mm&r=g","caption":"Sepam"},"url":"https:\/\/sepam.com.br\/pt\/author\/sepam\/"}]}},"_links":{"self":[{"href":"https:\/\/sepam.com.br\/pt\/wp-json\/wp\/v2\/posts\/6988","targetHints":{"allow":["GET"]}}],"collection":[{"href":"https:\/\/sepam.com.br\/pt\/wp-json\/wp\/v2\/posts"}],"about":[{"href":"https:\/\/sepam.com.br\/pt\/wp-json\/wp\/v2\/types\/post"}],"author":[{"embeddable":true,"href":"https:\/\/sepam.com.br\/pt\/wp-json\/wp\/v2\/users\/13"}],"replies":[{"embeddable":true,"href":"https:\/\/sepam.com.br\/pt\/wp-json\/wp\/v2\/comments?post=6988"}],"version-history":[{"count":1,"href":"https:\/\/sepam.com.br\/pt\/wp-json\/wp\/v2\/posts\/6988\/revisions"}],"predecessor-version":[{"id":7372,"href":"https:\/\/sepam.com.br\/pt\/wp-json\/wp\/v2\/posts\/6988\/revisions\/7372"}],"wp:attachment":[{"href":"https:\/\/sepam.com.br\/pt\/wp-json\/wp\/v2\/media?parent=6988"}],"wp:term":[{"taxonomy":"category","embeddable":true,"href":"https:\/\/sepam.com.br\/pt\/wp-json\/wp\/v2\/categories?post=6988"},{"taxonomy":"post_tag","embeddable":true,"href":"https:\/\/sepam.com.br\/pt\/wp-json\/wp\/v2\/tags?post=6988"}],"curies":[{"name":"wp","href":"https:\/\/api.w.org\/{rel}","templated":true}]}}