{"id":6974,"date":"2025-08-28T10:47:18","date_gmt":"2025-08-28T13:47:18","guid":{"rendered":"https:\/\/dev.alisonandrei.com.br\/noticia\/enxadristas-do-sepam-conquistam-1o-lugar-geral-masculino-no-festival-paranaense-de-xadrez\/"},"modified":"2025-11-24T10:53:36","modified_gmt":"2025-11-24T13:53:36","slug":"enxadristas-do-sepam-conquistam-1o-lugar-geral-masculino-no-festival-paranaense-de-xadrez","status":"publish","type":"post","link":"https:\/\/sepam.com.br\/pt\/enxadristas-do-sepam-conquistam-1o-lugar-geral-masculino-no-festival-paranaense-de-xadrez\/","title":{"rendered":"Enxadristas do Sepam conquistam 1\u00ba lugar geral masculino no Festival Paranaense de Xadrez"},"content":{"rendered":"<p><em>Equipe tamb\u00e9m trouxe a prata na coloca\u00e7\u00e3o geral da competi\u00e7\u00e3o e outros cinco t\u00edtulos<\/em><\/p>\n<p>O Festival Paranaense de Xadrez de 2019, realizado em S\u00e3o Jos\u00e9 dos Pinhais nos dias 05, 06 e 07 de abril, foi a maior edi\u00e7\u00e3o da hist\u00f3ria da Federa\u00e7\u00e3o de Xadrez do Paran\u00e1 (FEXPAR), com 317 atletas participantes. O Col\u00e9gio Sepam foi campe\u00e3o geral masculino e segundo lugar geral da competi\u00e7\u00e3o, al\u00e9m de conquistar outros cinco t\u00edtulos.<\/p>\n<p>No Sub 12 masculino, o ouro ficou com Mauro Albano. Isis Carvalho conquistou o primeiro lugar no sub 12 feminino e Gustavo Auer Abilhoa no sub 18. Destaque especial para Leonardo Herai Borges, campe\u00e3o sub 14 no Blitz e Cl\u00e1ssico nesta edi\u00e7\u00e3o; este \u00e9\u00a0 seu tricampeonato consecutivo: campe\u00e3o sub 12 em 2017, campe\u00e3o sub 14 em 2018 e agora em 2019. O Sepam obteve seu melhor resultado na hist\u00f3ria do Festival. \u201cA nossa equipe estava representada por 12 alunos, 10 meninos e 2 meninas, uma delega\u00e7\u00e3o pequena comparada com as cidades participantes, mesmo assim figuramos entre os melhores da competi\u00e7\u00e3o\u201d, conta o treinador do Sepam, Lucas Borges.Dos 12 t\u00edtulos do xadrez pensado, o Col\u00e9gio conquistou 4. Um resultado expressivo frente a outras cidades, como S\u00e3o Jos\u00e9 dos Pinhais, que ficou com 2 t\u00edtulos, Arapongas 2 t\u00edtulos e as outras cidades com 1 cada. \u201cNossa comemora\u00e7\u00e3o \u00e9 reflexo da pr\u00e1tica, estudo e treinamentos. Os alunos mostraram muita supera\u00e7\u00e3o contra os desafios e nunca desistiram\u201d, comemora Lucas.<\/p>\n","protected":false},"excerpt":{"rendered":"<p>Equipe tamb\u00e9m trouxe a prata na coloca\u00e7\u00e3o geral da competi\u00e7\u00e3o e outros cinco t\u00edtulos O Festival Paranaense de Xadrez de 2019, realizado em S\u00e3o Jos\u00e9 dos Pinhais nos dias 05, 06 e 07 de abril, foi a maior edi\u00e7\u00e3o da hist\u00f3ria da Federa\u00e7\u00e3o de Xadrez do Paran\u00e1 (FEXPAR), com 317 atletas participantes. O Col\u00e9gio Sepam [&hellip;]<\/p>\n","protected":false},"author":13,"featured_media":0,"comment_status":"open","ping_status":"open","sticky":false,"template":"","format":"standard","meta":{"footnotes":""},"categories":[21],"tags":[],"class_list":["post-6974","post","type-post","status-publish","format-standard","hentry","category-colegio-sepam"],"yoast_head":"<!-- This site is optimized with the Yoast SEO plugin v28.4 - https:\/\/yoast.com\/product\/yoast-seo-wordpress\/ -->\n<title>Enxadristas do Sepam conquistam 1\u00ba lugar geral masculino no Festival Paranaense de Xadrez - Col\u00e9gio Sepam<\/title>\n<meta name=\"robots\" content=\"index, follow, max-snippet:-1, max-image-preview:large, max-video-preview:-1\" \/>\n<link rel=\"canonical\" href=\"https:\/\/sepam.com.br\/pt\/enxadristas-do-sepam-conquistam-1o-lugar-geral-masculino-no-festival-paranaense-de-xadrez\/\" \/>\n<meta property=\"og:locale\" content=\"pt_BR\" \/>\n<meta property=\"og:type\" content=\"article\" \/>\n<meta property=\"og:title\" content=\"Enxadristas do Sepam conquistam 1\u00ba lugar geral masculino no Festival Paranaense de Xadrez - Col\u00e9gio Sepam\" \/>\n<meta property=\"og:description\" content=\"Equipe tamb\u00e9m trouxe a prata na coloca\u00e7\u00e3o geral da competi\u00e7\u00e3o e outros cinco t\u00edtulos O Festival Paranaense de Xadrez de 2019, realizado em S\u00e3o Jos\u00e9 dos Pinhais nos dias 05, 06 e 07 de abril, foi a maior edi\u00e7\u00e3o da hist\u00f3ria da Federa\u00e7\u00e3o de Xadrez do Paran\u00e1 (FEXPAR), com 317 atletas participantes. O Col\u00e9gio Sepam [&hellip;]\" \/>\n<meta property=\"og:url\" content=\"https:\/\/sepam.com.br\/pt\/enxadristas-do-sepam-conquistam-1o-lugar-geral-masculino-no-festival-paranaense-de-xadrez\/\" \/>\n<meta property=\"og:site_name\" content=\"Col\u00e9gio Sepam\" \/>\n<meta property=\"article:published_time\" content=\"2025-08-28T13:47:18+00:00\" \/>\n<meta property=\"article:modified_time\" content=\"2025-11-24T13:53:36+00:00\" \/>\n<meta name=\"author\" content=\"Sepam\" \/>\n<meta name=\"twitter:card\" content=\"summary_large_image\" \/>\n<meta name=\"twitter:label1\" content=\"Escrito por\" \/>\n\t<meta name=\"twitter:data1\" content=\"Sepam\" \/>\n\t<meta name=\"twitter:label2\" content=\"Est. tempo de leitura\" \/>\n\t<meta name=\"twitter:data2\" content=\"1 minuto\" \/>\n<script type=\"application\/ld+json\" class=\"yoast-schema-graph\">{\"@context\":\"https:\\\/\\\/schema.org\",\"@graph\":[{\"@type\":\"Article\",\"@id\":\"https:\\\/\\\/sepam.com.br\\\/pt\\\/enxadristas-do-sepam-conquistam-1o-lugar-geral-masculino-no-festival-paranaense-de-xadrez\\\/#article\",\"isPartOf\":{\"@id\":\"https:\\\/\\\/sepam.com.br\\\/pt\\\/enxadristas-do-sepam-conquistam-1o-lugar-geral-masculino-no-festival-paranaense-de-xadrez\\\/\"},\"author\":{\"name\":\"Sepam\",\"@id\":\"https:\\\/\\\/sepam.com.br\\\/#\\\/schema\\\/person\\\/bfa2996c649a5a6d822766f6e64eb7fd\"},\"headline\":\"Enxadristas do Sepam conquistam 1\u00ba lugar geral masculino no Festival Paranaense de Xadrez\",\"datePublished\":\"2025-08-28T13:47:18+00:00\",\"dateModified\":\"2025-11-24T13:53:36+00:00\",\"mainEntityOfPage\":{\"@id\":\"https:\\\/\\\/sepam.com.br\\\/pt\\\/enxadristas-do-sepam-conquistam-1o-lugar-geral-masculino-no-festival-paranaense-de-xadrez\\\/\"},\"wordCount\":254,\"commentCount\":0,\"publisher\":{\"@id\":\"https:\\\/\\\/sepam.com.br\\\/#organization\"},\"articleSection\":[\"Colegio Sepam\"],\"inLanguage\":\"pt-BR\",\"potentialAction\":[{\"@type\":\"CommentAction\",\"name\":\"Comment\",\"target\":[\"https:\\\/\\\/sepam.com.br\\\/pt\\\/enxadristas-do-sepam-conquistam-1o-lugar-geral-masculino-no-festival-paranaense-de-xadrez\\\/#respond\"]}]},{\"@type\":\"WebPage\",\"@id\":\"https:\\\/\\\/sepam.com.br\\\/pt\\\/enxadristas-do-sepam-conquistam-1o-lugar-geral-masculino-no-festival-paranaense-de-xadrez\\\/\",\"url\":\"https:\\\/\\\/sepam.com.br\\\/pt\\\/enxadristas-do-sepam-conquistam-1o-lugar-geral-masculino-no-festival-paranaense-de-xadrez\\\/\",\"name\":\"Enxadristas do Sepam conquistam 1\u00ba lugar geral masculino no Festival Paranaense de Xadrez - Col\u00e9gio Sepam\",\"isPartOf\":{\"@id\":\"https:\\\/\\\/sepam.com.br\\\/#website\"},\"datePublished\":\"2025-08-28T13:47:18+00:00\",\"dateModified\":\"2025-11-24T13:53:36+00:00\",\"breadcrumb\":{\"@id\":\"https:\\\/\\\/sepam.com.br\\\/pt\\\/enxadristas-do-sepam-conquistam-1o-lugar-geral-masculino-no-festival-paranaense-de-xadrez\\\/#breadcrumb\"},\"inLanguage\":\"pt-BR\",\"potentialAction\":[{\"@type\":\"ReadAction\",\"target\":[\"https:\\\/\\\/sepam.com.br\\\/pt\\\/enxadristas-do-sepam-conquistam-1o-lugar-geral-masculino-no-festival-paranaense-de-xadrez\\\/\"]}]},{\"@type\":\"BreadcrumbList\",\"@id\":\"https:\\\/\\\/sepam.com.br\\\/pt\\\/enxadristas-do-sepam-conquistam-1o-lugar-geral-masculino-no-festival-paranaense-de-xadrez\\\/#breadcrumb\",\"itemListElement\":[{\"@type\":\"ListItem\",\"position\":1,\"name\":\"In\u00edcio\",\"item\":\"https:\\\/\\\/sepam.com.br\\\/\"},{\"@type\":\"ListItem\",\"position\":2,\"name\":\"Enxadristas do Sepam conquistam 1\u00ba lugar geral masculino no Festival Paranaense de Xadrez\"}]},{\"@type\":\"WebSite\",\"@id\":\"https:\\\/\\\/sepam.com.br\\\/#website\",\"url\":\"https:\\\/\\\/sepam.com.br\\\/\",\"name\":\"Col\u00e9gio Sepam\",\"description\":\"Ensino Incompar\u00e1vel\",\"publisher\":{\"@id\":\"https:\\\/\\\/sepam.com.br\\\/#organization\"},\"potentialAction\":[{\"@type\":\"SearchAction\",\"target\":{\"@type\":\"EntryPoint\",\"urlTemplate\":\"https:\\\/\\\/sepam.com.br\\\/?s={search_term_string}\"},\"query-input\":{\"@type\":\"PropertyValueSpecification\",\"valueRequired\":true,\"valueName\":\"search_term_string\"}}],\"inLanguage\":\"pt-BR\"},{\"@type\":\"Organization\",\"@id\":\"https:\\\/\\\/sepam.com.br\\\/#organization\",\"name\":\"Col\u00e9gio Sepam\",\"url\":\"https:\\\/\\\/sepam.com.br\\\/\",\"logo\":{\"@type\":\"ImageObject\",\"inLanguage\":\"pt-BR\",\"@id\":\"https:\\\/\\\/sepam.com.br\\\/#\\\/schema\\\/logo\\\/image\\\/\",\"url\":\"https:\\\/\\\/sepam.com.br\\\/wp-content\\\/uploads\\\/2025\\\/02\\\/Ativo-2.png\",\"contentUrl\":\"https:\\\/\\\/sepam.com.br\\\/wp-content\\\/uploads\\\/2025\\\/02\\\/Ativo-2.png\",\"width\":595,\"height\":525,\"caption\":\"Col\u00e9gio Sepam\"},\"image\":{\"@id\":\"https:\\\/\\\/sepam.com.br\\\/#\\\/schema\\\/logo\\\/image\\\/\"}},{\"@type\":\"Person\",\"@id\":\"https:\\\/\\\/sepam.com.br\\\/#\\\/schema\\\/person\\\/bfa2996c649a5a6d822766f6e64eb7fd\",\"name\":\"Sepam\",\"image\":{\"@type\":\"ImageObject\",\"inLanguage\":\"pt-BR\",\"@id\":\"https:\\\/\\\/secure.gravatar.com\\\/avatar\\\/0219e64664f5861998ad57a3432eb4bd5fd99a34c7cc9bc44b3c59dfb830db85?s=96&d=mm&r=g\",\"url\":\"https:\\\/\\\/secure.gravatar.com\\\/avatar\\\/0219e64664f5861998ad57a3432eb4bd5fd99a34c7cc9bc44b3c59dfb830db85?s=96&d=mm&r=g\",\"contentUrl\":\"https:\\\/\\\/secure.gravatar.com\\\/avatar\\\/0219e64664f5861998ad57a3432eb4bd5fd99a34c7cc9bc44b3c59dfb830db85?s=96&d=mm&r=g\",\"caption\":\"Sepam\"},\"url\":\"https:\\\/\\\/sepam.com.br\\\/pt\\\/author\\\/sepam\\\/\"}]}<\/script>\n<!-- \/ Yoast SEO plugin. -->","yoast_head_json":{"title":"Enxadristas do Sepam conquistam 1\u00ba lugar geral masculino no Festival Paranaense de Xadrez - Col\u00e9gio Sepam","robots":{"index":"index","follow":"follow","max-snippet":"max-snippet:-1","max-image-preview":"max-image-preview:large","max-video-preview":"max-video-preview:-1"},"canonical":"https:\/\/sepam.com.br\/pt\/enxadristas-do-sepam-conquistam-1o-lugar-geral-masculino-no-festival-paranaense-de-xadrez\/","og_locale":"pt_BR","og_type":"article","og_title":"Enxadristas do Sepam conquistam 1\u00ba lugar geral masculino no Festival Paranaense de Xadrez - Col\u00e9gio Sepam","og_description":"Equipe tamb\u00e9m trouxe a prata na coloca\u00e7\u00e3o geral da competi\u00e7\u00e3o e outros cinco t\u00edtulos O Festival Paranaense de Xadrez de 2019, realizado em S\u00e3o Jos\u00e9 dos Pinhais nos dias 05, 06 e 07 de abril, foi a maior edi\u00e7\u00e3o da hist\u00f3ria da Federa\u00e7\u00e3o de Xadrez do Paran\u00e1 (FEXPAR), com 317 atletas participantes. O Col\u00e9gio Sepam [&hellip;]","og_url":"https:\/\/sepam.com.br\/pt\/enxadristas-do-sepam-conquistam-1o-lugar-geral-masculino-no-festival-paranaense-de-xadrez\/","og_site_name":"Col\u00e9gio Sepam","article_published_time":"2025-08-28T13:47:18+00:00","article_modified_time":"2025-11-24T13:53:36+00:00","author":"Sepam","twitter_card":"summary_large_image","twitter_misc":{"Escrito por":"Sepam","Est. tempo de leitura":"1 minuto"},"schema":{"@context":"https:\/\/schema.org","@graph":[{"@type":"Article","@id":"https:\/\/sepam.com.br\/pt\/enxadristas-do-sepam-conquistam-1o-lugar-geral-masculino-no-festival-paranaense-de-xadrez\/#article","isPartOf":{"@id":"https:\/\/sepam.com.br\/pt\/enxadristas-do-sepam-conquistam-1o-lugar-geral-masculino-no-festival-paranaense-de-xadrez\/"},"author":{"name":"Sepam","@id":"https:\/\/sepam.com.br\/#\/schema\/person\/bfa2996c649a5a6d822766f6e64eb7fd"},"headline":"Enxadristas do Sepam conquistam 1\u00ba lugar geral masculino no Festival Paranaense de Xadrez","datePublished":"2025-08-28T13:47:18+00:00","dateModified":"2025-11-24T13:53:36+00:00","mainEntityOfPage":{"@id":"https:\/\/sepam.com.br\/pt\/enxadristas-do-sepam-conquistam-1o-lugar-geral-masculino-no-festival-paranaense-de-xadrez\/"},"wordCount":254,"commentCount":0,"publisher":{"@id":"https:\/\/sepam.com.br\/#organization"},"articleSection":["Colegio Sepam"],"inLanguage":"pt-BR","potentialAction":[{"@type":"CommentAction","name":"Comment","target":["https:\/\/sepam.com.br\/pt\/enxadristas-do-sepam-conquistam-1o-lugar-geral-masculino-no-festival-paranaense-de-xadrez\/#respond"]}]},{"@type":"WebPage","@id":"https:\/\/sepam.com.br\/pt\/enxadristas-do-sepam-conquistam-1o-lugar-geral-masculino-no-festival-paranaense-de-xadrez\/","url":"https:\/\/sepam.com.br\/pt\/enxadristas-do-sepam-conquistam-1o-lugar-geral-masculino-no-festival-paranaense-de-xadrez\/","name":"Enxadristas do Sepam conquistam 1\u00ba lugar geral masculino no Festival Paranaense de Xadrez - Col\u00e9gio Sepam","isPartOf":{"@id":"https:\/\/sepam.com.br\/#website"},"datePublished":"2025-08-28T13:47:18+00:00","dateModified":"2025-11-24T13:53:36+00:00","breadcrumb":{"@id":"https:\/\/sepam.com.br\/pt\/enxadristas-do-sepam-conquistam-1o-lugar-geral-masculino-no-festival-paranaense-de-xadrez\/#breadcrumb"},"inLanguage":"pt-BR","potentialAction":[{"@type":"ReadAction","target":["https:\/\/sepam.com.br\/pt\/enxadristas-do-sepam-conquistam-1o-lugar-geral-masculino-no-festival-paranaense-de-xadrez\/"]}]},{"@type":"BreadcrumbList","@id":"https:\/\/sepam.com.br\/pt\/enxadristas-do-sepam-conquistam-1o-lugar-geral-masculino-no-festival-paranaense-de-xadrez\/#breadcrumb","itemListElement":[{"@type":"ListItem","position":1,"name":"In\u00edcio","item":"https:\/\/sepam.com.br\/"},{"@type":"ListItem","position":2,"name":"Enxadristas do Sepam conquistam 1\u00ba lugar geral masculino no Festival Paranaense de Xadrez"}]},{"@type":"WebSite","@id":"https:\/\/sepam.com.br\/#website","url":"https:\/\/sepam.com.br\/","name":"Col\u00e9gio Sepam","description":"Ensino Incompar\u00e1vel","publisher":{"@id":"https:\/\/sepam.com.br\/#organization"},"potentialAction":[{"@type":"SearchAction","target":{"@type":"EntryPoint","urlTemplate":"https:\/\/sepam.com.br\/?s={search_term_string}"},"query-input":{"@type":"PropertyValueSpecification","valueRequired":true,"valueName":"search_term_string"}}],"inLanguage":"pt-BR"},{"@type":"Organization","@id":"https:\/\/sepam.com.br\/#organization","name":"Col\u00e9gio Sepam","url":"https:\/\/sepam.com.br\/","logo":{"@type":"ImageObject","inLanguage":"pt-BR","@id":"https:\/\/sepam.com.br\/#\/schema\/logo\/image\/","url":"https:\/\/sepam.com.br\/wp-content\/uploads\/2025\/02\/Ativo-2.png","contentUrl":"https:\/\/sepam.com.br\/wp-content\/uploads\/2025\/02\/Ativo-2.png","width":595,"height":525,"caption":"Col\u00e9gio Sepam"},"image":{"@id":"https:\/\/sepam.com.br\/#\/schema\/logo\/image\/"}},{"@type":"Person","@id":"https:\/\/sepam.com.br\/#\/schema\/person\/bfa2996c649a5a6d822766f6e64eb7fd","name":"Sepam","image":{"@type":"ImageObject","inLanguage":"pt-BR","@id":"https:\/\/secure.gravatar.com\/avatar\/0219e64664f5861998ad57a3432eb4bd5fd99a34c7cc9bc44b3c59dfb830db85?s=96&d=mm&r=g","url":"https:\/\/secure.gravatar.com\/avatar\/0219e64664f5861998ad57a3432eb4bd5fd99a34c7cc9bc44b3c59dfb830db85?s=96&d=mm&r=g","contentUrl":"https:\/\/secure.gravatar.com\/avatar\/0219e64664f5861998ad57a3432eb4bd5fd99a34c7cc9bc44b3c59dfb830db85?s=96&d=mm&r=g","caption":"Sepam"},"url":"https:\/\/sepam.com.br\/pt\/author\/sepam\/"}]}},"_links":{"self":[{"href":"https:\/\/sepam.com.br\/pt\/wp-json\/wp\/v2\/posts\/6974","targetHints":{"allow":["GET"]}}],"collection":[{"href":"https:\/\/sepam.com.br\/pt\/wp-json\/wp\/v2\/posts"}],"about":[{"href":"https:\/\/sepam.com.br\/pt\/wp-json\/wp\/v2\/types\/post"}],"author":[{"embeddable":true,"href":"https:\/\/sepam.com.br\/pt\/wp-json\/wp\/v2\/users\/13"}],"replies":[{"embeddable":true,"href":"https:\/\/sepam.com.br\/pt\/wp-json\/wp\/v2\/comments?post=6974"}],"version-history":[{"count":1,"href":"https:\/\/sepam.com.br\/pt\/wp-json\/wp\/v2\/posts\/6974\/revisions"}],"predecessor-version":[{"id":7398,"href":"https:\/\/sepam.com.br\/pt\/wp-json\/wp\/v2\/posts\/6974\/revisions\/7398"}],"wp:attachment":[{"href":"https:\/\/sepam.com.br\/pt\/wp-json\/wp\/v2\/media?parent=6974"}],"wp:term":[{"taxonomy":"category","embeddable":true,"href":"https:\/\/sepam.com.br\/pt\/wp-json\/wp\/v2\/categories?post=6974"},{"taxonomy":"post_tag","embeddable":true,"href":"https:\/\/sepam.com.br\/pt\/wp-json\/wp\/v2\/tags?post=6974"}],"curies":[{"name":"wp","href":"https:\/\/api.w.org\/{rel}","templated":true}]}}