{"id":6949,"date":"2025-08-28T10:47:15","date_gmt":"2025-08-28T13:47:15","guid":{"rendered":"https:\/\/dev.alisonandrei.com.br\/noticia\/matematica-alunos-sepam-conquistam-bons-resultados-em-2018\/"},"modified":"2025-11-24T10:53:37","modified_gmt":"2025-11-24T13:53:37","slug":"matematica-alunos-sepam-conquistam-bons-resultados-em-2018","status":"publish","type":"post","link":"https:\/\/sepam.com.br\/pt\/matematica-alunos-sepam-conquistam-bons-resultados-em-2018\/","title":{"rendered":"Matem\u00e1tica: Alunos SEPAM conquistam bons resultados em 2018"},"content":{"rendered":"<p><em>Por Fernanda Fetzer<\/em><\/p>\n<p>O final de ano foi marcado por acontecimentos importantes para o mundo da matem\u00e1tica, como a premia\u00e7\u00e3o de olimp\u00edadas respeit\u00e1veis a n\u00edvel regional: OPRM &#8211; Olimp\u00edada Paranaense de Matem\u00e1tica, OPMat &#8211; Olimp\u00edada Pontagrossense de Matem\u00e1tica e\u00a0OBMEP &#8211; Olimp\u00edada Brasileira de Matem\u00e1tica das Escolas P\u00fablicas e Privadas.<\/p>\n<p>Todas as premia\u00e7\u00f5es coroam o trabalho desenvolvido ao longo do ano por meio de projetos, gincanas, oficinas e grupos de estudos,<br \/>\nque visam aperfei\u00e7oar o conhecimento l\u00f3gico-matem\u00e1tico dos nossos discentes, bem como agu\u00e7ar a criatividade e a capacidade de resolu\u00e7\u00e3o de problemas deles.<\/p>\n<p>Gostar\u00edamos de agradecer aos alunos que participaram dessas atividades com veem\u00eancia e aos pais, que os incentivaram nessa caminhada junto conosco. Esta parceria \u00e9 essencial para que o trabalho aconte\u00e7a!<\/p>\n<p>Adiantamos que, em 2019, o grupo de estudos ONE (OBMEP na escola) ser\u00e1 ampliado para atender a alunos de 6\u00ba a 9\u00ba ano do Ensino Fundamental e os encontros ocorrer\u00e3o \u00e0s quartas-feiras, a partir de 13h30min. Anote na agenda!<\/p>\n<hr \/>\n<h3>Vamos recordar?<\/h3>\n<p><a href=\"https:\/\/www.facebook.com\/pg\/sepamcolegio\/photos\/?tab=album&amp;album_id=1517592905036921\" target=\"_blank\" rel=\"noopener\">Gincana de Matem\u00e1tica<\/a> &#8211; Entre os dia 23 e 27 de abril de 2018, ap\u00f3s as provas bimestrais, os alunos do Ensino Fundamental II participaram de uma Gincana de Matem\u00e1tica para descontrair.<\/p>\n<p><a href=\"https:\/\/www.facebook.com\/pg\/sepamcolegio\/photos\/?tab=album&amp;album_id=1569729266489951\" target=\"_blank\" rel=\"noopener\">Oficina S\u00f3lidos de Plat\u00e3o<\/a> &#8211; Nos meses de maio e junho de 2018 os alunos de 6\u00ba e 7\u00ba anos do Ensino Fundamental ll participaram da oficina de matem\u00e1tica \u201cS\u00f3lidos de Plat\u00e3o\u201d , uma atividade extracurricular.<\/p>\n<p><a href=\"https:\/\/www.facebook.com\/pg\/sepamcolegio\/photos\/?tab=album&amp;album_id=1615978431865034\" target=\"_blank\" rel=\"noopener\">Canguru de Matem\u00e1tica<\/a> &#8211; Em julho e 2018, o alunos do Ensino Fundamental II receberam certificados e medalhas por sua participa\u00e7\u00e3o na competi\u00e7\u00e3o internacional &#8220;Canguru de Matem\u00e1tica&#8221;.<\/p>\n<p><a href=\"https:\/\/www.facebook.com\/pg\/sepamcolegio\/photos\/?tab=album&amp;album_id=1783160725146803\" target=\"_blank\" rel=\"noopener\">Olimp\u00edada de Matematica OPRM<\/a> &#8211;\u00a0Alunos premiados na terceira edi\u00e7\u00e3o da OPRM:\u00a0N\u00edvel 1 (6\u00b0 e 7\u00b0 anos): Laura Moscardi Mill\u00e9o &#8211; medalha de prata. N\u00edvel 3 (Ensino M\u00e9dio): Danilo Beltrame e Al\u00e9xia Liz Narok Stevan &#8211; men\u00e7\u00e3o honrosa. A premia\u00e7\u00e3o aconteceu no dia 29 de novembro de 2018, no Teatro Bom Jesus (Curitiba-PR).<\/p>\n<p><a href=\"https:\/\/www.facebook.com\/pg\/sepamcolegio\/photos\/?tab=album&amp;album_id=1781584758637733\" target=\"_blank\" rel=\"noopener\">Olimp\u00edada de Matem\u00e1tica OPMat<\/a> &#8211;\u00a0A premia\u00e7\u00e3o da 6\u00aa edi\u00e7\u00e3o da OPMat no dia 1 de dezembro de 2018, no Teatro Pax. Muitos alunos do Col\u00e9gio SEPAM foram premiados, com destaque para: Isabela Alberti Fischer (9\u00ba ano &#8211; Fundamental) &#8211; medalha de ouro no N\u00edvel 2; Danilo Beltrame (1\u00aa s\u00e9rie &#8211; Ensino M\u00e9dio) &#8211; medalha de ouro e trof\u00e9u no N\u00edvel 3; Henrique de Carvalho Furia (3\u00aa s\u00e9rie &#8211; Ensino M\u00e9dio) &#8211; medalha de ouro no N\u00edvel 4. O professor de Matem\u00e1tica Roberto Mauro Ramos Mainardes tamb\u00e9m recebeu certificado e trof\u00e9u &#8211; 1\u00b0 lugar no N\u00edvel 3, segmento Educand\u00e1rio Particular.<\/p>\n<p>&nbsp;<\/p>\n<hr \/>\n<blockquote><p><em>Fernanda \u00e9 professora de Matem\u00e1tica do Col\u00e9gio Sepam desde 2012. Esteve \u00e0 frente de olimp\u00edadas e atividades relacionadas \u00e0 disciplina, preparando e acompanhando os alunos.<\/em><\/p>\n<p style=\"text-align: right;\"><em>Foto: Registro de alunos e professoras na premia\u00e7\u00e3o da OPMat.<\/em><\/p>\n<p>&nbsp;<\/p><\/blockquote>\n","protected":false},"excerpt":{"rendered":"<p>Por Fernanda Fetzer O final de ano foi marcado por acontecimentos importantes para o mundo da matem\u00e1tica, como a premia\u00e7\u00e3o de olimp\u00edadas respeit\u00e1veis a n\u00edvel regional: OPRM &#8211; Olimp\u00edada Paranaense de Matem\u00e1tica, OPMat &#8211; Olimp\u00edada Pontagrossense de Matem\u00e1tica e\u00a0OBMEP &#8211; Olimp\u00edada Brasileira de Matem\u00e1tica das Escolas P\u00fablicas e Privadas. Todas as premia\u00e7\u00f5es coroam o trabalho [&hellip;]<\/p>\n","protected":false},"author":13,"featured_media":0,"comment_status":"open","ping_status":"open","sticky":false,"template":"","format":"standard","meta":{"footnotes":""},"categories":[21],"tags":[],"class_list":["post-6949","post","type-post","status-publish","format-standard","hentry","category-colegio-sepam"],"yoast_head":"<!-- This site is optimized with the Yoast SEO plugin v28.4 - https:\/\/yoast.com\/product\/yoast-seo-wordpress\/ -->\n<title>Matem\u00e1tica: Alunos SEPAM conquistam bons resultados em 2018 - Col\u00e9gio Sepam<\/title>\n<meta name=\"robots\" content=\"index, follow, max-snippet:-1, max-image-preview:large, max-video-preview:-1\" \/>\n<link rel=\"canonical\" href=\"https:\/\/sepam.com.br\/pt\/matematica-alunos-sepam-conquistam-bons-resultados-em-2018\/\" \/>\n<meta property=\"og:locale\" content=\"pt_BR\" \/>\n<meta property=\"og:type\" content=\"article\" \/>\n<meta property=\"og:title\" content=\"Matem\u00e1tica: Alunos SEPAM conquistam bons resultados em 2018 - Col\u00e9gio Sepam\" \/>\n<meta property=\"og:description\" content=\"Por Fernanda Fetzer O final de ano foi marcado por acontecimentos importantes para o mundo da matem\u00e1tica, como a premia\u00e7\u00e3o de olimp\u00edadas respeit\u00e1veis a n\u00edvel regional: OPRM &#8211; Olimp\u00edada Paranaense de Matem\u00e1tica, OPMat &#8211; Olimp\u00edada Pontagrossense de Matem\u00e1tica e\u00a0OBMEP &#8211; Olimp\u00edada Brasileira de Matem\u00e1tica das Escolas P\u00fablicas e Privadas. Todas as premia\u00e7\u00f5es coroam o trabalho [&hellip;]\" \/>\n<meta property=\"og:url\" content=\"https:\/\/sepam.com.br\/pt\/matematica-alunos-sepam-conquistam-bons-resultados-em-2018\/\" \/>\n<meta property=\"og:site_name\" content=\"Col\u00e9gio Sepam\" \/>\n<meta property=\"article:published_time\" content=\"2025-08-28T13:47:15+00:00\" \/>\n<meta property=\"article:modified_time\" content=\"2025-11-24T13:53:37+00:00\" \/>\n<meta name=\"author\" content=\"Sepam\" \/>\n<meta name=\"twitter:card\" content=\"summary_large_image\" \/>\n<meta name=\"twitter:label1\" content=\"Escrito por\" \/>\n\t<meta name=\"twitter:data1\" content=\"Sepam\" \/>\n\t<meta name=\"twitter:label2\" content=\"Est. tempo de leitura\" \/>\n\t<meta name=\"twitter:data2\" content=\"2 minutos\" \/>\n<script type=\"application\/ld+json\" class=\"yoast-schema-graph\">{\"@context\":\"https:\\\/\\\/schema.org\",\"@graph\":[{\"@type\":\"Article\",\"@id\":\"https:\\\/\\\/sepam.com.br\\\/pt\\\/matematica-alunos-sepam-conquistam-bons-resultados-em-2018\\\/#article\",\"isPartOf\":{\"@id\":\"https:\\\/\\\/sepam.com.br\\\/pt\\\/matematica-alunos-sepam-conquistam-bons-resultados-em-2018\\\/\"},\"author\":{\"name\":\"Sepam\",\"@id\":\"https:\\\/\\\/sepam.com.br\\\/#\\\/schema\\\/person\\\/bfa2996c649a5a6d822766f6e64eb7fd\"},\"headline\":\"Matem\u00e1tica: Alunos SEPAM conquistam bons resultados em 2018\",\"datePublished\":\"2025-08-28T13:47:15+00:00\",\"dateModified\":\"2025-11-24T13:53:37+00:00\",\"mainEntityOfPage\":{\"@id\":\"https:\\\/\\\/sepam.com.br\\\/pt\\\/matematica-alunos-sepam-conquistam-bons-resultados-em-2018\\\/\"},\"wordCount\":491,\"commentCount\":0,\"publisher\":{\"@id\":\"https:\\\/\\\/sepam.com.br\\\/#organization\"},\"articleSection\":[\"Colegio Sepam\"],\"inLanguage\":\"pt-BR\",\"potentialAction\":[{\"@type\":\"CommentAction\",\"name\":\"Comment\",\"target\":[\"https:\\\/\\\/sepam.com.br\\\/pt\\\/matematica-alunos-sepam-conquistam-bons-resultados-em-2018\\\/#respond\"]}]},{\"@type\":\"WebPage\",\"@id\":\"https:\\\/\\\/sepam.com.br\\\/pt\\\/matematica-alunos-sepam-conquistam-bons-resultados-em-2018\\\/\",\"url\":\"https:\\\/\\\/sepam.com.br\\\/pt\\\/matematica-alunos-sepam-conquistam-bons-resultados-em-2018\\\/\",\"name\":\"Matem\u00e1tica: Alunos SEPAM conquistam bons resultados em 2018 - Col\u00e9gio Sepam\",\"isPartOf\":{\"@id\":\"https:\\\/\\\/sepam.com.br\\\/#website\"},\"datePublished\":\"2025-08-28T13:47:15+00:00\",\"dateModified\":\"2025-11-24T13:53:37+00:00\",\"breadcrumb\":{\"@id\":\"https:\\\/\\\/sepam.com.br\\\/pt\\\/matematica-alunos-sepam-conquistam-bons-resultados-em-2018\\\/#breadcrumb\"},\"inLanguage\":\"pt-BR\",\"potentialAction\":[{\"@type\":\"ReadAction\",\"target\":[\"https:\\\/\\\/sepam.com.br\\\/pt\\\/matematica-alunos-sepam-conquistam-bons-resultados-em-2018\\\/\"]}]},{\"@type\":\"BreadcrumbList\",\"@id\":\"https:\\\/\\\/sepam.com.br\\\/pt\\\/matematica-alunos-sepam-conquistam-bons-resultados-em-2018\\\/#breadcrumb\",\"itemListElement\":[{\"@type\":\"ListItem\",\"position\":1,\"name\":\"In\u00edcio\",\"item\":\"https:\\\/\\\/sepam.com.br\\\/\"},{\"@type\":\"ListItem\",\"position\":2,\"name\":\"Matem\u00e1tica: Alunos SEPAM conquistam bons resultados em 2018\"}]},{\"@type\":\"WebSite\",\"@id\":\"https:\\\/\\\/sepam.com.br\\\/#website\",\"url\":\"https:\\\/\\\/sepam.com.br\\\/\",\"name\":\"Col\u00e9gio Sepam\",\"description\":\"Ensino Incompar\u00e1vel\",\"publisher\":{\"@id\":\"https:\\\/\\\/sepam.com.br\\\/#organization\"},\"potentialAction\":[{\"@type\":\"SearchAction\",\"target\":{\"@type\":\"EntryPoint\",\"urlTemplate\":\"https:\\\/\\\/sepam.com.br\\\/?s={search_term_string}\"},\"query-input\":{\"@type\":\"PropertyValueSpecification\",\"valueRequired\":true,\"valueName\":\"search_term_string\"}}],\"inLanguage\":\"pt-BR\"},{\"@type\":\"Organization\",\"@id\":\"https:\\\/\\\/sepam.com.br\\\/#organization\",\"name\":\"Col\u00e9gio Sepam\",\"url\":\"https:\\\/\\\/sepam.com.br\\\/\",\"logo\":{\"@type\":\"ImageObject\",\"inLanguage\":\"pt-BR\",\"@id\":\"https:\\\/\\\/sepam.com.br\\\/#\\\/schema\\\/logo\\\/image\\\/\",\"url\":\"https:\\\/\\\/sepam.com.br\\\/wp-content\\\/uploads\\\/2025\\\/02\\\/Ativo-2.png\",\"contentUrl\":\"https:\\\/\\\/sepam.com.br\\\/wp-content\\\/uploads\\\/2025\\\/02\\\/Ativo-2.png\",\"width\":595,\"height\":525,\"caption\":\"Col\u00e9gio Sepam\"},\"image\":{\"@id\":\"https:\\\/\\\/sepam.com.br\\\/#\\\/schema\\\/logo\\\/image\\\/\"}},{\"@type\":\"Person\",\"@id\":\"https:\\\/\\\/sepam.com.br\\\/#\\\/schema\\\/person\\\/bfa2996c649a5a6d822766f6e64eb7fd\",\"name\":\"Sepam\",\"image\":{\"@type\":\"ImageObject\",\"inLanguage\":\"pt-BR\",\"@id\":\"https:\\\/\\\/secure.gravatar.com\\\/avatar\\\/0219e64664f5861998ad57a3432eb4bd5fd99a34c7cc9bc44b3c59dfb830db85?s=96&d=mm&r=g\",\"url\":\"https:\\\/\\\/secure.gravatar.com\\\/avatar\\\/0219e64664f5861998ad57a3432eb4bd5fd99a34c7cc9bc44b3c59dfb830db85?s=96&d=mm&r=g\",\"contentUrl\":\"https:\\\/\\\/secure.gravatar.com\\\/avatar\\\/0219e64664f5861998ad57a3432eb4bd5fd99a34c7cc9bc44b3c59dfb830db85?s=96&d=mm&r=g\",\"caption\":\"Sepam\"},\"url\":\"https:\\\/\\\/sepam.com.br\\\/pt\\\/author\\\/sepam\\\/\"}]}<\/script>\n<!-- \/ Yoast SEO plugin. -->","yoast_head_json":{"title":"Matem\u00e1tica: Alunos SEPAM conquistam bons resultados em 2018 - Col\u00e9gio Sepam","robots":{"index":"index","follow":"follow","max-snippet":"max-snippet:-1","max-image-preview":"max-image-preview:large","max-video-preview":"max-video-preview:-1"},"canonical":"https:\/\/sepam.com.br\/pt\/matematica-alunos-sepam-conquistam-bons-resultados-em-2018\/","og_locale":"pt_BR","og_type":"article","og_title":"Matem\u00e1tica: Alunos SEPAM conquistam bons resultados em 2018 - Col\u00e9gio Sepam","og_description":"Por Fernanda Fetzer O final de ano foi marcado por acontecimentos importantes para o mundo da matem\u00e1tica, como a premia\u00e7\u00e3o de olimp\u00edadas respeit\u00e1veis a n\u00edvel regional: OPRM &#8211; Olimp\u00edada Paranaense de Matem\u00e1tica, OPMat &#8211; Olimp\u00edada Pontagrossense de Matem\u00e1tica e\u00a0OBMEP &#8211; Olimp\u00edada Brasileira de Matem\u00e1tica das Escolas P\u00fablicas e Privadas. Todas as premia\u00e7\u00f5es coroam o trabalho [&hellip;]","og_url":"https:\/\/sepam.com.br\/pt\/matematica-alunos-sepam-conquistam-bons-resultados-em-2018\/","og_site_name":"Col\u00e9gio Sepam","article_published_time":"2025-08-28T13:47:15+00:00","article_modified_time":"2025-11-24T13:53:37+00:00","author":"Sepam","twitter_card":"summary_large_image","twitter_misc":{"Escrito por":"Sepam","Est. tempo de leitura":"2 minutos"},"schema":{"@context":"https:\/\/schema.org","@graph":[{"@type":"Article","@id":"https:\/\/sepam.com.br\/pt\/matematica-alunos-sepam-conquistam-bons-resultados-em-2018\/#article","isPartOf":{"@id":"https:\/\/sepam.com.br\/pt\/matematica-alunos-sepam-conquistam-bons-resultados-em-2018\/"},"author":{"name":"Sepam","@id":"https:\/\/sepam.com.br\/#\/schema\/person\/bfa2996c649a5a6d822766f6e64eb7fd"},"headline":"Matem\u00e1tica: Alunos SEPAM conquistam bons resultados em 2018","datePublished":"2025-08-28T13:47:15+00:00","dateModified":"2025-11-24T13:53:37+00:00","mainEntityOfPage":{"@id":"https:\/\/sepam.com.br\/pt\/matematica-alunos-sepam-conquistam-bons-resultados-em-2018\/"},"wordCount":491,"commentCount":0,"publisher":{"@id":"https:\/\/sepam.com.br\/#organization"},"articleSection":["Colegio Sepam"],"inLanguage":"pt-BR","potentialAction":[{"@type":"CommentAction","name":"Comment","target":["https:\/\/sepam.com.br\/pt\/matematica-alunos-sepam-conquistam-bons-resultados-em-2018\/#respond"]}]},{"@type":"WebPage","@id":"https:\/\/sepam.com.br\/pt\/matematica-alunos-sepam-conquistam-bons-resultados-em-2018\/","url":"https:\/\/sepam.com.br\/pt\/matematica-alunos-sepam-conquistam-bons-resultados-em-2018\/","name":"Matem\u00e1tica: Alunos SEPAM conquistam bons resultados em 2018 - Col\u00e9gio Sepam","isPartOf":{"@id":"https:\/\/sepam.com.br\/#website"},"datePublished":"2025-08-28T13:47:15+00:00","dateModified":"2025-11-24T13:53:37+00:00","breadcrumb":{"@id":"https:\/\/sepam.com.br\/pt\/matematica-alunos-sepam-conquistam-bons-resultados-em-2018\/#breadcrumb"},"inLanguage":"pt-BR","potentialAction":[{"@type":"ReadAction","target":["https:\/\/sepam.com.br\/pt\/matematica-alunos-sepam-conquistam-bons-resultados-em-2018\/"]}]},{"@type":"BreadcrumbList","@id":"https:\/\/sepam.com.br\/pt\/matematica-alunos-sepam-conquistam-bons-resultados-em-2018\/#breadcrumb","itemListElement":[{"@type":"ListItem","position":1,"name":"In\u00edcio","item":"https:\/\/sepam.com.br\/"},{"@type":"ListItem","position":2,"name":"Matem\u00e1tica: Alunos SEPAM conquistam bons resultados em 2018"}]},{"@type":"WebSite","@id":"https:\/\/sepam.com.br\/#website","url":"https:\/\/sepam.com.br\/","name":"Col\u00e9gio Sepam","description":"Ensino Incompar\u00e1vel","publisher":{"@id":"https:\/\/sepam.com.br\/#organization"},"potentialAction":[{"@type":"SearchAction","target":{"@type":"EntryPoint","urlTemplate":"https:\/\/sepam.com.br\/?s={search_term_string}"},"query-input":{"@type":"PropertyValueSpecification","valueRequired":true,"valueName":"search_term_string"}}],"inLanguage":"pt-BR"},{"@type":"Organization","@id":"https:\/\/sepam.com.br\/#organization","name":"Col\u00e9gio Sepam","url":"https:\/\/sepam.com.br\/","logo":{"@type":"ImageObject","inLanguage":"pt-BR","@id":"https:\/\/sepam.com.br\/#\/schema\/logo\/image\/","url":"https:\/\/sepam.com.br\/wp-content\/uploads\/2025\/02\/Ativo-2.png","contentUrl":"https:\/\/sepam.com.br\/wp-content\/uploads\/2025\/02\/Ativo-2.png","width":595,"height":525,"caption":"Col\u00e9gio Sepam"},"image":{"@id":"https:\/\/sepam.com.br\/#\/schema\/logo\/image\/"}},{"@type":"Person","@id":"https:\/\/sepam.com.br\/#\/schema\/person\/bfa2996c649a5a6d822766f6e64eb7fd","name":"Sepam","image":{"@type":"ImageObject","inLanguage":"pt-BR","@id":"https:\/\/secure.gravatar.com\/avatar\/0219e64664f5861998ad57a3432eb4bd5fd99a34c7cc9bc44b3c59dfb830db85?s=96&d=mm&r=g","url":"https:\/\/secure.gravatar.com\/avatar\/0219e64664f5861998ad57a3432eb4bd5fd99a34c7cc9bc44b3c59dfb830db85?s=96&d=mm&r=g","contentUrl":"https:\/\/secure.gravatar.com\/avatar\/0219e64664f5861998ad57a3432eb4bd5fd99a34c7cc9bc44b3c59dfb830db85?s=96&d=mm&r=g","caption":"Sepam"},"url":"https:\/\/sepam.com.br\/pt\/author\/sepam\/"}]}},"_links":{"self":[{"href":"https:\/\/sepam.com.br\/pt\/wp-json\/wp\/v2\/posts\/6949","targetHints":{"allow":["GET"]}}],"collection":[{"href":"https:\/\/sepam.com.br\/pt\/wp-json\/wp\/v2\/posts"}],"about":[{"href":"https:\/\/sepam.com.br\/pt\/wp-json\/wp\/v2\/types\/post"}],"author":[{"embeddable":true,"href":"https:\/\/sepam.com.br\/pt\/wp-json\/wp\/v2\/users\/13"}],"replies":[{"embeddable":true,"href":"https:\/\/sepam.com.br\/pt\/wp-json\/wp\/v2\/comments?post=6949"}],"version-history":[{"count":1,"href":"https:\/\/sepam.com.br\/pt\/wp-json\/wp\/v2\/posts\/6949\/revisions"}],"predecessor-version":[{"id":7413,"href":"https:\/\/sepam.com.br\/pt\/wp-json\/wp\/v2\/posts\/6949\/revisions\/7413"}],"wp:attachment":[{"href":"https:\/\/sepam.com.br\/pt\/wp-json\/wp\/v2\/media?parent=6949"}],"wp:term":[{"taxonomy":"category","embeddable":true,"href":"https:\/\/sepam.com.br\/pt\/wp-json\/wp\/v2\/categories?post=6949"},{"taxonomy":"post_tag","embeddable":true,"href":"https:\/\/sepam.com.br\/pt\/wp-json\/wp\/v2\/tags?post=6949"}],"curies":[{"name":"wp","href":"https:\/\/api.w.org\/{rel}","templated":true}]}}