{"id":6944,"date":"2025-08-28T10:47:15","date_gmt":"2025-08-28T13:47:15","guid":{"rendered":"https:\/\/dev.alisonandrei.com.br\/noticia\/alunos-do-2o-ano-criam-produtos-com-material-reciclavel\/"},"modified":"2025-11-24T10:53:36","modified_gmt":"2025-11-24T13:53:36","slug":"alunos-do-2o-ano-criam-produtos-com-material-reciclavel","status":"publish","type":"post","link":"https:\/\/sepam.com.br\/pt\/alunos-do-2o-ano-criam-produtos-com-material-reciclavel\/","title":{"rendered":"Alunos do 2\u00ba ano criam produtos com material recicl\u00e1vel"},"content":{"rendered":"<p>Uma imagem vale mais do que mil palavras. Com esta premissa, que introduziu o conte\u00fado sobre o g\u00eanero textual propaganda, as turmas do 2\u00ba ano do Ensino Fundamental, sob a orienta\u00e7\u00e3o das professoras Amanda Coelho, Amanda Swiench dos Anjos, Flavia Starke e Franciele Matoso, criaram um produto utilizando material recicl\u00e1vel.<\/p>\n<p>Mas n\u00e3o foi somente isso. Os alunos tiveram que ser criativos tamb\u00e9m para propagar sua cria\u00e7\u00e3o, afinal, \u00e9 necess\u00e1rio divulgar e mostrar ao consumidor os benef\u00edcios do produto.<\/p>\n<p>A fam\u00edlia foi convidada a participar auxiliando em todo processo: escolher o nome para o produto, definir o p\u00fablico-alvo, criar um slogan e uma promo\u00e7\u00e3o de lan\u00e7amento.<\/p>\n<p>A finaliza\u00e7\u00e3o do projeto foi no in\u00edcio de novembro, mas a professora Amanda Swiench dos Anjos conta que os alunos continuam utilizando os produtos criados por eles. \u201cAs crian\u00e7as ficaram muito animadas com essa atividade, estavam realmente envolvidas e conseguimos ver cada uma delas refletida em sua cria\u00e7\u00e3o. E, o principal, \u00e9 que elas conseguiram ver seu pr\u00f3prio potencial, que s\u00e3o capazes de criar algo t\u00e3o legal\u201d, conta.<\/p>\n<p>Al\u00e9m disso, os alunos conseguiram entender a utilidade do material recicl\u00e1vel, processo que nem sempre \u00e9 claro para eles. Com essa atividade o que poderia virar \u2018lixo\u201d foi transformado em algo novo.<\/p>\n<h4><strong>RELEITURAS<\/strong><\/h4>\n<p>Durante a exposi\u00e7\u00e3o dos produtos o p\u00fablico tamb\u00e9m p\u00f4de prestigiar as releituras de obras de Romero Britto, Tarsila do Amaral, Leonardo da Vinci e Van Goh, trabalho que iniciou no segundo bimestre e integrou as disciplinas de L\u00edngua Portuguesa e Arte das turmas do 2\u00ba ano.<\/p>\n<p>A professora Franciele explica que, em grupos, os alunos pesquisaram sobre os artistas e depois compartilharam as informa\u00e7\u00f5es encontradas. Na disciplina de Artes, com a professora J\u00e9ssyka Fipke, eles aprenderam t\u00e9cnicas de pintura e sobre o conceito de releitura. \u201cO trabalho foi maravilhoso! Eles se envolveram na pesquisa, aprenderam de fato sobre os artistas e conseguiram p\u00f4r tudo isso em pr\u00e1tica. Durante a exposi\u00e7\u00e3o percebemos o orgulho deles em mostrar aos pais esse trabalho\u201d, avalia Franciele.<\/p>\n<p>&nbsp;<\/p>\n","protected":false},"excerpt":{"rendered":"<p>Uma imagem vale mais do que mil palavras. Com esta premissa, que introduziu o conte\u00fado sobre o g\u00eanero textual propaganda, as turmas do 2\u00ba ano do Ensino Fundamental, sob a orienta\u00e7\u00e3o das professoras Amanda Coelho, Amanda Swiench dos Anjos, Flavia Starke e Franciele Matoso, criaram um produto utilizando material recicl\u00e1vel. Mas n\u00e3o foi somente isso. [&hellip;]<\/p>\n","protected":false},"author":13,"featured_media":0,"comment_status":"open","ping_status":"open","sticky":false,"template":"","format":"standard","meta":{"footnotes":""},"categories":[21],"tags":[],"class_list":["post-6944","post","type-post","status-publish","format-standard","hentry","category-colegio-sepam"],"yoast_head":"<!-- This site is optimized with the Yoast SEO plugin v28.4 - https:\/\/yoast.com\/product\/yoast-seo-wordpress\/ -->\n<title>Alunos do 2\u00ba ano criam produtos com material recicl\u00e1vel - Col\u00e9gio Sepam<\/title>\n<meta name=\"robots\" content=\"index, follow, max-snippet:-1, max-image-preview:large, max-video-preview:-1\" \/>\n<link rel=\"canonical\" href=\"https:\/\/sepam.com.br\/pt\/alunos-do-2o-ano-criam-produtos-com-material-reciclavel\/\" \/>\n<meta property=\"og:locale\" content=\"pt_BR\" \/>\n<meta property=\"og:type\" content=\"article\" \/>\n<meta property=\"og:title\" content=\"Alunos do 2\u00ba ano criam produtos com material recicl\u00e1vel - Col\u00e9gio Sepam\" \/>\n<meta property=\"og:description\" content=\"Uma imagem vale mais do que mil palavras. Com esta premissa, que introduziu o conte\u00fado sobre o g\u00eanero textual propaganda, as turmas do 2\u00ba ano do Ensino Fundamental, sob a orienta\u00e7\u00e3o das professoras Amanda Coelho, Amanda Swiench dos Anjos, Flavia Starke e Franciele Matoso, criaram um produto utilizando material recicl\u00e1vel. Mas n\u00e3o foi somente isso. [&hellip;]\" \/>\n<meta property=\"og:url\" content=\"https:\/\/sepam.com.br\/pt\/alunos-do-2o-ano-criam-produtos-com-material-reciclavel\/\" \/>\n<meta property=\"og:site_name\" content=\"Col\u00e9gio Sepam\" \/>\n<meta property=\"article:published_time\" content=\"2025-08-28T13:47:15+00:00\" \/>\n<meta property=\"article:modified_time\" content=\"2025-11-24T13:53:36+00:00\" \/>\n<meta name=\"author\" content=\"Sepam\" \/>\n<meta name=\"twitter:card\" content=\"summary_large_image\" \/>\n<meta name=\"twitter:label1\" content=\"Escrito por\" \/>\n\t<meta name=\"twitter:data1\" content=\"Sepam\" \/>\n\t<meta name=\"twitter:label2\" content=\"Est. tempo de leitura\" \/>\n\t<meta name=\"twitter:data2\" content=\"2 minutos\" \/>\n<script type=\"application\/ld+json\" class=\"yoast-schema-graph\">{\"@context\":\"https:\\\/\\\/schema.org\",\"@graph\":[{\"@type\":\"Article\",\"@id\":\"https:\\\/\\\/sepam.com.br\\\/pt\\\/alunos-do-2o-ano-criam-produtos-com-material-reciclavel\\\/#article\",\"isPartOf\":{\"@id\":\"https:\\\/\\\/sepam.com.br\\\/pt\\\/alunos-do-2o-ano-criam-produtos-com-material-reciclavel\\\/\"},\"author\":{\"name\":\"Sepam\",\"@id\":\"https:\\\/\\\/sepam.com.br\\\/#\\\/schema\\\/person\\\/bfa2996c649a5a6d822766f6e64eb7fd\"},\"headline\":\"Alunos do 2\u00ba ano criam produtos com material recicl\u00e1vel\",\"datePublished\":\"2025-08-28T13:47:15+00:00\",\"dateModified\":\"2025-11-24T13:53:36+00:00\",\"mainEntityOfPage\":{\"@id\":\"https:\\\/\\\/sepam.com.br\\\/pt\\\/alunos-do-2o-ano-criam-produtos-com-material-reciclavel\\\/\"},\"wordCount\":366,\"commentCount\":0,\"publisher\":{\"@id\":\"https:\\\/\\\/sepam.com.br\\\/#organization\"},\"articleSection\":[\"Colegio Sepam\"],\"inLanguage\":\"pt-BR\",\"potentialAction\":[{\"@type\":\"CommentAction\",\"name\":\"Comment\",\"target\":[\"https:\\\/\\\/sepam.com.br\\\/pt\\\/alunos-do-2o-ano-criam-produtos-com-material-reciclavel\\\/#respond\"]}]},{\"@type\":\"WebPage\",\"@id\":\"https:\\\/\\\/sepam.com.br\\\/pt\\\/alunos-do-2o-ano-criam-produtos-com-material-reciclavel\\\/\",\"url\":\"https:\\\/\\\/sepam.com.br\\\/pt\\\/alunos-do-2o-ano-criam-produtos-com-material-reciclavel\\\/\",\"name\":\"Alunos do 2\u00ba ano criam produtos com material recicl\u00e1vel - Col\u00e9gio Sepam\",\"isPartOf\":{\"@id\":\"https:\\\/\\\/sepam.com.br\\\/#website\"},\"datePublished\":\"2025-08-28T13:47:15+00:00\",\"dateModified\":\"2025-11-24T13:53:36+00:00\",\"breadcrumb\":{\"@id\":\"https:\\\/\\\/sepam.com.br\\\/pt\\\/alunos-do-2o-ano-criam-produtos-com-material-reciclavel\\\/#breadcrumb\"},\"inLanguage\":\"pt-BR\",\"potentialAction\":[{\"@type\":\"ReadAction\",\"target\":[\"https:\\\/\\\/sepam.com.br\\\/pt\\\/alunos-do-2o-ano-criam-produtos-com-material-reciclavel\\\/\"]}]},{\"@type\":\"BreadcrumbList\",\"@id\":\"https:\\\/\\\/sepam.com.br\\\/pt\\\/alunos-do-2o-ano-criam-produtos-com-material-reciclavel\\\/#breadcrumb\",\"itemListElement\":[{\"@type\":\"ListItem\",\"position\":1,\"name\":\"In\u00edcio\",\"item\":\"https:\\\/\\\/sepam.com.br\\\/\"},{\"@type\":\"ListItem\",\"position\":2,\"name\":\"Alunos do 2\u00ba ano criam produtos com material recicl\u00e1vel\"}]},{\"@type\":\"WebSite\",\"@id\":\"https:\\\/\\\/sepam.com.br\\\/#website\",\"url\":\"https:\\\/\\\/sepam.com.br\\\/\",\"name\":\"Col\u00e9gio Sepam\",\"description\":\"Ensino Incompar\u00e1vel\",\"publisher\":{\"@id\":\"https:\\\/\\\/sepam.com.br\\\/#organization\"},\"potentialAction\":[{\"@type\":\"SearchAction\",\"target\":{\"@type\":\"EntryPoint\",\"urlTemplate\":\"https:\\\/\\\/sepam.com.br\\\/?s={search_term_string}\"},\"query-input\":{\"@type\":\"PropertyValueSpecification\",\"valueRequired\":true,\"valueName\":\"search_term_string\"}}],\"inLanguage\":\"pt-BR\"},{\"@type\":\"Organization\",\"@id\":\"https:\\\/\\\/sepam.com.br\\\/#organization\",\"name\":\"Col\u00e9gio Sepam\",\"url\":\"https:\\\/\\\/sepam.com.br\\\/\",\"logo\":{\"@type\":\"ImageObject\",\"inLanguage\":\"pt-BR\",\"@id\":\"https:\\\/\\\/sepam.com.br\\\/#\\\/schema\\\/logo\\\/image\\\/\",\"url\":\"https:\\\/\\\/sepam.com.br\\\/wp-content\\\/uploads\\\/2025\\\/02\\\/Ativo-2.png\",\"contentUrl\":\"https:\\\/\\\/sepam.com.br\\\/wp-content\\\/uploads\\\/2025\\\/02\\\/Ativo-2.png\",\"width\":595,\"height\":525,\"caption\":\"Col\u00e9gio Sepam\"},\"image\":{\"@id\":\"https:\\\/\\\/sepam.com.br\\\/#\\\/schema\\\/logo\\\/image\\\/\"}},{\"@type\":\"Person\",\"@id\":\"https:\\\/\\\/sepam.com.br\\\/#\\\/schema\\\/person\\\/bfa2996c649a5a6d822766f6e64eb7fd\",\"name\":\"Sepam\",\"image\":{\"@type\":\"ImageObject\",\"inLanguage\":\"pt-BR\",\"@id\":\"https:\\\/\\\/secure.gravatar.com\\\/avatar\\\/0219e64664f5861998ad57a3432eb4bd5fd99a34c7cc9bc44b3c59dfb830db85?s=96&d=mm&r=g\",\"url\":\"https:\\\/\\\/secure.gravatar.com\\\/avatar\\\/0219e64664f5861998ad57a3432eb4bd5fd99a34c7cc9bc44b3c59dfb830db85?s=96&d=mm&r=g\",\"contentUrl\":\"https:\\\/\\\/secure.gravatar.com\\\/avatar\\\/0219e64664f5861998ad57a3432eb4bd5fd99a34c7cc9bc44b3c59dfb830db85?s=96&d=mm&r=g\",\"caption\":\"Sepam\"},\"url\":\"https:\\\/\\\/sepam.com.br\\\/pt\\\/author\\\/sepam\\\/\"}]}<\/script>\n<!-- \/ Yoast SEO plugin. -->","yoast_head_json":{"title":"Alunos do 2\u00ba ano criam produtos com material recicl\u00e1vel - Col\u00e9gio Sepam","robots":{"index":"index","follow":"follow","max-snippet":"max-snippet:-1","max-image-preview":"max-image-preview:large","max-video-preview":"max-video-preview:-1"},"canonical":"https:\/\/sepam.com.br\/pt\/alunos-do-2o-ano-criam-produtos-com-material-reciclavel\/","og_locale":"pt_BR","og_type":"article","og_title":"Alunos do 2\u00ba ano criam produtos com material recicl\u00e1vel - Col\u00e9gio Sepam","og_description":"Uma imagem vale mais do que mil palavras. Com esta premissa, que introduziu o conte\u00fado sobre o g\u00eanero textual propaganda, as turmas do 2\u00ba ano do Ensino Fundamental, sob a orienta\u00e7\u00e3o das professoras Amanda Coelho, Amanda Swiench dos Anjos, Flavia Starke e Franciele Matoso, criaram um produto utilizando material recicl\u00e1vel. Mas n\u00e3o foi somente isso. [&hellip;]","og_url":"https:\/\/sepam.com.br\/pt\/alunos-do-2o-ano-criam-produtos-com-material-reciclavel\/","og_site_name":"Col\u00e9gio Sepam","article_published_time":"2025-08-28T13:47:15+00:00","article_modified_time":"2025-11-24T13:53:36+00:00","author":"Sepam","twitter_card":"summary_large_image","twitter_misc":{"Escrito por":"Sepam","Est. tempo de leitura":"2 minutos"},"schema":{"@context":"https:\/\/schema.org","@graph":[{"@type":"Article","@id":"https:\/\/sepam.com.br\/pt\/alunos-do-2o-ano-criam-produtos-com-material-reciclavel\/#article","isPartOf":{"@id":"https:\/\/sepam.com.br\/pt\/alunos-do-2o-ano-criam-produtos-com-material-reciclavel\/"},"author":{"name":"Sepam","@id":"https:\/\/sepam.com.br\/#\/schema\/person\/bfa2996c649a5a6d822766f6e64eb7fd"},"headline":"Alunos do 2\u00ba ano criam produtos com material recicl\u00e1vel","datePublished":"2025-08-28T13:47:15+00:00","dateModified":"2025-11-24T13:53:36+00:00","mainEntityOfPage":{"@id":"https:\/\/sepam.com.br\/pt\/alunos-do-2o-ano-criam-produtos-com-material-reciclavel\/"},"wordCount":366,"commentCount":0,"publisher":{"@id":"https:\/\/sepam.com.br\/#organization"},"articleSection":["Colegio Sepam"],"inLanguage":"pt-BR","potentialAction":[{"@type":"CommentAction","name":"Comment","target":["https:\/\/sepam.com.br\/pt\/alunos-do-2o-ano-criam-produtos-com-material-reciclavel\/#respond"]}]},{"@type":"WebPage","@id":"https:\/\/sepam.com.br\/pt\/alunos-do-2o-ano-criam-produtos-com-material-reciclavel\/","url":"https:\/\/sepam.com.br\/pt\/alunos-do-2o-ano-criam-produtos-com-material-reciclavel\/","name":"Alunos do 2\u00ba ano criam produtos com material recicl\u00e1vel - Col\u00e9gio Sepam","isPartOf":{"@id":"https:\/\/sepam.com.br\/#website"},"datePublished":"2025-08-28T13:47:15+00:00","dateModified":"2025-11-24T13:53:36+00:00","breadcrumb":{"@id":"https:\/\/sepam.com.br\/pt\/alunos-do-2o-ano-criam-produtos-com-material-reciclavel\/#breadcrumb"},"inLanguage":"pt-BR","potentialAction":[{"@type":"ReadAction","target":["https:\/\/sepam.com.br\/pt\/alunos-do-2o-ano-criam-produtos-com-material-reciclavel\/"]}]},{"@type":"BreadcrumbList","@id":"https:\/\/sepam.com.br\/pt\/alunos-do-2o-ano-criam-produtos-com-material-reciclavel\/#breadcrumb","itemListElement":[{"@type":"ListItem","position":1,"name":"In\u00edcio","item":"https:\/\/sepam.com.br\/"},{"@type":"ListItem","position":2,"name":"Alunos do 2\u00ba ano criam produtos com material recicl\u00e1vel"}]},{"@type":"WebSite","@id":"https:\/\/sepam.com.br\/#website","url":"https:\/\/sepam.com.br\/","name":"Col\u00e9gio Sepam","description":"Ensino Incompar\u00e1vel","publisher":{"@id":"https:\/\/sepam.com.br\/#organization"},"potentialAction":[{"@type":"SearchAction","target":{"@type":"EntryPoint","urlTemplate":"https:\/\/sepam.com.br\/?s={search_term_string}"},"query-input":{"@type":"PropertyValueSpecification","valueRequired":true,"valueName":"search_term_string"}}],"inLanguage":"pt-BR"},{"@type":"Organization","@id":"https:\/\/sepam.com.br\/#organization","name":"Col\u00e9gio Sepam","url":"https:\/\/sepam.com.br\/","logo":{"@type":"ImageObject","inLanguage":"pt-BR","@id":"https:\/\/sepam.com.br\/#\/schema\/logo\/image\/","url":"https:\/\/sepam.com.br\/wp-content\/uploads\/2025\/02\/Ativo-2.png","contentUrl":"https:\/\/sepam.com.br\/wp-content\/uploads\/2025\/02\/Ativo-2.png","width":595,"height":525,"caption":"Col\u00e9gio Sepam"},"image":{"@id":"https:\/\/sepam.com.br\/#\/schema\/logo\/image\/"}},{"@type":"Person","@id":"https:\/\/sepam.com.br\/#\/schema\/person\/bfa2996c649a5a6d822766f6e64eb7fd","name":"Sepam","image":{"@type":"ImageObject","inLanguage":"pt-BR","@id":"https:\/\/secure.gravatar.com\/avatar\/0219e64664f5861998ad57a3432eb4bd5fd99a34c7cc9bc44b3c59dfb830db85?s=96&d=mm&r=g","url":"https:\/\/secure.gravatar.com\/avatar\/0219e64664f5861998ad57a3432eb4bd5fd99a34c7cc9bc44b3c59dfb830db85?s=96&d=mm&r=g","contentUrl":"https:\/\/secure.gravatar.com\/avatar\/0219e64664f5861998ad57a3432eb4bd5fd99a34c7cc9bc44b3c59dfb830db85?s=96&d=mm&r=g","caption":"Sepam"},"url":"https:\/\/sepam.com.br\/pt\/author\/sepam\/"}]}},"_links":{"self":[{"href":"https:\/\/sepam.com.br\/pt\/wp-json\/wp\/v2\/posts\/6944","targetHints":{"allow":["GET"]}}],"collection":[{"href":"https:\/\/sepam.com.br\/pt\/wp-json\/wp\/v2\/posts"}],"about":[{"href":"https:\/\/sepam.com.br\/pt\/wp-json\/wp\/v2\/types\/post"}],"author":[{"embeddable":true,"href":"https:\/\/sepam.com.br\/pt\/wp-json\/wp\/v2\/users\/13"}],"replies":[{"embeddable":true,"href":"https:\/\/sepam.com.br\/pt\/wp-json\/wp\/v2\/comments?post=6944"}],"version-history":[{"count":1,"href":"https:\/\/sepam.com.br\/pt\/wp-json\/wp\/v2\/posts\/6944\/revisions"}],"predecessor-version":[{"id":7408,"href":"https:\/\/sepam.com.br\/pt\/wp-json\/wp\/v2\/posts\/6944\/revisions\/7408"}],"wp:attachment":[{"href":"https:\/\/sepam.com.br\/pt\/wp-json\/wp\/v2\/media?parent=6944"}],"wp:term":[{"taxonomy":"category","embeddable":true,"href":"https:\/\/sepam.com.br\/pt\/wp-json\/wp\/v2\/categories?post=6944"},{"taxonomy":"post_tag","embeddable":true,"href":"https:\/\/sepam.com.br\/pt\/wp-json\/wp\/v2\/tags?post=6944"}],"curies":[{"name":"wp","href":"https:\/\/api.w.org\/{rel}","templated":true}]}}