{"id":6939,"date":"2025-08-28T10:47:15","date_gmt":"2025-08-28T13:47:15","guid":{"rendered":"https:\/\/dev.alisonandrei.com.br\/noticia\/alunos-e-professoras-do-sepam-participam-de-encontro-de-matematica\/"},"modified":"2025-11-24T10:53:36","modified_gmt":"2025-11-24T13:53:36","slug":"alunos-e-professoras-do-sepam-participam-de-encontro-de-matematica","status":"publish","type":"post","link":"https:\/\/sepam.com.br\/pt\/alunos-e-professoras-do-sepam-participam-de-encontro-de-matematica\/","title":{"rendered":"Alunos e professoras do SEPAM participam de encontro de Matem\u00e1tica"},"content":{"rendered":"<p>No dia 10 de novembro os alunos Francisco Galv\u00e3o Coloda, Valentina Ferraz Vargas e Maria Eduarda Schmidt Werlang, do 6\u00ba ano, e Laura Moscardi Mill\u00e9o, do 7\u00ba ano, junto com as professoras de Matem\u00e1tica do Col\u00e9gio Sepam, Fernanda Fetzer e Fernanda Hennipman, participaram do 2\u00ba Encontro Regional PR03 do Programa de Inicia\u00e7\u00e3o Cient\u00edfica JR (PIC), do Programa OBMEP na Escola (ONE) e do Programa Ol\u00edmpico de Treinamento Intensivo (Poti). O encontro \u00e9 o fechamento desses programas desenvolvidos ao longo de 2018 em escolas p\u00fablicas e privadas.<\/p>\n<p>Os alunos que participam desse tipo de atividade \u00e9 porque gostam da Matem\u00e1tica e, sobretudo, gostam de estudar Matem\u00e1tica. \u201cEles estavam l\u00e1 porque queriam estar, os olhinhos brilhando, estavam entusiasmados e aproveitaram muito. O encontro tamb\u00e9m nos trouxe ideias para trabalhar dentro do Col\u00e9gio&#8221;, conta a professora Fernanda Fetzer.<\/p>\n<p>Para a aluna Valentina, a oficina de origami conduzida por alunos da gradua\u00e7\u00e3o de Matem\u00e1tica da UEPG e a gincana de charadas foram as melhores. \u201cT\u00ednhamos que responder de acordo com o que aprendemos com as professoras em sala de aula. Aplicamos o nosso conhecimento\u201d, enfatiza.<\/p>\n<p>Maria Eduarda comenta sobre o jogo Boole \u2013 desenvolve a capacidade de racioc\u00ednio l\u00f3gico por meio de hist\u00f3rias constru\u00eddas sobre estruturas l\u00f3gico-matem\u00e1ticas, sob a forma de enigmas ou problemas. \u201cO jogo come\u00e7a no n\u00edvel f\u00e1cil, e eu consegui ir at\u00e9 o \u00faltimo n\u00edvel. As atividades me deixaram estimulada a aprender mais e conhecer mais projetos que existem evolvendo a Matem\u00e1tica\u201d, diz.<\/p>\n<p>Laura e Francisco destacam ainda a Matem\u00e1gica e ressaltaram que o melhor do encontro foi ter contato com a pr\u00e1tica da Matem\u00e1tica de forma divertida e criativa.<\/p>\n<p>Em eventos como esse os alunos podem ver a aplica\u00e7\u00e3o da Matem\u00e1tica de uma forma mais l\u00fadica, por meio de jogos, situa\u00e7\u00f5es desafiadoras e que envolvem racioc\u00ednio l\u00f3gico. \u201c A participa\u00e7\u00e3o dos nossos alunos me surpreendeu, pois eles aproveitaram ao m\u00e1ximo cada oficina e ficaram muito entusiasmados em realiz\u00e1-las. Eles puderam ter contato com situa\u00e7\u00f5es que j\u00e1 conheciam, mas nem imaginavam que envolvia a Matem\u00e1tica. Com toda certeza, o encontro fez com que eles se interessassem ainda mais por projetos que envolvem a disciplina\u201d, comenta a professora Fernanda Hennipman.<\/p>\n<p>O encontro, realizado no Audit\u00f3rio do PDE e na Central de Salas do Campus de Uvaranas da Universidade Estadual de Ponta Grossa (UEPG) reuniu mais de quatrocentos participantes de: Ponta Grossa, Palmeira, Castro, Guarapuava, Pato Branco, Iva\u00ed e Irati.<\/p>\n","protected":false},"excerpt":{"rendered":"<p>No dia 10 de novembro os alunos Francisco Galv\u00e3o Coloda, Valentina Ferraz Vargas e Maria Eduarda Schmidt Werlang, do 6\u00ba ano, e Laura Moscardi Mill\u00e9o, do 7\u00ba ano, junto com as professoras de Matem\u00e1tica do Col\u00e9gio Sepam, Fernanda Fetzer e Fernanda Hennipman, participaram do 2\u00ba Encontro Regional PR03 do Programa de Inicia\u00e7\u00e3o Cient\u00edfica JR (PIC), [&hellip;]<\/p>\n","protected":false},"author":13,"featured_media":0,"comment_status":"open","ping_status":"open","sticky":false,"template":"","format":"standard","meta":{"footnotes":""},"categories":[21],"tags":[],"class_list":["post-6939","post","type-post","status-publish","format-standard","hentry","category-colegio-sepam"],"yoast_head":"<!-- This site is optimized with the Yoast SEO plugin v28.4 - https:\/\/yoast.com\/product\/yoast-seo-wordpress\/ -->\n<title>Alunos e professoras do SEPAM participam de encontro de Matem\u00e1tica - Col\u00e9gio Sepam<\/title>\n<meta name=\"robots\" content=\"index, follow, max-snippet:-1, max-image-preview:large, max-video-preview:-1\" \/>\n<link rel=\"canonical\" href=\"https:\/\/sepam.com.br\/pt\/alunos-e-professoras-do-sepam-participam-de-encontro-de-matematica\/\" \/>\n<meta property=\"og:locale\" content=\"pt_BR\" \/>\n<meta property=\"og:type\" content=\"article\" \/>\n<meta property=\"og:title\" content=\"Alunos e professoras do SEPAM participam de encontro de Matem\u00e1tica - Col\u00e9gio Sepam\" \/>\n<meta property=\"og:description\" content=\"No dia 10 de novembro os alunos Francisco Galv\u00e3o Coloda, Valentina Ferraz Vargas e Maria Eduarda Schmidt Werlang, do 6\u00ba ano, e Laura Moscardi Mill\u00e9o, do 7\u00ba ano, junto com as professoras de Matem\u00e1tica do Col\u00e9gio Sepam, Fernanda Fetzer e Fernanda Hennipman, participaram do 2\u00ba Encontro Regional PR03 do Programa de Inicia\u00e7\u00e3o Cient\u00edfica JR (PIC), [&hellip;]\" \/>\n<meta property=\"og:url\" content=\"https:\/\/sepam.com.br\/pt\/alunos-e-professoras-do-sepam-participam-de-encontro-de-matematica\/\" \/>\n<meta property=\"og:site_name\" content=\"Col\u00e9gio Sepam\" \/>\n<meta property=\"article:published_time\" content=\"2025-08-28T13:47:15+00:00\" \/>\n<meta property=\"article:modified_time\" content=\"2025-11-24T13:53:36+00:00\" \/>\n<meta name=\"author\" content=\"Sepam\" \/>\n<meta name=\"twitter:card\" content=\"summary_large_image\" \/>\n<meta name=\"twitter:label1\" content=\"Escrito por\" \/>\n\t<meta name=\"twitter:data1\" content=\"Sepam\" \/>\n\t<meta name=\"twitter:label2\" content=\"Est. tempo de leitura\" \/>\n\t<meta name=\"twitter:data2\" content=\"2 minutos\" \/>\n<script type=\"application\/ld+json\" class=\"yoast-schema-graph\">{\"@context\":\"https:\\\/\\\/schema.org\",\"@graph\":[{\"@type\":\"Article\",\"@id\":\"https:\\\/\\\/sepam.com.br\\\/pt\\\/alunos-e-professoras-do-sepam-participam-de-encontro-de-matematica\\\/#article\",\"isPartOf\":{\"@id\":\"https:\\\/\\\/sepam.com.br\\\/pt\\\/alunos-e-professoras-do-sepam-participam-de-encontro-de-matematica\\\/\"},\"author\":{\"name\":\"Sepam\",\"@id\":\"https:\\\/\\\/sepam.com.br\\\/#\\\/schema\\\/person\\\/bfa2996c649a5a6d822766f6e64eb7fd\"},\"headline\":\"Alunos e professoras do SEPAM participam de encontro de Matem\u00e1tica\",\"datePublished\":\"2025-08-28T13:47:15+00:00\",\"dateModified\":\"2025-11-24T13:53:36+00:00\",\"mainEntityOfPage\":{\"@id\":\"https:\\\/\\\/sepam.com.br\\\/pt\\\/alunos-e-professoras-do-sepam-participam-de-encontro-de-matematica\\\/\"},\"wordCount\":440,\"commentCount\":0,\"publisher\":{\"@id\":\"https:\\\/\\\/sepam.com.br\\\/#organization\"},\"articleSection\":[\"Colegio Sepam\"],\"inLanguage\":\"pt-BR\",\"potentialAction\":[{\"@type\":\"CommentAction\",\"name\":\"Comment\",\"target\":[\"https:\\\/\\\/sepam.com.br\\\/pt\\\/alunos-e-professoras-do-sepam-participam-de-encontro-de-matematica\\\/#respond\"]}]},{\"@type\":\"WebPage\",\"@id\":\"https:\\\/\\\/sepam.com.br\\\/pt\\\/alunos-e-professoras-do-sepam-participam-de-encontro-de-matematica\\\/\",\"url\":\"https:\\\/\\\/sepam.com.br\\\/pt\\\/alunos-e-professoras-do-sepam-participam-de-encontro-de-matematica\\\/\",\"name\":\"Alunos e professoras do SEPAM participam de encontro de Matem\u00e1tica - Col\u00e9gio Sepam\",\"isPartOf\":{\"@id\":\"https:\\\/\\\/sepam.com.br\\\/#website\"},\"datePublished\":\"2025-08-28T13:47:15+00:00\",\"dateModified\":\"2025-11-24T13:53:36+00:00\",\"breadcrumb\":{\"@id\":\"https:\\\/\\\/sepam.com.br\\\/pt\\\/alunos-e-professoras-do-sepam-participam-de-encontro-de-matematica\\\/#breadcrumb\"},\"inLanguage\":\"pt-BR\",\"potentialAction\":[{\"@type\":\"ReadAction\",\"target\":[\"https:\\\/\\\/sepam.com.br\\\/pt\\\/alunos-e-professoras-do-sepam-participam-de-encontro-de-matematica\\\/\"]}]},{\"@type\":\"BreadcrumbList\",\"@id\":\"https:\\\/\\\/sepam.com.br\\\/pt\\\/alunos-e-professoras-do-sepam-participam-de-encontro-de-matematica\\\/#breadcrumb\",\"itemListElement\":[{\"@type\":\"ListItem\",\"position\":1,\"name\":\"In\u00edcio\",\"item\":\"https:\\\/\\\/sepam.com.br\\\/\"},{\"@type\":\"ListItem\",\"position\":2,\"name\":\"Alunos e professoras do SEPAM participam de encontro de Matem\u00e1tica\"}]},{\"@type\":\"WebSite\",\"@id\":\"https:\\\/\\\/sepam.com.br\\\/#website\",\"url\":\"https:\\\/\\\/sepam.com.br\\\/\",\"name\":\"Col\u00e9gio Sepam\",\"description\":\"Ensino Incompar\u00e1vel\",\"publisher\":{\"@id\":\"https:\\\/\\\/sepam.com.br\\\/#organization\"},\"potentialAction\":[{\"@type\":\"SearchAction\",\"target\":{\"@type\":\"EntryPoint\",\"urlTemplate\":\"https:\\\/\\\/sepam.com.br\\\/?s={search_term_string}\"},\"query-input\":{\"@type\":\"PropertyValueSpecification\",\"valueRequired\":true,\"valueName\":\"search_term_string\"}}],\"inLanguage\":\"pt-BR\"},{\"@type\":\"Organization\",\"@id\":\"https:\\\/\\\/sepam.com.br\\\/#organization\",\"name\":\"Col\u00e9gio Sepam\",\"url\":\"https:\\\/\\\/sepam.com.br\\\/\",\"logo\":{\"@type\":\"ImageObject\",\"inLanguage\":\"pt-BR\",\"@id\":\"https:\\\/\\\/sepam.com.br\\\/#\\\/schema\\\/logo\\\/image\\\/\",\"url\":\"https:\\\/\\\/sepam.com.br\\\/wp-content\\\/uploads\\\/2025\\\/02\\\/Ativo-2.png\",\"contentUrl\":\"https:\\\/\\\/sepam.com.br\\\/wp-content\\\/uploads\\\/2025\\\/02\\\/Ativo-2.png\",\"width\":595,\"height\":525,\"caption\":\"Col\u00e9gio Sepam\"},\"image\":{\"@id\":\"https:\\\/\\\/sepam.com.br\\\/#\\\/schema\\\/logo\\\/image\\\/\"}},{\"@type\":\"Person\",\"@id\":\"https:\\\/\\\/sepam.com.br\\\/#\\\/schema\\\/person\\\/bfa2996c649a5a6d822766f6e64eb7fd\",\"name\":\"Sepam\",\"image\":{\"@type\":\"ImageObject\",\"inLanguage\":\"pt-BR\",\"@id\":\"https:\\\/\\\/secure.gravatar.com\\\/avatar\\\/0219e64664f5861998ad57a3432eb4bd5fd99a34c7cc9bc44b3c59dfb830db85?s=96&d=mm&r=g\",\"url\":\"https:\\\/\\\/secure.gravatar.com\\\/avatar\\\/0219e64664f5861998ad57a3432eb4bd5fd99a34c7cc9bc44b3c59dfb830db85?s=96&d=mm&r=g\",\"contentUrl\":\"https:\\\/\\\/secure.gravatar.com\\\/avatar\\\/0219e64664f5861998ad57a3432eb4bd5fd99a34c7cc9bc44b3c59dfb830db85?s=96&d=mm&r=g\",\"caption\":\"Sepam\"},\"url\":\"https:\\\/\\\/sepam.com.br\\\/pt\\\/author\\\/sepam\\\/\"}]}<\/script>\n<!-- \/ Yoast SEO plugin. -->","yoast_head_json":{"title":"Alunos e professoras do SEPAM participam de encontro de Matem\u00e1tica - Col\u00e9gio Sepam","robots":{"index":"index","follow":"follow","max-snippet":"max-snippet:-1","max-image-preview":"max-image-preview:large","max-video-preview":"max-video-preview:-1"},"canonical":"https:\/\/sepam.com.br\/pt\/alunos-e-professoras-do-sepam-participam-de-encontro-de-matematica\/","og_locale":"pt_BR","og_type":"article","og_title":"Alunos e professoras do SEPAM participam de encontro de Matem\u00e1tica - Col\u00e9gio Sepam","og_description":"No dia 10 de novembro os alunos Francisco Galv\u00e3o Coloda, Valentina Ferraz Vargas e Maria Eduarda Schmidt Werlang, do 6\u00ba ano, e Laura Moscardi Mill\u00e9o, do 7\u00ba ano, junto com as professoras de Matem\u00e1tica do Col\u00e9gio Sepam, Fernanda Fetzer e Fernanda Hennipman, participaram do 2\u00ba Encontro Regional PR03 do Programa de Inicia\u00e7\u00e3o Cient\u00edfica JR (PIC), [&hellip;]","og_url":"https:\/\/sepam.com.br\/pt\/alunos-e-professoras-do-sepam-participam-de-encontro-de-matematica\/","og_site_name":"Col\u00e9gio Sepam","article_published_time":"2025-08-28T13:47:15+00:00","article_modified_time":"2025-11-24T13:53:36+00:00","author":"Sepam","twitter_card":"summary_large_image","twitter_misc":{"Escrito por":"Sepam","Est. tempo de leitura":"2 minutos"},"schema":{"@context":"https:\/\/schema.org","@graph":[{"@type":"Article","@id":"https:\/\/sepam.com.br\/pt\/alunos-e-professoras-do-sepam-participam-de-encontro-de-matematica\/#article","isPartOf":{"@id":"https:\/\/sepam.com.br\/pt\/alunos-e-professoras-do-sepam-participam-de-encontro-de-matematica\/"},"author":{"name":"Sepam","@id":"https:\/\/sepam.com.br\/#\/schema\/person\/bfa2996c649a5a6d822766f6e64eb7fd"},"headline":"Alunos e professoras do SEPAM participam de encontro de Matem\u00e1tica","datePublished":"2025-08-28T13:47:15+00:00","dateModified":"2025-11-24T13:53:36+00:00","mainEntityOfPage":{"@id":"https:\/\/sepam.com.br\/pt\/alunos-e-professoras-do-sepam-participam-de-encontro-de-matematica\/"},"wordCount":440,"commentCount":0,"publisher":{"@id":"https:\/\/sepam.com.br\/#organization"},"articleSection":["Colegio Sepam"],"inLanguage":"pt-BR","potentialAction":[{"@type":"CommentAction","name":"Comment","target":["https:\/\/sepam.com.br\/pt\/alunos-e-professoras-do-sepam-participam-de-encontro-de-matematica\/#respond"]}]},{"@type":"WebPage","@id":"https:\/\/sepam.com.br\/pt\/alunos-e-professoras-do-sepam-participam-de-encontro-de-matematica\/","url":"https:\/\/sepam.com.br\/pt\/alunos-e-professoras-do-sepam-participam-de-encontro-de-matematica\/","name":"Alunos e professoras do SEPAM participam de encontro de Matem\u00e1tica - Col\u00e9gio Sepam","isPartOf":{"@id":"https:\/\/sepam.com.br\/#website"},"datePublished":"2025-08-28T13:47:15+00:00","dateModified":"2025-11-24T13:53:36+00:00","breadcrumb":{"@id":"https:\/\/sepam.com.br\/pt\/alunos-e-professoras-do-sepam-participam-de-encontro-de-matematica\/#breadcrumb"},"inLanguage":"pt-BR","potentialAction":[{"@type":"ReadAction","target":["https:\/\/sepam.com.br\/pt\/alunos-e-professoras-do-sepam-participam-de-encontro-de-matematica\/"]}]},{"@type":"BreadcrumbList","@id":"https:\/\/sepam.com.br\/pt\/alunos-e-professoras-do-sepam-participam-de-encontro-de-matematica\/#breadcrumb","itemListElement":[{"@type":"ListItem","position":1,"name":"In\u00edcio","item":"https:\/\/sepam.com.br\/"},{"@type":"ListItem","position":2,"name":"Alunos e professoras do SEPAM participam de encontro de Matem\u00e1tica"}]},{"@type":"WebSite","@id":"https:\/\/sepam.com.br\/#website","url":"https:\/\/sepam.com.br\/","name":"Col\u00e9gio Sepam","description":"Ensino Incompar\u00e1vel","publisher":{"@id":"https:\/\/sepam.com.br\/#organization"},"potentialAction":[{"@type":"SearchAction","target":{"@type":"EntryPoint","urlTemplate":"https:\/\/sepam.com.br\/?s={search_term_string}"},"query-input":{"@type":"PropertyValueSpecification","valueRequired":true,"valueName":"search_term_string"}}],"inLanguage":"pt-BR"},{"@type":"Organization","@id":"https:\/\/sepam.com.br\/#organization","name":"Col\u00e9gio Sepam","url":"https:\/\/sepam.com.br\/","logo":{"@type":"ImageObject","inLanguage":"pt-BR","@id":"https:\/\/sepam.com.br\/#\/schema\/logo\/image\/","url":"https:\/\/sepam.com.br\/wp-content\/uploads\/2025\/02\/Ativo-2.png","contentUrl":"https:\/\/sepam.com.br\/wp-content\/uploads\/2025\/02\/Ativo-2.png","width":595,"height":525,"caption":"Col\u00e9gio Sepam"},"image":{"@id":"https:\/\/sepam.com.br\/#\/schema\/logo\/image\/"}},{"@type":"Person","@id":"https:\/\/sepam.com.br\/#\/schema\/person\/bfa2996c649a5a6d822766f6e64eb7fd","name":"Sepam","image":{"@type":"ImageObject","inLanguage":"pt-BR","@id":"https:\/\/secure.gravatar.com\/avatar\/0219e64664f5861998ad57a3432eb4bd5fd99a34c7cc9bc44b3c59dfb830db85?s=96&d=mm&r=g","url":"https:\/\/secure.gravatar.com\/avatar\/0219e64664f5861998ad57a3432eb4bd5fd99a34c7cc9bc44b3c59dfb830db85?s=96&d=mm&r=g","contentUrl":"https:\/\/secure.gravatar.com\/avatar\/0219e64664f5861998ad57a3432eb4bd5fd99a34c7cc9bc44b3c59dfb830db85?s=96&d=mm&r=g","caption":"Sepam"},"url":"https:\/\/sepam.com.br\/pt\/author\/sepam\/"}]}},"_links":{"self":[{"href":"https:\/\/sepam.com.br\/pt\/wp-json\/wp\/v2\/posts\/6939","targetHints":{"allow":["GET"]}}],"collection":[{"href":"https:\/\/sepam.com.br\/pt\/wp-json\/wp\/v2\/posts"}],"about":[{"href":"https:\/\/sepam.com.br\/pt\/wp-json\/wp\/v2\/types\/post"}],"author":[{"embeddable":true,"href":"https:\/\/sepam.com.br\/pt\/wp-json\/wp\/v2\/users\/13"}],"replies":[{"embeddable":true,"href":"https:\/\/sepam.com.br\/pt\/wp-json\/wp\/v2\/comments?post=6939"}],"version-history":[{"count":1,"href":"https:\/\/sepam.com.br\/pt\/wp-json\/wp\/v2\/posts\/6939\/revisions"}],"predecessor-version":[{"id":7403,"href":"https:\/\/sepam.com.br\/pt\/wp-json\/wp\/v2\/posts\/6939\/revisions\/7403"}],"wp:attachment":[{"href":"https:\/\/sepam.com.br\/pt\/wp-json\/wp\/v2\/media?parent=6939"}],"wp:term":[{"taxonomy":"category","embeddable":true,"href":"https:\/\/sepam.com.br\/pt\/wp-json\/wp\/v2\/categories?post=6939"},{"taxonomy":"post_tag","embeddable":true,"href":"https:\/\/sepam.com.br\/pt\/wp-json\/wp\/v2\/tags?post=6939"}],"curies":[{"name":"wp","href":"https:\/\/api.w.org\/{rel}","templated":true}]}}