{"id":6938,"date":"2025-08-28T10:47:15","date_gmt":"2025-08-28T13:47:15","guid":{"rendered":"https:\/\/dev.alisonandrei.com.br\/noticia\/sepam-e-marista-realizam-a-10a-edicao-do-gymfest\/"},"modified":"2025-11-24T10:53:36","modified_gmt":"2025-11-24T13:53:36","slug":"sepam-e-marista-realizam-a-10a-edicao-do-gymfest","status":"publish","type":"post","link":"https:\/\/sepam.com.br\/pt\/sepam-e-marista-realizam-a-10a-edicao-do-gymfest\/","title":{"rendered":"Sepam e Marista realizam a 10\u00aa edi\u00e7\u00e3o do GymFest"},"content":{"rendered":"<p><em>Festival de Gin\u00e1stica visa divulgar a modalidade <\/em><\/p>\n<p>Neste s\u00e1bado (10) acontece a 10\u00aa edi\u00e7\u00e3o do GymFest, Festival de Gin\u00e1stica R\u00edtmica e Art\u00edstica realizado em parceria pelo Col\u00e9gio Sepam e o Marista Pio XII. Em 2018 ginastas do Infantil V ao Ensino M\u00e9dio do Sepam ir\u00e3o se apresentar. Al\u00e9m dos anfitri\u00f5es, atletas do Col\u00e9gio Integra\u00e7\u00e3o tamb\u00e9m participam do festival.\u00a0 O evento, que \u00e9 aberto ao p\u00fablico e inicia \u00e0s 16h, vai reunir 220 participantes no Gin\u00e1sio Osni Vilaca Mogruel, em Ponta Grossa.<\/p>\n<p>O objetivo do festival \u00e9 apresentar a gin\u00e1stica de uma forma mais descontra\u00edda, com coreografias, figurinos e m\u00fasicas livres. O GymFest tem participa\u00e7\u00e3o de atletas nos n\u00edveis competitivo e iniciante.<\/p>\n<p>A professora de gin\u00e1stica do Sepam, Erica Canesim, conta que as ginastas j\u00e1 est\u00e3o preparadas para o festival. \u201cElas est\u00e3o empolgadas e ansiosas, pois \u00e9 um evento muito esperado, no qual elas podem mostrar ao p\u00fablico tudo aquilo que v\u00eam praticando durante os treinamentos\u201d, conta.<\/p>\n<p>Desde 2002, o Sepam oferta aulas de gin\u00e1stica r\u00edtmica para crian\u00e7as a partir do Infantil V. Em 2018, as atletas conquistaram v\u00e1rias medalhas na Copa Escolar, em Marialva (PR):\u00a0 1\u00ba lugar geral na categoria Juvenil; 1\u00ba lugar na modalidade Equipe na categoria Juvenil; 2\u00ba lugar na modalidade Equipe nas categorias Infantil e Mirim; e 3\u00ba lugar na modalidade Conjunto nas categorias Pr\u00e9-Infantil e Infantil.<\/p>\n<p><strong>Servi\u00e7o:<\/strong><\/p>\n<p><strong>GymFest<\/strong><\/p>\n<p>Data: 10\/11<\/p>\n<p>Hora: 16h<\/p>\n<p>Entrada: gratuita<\/p>\n<p>Local: Gin\u00e1sio de Esportes do Col\u00e9gio Sepam &#8211; esquina das ruas Santos Dumont e Francisco B\u00farzio<\/p>\n<p>&nbsp;<\/p>\n","protected":false},"excerpt":{"rendered":"<p>Festival de Gin\u00e1stica visa divulgar a modalidade Neste s\u00e1bado (10) acontece a 10\u00aa edi\u00e7\u00e3o do GymFest, Festival de Gin\u00e1stica R\u00edtmica e Art\u00edstica realizado em parceria pelo Col\u00e9gio Sepam e o Marista Pio XII. Em 2018 ginastas do Infantil V ao Ensino M\u00e9dio do Sepam ir\u00e3o se apresentar. Al\u00e9m dos anfitri\u00f5es, atletas do Col\u00e9gio Integra\u00e7\u00e3o tamb\u00e9m [&hellip;]<\/p>\n","protected":false},"author":13,"featured_media":0,"comment_status":"open","ping_status":"open","sticky":false,"template":"","format":"standard","meta":{"footnotes":""},"categories":[21],"tags":[],"class_list":["post-6938","post","type-post","status-publish","format-standard","hentry","category-colegio-sepam"],"yoast_head":"<!-- This site is optimized with the Yoast SEO plugin v28.4 - https:\/\/yoast.com\/product\/yoast-seo-wordpress\/ -->\n<title>Sepam e Marista realizam a 10\u00aa edi\u00e7\u00e3o do GymFest - Col\u00e9gio Sepam<\/title>\n<meta name=\"robots\" content=\"index, follow, max-snippet:-1, max-image-preview:large, max-video-preview:-1\" \/>\n<link rel=\"canonical\" href=\"https:\/\/sepam.com.br\/pt\/sepam-e-marista-realizam-a-10a-edicao-do-gymfest\/\" \/>\n<meta property=\"og:locale\" content=\"pt_BR\" \/>\n<meta property=\"og:type\" content=\"article\" \/>\n<meta property=\"og:title\" content=\"Sepam e Marista realizam a 10\u00aa edi\u00e7\u00e3o do GymFest - Col\u00e9gio Sepam\" \/>\n<meta property=\"og:description\" content=\"Festival de Gin\u00e1stica visa divulgar a modalidade Neste s\u00e1bado (10) acontece a 10\u00aa edi\u00e7\u00e3o do GymFest, Festival de Gin\u00e1stica R\u00edtmica e Art\u00edstica realizado em parceria pelo Col\u00e9gio Sepam e o Marista Pio XII. Em 2018 ginastas do Infantil V ao Ensino M\u00e9dio do Sepam ir\u00e3o se apresentar. Al\u00e9m dos anfitri\u00f5es, atletas do Col\u00e9gio Integra\u00e7\u00e3o tamb\u00e9m [&hellip;]\" \/>\n<meta property=\"og:url\" content=\"https:\/\/sepam.com.br\/pt\/sepam-e-marista-realizam-a-10a-edicao-do-gymfest\/\" \/>\n<meta property=\"og:site_name\" content=\"Col\u00e9gio Sepam\" \/>\n<meta property=\"article:published_time\" content=\"2025-08-28T13:47:15+00:00\" \/>\n<meta property=\"article:modified_time\" content=\"2025-11-24T13:53:36+00:00\" \/>\n<meta name=\"author\" content=\"Sepam\" \/>\n<meta name=\"twitter:card\" content=\"summary_large_image\" \/>\n<meta name=\"twitter:label1\" content=\"Escrito por\" \/>\n\t<meta name=\"twitter:data1\" content=\"Sepam\" \/>\n\t<meta name=\"twitter:label2\" content=\"Est. tempo de leitura\" \/>\n\t<meta name=\"twitter:data2\" content=\"1 minuto\" \/>\n<script type=\"application\/ld+json\" class=\"yoast-schema-graph\">{\"@context\":\"https:\\\/\\\/schema.org\",\"@graph\":[{\"@type\":\"Article\",\"@id\":\"https:\\\/\\\/sepam.com.br\\\/pt\\\/sepam-e-marista-realizam-a-10a-edicao-do-gymfest\\\/#article\",\"isPartOf\":{\"@id\":\"https:\\\/\\\/sepam.com.br\\\/pt\\\/sepam-e-marista-realizam-a-10a-edicao-do-gymfest\\\/\"},\"author\":{\"name\":\"Sepam\",\"@id\":\"https:\\\/\\\/sepam.com.br\\\/#\\\/schema\\\/person\\\/bfa2996c649a5a6d822766f6e64eb7fd\"},\"headline\":\"Sepam e Marista realizam a 10\u00aa edi\u00e7\u00e3o do GymFest\",\"datePublished\":\"2025-08-28T13:47:15+00:00\",\"dateModified\":\"2025-11-24T13:53:36+00:00\",\"mainEntityOfPage\":{\"@id\":\"https:\\\/\\\/sepam.com.br\\\/pt\\\/sepam-e-marista-realizam-a-10a-edicao-do-gymfest\\\/\"},\"wordCount\":275,\"commentCount\":0,\"publisher\":{\"@id\":\"https:\\\/\\\/sepam.com.br\\\/#organization\"},\"articleSection\":[\"Colegio Sepam\"],\"inLanguage\":\"pt-BR\",\"potentialAction\":[{\"@type\":\"CommentAction\",\"name\":\"Comment\",\"target\":[\"https:\\\/\\\/sepam.com.br\\\/pt\\\/sepam-e-marista-realizam-a-10a-edicao-do-gymfest\\\/#respond\"]}]},{\"@type\":\"WebPage\",\"@id\":\"https:\\\/\\\/sepam.com.br\\\/pt\\\/sepam-e-marista-realizam-a-10a-edicao-do-gymfest\\\/\",\"url\":\"https:\\\/\\\/sepam.com.br\\\/pt\\\/sepam-e-marista-realizam-a-10a-edicao-do-gymfest\\\/\",\"name\":\"Sepam e Marista realizam a 10\u00aa edi\u00e7\u00e3o do GymFest - Col\u00e9gio Sepam\",\"isPartOf\":{\"@id\":\"https:\\\/\\\/sepam.com.br\\\/#website\"},\"datePublished\":\"2025-08-28T13:47:15+00:00\",\"dateModified\":\"2025-11-24T13:53:36+00:00\",\"breadcrumb\":{\"@id\":\"https:\\\/\\\/sepam.com.br\\\/pt\\\/sepam-e-marista-realizam-a-10a-edicao-do-gymfest\\\/#breadcrumb\"},\"inLanguage\":\"pt-BR\",\"potentialAction\":[{\"@type\":\"ReadAction\",\"target\":[\"https:\\\/\\\/sepam.com.br\\\/pt\\\/sepam-e-marista-realizam-a-10a-edicao-do-gymfest\\\/\"]}]},{\"@type\":\"BreadcrumbList\",\"@id\":\"https:\\\/\\\/sepam.com.br\\\/pt\\\/sepam-e-marista-realizam-a-10a-edicao-do-gymfest\\\/#breadcrumb\",\"itemListElement\":[{\"@type\":\"ListItem\",\"position\":1,\"name\":\"In\u00edcio\",\"item\":\"https:\\\/\\\/sepam.com.br\\\/\"},{\"@type\":\"ListItem\",\"position\":2,\"name\":\"Sepam e Marista realizam a 10\u00aa edi\u00e7\u00e3o do GymFest\"}]},{\"@type\":\"WebSite\",\"@id\":\"https:\\\/\\\/sepam.com.br\\\/#website\",\"url\":\"https:\\\/\\\/sepam.com.br\\\/\",\"name\":\"Col\u00e9gio Sepam\",\"description\":\"Ensino Incompar\u00e1vel\",\"publisher\":{\"@id\":\"https:\\\/\\\/sepam.com.br\\\/#organization\"},\"potentialAction\":[{\"@type\":\"SearchAction\",\"target\":{\"@type\":\"EntryPoint\",\"urlTemplate\":\"https:\\\/\\\/sepam.com.br\\\/?s={search_term_string}\"},\"query-input\":{\"@type\":\"PropertyValueSpecification\",\"valueRequired\":true,\"valueName\":\"search_term_string\"}}],\"inLanguage\":\"pt-BR\"},{\"@type\":\"Organization\",\"@id\":\"https:\\\/\\\/sepam.com.br\\\/#organization\",\"name\":\"Col\u00e9gio Sepam\",\"url\":\"https:\\\/\\\/sepam.com.br\\\/\",\"logo\":{\"@type\":\"ImageObject\",\"inLanguage\":\"pt-BR\",\"@id\":\"https:\\\/\\\/sepam.com.br\\\/#\\\/schema\\\/logo\\\/image\\\/\",\"url\":\"https:\\\/\\\/sepam.com.br\\\/wp-content\\\/uploads\\\/2025\\\/02\\\/Ativo-2.png\",\"contentUrl\":\"https:\\\/\\\/sepam.com.br\\\/wp-content\\\/uploads\\\/2025\\\/02\\\/Ativo-2.png\",\"width\":595,\"height\":525,\"caption\":\"Col\u00e9gio Sepam\"},\"image\":{\"@id\":\"https:\\\/\\\/sepam.com.br\\\/#\\\/schema\\\/logo\\\/image\\\/\"}},{\"@type\":\"Person\",\"@id\":\"https:\\\/\\\/sepam.com.br\\\/#\\\/schema\\\/person\\\/bfa2996c649a5a6d822766f6e64eb7fd\",\"name\":\"Sepam\",\"image\":{\"@type\":\"ImageObject\",\"inLanguage\":\"pt-BR\",\"@id\":\"https:\\\/\\\/secure.gravatar.com\\\/avatar\\\/0219e64664f5861998ad57a3432eb4bd5fd99a34c7cc9bc44b3c59dfb830db85?s=96&d=mm&r=g\",\"url\":\"https:\\\/\\\/secure.gravatar.com\\\/avatar\\\/0219e64664f5861998ad57a3432eb4bd5fd99a34c7cc9bc44b3c59dfb830db85?s=96&d=mm&r=g\",\"contentUrl\":\"https:\\\/\\\/secure.gravatar.com\\\/avatar\\\/0219e64664f5861998ad57a3432eb4bd5fd99a34c7cc9bc44b3c59dfb830db85?s=96&d=mm&r=g\",\"caption\":\"Sepam\"},\"url\":\"https:\\\/\\\/sepam.com.br\\\/pt\\\/author\\\/sepam\\\/\"}]}<\/script>\n<!-- \/ Yoast SEO plugin. -->","yoast_head_json":{"title":"Sepam e Marista realizam a 10\u00aa edi\u00e7\u00e3o do GymFest - Col\u00e9gio Sepam","robots":{"index":"index","follow":"follow","max-snippet":"max-snippet:-1","max-image-preview":"max-image-preview:large","max-video-preview":"max-video-preview:-1"},"canonical":"https:\/\/sepam.com.br\/pt\/sepam-e-marista-realizam-a-10a-edicao-do-gymfest\/","og_locale":"pt_BR","og_type":"article","og_title":"Sepam e Marista realizam a 10\u00aa edi\u00e7\u00e3o do GymFest - Col\u00e9gio Sepam","og_description":"Festival de Gin\u00e1stica visa divulgar a modalidade Neste s\u00e1bado (10) acontece a 10\u00aa edi\u00e7\u00e3o do GymFest, Festival de Gin\u00e1stica R\u00edtmica e Art\u00edstica realizado em parceria pelo Col\u00e9gio Sepam e o Marista Pio XII. Em 2018 ginastas do Infantil V ao Ensino M\u00e9dio do Sepam ir\u00e3o se apresentar. Al\u00e9m dos anfitri\u00f5es, atletas do Col\u00e9gio Integra\u00e7\u00e3o tamb\u00e9m [&hellip;]","og_url":"https:\/\/sepam.com.br\/pt\/sepam-e-marista-realizam-a-10a-edicao-do-gymfest\/","og_site_name":"Col\u00e9gio Sepam","article_published_time":"2025-08-28T13:47:15+00:00","article_modified_time":"2025-11-24T13:53:36+00:00","author":"Sepam","twitter_card":"summary_large_image","twitter_misc":{"Escrito por":"Sepam","Est. tempo de leitura":"1 minuto"},"schema":{"@context":"https:\/\/schema.org","@graph":[{"@type":"Article","@id":"https:\/\/sepam.com.br\/pt\/sepam-e-marista-realizam-a-10a-edicao-do-gymfest\/#article","isPartOf":{"@id":"https:\/\/sepam.com.br\/pt\/sepam-e-marista-realizam-a-10a-edicao-do-gymfest\/"},"author":{"name":"Sepam","@id":"https:\/\/sepam.com.br\/#\/schema\/person\/bfa2996c649a5a6d822766f6e64eb7fd"},"headline":"Sepam e Marista realizam a 10\u00aa edi\u00e7\u00e3o do GymFest","datePublished":"2025-08-28T13:47:15+00:00","dateModified":"2025-11-24T13:53:36+00:00","mainEntityOfPage":{"@id":"https:\/\/sepam.com.br\/pt\/sepam-e-marista-realizam-a-10a-edicao-do-gymfest\/"},"wordCount":275,"commentCount":0,"publisher":{"@id":"https:\/\/sepam.com.br\/#organization"},"articleSection":["Colegio Sepam"],"inLanguage":"pt-BR","potentialAction":[{"@type":"CommentAction","name":"Comment","target":["https:\/\/sepam.com.br\/pt\/sepam-e-marista-realizam-a-10a-edicao-do-gymfest\/#respond"]}]},{"@type":"WebPage","@id":"https:\/\/sepam.com.br\/pt\/sepam-e-marista-realizam-a-10a-edicao-do-gymfest\/","url":"https:\/\/sepam.com.br\/pt\/sepam-e-marista-realizam-a-10a-edicao-do-gymfest\/","name":"Sepam e Marista realizam a 10\u00aa edi\u00e7\u00e3o do GymFest - Col\u00e9gio Sepam","isPartOf":{"@id":"https:\/\/sepam.com.br\/#website"},"datePublished":"2025-08-28T13:47:15+00:00","dateModified":"2025-11-24T13:53:36+00:00","breadcrumb":{"@id":"https:\/\/sepam.com.br\/pt\/sepam-e-marista-realizam-a-10a-edicao-do-gymfest\/#breadcrumb"},"inLanguage":"pt-BR","potentialAction":[{"@type":"ReadAction","target":["https:\/\/sepam.com.br\/pt\/sepam-e-marista-realizam-a-10a-edicao-do-gymfest\/"]}]},{"@type":"BreadcrumbList","@id":"https:\/\/sepam.com.br\/pt\/sepam-e-marista-realizam-a-10a-edicao-do-gymfest\/#breadcrumb","itemListElement":[{"@type":"ListItem","position":1,"name":"In\u00edcio","item":"https:\/\/sepam.com.br\/"},{"@type":"ListItem","position":2,"name":"Sepam e Marista realizam a 10\u00aa edi\u00e7\u00e3o do GymFest"}]},{"@type":"WebSite","@id":"https:\/\/sepam.com.br\/#website","url":"https:\/\/sepam.com.br\/","name":"Col\u00e9gio Sepam","description":"Ensino Incompar\u00e1vel","publisher":{"@id":"https:\/\/sepam.com.br\/#organization"},"potentialAction":[{"@type":"SearchAction","target":{"@type":"EntryPoint","urlTemplate":"https:\/\/sepam.com.br\/?s={search_term_string}"},"query-input":{"@type":"PropertyValueSpecification","valueRequired":true,"valueName":"search_term_string"}}],"inLanguage":"pt-BR"},{"@type":"Organization","@id":"https:\/\/sepam.com.br\/#organization","name":"Col\u00e9gio Sepam","url":"https:\/\/sepam.com.br\/","logo":{"@type":"ImageObject","inLanguage":"pt-BR","@id":"https:\/\/sepam.com.br\/#\/schema\/logo\/image\/","url":"https:\/\/sepam.com.br\/wp-content\/uploads\/2025\/02\/Ativo-2.png","contentUrl":"https:\/\/sepam.com.br\/wp-content\/uploads\/2025\/02\/Ativo-2.png","width":595,"height":525,"caption":"Col\u00e9gio Sepam"},"image":{"@id":"https:\/\/sepam.com.br\/#\/schema\/logo\/image\/"}},{"@type":"Person","@id":"https:\/\/sepam.com.br\/#\/schema\/person\/bfa2996c649a5a6d822766f6e64eb7fd","name":"Sepam","image":{"@type":"ImageObject","inLanguage":"pt-BR","@id":"https:\/\/secure.gravatar.com\/avatar\/0219e64664f5861998ad57a3432eb4bd5fd99a34c7cc9bc44b3c59dfb830db85?s=96&d=mm&r=g","url":"https:\/\/secure.gravatar.com\/avatar\/0219e64664f5861998ad57a3432eb4bd5fd99a34c7cc9bc44b3c59dfb830db85?s=96&d=mm&r=g","contentUrl":"https:\/\/secure.gravatar.com\/avatar\/0219e64664f5861998ad57a3432eb4bd5fd99a34c7cc9bc44b3c59dfb830db85?s=96&d=mm&r=g","caption":"Sepam"},"url":"https:\/\/sepam.com.br\/pt\/author\/sepam\/"}]}},"_links":{"self":[{"href":"https:\/\/sepam.com.br\/pt\/wp-json\/wp\/v2\/posts\/6938","targetHints":{"allow":["GET"]}}],"collection":[{"href":"https:\/\/sepam.com.br\/pt\/wp-json\/wp\/v2\/posts"}],"about":[{"href":"https:\/\/sepam.com.br\/pt\/wp-json\/wp\/v2\/types\/post"}],"author":[{"embeddable":true,"href":"https:\/\/sepam.com.br\/pt\/wp-json\/wp\/v2\/users\/13"}],"replies":[{"embeddable":true,"href":"https:\/\/sepam.com.br\/pt\/wp-json\/wp\/v2\/comments?post=6938"}],"version-history":[{"count":1,"href":"https:\/\/sepam.com.br\/pt\/wp-json\/wp\/v2\/posts\/6938\/revisions"}],"predecessor-version":[{"id":7402,"href":"https:\/\/sepam.com.br\/pt\/wp-json\/wp\/v2\/posts\/6938\/revisions\/7402"}],"wp:attachment":[{"href":"https:\/\/sepam.com.br\/pt\/wp-json\/wp\/v2\/media?parent=6938"}],"wp:term":[{"taxonomy":"category","embeddable":true,"href":"https:\/\/sepam.com.br\/pt\/wp-json\/wp\/v2\/categories?post=6938"},{"taxonomy":"post_tag","embeddable":true,"href":"https:\/\/sepam.com.br\/pt\/wp-json\/wp\/v2\/tags?post=6938"}],"curies":[{"name":"wp","href":"https:\/\/api.w.org\/{rel}","templated":true}]}}