{"id":6933,"date":"2025-08-28T10:47:12","date_gmt":"2025-08-28T13:47:12","guid":{"rendered":"https:\/\/dev.alisonandrei.com.br\/noticia\/sepam-apresenta-segunda-edicao-do-projeto-literario-coletaneas\/"},"modified":"2025-11-24T10:53:37","modified_gmt":"2025-11-24T13:53:37","slug":"sepam-apresenta-segunda-edicao-do-projeto-literario-coletaneas","status":"publish","type":"post","link":"https:\/\/sepam.com.br\/pt\/sepam-apresenta-segunda-edicao-do-projeto-literario-coletaneas\/","title":{"rendered":"Sepam apresenta segunda edi\u00e7\u00e3o do Projeto Liter\u00e1rio Colet\u00e2neas"},"content":{"rendered":"<p><em>Evento reuniu mais de 650 pessoas em cerim\u00f4nia especial no Sal\u00e3o Majestoso do Clube Ponta Lagoa<\/em><\/p>\n<p>Aconteceu, na noite do dia 22 de outubro, a apresenta\u00e7\u00e3o da segunda edi\u00e7\u00e3o do Projeto Liter\u00e1rio Colet\u00e2neas Sepam. O evento reuniu mais de 650 pessoas entre pais, alunos e professores no Sal\u00e3o Majestoso do Clube Ponta Lagoa. Esse projeto, que tem como objetivo principal estimular os alunos \u00e0 pr\u00e1tica da leitura e da escrita, iniciou em 2017 com a publica\u00e7\u00e3o do livro \u201cColet\u00e2neas de Contos\u201d, com textos de 68 alunos do 8\u00ba ano. A edi\u00e7\u00e3o de 2018 abrangeu todo ensino fundamental II (do 6\u00ba ao 9\u00ba ano) &#8211; dez turmas, 296 alunos e sete professoras, resultando na publica\u00e7\u00e3o de cinco livros (tr\u00eas em portugu\u00eas e dois em ingl\u00eas).<\/p>\n<p>Os textos foram escritos durante o primeiro semestre nas aulas de Produ\u00e7\u00e3o de Texto em portugu\u00eas e em ingl\u00eas, sob a orienta\u00e7\u00e3o das professoras: Ana Caroline Cavanhari Neumann, Ana Marina Giebeluka, Jaqueline Zanluchi e Marcela Marabeli. O trabalho desenvolvido pelas professoras procurou integrar oralidade, escrita, estrutura textual e aspectos gramaticais. \u201cTemos o objetivo de despertar o gosto pela escrita, que os estudantes percebam que por meio dela podem registrar suas emo\u00e7\u00f5es e percep\u00e7\u00f5es de mundo. Al\u00e9m disso, esse projeto amplia o gosto pela leitura, permite que eles conhe\u00e7am melhor os idiomas, aumentem seu vocabul\u00e1rio e seu poder de argumenta\u00e7\u00e3o\u201d, explica a coordenadora pedag\u00f3gica geral do Sepam, S\u00f4nia Mongruel.<\/p>\n<p>As obras foram ilustradas pelos pr\u00f3prios alunos com supervis\u00e3o da professora de Artes, J\u00e9ssyka Fipke. A revis\u00e3o textual em portugu\u00eas foi realizada pela professora Yara Novatzki e em ingl\u00eas da professora Angelica Moreira Justo.<\/p>\n<p>Os livros est\u00e3o dispon\u00edveis em vers\u00e3o digital para download no site <a href=\"http:\/\/www.sepam.com.br\/fundamental-6o-ano-9o-ano\/\">http:\/\/www.sepam.com.br\/fundamental-6o-ano-9o-ano\/<\/a><\/p>\n<h3><strong>Cinco livros, muitos autores<\/strong><\/h3>\n<p>O livro \u201cLendas Adaptadas\u201d traz as produ\u00e7\u00f5es dos alunos do 6\u00ba ano, com a orienta\u00e7\u00e3o da professora Ana Marina Giebeluka, que foram imersos no universo das lendas (ind\u00edgenas, folcl\u00f3ricas, populares, urbanas, entre outras). O desafio foi recriar uma lenda inserindo elementos modernos \u00e0 narrativa.<\/p>\n<p>Os alunos do 7\u00ba ano, ap\u00f3s um trabalho intenso de estudo, com a orienta\u00e7\u00e3o da professora Ana Caroline Cavanhari Neumann escreveram Haikais (poemas curtos de origem japonesa).\u00a0 O poeta Kleber Bordinh\u00e3o teve uma participa\u00e7\u00e3o importante neste trabalho ao ministrar oficinas para os alunos e auxiliar na revis\u00e3o dos poemas.<\/p>\n<p>As turmas do 8\u00ba ano produziram dois livros. O primeiro deles, em portugu\u00eas, traz \u201cHist\u00f3rias de Fam\u00edlia\u201d. Sob a orienta\u00e7\u00e3o da professora Marcela Marabeli, os alunos foram estimulados a conversar com familiares e resgatar hist\u00f3rias emocionantes, engra\u00e7adas ou tristes, e recont\u00e1-las. Al\u00e9m disso, nas aulas de ingl\u00eas do Programa Bil\u00edngue do Sepam, com a orienta\u00e7\u00e3o da professora Jaqueline Zanluchi, eles escreveram o livro \u201cChronicles\u201d, o qual traz cr\u00f4nicas baseadas na obra \u201cRevolu\u00e7\u00e3o dos Bichos\u201d, de George Orwell.<\/p>\n<p>\u201cO projeto ficou popular entre os alunos, principalmente, porque o professor n\u00e3o ser\u00e1 o \u00fanico leitor do texto que eles escreveram. Somado a isso, o fato de o livro ser impresso e entregue aos pais incentiva uma grande participa\u00e7\u00e3o\u201d, explica a professora de L\u00edngua Portuguesa e de Produ\u00e7\u00e3o de Texto, Marcela.<\/p>\n<p>Por fim, as turmas do 9\u00ba ano produziram o livro \u201cDiary Pages\u201d, no qual escreveram p\u00e1ginas de um di\u00e1rio inspirados na famosa obra \u201cDi\u00e1rio de Anne Frank\u201d. \u201cPercebemos o esfor\u00e7o e a dedica\u00e7\u00e3o de todos. O fato dos textos serem publicados em um livro valorizou\u00a0muito o trabalho dos nossos alunos\u201d, conta a professora de Ingl\u00eas, Jaqueline Zanluchi.<\/p>\n<blockquote>\n<h4>Confira os registros do evento <a href=\"https:\/\/www.facebook.com\/206186396177585\/photos\/?tab=album&amp;album_id=1727053124090897\" target=\"_blank\" rel=\"noopener\">aqui<\/a>.<\/h4>\n<\/blockquote>\n","protected":false},"excerpt":{"rendered":"<p>Evento reuniu mais de 650 pessoas em cerim\u00f4nia especial no Sal\u00e3o Majestoso do Clube Ponta Lagoa Aconteceu, na noite do dia 22 de outubro, a apresenta\u00e7\u00e3o da segunda edi\u00e7\u00e3o do Projeto Liter\u00e1rio Colet\u00e2neas Sepam. O evento reuniu mais de 650 pessoas entre pais, alunos e professores no Sal\u00e3o Majestoso do Clube Ponta Lagoa. Esse projeto, [&hellip;]<\/p>\n","protected":false},"author":13,"featured_media":0,"comment_status":"open","ping_status":"open","sticky":false,"template":"","format":"standard","meta":{"footnotes":""},"categories":[21],"tags":[],"class_list":["post-6933","post","type-post","status-publish","format-standard","hentry","category-colegio-sepam"],"yoast_head":"<!-- This site is optimized with the Yoast SEO plugin v28.4 - https:\/\/yoast.com\/product\/yoast-seo-wordpress\/ -->\n<title>Sepam apresenta segunda edi\u00e7\u00e3o do Projeto Liter\u00e1rio Colet\u00e2neas - Col\u00e9gio Sepam<\/title>\n<meta name=\"robots\" content=\"index, follow, max-snippet:-1, max-image-preview:large, max-video-preview:-1\" \/>\n<link rel=\"canonical\" href=\"https:\/\/sepam.com.br\/pt\/sepam-apresenta-segunda-edicao-do-projeto-literario-coletaneas\/\" \/>\n<meta property=\"og:locale\" content=\"pt_BR\" \/>\n<meta property=\"og:type\" content=\"article\" \/>\n<meta property=\"og:title\" content=\"Sepam apresenta segunda edi\u00e7\u00e3o do Projeto Liter\u00e1rio Colet\u00e2neas - Col\u00e9gio Sepam\" \/>\n<meta property=\"og:description\" content=\"Evento reuniu mais de 650 pessoas em cerim\u00f4nia especial no Sal\u00e3o Majestoso do Clube Ponta Lagoa Aconteceu, na noite do dia 22 de outubro, a apresenta\u00e7\u00e3o da segunda edi\u00e7\u00e3o do Projeto Liter\u00e1rio Colet\u00e2neas Sepam. O evento reuniu mais de 650 pessoas entre pais, alunos e professores no Sal\u00e3o Majestoso do Clube Ponta Lagoa. Esse projeto, [&hellip;]\" \/>\n<meta property=\"og:url\" content=\"https:\/\/sepam.com.br\/pt\/sepam-apresenta-segunda-edicao-do-projeto-literario-coletaneas\/\" \/>\n<meta property=\"og:site_name\" content=\"Col\u00e9gio Sepam\" \/>\n<meta property=\"article:published_time\" content=\"2025-08-28T13:47:12+00:00\" \/>\n<meta property=\"article:modified_time\" content=\"2025-11-24T13:53:37+00:00\" \/>\n<meta name=\"author\" content=\"Sepam\" \/>\n<meta name=\"twitter:card\" content=\"summary_large_image\" \/>\n<meta name=\"twitter:label1\" content=\"Escrito por\" \/>\n\t<meta name=\"twitter:data1\" content=\"Sepam\" \/>\n\t<meta name=\"twitter:label2\" content=\"Est. tempo de leitura\" \/>\n\t<meta name=\"twitter:data2\" content=\"3 minutos\" \/>\n<script type=\"application\/ld+json\" class=\"yoast-schema-graph\">{\"@context\":\"https:\\\/\\\/schema.org\",\"@graph\":[{\"@type\":\"Article\",\"@id\":\"https:\\\/\\\/sepam.com.br\\\/pt\\\/sepam-apresenta-segunda-edicao-do-projeto-literario-coletaneas\\\/#article\",\"isPartOf\":{\"@id\":\"https:\\\/\\\/sepam.com.br\\\/pt\\\/sepam-apresenta-segunda-edicao-do-projeto-literario-coletaneas\\\/\"},\"author\":{\"name\":\"Sepam\",\"@id\":\"https:\\\/\\\/sepam.com.br\\\/#\\\/schema\\\/person\\\/bfa2996c649a5a6d822766f6e64eb7fd\"},\"headline\":\"Sepam apresenta segunda edi\u00e7\u00e3o do Projeto Liter\u00e1rio Colet\u00e2neas\",\"datePublished\":\"2025-08-28T13:47:12+00:00\",\"dateModified\":\"2025-11-24T13:53:37+00:00\",\"mainEntityOfPage\":{\"@id\":\"https:\\\/\\\/sepam.com.br\\\/pt\\\/sepam-apresenta-segunda-edicao-do-projeto-literario-coletaneas\\\/\"},\"wordCount\":637,\"commentCount\":0,\"publisher\":{\"@id\":\"https:\\\/\\\/sepam.com.br\\\/#organization\"},\"articleSection\":[\"Colegio Sepam\"],\"inLanguage\":\"pt-BR\",\"potentialAction\":[{\"@type\":\"CommentAction\",\"name\":\"Comment\",\"target\":[\"https:\\\/\\\/sepam.com.br\\\/pt\\\/sepam-apresenta-segunda-edicao-do-projeto-literario-coletaneas\\\/#respond\"]}]},{\"@type\":\"WebPage\",\"@id\":\"https:\\\/\\\/sepam.com.br\\\/pt\\\/sepam-apresenta-segunda-edicao-do-projeto-literario-coletaneas\\\/\",\"url\":\"https:\\\/\\\/sepam.com.br\\\/pt\\\/sepam-apresenta-segunda-edicao-do-projeto-literario-coletaneas\\\/\",\"name\":\"Sepam apresenta segunda edi\u00e7\u00e3o do Projeto Liter\u00e1rio Colet\u00e2neas - Col\u00e9gio Sepam\",\"isPartOf\":{\"@id\":\"https:\\\/\\\/sepam.com.br\\\/#website\"},\"datePublished\":\"2025-08-28T13:47:12+00:00\",\"dateModified\":\"2025-11-24T13:53:37+00:00\",\"breadcrumb\":{\"@id\":\"https:\\\/\\\/sepam.com.br\\\/pt\\\/sepam-apresenta-segunda-edicao-do-projeto-literario-coletaneas\\\/#breadcrumb\"},\"inLanguage\":\"pt-BR\",\"potentialAction\":[{\"@type\":\"ReadAction\",\"target\":[\"https:\\\/\\\/sepam.com.br\\\/pt\\\/sepam-apresenta-segunda-edicao-do-projeto-literario-coletaneas\\\/\"]}]},{\"@type\":\"BreadcrumbList\",\"@id\":\"https:\\\/\\\/sepam.com.br\\\/pt\\\/sepam-apresenta-segunda-edicao-do-projeto-literario-coletaneas\\\/#breadcrumb\",\"itemListElement\":[{\"@type\":\"ListItem\",\"position\":1,\"name\":\"In\u00edcio\",\"item\":\"https:\\\/\\\/sepam.com.br\\\/\"},{\"@type\":\"ListItem\",\"position\":2,\"name\":\"Sepam apresenta segunda edi\u00e7\u00e3o do Projeto Liter\u00e1rio Colet\u00e2neas\"}]},{\"@type\":\"WebSite\",\"@id\":\"https:\\\/\\\/sepam.com.br\\\/#website\",\"url\":\"https:\\\/\\\/sepam.com.br\\\/\",\"name\":\"Col\u00e9gio Sepam\",\"description\":\"Ensino Incompar\u00e1vel\",\"publisher\":{\"@id\":\"https:\\\/\\\/sepam.com.br\\\/#organization\"},\"potentialAction\":[{\"@type\":\"SearchAction\",\"target\":{\"@type\":\"EntryPoint\",\"urlTemplate\":\"https:\\\/\\\/sepam.com.br\\\/?s={search_term_string}\"},\"query-input\":{\"@type\":\"PropertyValueSpecification\",\"valueRequired\":true,\"valueName\":\"search_term_string\"}}],\"inLanguage\":\"pt-BR\"},{\"@type\":\"Organization\",\"@id\":\"https:\\\/\\\/sepam.com.br\\\/#organization\",\"name\":\"Col\u00e9gio Sepam\",\"url\":\"https:\\\/\\\/sepam.com.br\\\/\",\"logo\":{\"@type\":\"ImageObject\",\"inLanguage\":\"pt-BR\",\"@id\":\"https:\\\/\\\/sepam.com.br\\\/#\\\/schema\\\/logo\\\/image\\\/\",\"url\":\"https:\\\/\\\/sepam.com.br\\\/wp-content\\\/uploads\\\/2025\\\/02\\\/Ativo-2.png\",\"contentUrl\":\"https:\\\/\\\/sepam.com.br\\\/wp-content\\\/uploads\\\/2025\\\/02\\\/Ativo-2.png\",\"width\":595,\"height\":525,\"caption\":\"Col\u00e9gio Sepam\"},\"image\":{\"@id\":\"https:\\\/\\\/sepam.com.br\\\/#\\\/schema\\\/logo\\\/image\\\/\"}},{\"@type\":\"Person\",\"@id\":\"https:\\\/\\\/sepam.com.br\\\/#\\\/schema\\\/person\\\/bfa2996c649a5a6d822766f6e64eb7fd\",\"name\":\"Sepam\",\"image\":{\"@type\":\"ImageObject\",\"inLanguage\":\"pt-BR\",\"@id\":\"https:\\\/\\\/secure.gravatar.com\\\/avatar\\\/0219e64664f5861998ad57a3432eb4bd5fd99a34c7cc9bc44b3c59dfb830db85?s=96&d=mm&r=g\",\"url\":\"https:\\\/\\\/secure.gravatar.com\\\/avatar\\\/0219e64664f5861998ad57a3432eb4bd5fd99a34c7cc9bc44b3c59dfb830db85?s=96&d=mm&r=g\",\"contentUrl\":\"https:\\\/\\\/secure.gravatar.com\\\/avatar\\\/0219e64664f5861998ad57a3432eb4bd5fd99a34c7cc9bc44b3c59dfb830db85?s=96&d=mm&r=g\",\"caption\":\"Sepam\"},\"url\":\"https:\\\/\\\/sepam.com.br\\\/pt\\\/author\\\/sepam\\\/\"}]}<\/script>\n<!-- \/ Yoast SEO plugin. -->","yoast_head_json":{"title":"Sepam apresenta segunda edi\u00e7\u00e3o do Projeto Liter\u00e1rio Colet\u00e2neas - Col\u00e9gio Sepam","robots":{"index":"index","follow":"follow","max-snippet":"max-snippet:-1","max-image-preview":"max-image-preview:large","max-video-preview":"max-video-preview:-1"},"canonical":"https:\/\/sepam.com.br\/pt\/sepam-apresenta-segunda-edicao-do-projeto-literario-coletaneas\/","og_locale":"pt_BR","og_type":"article","og_title":"Sepam apresenta segunda edi\u00e7\u00e3o do Projeto Liter\u00e1rio Colet\u00e2neas - Col\u00e9gio Sepam","og_description":"Evento reuniu mais de 650 pessoas em cerim\u00f4nia especial no Sal\u00e3o Majestoso do Clube Ponta Lagoa Aconteceu, na noite do dia 22 de outubro, a apresenta\u00e7\u00e3o da segunda edi\u00e7\u00e3o do Projeto Liter\u00e1rio Colet\u00e2neas Sepam. O evento reuniu mais de 650 pessoas entre pais, alunos e professores no Sal\u00e3o Majestoso do Clube Ponta Lagoa. Esse projeto, [&hellip;]","og_url":"https:\/\/sepam.com.br\/pt\/sepam-apresenta-segunda-edicao-do-projeto-literario-coletaneas\/","og_site_name":"Col\u00e9gio Sepam","article_published_time":"2025-08-28T13:47:12+00:00","article_modified_time":"2025-11-24T13:53:37+00:00","author":"Sepam","twitter_card":"summary_large_image","twitter_misc":{"Escrito por":"Sepam","Est. tempo de leitura":"3 minutos"},"schema":{"@context":"https:\/\/schema.org","@graph":[{"@type":"Article","@id":"https:\/\/sepam.com.br\/pt\/sepam-apresenta-segunda-edicao-do-projeto-literario-coletaneas\/#article","isPartOf":{"@id":"https:\/\/sepam.com.br\/pt\/sepam-apresenta-segunda-edicao-do-projeto-literario-coletaneas\/"},"author":{"name":"Sepam","@id":"https:\/\/sepam.com.br\/#\/schema\/person\/bfa2996c649a5a6d822766f6e64eb7fd"},"headline":"Sepam apresenta segunda edi\u00e7\u00e3o do Projeto Liter\u00e1rio Colet\u00e2neas","datePublished":"2025-08-28T13:47:12+00:00","dateModified":"2025-11-24T13:53:37+00:00","mainEntityOfPage":{"@id":"https:\/\/sepam.com.br\/pt\/sepam-apresenta-segunda-edicao-do-projeto-literario-coletaneas\/"},"wordCount":637,"commentCount":0,"publisher":{"@id":"https:\/\/sepam.com.br\/#organization"},"articleSection":["Colegio Sepam"],"inLanguage":"pt-BR","potentialAction":[{"@type":"CommentAction","name":"Comment","target":["https:\/\/sepam.com.br\/pt\/sepam-apresenta-segunda-edicao-do-projeto-literario-coletaneas\/#respond"]}]},{"@type":"WebPage","@id":"https:\/\/sepam.com.br\/pt\/sepam-apresenta-segunda-edicao-do-projeto-literario-coletaneas\/","url":"https:\/\/sepam.com.br\/pt\/sepam-apresenta-segunda-edicao-do-projeto-literario-coletaneas\/","name":"Sepam apresenta segunda edi\u00e7\u00e3o do Projeto Liter\u00e1rio Colet\u00e2neas - Col\u00e9gio Sepam","isPartOf":{"@id":"https:\/\/sepam.com.br\/#website"},"datePublished":"2025-08-28T13:47:12+00:00","dateModified":"2025-11-24T13:53:37+00:00","breadcrumb":{"@id":"https:\/\/sepam.com.br\/pt\/sepam-apresenta-segunda-edicao-do-projeto-literario-coletaneas\/#breadcrumb"},"inLanguage":"pt-BR","potentialAction":[{"@type":"ReadAction","target":["https:\/\/sepam.com.br\/pt\/sepam-apresenta-segunda-edicao-do-projeto-literario-coletaneas\/"]}]},{"@type":"BreadcrumbList","@id":"https:\/\/sepam.com.br\/pt\/sepam-apresenta-segunda-edicao-do-projeto-literario-coletaneas\/#breadcrumb","itemListElement":[{"@type":"ListItem","position":1,"name":"In\u00edcio","item":"https:\/\/sepam.com.br\/"},{"@type":"ListItem","position":2,"name":"Sepam apresenta segunda edi\u00e7\u00e3o do Projeto Liter\u00e1rio Colet\u00e2neas"}]},{"@type":"WebSite","@id":"https:\/\/sepam.com.br\/#website","url":"https:\/\/sepam.com.br\/","name":"Col\u00e9gio Sepam","description":"Ensino Incompar\u00e1vel","publisher":{"@id":"https:\/\/sepam.com.br\/#organization"},"potentialAction":[{"@type":"SearchAction","target":{"@type":"EntryPoint","urlTemplate":"https:\/\/sepam.com.br\/?s={search_term_string}"},"query-input":{"@type":"PropertyValueSpecification","valueRequired":true,"valueName":"search_term_string"}}],"inLanguage":"pt-BR"},{"@type":"Organization","@id":"https:\/\/sepam.com.br\/#organization","name":"Col\u00e9gio Sepam","url":"https:\/\/sepam.com.br\/","logo":{"@type":"ImageObject","inLanguage":"pt-BR","@id":"https:\/\/sepam.com.br\/#\/schema\/logo\/image\/","url":"https:\/\/sepam.com.br\/wp-content\/uploads\/2025\/02\/Ativo-2.png","contentUrl":"https:\/\/sepam.com.br\/wp-content\/uploads\/2025\/02\/Ativo-2.png","width":595,"height":525,"caption":"Col\u00e9gio Sepam"},"image":{"@id":"https:\/\/sepam.com.br\/#\/schema\/logo\/image\/"}},{"@type":"Person","@id":"https:\/\/sepam.com.br\/#\/schema\/person\/bfa2996c649a5a6d822766f6e64eb7fd","name":"Sepam","image":{"@type":"ImageObject","inLanguage":"pt-BR","@id":"https:\/\/secure.gravatar.com\/avatar\/0219e64664f5861998ad57a3432eb4bd5fd99a34c7cc9bc44b3c59dfb830db85?s=96&d=mm&r=g","url":"https:\/\/secure.gravatar.com\/avatar\/0219e64664f5861998ad57a3432eb4bd5fd99a34c7cc9bc44b3c59dfb830db85?s=96&d=mm&r=g","contentUrl":"https:\/\/secure.gravatar.com\/avatar\/0219e64664f5861998ad57a3432eb4bd5fd99a34c7cc9bc44b3c59dfb830db85?s=96&d=mm&r=g","caption":"Sepam"},"url":"https:\/\/sepam.com.br\/pt\/author\/sepam\/"}]}},"_links":{"self":[{"href":"https:\/\/sepam.com.br\/pt\/wp-json\/wp\/v2\/posts\/6933","targetHints":{"allow":["GET"]}}],"collection":[{"href":"https:\/\/sepam.com.br\/pt\/wp-json\/wp\/v2\/posts"}],"about":[{"href":"https:\/\/sepam.com.br\/pt\/wp-json\/wp\/v2\/types\/post"}],"author":[{"embeddable":true,"href":"https:\/\/sepam.com.br\/pt\/wp-json\/wp\/v2\/users\/13"}],"replies":[{"embeddable":true,"href":"https:\/\/sepam.com.br\/pt\/wp-json\/wp\/v2\/comments?post=6933"}],"version-history":[{"count":1,"href":"https:\/\/sepam.com.br\/pt\/wp-json\/wp\/v2\/posts\/6933\/revisions"}],"predecessor-version":[{"id":7437,"href":"https:\/\/sepam.com.br\/pt\/wp-json\/wp\/v2\/posts\/6933\/revisions\/7437"}],"wp:attachment":[{"href":"https:\/\/sepam.com.br\/pt\/wp-json\/wp\/v2\/media?parent=6933"}],"wp:term":[{"taxonomy":"category","embeddable":true,"href":"https:\/\/sepam.com.br\/pt\/wp-json\/wp\/v2\/categories?post=6933"},{"taxonomy":"post_tag","embeddable":true,"href":"https:\/\/sepam.com.br\/pt\/wp-json\/wp\/v2\/tags?post=6933"}],"curies":[{"name":"wp","href":"https:\/\/api.w.org\/{rel}","templated":true}]}}