{"id":6926,"date":"2025-08-28T10:47:12","date_gmt":"2025-08-28T13:47:12","guid":{"rendered":"https:\/\/dev.alisonandrei.com.br\/noticia\/sepam-traz-medalhas-da-copa-escolar-de-ginastica-ritmica\/"},"modified":"2025-11-24T10:53:37","modified_gmt":"2025-11-24T13:53:37","slug":"sepam-traz-medalhas-da-copa-escolar-de-ginastica-ritmica","status":"publish","type":"post","link":"https:\/\/sepam.com.br\/pt\/sepam-traz-medalhas-da-copa-escolar-de-ginastica-ritmica\/","title":{"rendered":"Sepam traz medalhas da Copa Escolar de Gin\u00e1stica R\u00edtmica"},"content":{"rendered":"<p><em>Campeonato aconteceu em Marialva, no norte do Paran\u00e1, o \u00faltimo fim de semana<\/em><\/p>\n<p>A equipe de Gin\u00e1stica R\u00edtmica do Col\u00e9gio Sepam retornou da Copa Escolar com medalhas de 1\u00ba, 2\u00ba e 3\u00ba lugares. O campeonato aconteceu em Marialva, no norte do Paran\u00e1, nos dias 29 e 30 de setembro.<\/p>\n<p>Segundo a treinadora do Sepam, \u00c9rica Canesim, a participa\u00e7\u00e3o da equipe foi produtiva. \u201cTrouxemos medalhas em todas as categorias e agora nos preparamos para o GinFest\u201d, conta. A delega\u00e7\u00e3o do Sepam competiu com 19 alunas, de 05 e 14 anos, nas categorias: mirim, pr\u00e9-infantil, infantil e juvenil em provas individuais (m\u00e3os livres) e de conjunto (m\u00e3os livres).<\/p>\n<p>Foram conquistadas medalhas de 1\u00ba lugar na prova individual por equipe, na categoria juvenil; 2\u00ba lugar na individual por equipe e 3\u00ba lugar em conjunto na categoria infanti; 3\u00ba lugar na prova de conjunto da categoria pr\u00e9-infantil; e o 2\u00ba lugar na prova individual por equipe na categoria mirim.<\/p>\n<p>Participaram da Copa Escolar de Gin\u00e1stica R\u00edtmica 18 escolas de todo o estado.<\/p>\n<p><strong>Atletas:<\/strong> Valentina Moro, Julia Dias Amaral, Isabela Gava, Renata Costa, Lav\u00ednia Santos, Ana Sofia Mazer, Manuela Lavale, Leticia Tinoco, Sophia Boch, Luana Medeiros, Lara Ceroni, Maria Clara Baggio, Gabriela do Carmo, Maria Luiza Dias, Isabelle Ribas, Maria Joana Bandil, La\u00eds Canesim, Isadora Camargo e Giovana Favarin.<\/p>\n<p><strong>Professoras:<\/strong> \u00c9rica Canesim, Verginia Uliana e Alissa Canesim<\/p>\n<p>&nbsp;<\/p>\n","protected":false},"excerpt":{"rendered":"<p>Campeonato aconteceu em Marialva, no norte do Paran\u00e1, o \u00faltimo fim de semana A equipe de Gin\u00e1stica R\u00edtmica do Col\u00e9gio Sepam retornou da Copa Escolar com medalhas de 1\u00ba, 2\u00ba e 3\u00ba lugares. O campeonato aconteceu em Marialva, no norte do Paran\u00e1, nos dias 29 e 30 de setembro. Segundo a treinadora do Sepam, \u00c9rica [&hellip;]<\/p>\n","protected":false},"author":13,"featured_media":0,"comment_status":"open","ping_status":"open","sticky":false,"template":"","format":"standard","meta":{"footnotes":""},"categories":[21],"tags":[],"class_list":["post-6926","post","type-post","status-publish","format-standard","hentry","category-colegio-sepam"],"yoast_head":"<!-- This site is optimized with the Yoast SEO plugin v28.4 - https:\/\/yoast.com\/product\/yoast-seo-wordpress\/ -->\n<title>Sepam traz medalhas da Copa Escolar de Gin\u00e1stica R\u00edtmica - Col\u00e9gio Sepam<\/title>\n<meta name=\"robots\" content=\"index, follow, max-snippet:-1, max-image-preview:large, max-video-preview:-1\" \/>\n<link rel=\"canonical\" href=\"https:\/\/sepam.com.br\/pt\/sepam-traz-medalhas-da-copa-escolar-de-ginastica-ritmica\/\" \/>\n<meta property=\"og:locale\" content=\"pt_BR\" \/>\n<meta property=\"og:type\" content=\"article\" \/>\n<meta property=\"og:title\" content=\"Sepam traz medalhas da Copa Escolar de Gin\u00e1stica R\u00edtmica - Col\u00e9gio Sepam\" \/>\n<meta property=\"og:description\" content=\"Campeonato aconteceu em Marialva, no norte do Paran\u00e1, o \u00faltimo fim de semana A equipe de Gin\u00e1stica R\u00edtmica do Col\u00e9gio Sepam retornou da Copa Escolar com medalhas de 1\u00ba, 2\u00ba e 3\u00ba lugares. O campeonato aconteceu em Marialva, no norte do Paran\u00e1, nos dias 29 e 30 de setembro. Segundo a treinadora do Sepam, \u00c9rica [&hellip;]\" \/>\n<meta property=\"og:url\" content=\"https:\/\/sepam.com.br\/pt\/sepam-traz-medalhas-da-copa-escolar-de-ginastica-ritmica\/\" \/>\n<meta property=\"og:site_name\" content=\"Col\u00e9gio Sepam\" \/>\n<meta property=\"article:published_time\" content=\"2025-08-28T13:47:12+00:00\" \/>\n<meta property=\"article:modified_time\" content=\"2025-11-24T13:53:37+00:00\" \/>\n<meta name=\"author\" content=\"Sepam\" \/>\n<meta name=\"twitter:card\" content=\"summary_large_image\" \/>\n<meta name=\"twitter:label1\" content=\"Escrito por\" \/>\n\t<meta name=\"twitter:data1\" content=\"Sepam\" \/>\n\t<meta name=\"twitter:label2\" content=\"Est. tempo de leitura\" \/>\n\t<meta name=\"twitter:data2\" content=\"1 minuto\" \/>\n<script type=\"application\/ld+json\" class=\"yoast-schema-graph\">{\"@context\":\"https:\\\/\\\/schema.org\",\"@graph\":[{\"@type\":\"Article\",\"@id\":\"https:\\\/\\\/sepam.com.br\\\/pt\\\/sepam-traz-medalhas-da-copa-escolar-de-ginastica-ritmica\\\/#article\",\"isPartOf\":{\"@id\":\"https:\\\/\\\/sepam.com.br\\\/pt\\\/sepam-traz-medalhas-da-copa-escolar-de-ginastica-ritmica\\\/\"},\"author\":{\"name\":\"Sepam\",\"@id\":\"https:\\\/\\\/sepam.com.br\\\/#\\\/schema\\\/person\\\/bfa2996c649a5a6d822766f6e64eb7fd\"},\"headline\":\"Sepam traz medalhas da Copa Escolar de Gin\u00e1stica R\u00edtmica\",\"datePublished\":\"2025-08-28T13:47:12+00:00\",\"dateModified\":\"2025-11-24T13:53:37+00:00\",\"mainEntityOfPage\":{\"@id\":\"https:\\\/\\\/sepam.com.br\\\/pt\\\/sepam-traz-medalhas-da-copa-escolar-de-ginastica-ritmica\\\/\"},\"wordCount\":233,\"commentCount\":0,\"publisher\":{\"@id\":\"https:\\\/\\\/sepam.com.br\\\/#organization\"},\"articleSection\":[\"Colegio Sepam\"],\"inLanguage\":\"pt-BR\",\"potentialAction\":[{\"@type\":\"CommentAction\",\"name\":\"Comment\",\"target\":[\"https:\\\/\\\/sepam.com.br\\\/pt\\\/sepam-traz-medalhas-da-copa-escolar-de-ginastica-ritmica\\\/#respond\"]}]},{\"@type\":\"WebPage\",\"@id\":\"https:\\\/\\\/sepam.com.br\\\/pt\\\/sepam-traz-medalhas-da-copa-escolar-de-ginastica-ritmica\\\/\",\"url\":\"https:\\\/\\\/sepam.com.br\\\/pt\\\/sepam-traz-medalhas-da-copa-escolar-de-ginastica-ritmica\\\/\",\"name\":\"Sepam traz medalhas da Copa Escolar de Gin\u00e1stica R\u00edtmica - Col\u00e9gio Sepam\",\"isPartOf\":{\"@id\":\"https:\\\/\\\/sepam.com.br\\\/#website\"},\"datePublished\":\"2025-08-28T13:47:12+00:00\",\"dateModified\":\"2025-11-24T13:53:37+00:00\",\"breadcrumb\":{\"@id\":\"https:\\\/\\\/sepam.com.br\\\/pt\\\/sepam-traz-medalhas-da-copa-escolar-de-ginastica-ritmica\\\/#breadcrumb\"},\"inLanguage\":\"pt-BR\",\"potentialAction\":[{\"@type\":\"ReadAction\",\"target\":[\"https:\\\/\\\/sepam.com.br\\\/pt\\\/sepam-traz-medalhas-da-copa-escolar-de-ginastica-ritmica\\\/\"]}]},{\"@type\":\"BreadcrumbList\",\"@id\":\"https:\\\/\\\/sepam.com.br\\\/pt\\\/sepam-traz-medalhas-da-copa-escolar-de-ginastica-ritmica\\\/#breadcrumb\",\"itemListElement\":[{\"@type\":\"ListItem\",\"position\":1,\"name\":\"In\u00edcio\",\"item\":\"https:\\\/\\\/sepam.com.br\\\/\"},{\"@type\":\"ListItem\",\"position\":2,\"name\":\"Sepam traz medalhas da Copa Escolar de Gin\u00e1stica R\u00edtmica\"}]},{\"@type\":\"WebSite\",\"@id\":\"https:\\\/\\\/sepam.com.br\\\/#website\",\"url\":\"https:\\\/\\\/sepam.com.br\\\/\",\"name\":\"Col\u00e9gio Sepam\",\"description\":\"Ensino Incompar\u00e1vel\",\"publisher\":{\"@id\":\"https:\\\/\\\/sepam.com.br\\\/#organization\"},\"potentialAction\":[{\"@type\":\"SearchAction\",\"target\":{\"@type\":\"EntryPoint\",\"urlTemplate\":\"https:\\\/\\\/sepam.com.br\\\/?s={search_term_string}\"},\"query-input\":{\"@type\":\"PropertyValueSpecification\",\"valueRequired\":true,\"valueName\":\"search_term_string\"}}],\"inLanguage\":\"pt-BR\"},{\"@type\":\"Organization\",\"@id\":\"https:\\\/\\\/sepam.com.br\\\/#organization\",\"name\":\"Col\u00e9gio Sepam\",\"url\":\"https:\\\/\\\/sepam.com.br\\\/\",\"logo\":{\"@type\":\"ImageObject\",\"inLanguage\":\"pt-BR\",\"@id\":\"https:\\\/\\\/sepam.com.br\\\/#\\\/schema\\\/logo\\\/image\\\/\",\"url\":\"https:\\\/\\\/sepam.com.br\\\/wp-content\\\/uploads\\\/2025\\\/02\\\/Ativo-2.png\",\"contentUrl\":\"https:\\\/\\\/sepam.com.br\\\/wp-content\\\/uploads\\\/2025\\\/02\\\/Ativo-2.png\",\"width\":595,\"height\":525,\"caption\":\"Col\u00e9gio Sepam\"},\"image\":{\"@id\":\"https:\\\/\\\/sepam.com.br\\\/#\\\/schema\\\/logo\\\/image\\\/\"}},{\"@type\":\"Person\",\"@id\":\"https:\\\/\\\/sepam.com.br\\\/#\\\/schema\\\/person\\\/bfa2996c649a5a6d822766f6e64eb7fd\",\"name\":\"Sepam\",\"image\":{\"@type\":\"ImageObject\",\"inLanguage\":\"pt-BR\",\"@id\":\"https:\\\/\\\/secure.gravatar.com\\\/avatar\\\/0219e64664f5861998ad57a3432eb4bd5fd99a34c7cc9bc44b3c59dfb830db85?s=96&d=mm&r=g\",\"url\":\"https:\\\/\\\/secure.gravatar.com\\\/avatar\\\/0219e64664f5861998ad57a3432eb4bd5fd99a34c7cc9bc44b3c59dfb830db85?s=96&d=mm&r=g\",\"contentUrl\":\"https:\\\/\\\/secure.gravatar.com\\\/avatar\\\/0219e64664f5861998ad57a3432eb4bd5fd99a34c7cc9bc44b3c59dfb830db85?s=96&d=mm&r=g\",\"caption\":\"Sepam\"},\"url\":\"https:\\\/\\\/sepam.com.br\\\/pt\\\/author\\\/sepam\\\/\"}]}<\/script>\n<!-- \/ Yoast SEO plugin. -->","yoast_head_json":{"title":"Sepam traz medalhas da Copa Escolar de Gin\u00e1stica R\u00edtmica - Col\u00e9gio Sepam","robots":{"index":"index","follow":"follow","max-snippet":"max-snippet:-1","max-image-preview":"max-image-preview:large","max-video-preview":"max-video-preview:-1"},"canonical":"https:\/\/sepam.com.br\/pt\/sepam-traz-medalhas-da-copa-escolar-de-ginastica-ritmica\/","og_locale":"pt_BR","og_type":"article","og_title":"Sepam traz medalhas da Copa Escolar de Gin\u00e1stica R\u00edtmica - Col\u00e9gio Sepam","og_description":"Campeonato aconteceu em Marialva, no norte do Paran\u00e1, o \u00faltimo fim de semana A equipe de Gin\u00e1stica R\u00edtmica do Col\u00e9gio Sepam retornou da Copa Escolar com medalhas de 1\u00ba, 2\u00ba e 3\u00ba lugares. O campeonato aconteceu em Marialva, no norte do Paran\u00e1, nos dias 29 e 30 de setembro. Segundo a treinadora do Sepam, \u00c9rica [&hellip;]","og_url":"https:\/\/sepam.com.br\/pt\/sepam-traz-medalhas-da-copa-escolar-de-ginastica-ritmica\/","og_site_name":"Col\u00e9gio Sepam","article_published_time":"2025-08-28T13:47:12+00:00","article_modified_time":"2025-11-24T13:53:37+00:00","author":"Sepam","twitter_card":"summary_large_image","twitter_misc":{"Escrito por":"Sepam","Est. tempo de leitura":"1 minuto"},"schema":{"@context":"https:\/\/schema.org","@graph":[{"@type":"Article","@id":"https:\/\/sepam.com.br\/pt\/sepam-traz-medalhas-da-copa-escolar-de-ginastica-ritmica\/#article","isPartOf":{"@id":"https:\/\/sepam.com.br\/pt\/sepam-traz-medalhas-da-copa-escolar-de-ginastica-ritmica\/"},"author":{"name":"Sepam","@id":"https:\/\/sepam.com.br\/#\/schema\/person\/bfa2996c649a5a6d822766f6e64eb7fd"},"headline":"Sepam traz medalhas da Copa Escolar de Gin\u00e1stica R\u00edtmica","datePublished":"2025-08-28T13:47:12+00:00","dateModified":"2025-11-24T13:53:37+00:00","mainEntityOfPage":{"@id":"https:\/\/sepam.com.br\/pt\/sepam-traz-medalhas-da-copa-escolar-de-ginastica-ritmica\/"},"wordCount":233,"commentCount":0,"publisher":{"@id":"https:\/\/sepam.com.br\/#organization"},"articleSection":["Colegio Sepam"],"inLanguage":"pt-BR","potentialAction":[{"@type":"CommentAction","name":"Comment","target":["https:\/\/sepam.com.br\/pt\/sepam-traz-medalhas-da-copa-escolar-de-ginastica-ritmica\/#respond"]}]},{"@type":"WebPage","@id":"https:\/\/sepam.com.br\/pt\/sepam-traz-medalhas-da-copa-escolar-de-ginastica-ritmica\/","url":"https:\/\/sepam.com.br\/pt\/sepam-traz-medalhas-da-copa-escolar-de-ginastica-ritmica\/","name":"Sepam traz medalhas da Copa Escolar de Gin\u00e1stica R\u00edtmica - Col\u00e9gio Sepam","isPartOf":{"@id":"https:\/\/sepam.com.br\/#website"},"datePublished":"2025-08-28T13:47:12+00:00","dateModified":"2025-11-24T13:53:37+00:00","breadcrumb":{"@id":"https:\/\/sepam.com.br\/pt\/sepam-traz-medalhas-da-copa-escolar-de-ginastica-ritmica\/#breadcrumb"},"inLanguage":"pt-BR","potentialAction":[{"@type":"ReadAction","target":["https:\/\/sepam.com.br\/pt\/sepam-traz-medalhas-da-copa-escolar-de-ginastica-ritmica\/"]}]},{"@type":"BreadcrumbList","@id":"https:\/\/sepam.com.br\/pt\/sepam-traz-medalhas-da-copa-escolar-de-ginastica-ritmica\/#breadcrumb","itemListElement":[{"@type":"ListItem","position":1,"name":"In\u00edcio","item":"https:\/\/sepam.com.br\/"},{"@type":"ListItem","position":2,"name":"Sepam traz medalhas da Copa Escolar de Gin\u00e1stica R\u00edtmica"}]},{"@type":"WebSite","@id":"https:\/\/sepam.com.br\/#website","url":"https:\/\/sepam.com.br\/","name":"Col\u00e9gio Sepam","description":"Ensino Incompar\u00e1vel","publisher":{"@id":"https:\/\/sepam.com.br\/#organization"},"potentialAction":[{"@type":"SearchAction","target":{"@type":"EntryPoint","urlTemplate":"https:\/\/sepam.com.br\/?s={search_term_string}"},"query-input":{"@type":"PropertyValueSpecification","valueRequired":true,"valueName":"search_term_string"}}],"inLanguage":"pt-BR"},{"@type":"Organization","@id":"https:\/\/sepam.com.br\/#organization","name":"Col\u00e9gio Sepam","url":"https:\/\/sepam.com.br\/","logo":{"@type":"ImageObject","inLanguage":"pt-BR","@id":"https:\/\/sepam.com.br\/#\/schema\/logo\/image\/","url":"https:\/\/sepam.com.br\/wp-content\/uploads\/2025\/02\/Ativo-2.png","contentUrl":"https:\/\/sepam.com.br\/wp-content\/uploads\/2025\/02\/Ativo-2.png","width":595,"height":525,"caption":"Col\u00e9gio Sepam"},"image":{"@id":"https:\/\/sepam.com.br\/#\/schema\/logo\/image\/"}},{"@type":"Person","@id":"https:\/\/sepam.com.br\/#\/schema\/person\/bfa2996c649a5a6d822766f6e64eb7fd","name":"Sepam","image":{"@type":"ImageObject","inLanguage":"pt-BR","@id":"https:\/\/secure.gravatar.com\/avatar\/0219e64664f5861998ad57a3432eb4bd5fd99a34c7cc9bc44b3c59dfb830db85?s=96&d=mm&r=g","url":"https:\/\/secure.gravatar.com\/avatar\/0219e64664f5861998ad57a3432eb4bd5fd99a34c7cc9bc44b3c59dfb830db85?s=96&d=mm&r=g","contentUrl":"https:\/\/secure.gravatar.com\/avatar\/0219e64664f5861998ad57a3432eb4bd5fd99a34c7cc9bc44b3c59dfb830db85?s=96&d=mm&r=g","caption":"Sepam"},"url":"https:\/\/sepam.com.br\/pt\/author\/sepam\/"}]}},"_links":{"self":[{"href":"https:\/\/sepam.com.br\/pt\/wp-json\/wp\/v2\/posts\/6926","targetHints":{"allow":["GET"]}}],"collection":[{"href":"https:\/\/sepam.com.br\/pt\/wp-json\/wp\/v2\/posts"}],"about":[{"href":"https:\/\/sepam.com.br\/pt\/wp-json\/wp\/v2\/types\/post"}],"author":[{"embeddable":true,"href":"https:\/\/sepam.com.br\/pt\/wp-json\/wp\/v2\/users\/13"}],"replies":[{"embeddable":true,"href":"https:\/\/sepam.com.br\/pt\/wp-json\/wp\/v2\/comments?post=6926"}],"version-history":[{"count":1,"href":"https:\/\/sepam.com.br\/pt\/wp-json\/wp\/v2\/posts\/6926\/revisions"}],"predecessor-version":[{"id":7430,"href":"https:\/\/sepam.com.br\/pt\/wp-json\/wp\/v2\/posts\/6926\/revisions\/7430"}],"wp:attachment":[{"href":"https:\/\/sepam.com.br\/pt\/wp-json\/wp\/v2\/media?parent=6926"}],"wp:term":[{"taxonomy":"category","embeddable":true,"href":"https:\/\/sepam.com.br\/pt\/wp-json\/wp\/v2\/categories?post=6926"},{"taxonomy":"post_tag","embeddable":true,"href":"https:\/\/sepam.com.br\/pt\/wp-json\/wp\/v2\/tags?post=6926"}],"curies":[{"name":"wp","href":"https:\/\/api.w.org\/{rel}","templated":true}]}}