{"id":6924,"date":"2025-08-28T10:47:12","date_gmt":"2025-08-28T13:47:12","guid":{"rendered":"https:\/\/dev.alisonandrei.com.br\/noticia\/estudantes-do-sepam-conhecem-a-central-de-tratamento-de-residuos-da-zero-residuos\/"},"modified":"2025-11-24T10:53:37","modified_gmt":"2025-11-24T13:53:37","slug":"estudantes-do-sepam-conhecem-a-central-de-tratamento-de-residuos-da-zero-residuos","status":"publish","type":"post","link":"https:\/\/sepam.com.br\/pt\/estudantes-do-sepam-conhecem-a-central-de-tratamento-de-residuos-da-zero-residuos\/","title":{"rendered":"Estudantes do Sepam conhecem a Central de Tratamento de Res\u00edduos da Zero Res\u00edduos"},"content":{"rendered":"<p>Na \u00faltima semana, alunos do projeto Ecopam e da Brigada Ambiental conheceram a Unidade de Transbordo e a Central de Tratamento de Res\u00edduos da empresa Zero Res\u00edduos, em Ponta Grossa. A visita t\u00e9cnica fez parte da parceria entre o Sepam e o Grupo Philus, em prol da conscientiza\u00e7\u00e3o ambiental.<\/p>\n<p>Na Unidade de Transbordo, que tem capacidade para receber 15 mil toneladas de res\u00edduos por m\u00eas, os estudantes conheceram a log\u00edstica do processo. \u00c9 nesse local que as ca\u00e7ambas s\u00e3o pesadas, identificadas e transbordadas de acordo com a classifica\u00e7\u00e3o dos res\u00edduos, que s\u00e3o destinados para a forma correta de tratamento, como reciclagem, compostagem, incinera\u00e7\u00e3o, encapsulamento e coprocessamento. \u201cA visita foi muito importante porque conseguimos ver os diferentes tipos de res\u00edduos, como eles s\u00e3o tratados e de que maneira podem ser reaproveitados, ou n\u00e3o\u201d, conta a volunt\u00e1ria do projeto Ecopam, aluna Isabela Fischer.<\/p>\n<p>A visita tamb\u00e9m contemplou a Usina de RCC da Zero Res\u00edduos &#8211; primeira Usina de Reciclagem de Res\u00edduos de Constru\u00e7\u00e3o Civil no estado do Paran\u00e1 a ser licenciada pelo Instituto Ambiental do Paran\u00e1 (IAP) -, que transforma os entulhos de obras em areia, pedrisco e brita, que retornam para uso da constru\u00e7\u00e3o civil ou s\u00e3o reutilizados como blocos para cal\u00e7adas. \u201cMuitos materiais que eu achava que iam direto para os aterros podem ser reaproveitados. Com certeza, eu vou levar esse conhecimento adiante\u201d, comenta o volunt\u00e1rio da Brigada Ambiental, aluno Ot\u00e1vio Marcondes Said.<\/p>\n<p>J\u00e1 na Unidade de Tratamento de Res\u00edduos de Servi\u00e7os de Sa\u00fade (RSS) os alunos acompanharam a pesagem do material, o tratamento por autoclave e a tritura\u00e7\u00e3o do res\u00edduo. Para a diretora de Sistema de Gest\u00e3o Integrado do Grupo Philus, Caroline Borsato, \u00e9 essencial que os jovens conhe\u00e7am os diferentes processos de tratamento de res\u00edduos. \u201cEles podem compartilhar com colegas e familiares o que aprenderam e, assim, contribuir na forma\u00e7\u00e3o de gera\u00e7\u00f5es cada vez mais conscientes sobre as quest\u00f5es do meio ambiente\u201d, afirma.<\/p>\n<p>&nbsp;<\/p>\n<p><em>Protagonismo juvenil<\/em><\/p>\n<p>O projeto Ecopam \u00e9 desenvolvido pelo Col\u00e9gio Sepam desde 2016 com o objetivo de sensibilizar os alunos sobre a import\u00e2ncia das atitudes coletivas e individuais para o futuro do planeta. \u201cOs adolescentes s\u00e3o multiplicadores de a\u00e7\u00f5es ambientais e sustent\u00e1veis dentro do pr\u00f3prio Col\u00e9gio, em escolas municipais e em entidades de Ponta Grossa\u201d, explica o coordenador do projeto, professor Luiz Henrique Borges de Oliveira.<\/p>\n<p>Na Brigada Ambiental Escolar, projeto realizado por meio de uma parceria entre o Sindicato das Escolas Particulares (Sinepe\/PR) e a Secretaria Municipal de Educa\u00e7\u00e3o, com apoio do Movimento ViraMais e da Meiwa, os estudantes volunt\u00e1rios do Sepam levam informa\u00e7\u00e3o sobre a reciclagem do Poliestireno Expandido (EPS), conhecido como Isopor\u00ae, para alunos de escolas municipais de Ponta Grossa.<\/p>\n","protected":false},"excerpt":{"rendered":"<p>Na \u00faltima semana, alunos do projeto Ecopam e da Brigada Ambiental conheceram a Unidade de Transbordo e a Central de Tratamento de Res\u00edduos da empresa Zero Res\u00edduos, em Ponta Grossa. A visita t\u00e9cnica fez parte da parceria entre o Sepam e o Grupo Philus, em prol da conscientiza\u00e7\u00e3o ambiental. Na Unidade de Transbordo, que tem [&hellip;]<\/p>\n","protected":false},"author":13,"featured_media":0,"comment_status":"open","ping_status":"open","sticky":false,"template":"","format":"standard","meta":{"footnotes":""},"categories":[21],"tags":[],"class_list":["post-6924","post","type-post","status-publish","format-standard","hentry","category-colegio-sepam"],"yoast_head":"<!-- This site is optimized with the Yoast SEO plugin v28.4 - https:\/\/yoast.com\/product\/yoast-seo-wordpress\/ -->\n<title>Estudantes do Sepam conhecem a Central de Tratamento de Res\u00edduos da Zero Res\u00edduos - Col\u00e9gio Sepam<\/title>\n<meta name=\"robots\" content=\"index, follow, max-snippet:-1, max-image-preview:large, max-video-preview:-1\" \/>\n<link rel=\"canonical\" href=\"https:\/\/sepam.com.br\/pt\/estudantes-do-sepam-conhecem-a-central-de-tratamento-de-residuos-da-zero-residuos\/\" \/>\n<meta property=\"og:locale\" content=\"pt_BR\" \/>\n<meta property=\"og:type\" content=\"article\" \/>\n<meta property=\"og:title\" content=\"Estudantes do Sepam conhecem a Central de Tratamento de Res\u00edduos da Zero Res\u00edduos - Col\u00e9gio Sepam\" \/>\n<meta property=\"og:description\" content=\"Na \u00faltima semana, alunos do projeto Ecopam e da Brigada Ambiental conheceram a Unidade de Transbordo e a Central de Tratamento de Res\u00edduos da empresa Zero Res\u00edduos, em Ponta Grossa. A visita t\u00e9cnica fez parte da parceria entre o Sepam e o Grupo Philus, em prol da conscientiza\u00e7\u00e3o ambiental. Na Unidade de Transbordo, que tem [&hellip;]\" \/>\n<meta property=\"og:url\" content=\"https:\/\/sepam.com.br\/pt\/estudantes-do-sepam-conhecem-a-central-de-tratamento-de-residuos-da-zero-residuos\/\" \/>\n<meta property=\"og:site_name\" content=\"Col\u00e9gio Sepam\" \/>\n<meta property=\"article:published_time\" content=\"2025-08-28T13:47:12+00:00\" \/>\n<meta property=\"article:modified_time\" content=\"2025-11-24T13:53:37+00:00\" \/>\n<meta name=\"author\" content=\"Sepam\" \/>\n<meta name=\"twitter:card\" content=\"summary_large_image\" \/>\n<meta name=\"twitter:label1\" content=\"Escrito por\" \/>\n\t<meta name=\"twitter:data1\" content=\"Sepam\" \/>\n\t<meta name=\"twitter:label2\" content=\"Est. tempo de leitura\" \/>\n\t<meta name=\"twitter:data2\" content=\"2 minutos\" \/>\n<script type=\"application\/ld+json\" class=\"yoast-schema-graph\">{\"@context\":\"https:\\\/\\\/schema.org\",\"@graph\":[{\"@type\":\"Article\",\"@id\":\"https:\\\/\\\/sepam.com.br\\\/pt\\\/estudantes-do-sepam-conhecem-a-central-de-tratamento-de-residuos-da-zero-residuos\\\/#article\",\"isPartOf\":{\"@id\":\"https:\\\/\\\/sepam.com.br\\\/pt\\\/estudantes-do-sepam-conhecem-a-central-de-tratamento-de-residuos-da-zero-residuos\\\/\"},\"author\":{\"name\":\"Sepam\",\"@id\":\"https:\\\/\\\/sepam.com.br\\\/#\\\/schema\\\/person\\\/bfa2996c649a5a6d822766f6e64eb7fd\"},\"headline\":\"Estudantes do Sepam conhecem a Central de Tratamento de Res\u00edduos da Zero Res\u00edduos\",\"datePublished\":\"2025-08-28T13:47:12+00:00\",\"dateModified\":\"2025-11-24T13:53:37+00:00\",\"mainEntityOfPage\":{\"@id\":\"https:\\\/\\\/sepam.com.br\\\/pt\\\/estudantes-do-sepam-conhecem-a-central-de-tratamento-de-residuos-da-zero-residuos\\\/\"},\"wordCount\":496,\"commentCount\":0,\"publisher\":{\"@id\":\"https:\\\/\\\/sepam.com.br\\\/#organization\"},\"articleSection\":[\"Colegio Sepam\"],\"inLanguage\":\"pt-BR\",\"potentialAction\":[{\"@type\":\"CommentAction\",\"name\":\"Comment\",\"target\":[\"https:\\\/\\\/sepam.com.br\\\/pt\\\/estudantes-do-sepam-conhecem-a-central-de-tratamento-de-residuos-da-zero-residuos\\\/#respond\"]}]},{\"@type\":\"WebPage\",\"@id\":\"https:\\\/\\\/sepam.com.br\\\/pt\\\/estudantes-do-sepam-conhecem-a-central-de-tratamento-de-residuos-da-zero-residuos\\\/\",\"url\":\"https:\\\/\\\/sepam.com.br\\\/pt\\\/estudantes-do-sepam-conhecem-a-central-de-tratamento-de-residuos-da-zero-residuos\\\/\",\"name\":\"Estudantes do Sepam conhecem a Central de Tratamento de Res\u00edduos da Zero Res\u00edduos - Col\u00e9gio Sepam\",\"isPartOf\":{\"@id\":\"https:\\\/\\\/sepam.com.br\\\/#website\"},\"datePublished\":\"2025-08-28T13:47:12+00:00\",\"dateModified\":\"2025-11-24T13:53:37+00:00\",\"breadcrumb\":{\"@id\":\"https:\\\/\\\/sepam.com.br\\\/pt\\\/estudantes-do-sepam-conhecem-a-central-de-tratamento-de-residuos-da-zero-residuos\\\/#breadcrumb\"},\"inLanguage\":\"pt-BR\",\"potentialAction\":[{\"@type\":\"ReadAction\",\"target\":[\"https:\\\/\\\/sepam.com.br\\\/pt\\\/estudantes-do-sepam-conhecem-a-central-de-tratamento-de-residuos-da-zero-residuos\\\/\"]}]},{\"@type\":\"BreadcrumbList\",\"@id\":\"https:\\\/\\\/sepam.com.br\\\/pt\\\/estudantes-do-sepam-conhecem-a-central-de-tratamento-de-residuos-da-zero-residuos\\\/#breadcrumb\",\"itemListElement\":[{\"@type\":\"ListItem\",\"position\":1,\"name\":\"In\u00edcio\",\"item\":\"https:\\\/\\\/sepam.com.br\\\/\"},{\"@type\":\"ListItem\",\"position\":2,\"name\":\"Estudantes do Sepam conhecem a Central de Tratamento de Res\u00edduos da Zero Res\u00edduos\"}]},{\"@type\":\"WebSite\",\"@id\":\"https:\\\/\\\/sepam.com.br\\\/#website\",\"url\":\"https:\\\/\\\/sepam.com.br\\\/\",\"name\":\"Col\u00e9gio Sepam\",\"description\":\"Ensino Incompar\u00e1vel\",\"publisher\":{\"@id\":\"https:\\\/\\\/sepam.com.br\\\/#organization\"},\"potentialAction\":[{\"@type\":\"SearchAction\",\"target\":{\"@type\":\"EntryPoint\",\"urlTemplate\":\"https:\\\/\\\/sepam.com.br\\\/?s={search_term_string}\"},\"query-input\":{\"@type\":\"PropertyValueSpecification\",\"valueRequired\":true,\"valueName\":\"search_term_string\"}}],\"inLanguage\":\"pt-BR\"},{\"@type\":\"Organization\",\"@id\":\"https:\\\/\\\/sepam.com.br\\\/#organization\",\"name\":\"Col\u00e9gio Sepam\",\"url\":\"https:\\\/\\\/sepam.com.br\\\/\",\"logo\":{\"@type\":\"ImageObject\",\"inLanguage\":\"pt-BR\",\"@id\":\"https:\\\/\\\/sepam.com.br\\\/#\\\/schema\\\/logo\\\/image\\\/\",\"url\":\"https:\\\/\\\/sepam.com.br\\\/wp-content\\\/uploads\\\/2025\\\/02\\\/Ativo-2.png\",\"contentUrl\":\"https:\\\/\\\/sepam.com.br\\\/wp-content\\\/uploads\\\/2025\\\/02\\\/Ativo-2.png\",\"width\":595,\"height\":525,\"caption\":\"Col\u00e9gio Sepam\"},\"image\":{\"@id\":\"https:\\\/\\\/sepam.com.br\\\/#\\\/schema\\\/logo\\\/image\\\/\"}},{\"@type\":\"Person\",\"@id\":\"https:\\\/\\\/sepam.com.br\\\/#\\\/schema\\\/person\\\/bfa2996c649a5a6d822766f6e64eb7fd\",\"name\":\"Sepam\",\"image\":{\"@type\":\"ImageObject\",\"inLanguage\":\"pt-BR\",\"@id\":\"https:\\\/\\\/secure.gravatar.com\\\/avatar\\\/0219e64664f5861998ad57a3432eb4bd5fd99a34c7cc9bc44b3c59dfb830db85?s=96&d=mm&r=g\",\"url\":\"https:\\\/\\\/secure.gravatar.com\\\/avatar\\\/0219e64664f5861998ad57a3432eb4bd5fd99a34c7cc9bc44b3c59dfb830db85?s=96&d=mm&r=g\",\"contentUrl\":\"https:\\\/\\\/secure.gravatar.com\\\/avatar\\\/0219e64664f5861998ad57a3432eb4bd5fd99a34c7cc9bc44b3c59dfb830db85?s=96&d=mm&r=g\",\"caption\":\"Sepam\"},\"url\":\"https:\\\/\\\/sepam.com.br\\\/pt\\\/author\\\/sepam\\\/\"}]}<\/script>\n<!-- \/ Yoast SEO plugin. -->","yoast_head_json":{"title":"Estudantes do Sepam conhecem a Central de Tratamento de Res\u00edduos da Zero Res\u00edduos - Col\u00e9gio Sepam","robots":{"index":"index","follow":"follow","max-snippet":"max-snippet:-1","max-image-preview":"max-image-preview:large","max-video-preview":"max-video-preview:-1"},"canonical":"https:\/\/sepam.com.br\/pt\/estudantes-do-sepam-conhecem-a-central-de-tratamento-de-residuos-da-zero-residuos\/","og_locale":"pt_BR","og_type":"article","og_title":"Estudantes do Sepam conhecem a Central de Tratamento de Res\u00edduos da Zero Res\u00edduos - Col\u00e9gio Sepam","og_description":"Na \u00faltima semana, alunos do projeto Ecopam e da Brigada Ambiental conheceram a Unidade de Transbordo e a Central de Tratamento de Res\u00edduos da empresa Zero Res\u00edduos, em Ponta Grossa. A visita t\u00e9cnica fez parte da parceria entre o Sepam e o Grupo Philus, em prol da conscientiza\u00e7\u00e3o ambiental. Na Unidade de Transbordo, que tem [&hellip;]","og_url":"https:\/\/sepam.com.br\/pt\/estudantes-do-sepam-conhecem-a-central-de-tratamento-de-residuos-da-zero-residuos\/","og_site_name":"Col\u00e9gio Sepam","article_published_time":"2025-08-28T13:47:12+00:00","article_modified_time":"2025-11-24T13:53:37+00:00","author":"Sepam","twitter_card":"summary_large_image","twitter_misc":{"Escrito por":"Sepam","Est. tempo de leitura":"2 minutos"},"schema":{"@context":"https:\/\/schema.org","@graph":[{"@type":"Article","@id":"https:\/\/sepam.com.br\/pt\/estudantes-do-sepam-conhecem-a-central-de-tratamento-de-residuos-da-zero-residuos\/#article","isPartOf":{"@id":"https:\/\/sepam.com.br\/pt\/estudantes-do-sepam-conhecem-a-central-de-tratamento-de-residuos-da-zero-residuos\/"},"author":{"name":"Sepam","@id":"https:\/\/sepam.com.br\/#\/schema\/person\/bfa2996c649a5a6d822766f6e64eb7fd"},"headline":"Estudantes do Sepam conhecem a Central de Tratamento de Res\u00edduos da Zero Res\u00edduos","datePublished":"2025-08-28T13:47:12+00:00","dateModified":"2025-11-24T13:53:37+00:00","mainEntityOfPage":{"@id":"https:\/\/sepam.com.br\/pt\/estudantes-do-sepam-conhecem-a-central-de-tratamento-de-residuos-da-zero-residuos\/"},"wordCount":496,"commentCount":0,"publisher":{"@id":"https:\/\/sepam.com.br\/#organization"},"articleSection":["Colegio Sepam"],"inLanguage":"pt-BR","potentialAction":[{"@type":"CommentAction","name":"Comment","target":["https:\/\/sepam.com.br\/pt\/estudantes-do-sepam-conhecem-a-central-de-tratamento-de-residuos-da-zero-residuos\/#respond"]}]},{"@type":"WebPage","@id":"https:\/\/sepam.com.br\/pt\/estudantes-do-sepam-conhecem-a-central-de-tratamento-de-residuos-da-zero-residuos\/","url":"https:\/\/sepam.com.br\/pt\/estudantes-do-sepam-conhecem-a-central-de-tratamento-de-residuos-da-zero-residuos\/","name":"Estudantes do Sepam conhecem a Central de Tratamento de Res\u00edduos da Zero Res\u00edduos - Col\u00e9gio Sepam","isPartOf":{"@id":"https:\/\/sepam.com.br\/#website"},"datePublished":"2025-08-28T13:47:12+00:00","dateModified":"2025-11-24T13:53:37+00:00","breadcrumb":{"@id":"https:\/\/sepam.com.br\/pt\/estudantes-do-sepam-conhecem-a-central-de-tratamento-de-residuos-da-zero-residuos\/#breadcrumb"},"inLanguage":"pt-BR","potentialAction":[{"@type":"ReadAction","target":["https:\/\/sepam.com.br\/pt\/estudantes-do-sepam-conhecem-a-central-de-tratamento-de-residuos-da-zero-residuos\/"]}]},{"@type":"BreadcrumbList","@id":"https:\/\/sepam.com.br\/pt\/estudantes-do-sepam-conhecem-a-central-de-tratamento-de-residuos-da-zero-residuos\/#breadcrumb","itemListElement":[{"@type":"ListItem","position":1,"name":"In\u00edcio","item":"https:\/\/sepam.com.br\/"},{"@type":"ListItem","position":2,"name":"Estudantes do Sepam conhecem a Central de Tratamento de Res\u00edduos da Zero Res\u00edduos"}]},{"@type":"WebSite","@id":"https:\/\/sepam.com.br\/#website","url":"https:\/\/sepam.com.br\/","name":"Col\u00e9gio Sepam","description":"Ensino Incompar\u00e1vel","publisher":{"@id":"https:\/\/sepam.com.br\/#organization"},"potentialAction":[{"@type":"SearchAction","target":{"@type":"EntryPoint","urlTemplate":"https:\/\/sepam.com.br\/?s={search_term_string}"},"query-input":{"@type":"PropertyValueSpecification","valueRequired":true,"valueName":"search_term_string"}}],"inLanguage":"pt-BR"},{"@type":"Organization","@id":"https:\/\/sepam.com.br\/#organization","name":"Col\u00e9gio Sepam","url":"https:\/\/sepam.com.br\/","logo":{"@type":"ImageObject","inLanguage":"pt-BR","@id":"https:\/\/sepam.com.br\/#\/schema\/logo\/image\/","url":"https:\/\/sepam.com.br\/wp-content\/uploads\/2025\/02\/Ativo-2.png","contentUrl":"https:\/\/sepam.com.br\/wp-content\/uploads\/2025\/02\/Ativo-2.png","width":595,"height":525,"caption":"Col\u00e9gio Sepam"},"image":{"@id":"https:\/\/sepam.com.br\/#\/schema\/logo\/image\/"}},{"@type":"Person","@id":"https:\/\/sepam.com.br\/#\/schema\/person\/bfa2996c649a5a6d822766f6e64eb7fd","name":"Sepam","image":{"@type":"ImageObject","inLanguage":"pt-BR","@id":"https:\/\/secure.gravatar.com\/avatar\/0219e64664f5861998ad57a3432eb4bd5fd99a34c7cc9bc44b3c59dfb830db85?s=96&d=mm&r=g","url":"https:\/\/secure.gravatar.com\/avatar\/0219e64664f5861998ad57a3432eb4bd5fd99a34c7cc9bc44b3c59dfb830db85?s=96&d=mm&r=g","contentUrl":"https:\/\/secure.gravatar.com\/avatar\/0219e64664f5861998ad57a3432eb4bd5fd99a34c7cc9bc44b3c59dfb830db85?s=96&d=mm&r=g","caption":"Sepam"},"url":"https:\/\/sepam.com.br\/pt\/author\/sepam\/"}]}},"_links":{"self":[{"href":"https:\/\/sepam.com.br\/pt\/wp-json\/wp\/v2\/posts\/6924","targetHints":{"allow":["GET"]}}],"collection":[{"href":"https:\/\/sepam.com.br\/pt\/wp-json\/wp\/v2\/posts"}],"about":[{"href":"https:\/\/sepam.com.br\/pt\/wp-json\/wp\/v2\/types\/post"}],"author":[{"embeddable":true,"href":"https:\/\/sepam.com.br\/pt\/wp-json\/wp\/v2\/users\/13"}],"replies":[{"embeddable":true,"href":"https:\/\/sepam.com.br\/pt\/wp-json\/wp\/v2\/comments?post=6924"}],"version-history":[{"count":1,"href":"https:\/\/sepam.com.br\/pt\/wp-json\/wp\/v2\/posts\/6924\/revisions"}],"predecessor-version":[{"id":7428,"href":"https:\/\/sepam.com.br\/pt\/wp-json\/wp\/v2\/posts\/6924\/revisions\/7428"}],"wp:attachment":[{"href":"https:\/\/sepam.com.br\/pt\/wp-json\/wp\/v2\/media?parent=6924"}],"wp:term":[{"taxonomy":"category","embeddable":true,"href":"https:\/\/sepam.com.br\/pt\/wp-json\/wp\/v2\/categories?post=6924"},{"taxonomy":"post_tag","embeddable":true,"href":"https:\/\/sepam.com.br\/pt\/wp-json\/wp\/v2\/tags?post=6924"}],"curies":[{"name":"wp","href":"https:\/\/api.w.org\/{rel}","templated":true}]}}