{"id":6914,"date":"2025-08-28T10:47:08","date_gmt":"2025-08-28T13:47:08","guid":{"rendered":"https:\/\/dev.alisonandrei.com.br\/noticia\/gentileza-foi-tema-de-bate-papo-com-os-alunos-do-5o-ano\/"},"modified":"2025-11-24T10:53:37","modified_gmt":"2025-11-24T13:53:37","slug":"gentileza-foi-tema-de-bate-papo-com-os-alunos-do-5o-ano","status":"publish","type":"post","link":"https:\/\/sepam.com.br\/pt\/gentileza-foi-tema-de-bate-papo-com-os-alunos-do-5o-ano\/","title":{"rendered":"\u201cGentileza\u201d foi tema de bate-papo com os alunos do 5\u00ba ano"},"content":{"rendered":"<p><em>Psic\u00f3loga falou sobre valores, princ\u00edpios, respeito e educa\u00e7\u00e3o<\/em><\/p>\n<p>Na \u00faltima sexta-feira (17), os alunos do 5\u00ba ano do Ensino Fundamental l do Col\u00e9gio Sepam receberam a psic\u00f3loga Adriane de Oliveira Bueno para um bate-papo sobre \u201cgentilezas\u201d, tema que est\u00e1 sendo trabalhado com as turmas para ser apresentado na Feira da Cultura Sepam 2018, que acontece em outubro.<\/p>\n<p>A psic\u00f3loga trouxe algumas din\u00e2micas com o intuito de estimular que as crian\u00e7as refletissem sobre os conceitos de respeito e educa\u00e7\u00e3o. Para Adriane, ensinar valores e princ\u00edpios da gentileza durante a inf\u00e2ncia \u00e9 importante para o desenvolvimento da crian\u00e7a, que ainda tem dificuldade em se colocar no lugar do outro. \u201cNa inf\u00e2ncia \u00e9 onde o ser humano molda o seu car\u00e1ter. Falar sobre respeito com o pr\u00f3ximo nesta fase melhora a conviv\u00eancia e pode auxiliar na media\u00e7\u00e3o de conflitos dentro e fora da sala de aula\u201d, explica.<\/p>\n<p>As professoras Daniela Aparecida Fabr\u00edcio, Francine Mayara Gomes e Sheila Bueno de Oliveira desenvolvem atividades que enaltecem a gentileza desde o in\u00edcio do ano letivo.<\/p>\n<p>Por meio da \u201cCaixa de Emo\u00e7\u00f5es\u201d, onde cada aluno descreve em palavras seus sentimentos e coloca dentro de uma caixa, e do \u201cDi\u00e1rio da Gentileza\u201d, onde eles anotam as atitudes no dia a dia que demonstram respeito ao pr\u00f3ximo, as professoras refor\u00e7am a import\u00e2ncia das pessoas serem gentis umas com as outras.<\/p>\n<p>\u201cCom essas atividades os alunos passaram se preocupar mais com as formas de falar e se relacionar com os colegas, atitudes que melhoram o conv\u00edvio no ambiente escolar\u201d, conta a professora Sheila.<\/p>\n","protected":false},"excerpt":{"rendered":"<p>Psic\u00f3loga falou sobre valores, princ\u00edpios, respeito e educa\u00e7\u00e3o Na \u00faltima sexta-feira (17), os alunos do 5\u00ba ano do Ensino Fundamental l do Col\u00e9gio Sepam receberam a psic\u00f3loga Adriane de Oliveira Bueno para um bate-papo sobre \u201cgentilezas\u201d, tema que est\u00e1 sendo trabalhado com as turmas para ser apresentado na Feira da Cultura Sepam 2018, que acontece [&hellip;]<\/p>\n","protected":false},"author":13,"featured_media":0,"comment_status":"open","ping_status":"open","sticky":false,"template":"","format":"standard","meta":{"footnotes":""},"categories":[21],"tags":[],"class_list":["post-6914","post","type-post","status-publish","format-standard","hentry","category-colegio-sepam"],"yoast_head":"<!-- This site is optimized with the Yoast SEO plugin v28.4 - https:\/\/yoast.com\/product\/yoast-seo-wordpress\/ -->\n<title>\u201cGentileza\u201d foi tema de bate-papo com os alunos do 5\u00ba ano - Col\u00e9gio Sepam<\/title>\n<meta name=\"robots\" content=\"index, follow, max-snippet:-1, max-image-preview:large, max-video-preview:-1\" \/>\n<link rel=\"canonical\" href=\"https:\/\/sepam.com.br\/pt\/gentileza-foi-tema-de-bate-papo-com-os-alunos-do-5o-ano\/\" \/>\n<meta property=\"og:locale\" content=\"pt_BR\" \/>\n<meta property=\"og:type\" content=\"article\" \/>\n<meta property=\"og:title\" content=\"\u201cGentileza\u201d foi tema de bate-papo com os alunos do 5\u00ba ano - Col\u00e9gio Sepam\" \/>\n<meta property=\"og:description\" content=\"Psic\u00f3loga falou sobre valores, princ\u00edpios, respeito e educa\u00e7\u00e3o Na \u00faltima sexta-feira (17), os alunos do 5\u00ba ano do Ensino Fundamental l do Col\u00e9gio Sepam receberam a psic\u00f3loga Adriane de Oliveira Bueno para um bate-papo sobre \u201cgentilezas\u201d, tema que est\u00e1 sendo trabalhado com as turmas para ser apresentado na Feira da Cultura Sepam 2018, que acontece [&hellip;]\" \/>\n<meta property=\"og:url\" content=\"https:\/\/sepam.com.br\/pt\/gentileza-foi-tema-de-bate-papo-com-os-alunos-do-5o-ano\/\" \/>\n<meta property=\"og:site_name\" content=\"Col\u00e9gio Sepam\" \/>\n<meta property=\"article:published_time\" content=\"2025-08-28T13:47:08+00:00\" \/>\n<meta property=\"article:modified_time\" content=\"2025-11-24T13:53:37+00:00\" \/>\n<meta name=\"author\" content=\"Sepam\" \/>\n<meta name=\"twitter:card\" content=\"summary_large_image\" \/>\n<meta name=\"twitter:label1\" content=\"Escrito por\" \/>\n\t<meta name=\"twitter:data1\" content=\"Sepam\" \/>\n\t<meta name=\"twitter:label2\" content=\"Est. tempo de leitura\" \/>\n\t<meta name=\"twitter:data2\" content=\"1 minuto\" \/>\n<script type=\"application\/ld+json\" class=\"yoast-schema-graph\">{\"@context\":\"https:\\\/\\\/schema.org\",\"@graph\":[{\"@type\":\"Article\",\"@id\":\"https:\\\/\\\/sepam.com.br\\\/pt\\\/gentileza-foi-tema-de-bate-papo-com-os-alunos-do-5o-ano\\\/#article\",\"isPartOf\":{\"@id\":\"https:\\\/\\\/sepam.com.br\\\/pt\\\/gentileza-foi-tema-de-bate-papo-com-os-alunos-do-5o-ano\\\/\"},\"author\":{\"name\":\"Sepam\",\"@id\":\"https:\\\/\\\/sepam.com.br\\\/#\\\/schema\\\/person\\\/bfa2996c649a5a6d822766f6e64eb7fd\"},\"headline\":\"\u201cGentileza\u201d foi tema de bate-papo com os alunos do 5\u00ba ano\",\"datePublished\":\"2025-08-28T13:47:08+00:00\",\"dateModified\":\"2025-11-24T13:53:37+00:00\",\"mainEntityOfPage\":{\"@id\":\"https:\\\/\\\/sepam.com.br\\\/pt\\\/gentileza-foi-tema-de-bate-papo-com-os-alunos-do-5o-ano\\\/\"},\"wordCount\":283,\"commentCount\":0,\"publisher\":{\"@id\":\"https:\\\/\\\/sepam.com.br\\\/#organization\"},\"articleSection\":[\"Colegio Sepam\"],\"inLanguage\":\"pt-BR\",\"potentialAction\":[{\"@type\":\"CommentAction\",\"name\":\"Comment\",\"target\":[\"https:\\\/\\\/sepam.com.br\\\/pt\\\/gentileza-foi-tema-de-bate-papo-com-os-alunos-do-5o-ano\\\/#respond\"]}]},{\"@type\":\"WebPage\",\"@id\":\"https:\\\/\\\/sepam.com.br\\\/pt\\\/gentileza-foi-tema-de-bate-papo-com-os-alunos-do-5o-ano\\\/\",\"url\":\"https:\\\/\\\/sepam.com.br\\\/pt\\\/gentileza-foi-tema-de-bate-papo-com-os-alunos-do-5o-ano\\\/\",\"name\":\"\u201cGentileza\u201d foi tema de bate-papo com os alunos do 5\u00ba ano - Col\u00e9gio Sepam\",\"isPartOf\":{\"@id\":\"https:\\\/\\\/sepam.com.br\\\/#website\"},\"datePublished\":\"2025-08-28T13:47:08+00:00\",\"dateModified\":\"2025-11-24T13:53:37+00:00\",\"breadcrumb\":{\"@id\":\"https:\\\/\\\/sepam.com.br\\\/pt\\\/gentileza-foi-tema-de-bate-papo-com-os-alunos-do-5o-ano\\\/#breadcrumb\"},\"inLanguage\":\"pt-BR\",\"potentialAction\":[{\"@type\":\"ReadAction\",\"target\":[\"https:\\\/\\\/sepam.com.br\\\/pt\\\/gentileza-foi-tema-de-bate-papo-com-os-alunos-do-5o-ano\\\/\"]}]},{\"@type\":\"BreadcrumbList\",\"@id\":\"https:\\\/\\\/sepam.com.br\\\/pt\\\/gentileza-foi-tema-de-bate-papo-com-os-alunos-do-5o-ano\\\/#breadcrumb\",\"itemListElement\":[{\"@type\":\"ListItem\",\"position\":1,\"name\":\"In\u00edcio\",\"item\":\"https:\\\/\\\/sepam.com.br\\\/\"},{\"@type\":\"ListItem\",\"position\":2,\"name\":\"\u201cGentileza\u201d foi tema de bate-papo com os alunos do 5\u00ba ano\"}]},{\"@type\":\"WebSite\",\"@id\":\"https:\\\/\\\/sepam.com.br\\\/#website\",\"url\":\"https:\\\/\\\/sepam.com.br\\\/\",\"name\":\"Col\u00e9gio Sepam\",\"description\":\"Ensino Incompar\u00e1vel\",\"publisher\":{\"@id\":\"https:\\\/\\\/sepam.com.br\\\/#organization\"},\"potentialAction\":[{\"@type\":\"SearchAction\",\"target\":{\"@type\":\"EntryPoint\",\"urlTemplate\":\"https:\\\/\\\/sepam.com.br\\\/?s={search_term_string}\"},\"query-input\":{\"@type\":\"PropertyValueSpecification\",\"valueRequired\":true,\"valueName\":\"search_term_string\"}}],\"inLanguage\":\"pt-BR\"},{\"@type\":\"Organization\",\"@id\":\"https:\\\/\\\/sepam.com.br\\\/#organization\",\"name\":\"Col\u00e9gio Sepam\",\"url\":\"https:\\\/\\\/sepam.com.br\\\/\",\"logo\":{\"@type\":\"ImageObject\",\"inLanguage\":\"pt-BR\",\"@id\":\"https:\\\/\\\/sepam.com.br\\\/#\\\/schema\\\/logo\\\/image\\\/\",\"url\":\"https:\\\/\\\/sepam.com.br\\\/wp-content\\\/uploads\\\/2025\\\/02\\\/Ativo-2.png\",\"contentUrl\":\"https:\\\/\\\/sepam.com.br\\\/wp-content\\\/uploads\\\/2025\\\/02\\\/Ativo-2.png\",\"width\":595,\"height\":525,\"caption\":\"Col\u00e9gio Sepam\"},\"image\":{\"@id\":\"https:\\\/\\\/sepam.com.br\\\/#\\\/schema\\\/logo\\\/image\\\/\"}},{\"@type\":\"Person\",\"@id\":\"https:\\\/\\\/sepam.com.br\\\/#\\\/schema\\\/person\\\/bfa2996c649a5a6d822766f6e64eb7fd\",\"name\":\"Sepam\",\"image\":{\"@type\":\"ImageObject\",\"inLanguage\":\"pt-BR\",\"@id\":\"https:\\\/\\\/secure.gravatar.com\\\/avatar\\\/0219e64664f5861998ad57a3432eb4bd5fd99a34c7cc9bc44b3c59dfb830db85?s=96&d=mm&r=g\",\"url\":\"https:\\\/\\\/secure.gravatar.com\\\/avatar\\\/0219e64664f5861998ad57a3432eb4bd5fd99a34c7cc9bc44b3c59dfb830db85?s=96&d=mm&r=g\",\"contentUrl\":\"https:\\\/\\\/secure.gravatar.com\\\/avatar\\\/0219e64664f5861998ad57a3432eb4bd5fd99a34c7cc9bc44b3c59dfb830db85?s=96&d=mm&r=g\",\"caption\":\"Sepam\"},\"url\":\"https:\\\/\\\/sepam.com.br\\\/pt\\\/author\\\/sepam\\\/\"}]}<\/script>\n<!-- \/ Yoast SEO plugin. -->","yoast_head_json":{"title":"\u201cGentileza\u201d foi tema de bate-papo com os alunos do 5\u00ba ano - Col\u00e9gio Sepam","robots":{"index":"index","follow":"follow","max-snippet":"max-snippet:-1","max-image-preview":"max-image-preview:large","max-video-preview":"max-video-preview:-1"},"canonical":"https:\/\/sepam.com.br\/pt\/gentileza-foi-tema-de-bate-papo-com-os-alunos-do-5o-ano\/","og_locale":"pt_BR","og_type":"article","og_title":"\u201cGentileza\u201d foi tema de bate-papo com os alunos do 5\u00ba ano - Col\u00e9gio Sepam","og_description":"Psic\u00f3loga falou sobre valores, princ\u00edpios, respeito e educa\u00e7\u00e3o Na \u00faltima sexta-feira (17), os alunos do 5\u00ba ano do Ensino Fundamental l do Col\u00e9gio Sepam receberam a psic\u00f3loga Adriane de Oliveira Bueno para um bate-papo sobre \u201cgentilezas\u201d, tema que est\u00e1 sendo trabalhado com as turmas para ser apresentado na Feira da Cultura Sepam 2018, que acontece [&hellip;]","og_url":"https:\/\/sepam.com.br\/pt\/gentileza-foi-tema-de-bate-papo-com-os-alunos-do-5o-ano\/","og_site_name":"Col\u00e9gio Sepam","article_published_time":"2025-08-28T13:47:08+00:00","article_modified_time":"2025-11-24T13:53:37+00:00","author":"Sepam","twitter_card":"summary_large_image","twitter_misc":{"Escrito por":"Sepam","Est. tempo de leitura":"1 minuto"},"schema":{"@context":"https:\/\/schema.org","@graph":[{"@type":"Article","@id":"https:\/\/sepam.com.br\/pt\/gentileza-foi-tema-de-bate-papo-com-os-alunos-do-5o-ano\/#article","isPartOf":{"@id":"https:\/\/sepam.com.br\/pt\/gentileza-foi-tema-de-bate-papo-com-os-alunos-do-5o-ano\/"},"author":{"name":"Sepam","@id":"https:\/\/sepam.com.br\/#\/schema\/person\/bfa2996c649a5a6d822766f6e64eb7fd"},"headline":"\u201cGentileza\u201d foi tema de bate-papo com os alunos do 5\u00ba ano","datePublished":"2025-08-28T13:47:08+00:00","dateModified":"2025-11-24T13:53:37+00:00","mainEntityOfPage":{"@id":"https:\/\/sepam.com.br\/pt\/gentileza-foi-tema-de-bate-papo-com-os-alunos-do-5o-ano\/"},"wordCount":283,"commentCount":0,"publisher":{"@id":"https:\/\/sepam.com.br\/#organization"},"articleSection":["Colegio Sepam"],"inLanguage":"pt-BR","potentialAction":[{"@type":"CommentAction","name":"Comment","target":["https:\/\/sepam.com.br\/pt\/gentileza-foi-tema-de-bate-papo-com-os-alunos-do-5o-ano\/#respond"]}]},{"@type":"WebPage","@id":"https:\/\/sepam.com.br\/pt\/gentileza-foi-tema-de-bate-papo-com-os-alunos-do-5o-ano\/","url":"https:\/\/sepam.com.br\/pt\/gentileza-foi-tema-de-bate-papo-com-os-alunos-do-5o-ano\/","name":"\u201cGentileza\u201d foi tema de bate-papo com os alunos do 5\u00ba ano - Col\u00e9gio Sepam","isPartOf":{"@id":"https:\/\/sepam.com.br\/#website"},"datePublished":"2025-08-28T13:47:08+00:00","dateModified":"2025-11-24T13:53:37+00:00","breadcrumb":{"@id":"https:\/\/sepam.com.br\/pt\/gentileza-foi-tema-de-bate-papo-com-os-alunos-do-5o-ano\/#breadcrumb"},"inLanguage":"pt-BR","potentialAction":[{"@type":"ReadAction","target":["https:\/\/sepam.com.br\/pt\/gentileza-foi-tema-de-bate-papo-com-os-alunos-do-5o-ano\/"]}]},{"@type":"BreadcrumbList","@id":"https:\/\/sepam.com.br\/pt\/gentileza-foi-tema-de-bate-papo-com-os-alunos-do-5o-ano\/#breadcrumb","itemListElement":[{"@type":"ListItem","position":1,"name":"In\u00edcio","item":"https:\/\/sepam.com.br\/"},{"@type":"ListItem","position":2,"name":"\u201cGentileza\u201d foi tema de bate-papo com os alunos do 5\u00ba ano"}]},{"@type":"WebSite","@id":"https:\/\/sepam.com.br\/#website","url":"https:\/\/sepam.com.br\/","name":"Col\u00e9gio Sepam","description":"Ensino Incompar\u00e1vel","publisher":{"@id":"https:\/\/sepam.com.br\/#organization"},"potentialAction":[{"@type":"SearchAction","target":{"@type":"EntryPoint","urlTemplate":"https:\/\/sepam.com.br\/?s={search_term_string}"},"query-input":{"@type":"PropertyValueSpecification","valueRequired":true,"valueName":"search_term_string"}}],"inLanguage":"pt-BR"},{"@type":"Organization","@id":"https:\/\/sepam.com.br\/#organization","name":"Col\u00e9gio Sepam","url":"https:\/\/sepam.com.br\/","logo":{"@type":"ImageObject","inLanguage":"pt-BR","@id":"https:\/\/sepam.com.br\/#\/schema\/logo\/image\/","url":"https:\/\/sepam.com.br\/wp-content\/uploads\/2025\/02\/Ativo-2.png","contentUrl":"https:\/\/sepam.com.br\/wp-content\/uploads\/2025\/02\/Ativo-2.png","width":595,"height":525,"caption":"Col\u00e9gio Sepam"},"image":{"@id":"https:\/\/sepam.com.br\/#\/schema\/logo\/image\/"}},{"@type":"Person","@id":"https:\/\/sepam.com.br\/#\/schema\/person\/bfa2996c649a5a6d822766f6e64eb7fd","name":"Sepam","image":{"@type":"ImageObject","inLanguage":"pt-BR","@id":"https:\/\/secure.gravatar.com\/avatar\/0219e64664f5861998ad57a3432eb4bd5fd99a34c7cc9bc44b3c59dfb830db85?s=96&d=mm&r=g","url":"https:\/\/secure.gravatar.com\/avatar\/0219e64664f5861998ad57a3432eb4bd5fd99a34c7cc9bc44b3c59dfb830db85?s=96&d=mm&r=g","contentUrl":"https:\/\/secure.gravatar.com\/avatar\/0219e64664f5861998ad57a3432eb4bd5fd99a34c7cc9bc44b3c59dfb830db85?s=96&d=mm&r=g","caption":"Sepam"},"url":"https:\/\/sepam.com.br\/pt\/author\/sepam\/"}]}},"_links":{"self":[{"href":"https:\/\/sepam.com.br\/pt\/wp-json\/wp\/v2\/posts\/6914","targetHints":{"allow":["GET"]}}],"collection":[{"href":"https:\/\/sepam.com.br\/pt\/wp-json\/wp\/v2\/posts"}],"about":[{"href":"https:\/\/sepam.com.br\/pt\/wp-json\/wp\/v2\/types\/post"}],"author":[{"embeddable":true,"href":"https:\/\/sepam.com.br\/pt\/wp-json\/wp\/v2\/users\/13"}],"replies":[{"embeddable":true,"href":"https:\/\/sepam.com.br\/pt\/wp-json\/wp\/v2\/comments?post=6914"}],"version-history":[{"count":1,"href":"https:\/\/sepam.com.br\/pt\/wp-json\/wp\/v2\/posts\/6914\/revisions"}],"predecessor-version":[{"id":7458,"href":"https:\/\/sepam.com.br\/pt\/wp-json\/wp\/v2\/posts\/6914\/revisions\/7458"}],"wp:attachment":[{"href":"https:\/\/sepam.com.br\/pt\/wp-json\/wp\/v2\/media?parent=6914"}],"wp:term":[{"taxonomy":"category","embeddable":true,"href":"https:\/\/sepam.com.br\/pt\/wp-json\/wp\/v2\/categories?post=6914"},{"taxonomy":"post_tag","embeddable":true,"href":"https:\/\/sepam.com.br\/pt\/wp-json\/wp\/v2\/tags?post=6914"}],"curies":[{"name":"wp","href":"https:\/\/api.w.org\/{rel}","templated":true}]}}