{"id":6905,"date":"2025-08-28T10:47:08","date_gmt":"2025-08-28T13:47:08","guid":{"rendered":"https:\/\/dev.alisonandrei.com.br\/noticia\/ferias-alunos-participam-de-curso-de-gastronomia\/"},"modified":"2025-11-24T10:53:37","modified_gmt":"2025-11-24T13:53:37","slug":"ferias-alunos-participam-de-curso-de-gastronomia","status":"publish","type":"post","link":"https:\/\/sepam.com.br\/pt\/ferias-alunos-participam-de-curso-de-gastronomia\/","title":{"rendered":"F\u00e9rias: Alunos participam de curso de Gastronomia"},"content":{"rendered":"<p><strong><em>O SEPAM ofertou dois cursos: Gastronomia Teen (6\u00ba ao 8\u00ba ano) e Gastronomia Kids (2\u00ba ao 5\u00ba ano)<\/em><\/strong><\/p>\n<p>Os alunos do 2\u00ba ao 8\u00ba ano do Ensino Fundamental n\u00e3o ficaram parados durante as f\u00e9rias de julho. O Col\u00e9gio Sepam ofereceu dois cursos de gastronomia: Teen e Kids. Crian\u00e7as e adolescentes aprenderam t\u00e9cnicas b\u00e1sicas de cozinha e degustaram pratos deliciosos preparados por eles durante as aulas.<\/p>\n<p>O curso foi ministrado pelo chef de cozinha, Renan Simionato, que \u00e9 formado pela Escola de Gastronomia Espa\u00e7o Gourmet (2015). Para ele, a cozinha \u00e9 um ambiente de muitas experi\u00eancias e descobertas que agu\u00e7am os sentidos. \u201cQuem aprende a cozinhar entende melhor o que est\u00e1 comendo e, naturalmente, ter\u00e1 vontade de experimentar novos alimentos e adotar uma alimenta\u00e7\u00e3o mais saud\u00e1vel. A culin\u00e1ria estimula a criatividade e \u00e9 tamb\u00e9m um rico aprendizado cultural\u201d, explica.<\/p>\n<p>Al\u00e9m de aprenderem t\u00e9cnicas b\u00e1sicas de cozinha, os alunos conheceram procedimentos de seguran\u00e7a alimentar, higiene, organiza\u00e7\u00e3o e ordena\u00e7\u00e3o. O curso tamb\u00e9m mostrou como o trabalho em equipe \u00e9 importante; saber dividir os utens\u00edlios e as tarefas s\u00e3o primordiais para o resultado final, neste caso, servir uma boa refei\u00e7\u00e3o.<\/p>\n<p>No curso de Gastronomia Teen os adolescentes aprenderam a fazer pizza, risoto de ma\u00e7\u00e3 verde com gorgonzola, sobrecoxa de frango com crosta de parmes\u00e3o, cappelletti, talharim caseiro ao molho bechamel e pimenta rosa e cr\u00e8me br\u00fbl\u00e9e.<\/p>\n<p>J\u00e1 as crian\u00e7as, no curso de Gastronomia Kids, divertiram-se aprendendo a fazer pizza, tarteletes com creme de baunilha e de chocolate, hamb\u00farguer de contrafil\u00e9 e molho com especiarias, cupcake e pasta tricolore acompanhada de alm\u00f4ndegas ao molho sugo.<\/p>\n<p>\u201cAo final de cada aula eu fazia uma avalia\u00e7\u00e3o do desenvolvimento deles e programava a aula seguinte para ser mais desafiadora e estimulante. Eles sempre corresponderam de forma muito positiva, o que motiva a realiza\u00e7\u00e3o de mais cursos como esses com t\u00e9cnicas mais avan\u00e7adas\u201d, comenta Simionato.<\/p>\n<p>Confira os registros das aulas em nossa p\u00e1gina no Facebook:\u00a0<a href=\"http:\/\/facebook.com\/sepamcolegio\" target=\"_blank\" rel=\"noopener\">facebook.com\/sepamcolegio\u00a0<\/a><\/p>\n","protected":false},"excerpt":{"rendered":"<p>O SEPAM ofertou dois cursos: Gastronomia Teen (6\u00ba ao 8\u00ba ano) e Gastronomia Kids (2\u00ba ao 5\u00ba ano) Os alunos do 2\u00ba ao 8\u00ba ano do Ensino Fundamental n\u00e3o ficaram parados durante as f\u00e9rias de julho. O Col\u00e9gio Sepam ofereceu dois cursos de gastronomia: Teen e Kids. Crian\u00e7as e adolescentes aprenderam t\u00e9cnicas b\u00e1sicas de cozinha [&hellip;]<\/p>\n","protected":false},"author":13,"featured_media":0,"comment_status":"open","ping_status":"open","sticky":false,"template":"","format":"standard","meta":{"footnotes":""},"categories":[21],"tags":[],"class_list":["post-6905","post","type-post","status-publish","format-standard","hentry","category-colegio-sepam"],"yoast_head":"<!-- This site is optimized with the Yoast SEO plugin v28.4 - https:\/\/yoast.com\/product\/yoast-seo-wordpress\/ -->\n<title>F\u00e9rias: Alunos participam de curso de Gastronomia - Col\u00e9gio Sepam<\/title>\n<meta name=\"robots\" content=\"index, follow, max-snippet:-1, max-image-preview:large, max-video-preview:-1\" \/>\n<link rel=\"canonical\" href=\"https:\/\/sepam.com.br\/pt\/ferias-alunos-participam-de-curso-de-gastronomia\/\" \/>\n<meta property=\"og:locale\" content=\"pt_BR\" \/>\n<meta property=\"og:type\" content=\"article\" \/>\n<meta property=\"og:title\" content=\"F\u00e9rias: Alunos participam de curso de Gastronomia - Col\u00e9gio Sepam\" \/>\n<meta property=\"og:description\" content=\"O SEPAM ofertou dois cursos: Gastronomia Teen (6\u00ba ao 8\u00ba ano) e Gastronomia Kids (2\u00ba ao 5\u00ba ano) Os alunos do 2\u00ba ao 8\u00ba ano do Ensino Fundamental n\u00e3o ficaram parados durante as f\u00e9rias de julho. O Col\u00e9gio Sepam ofereceu dois cursos de gastronomia: Teen e Kids. Crian\u00e7as e adolescentes aprenderam t\u00e9cnicas b\u00e1sicas de cozinha [&hellip;]\" \/>\n<meta property=\"og:url\" content=\"https:\/\/sepam.com.br\/pt\/ferias-alunos-participam-de-curso-de-gastronomia\/\" \/>\n<meta property=\"og:site_name\" content=\"Col\u00e9gio Sepam\" \/>\n<meta property=\"article:published_time\" content=\"2025-08-28T13:47:08+00:00\" \/>\n<meta property=\"article:modified_time\" content=\"2025-11-24T13:53:37+00:00\" \/>\n<meta name=\"author\" content=\"Sepam\" \/>\n<meta name=\"twitter:card\" content=\"summary_large_image\" \/>\n<meta name=\"twitter:label1\" content=\"Escrito por\" \/>\n\t<meta name=\"twitter:data1\" content=\"Sepam\" \/>\n\t<meta name=\"twitter:label2\" content=\"Est. tempo de leitura\" \/>\n\t<meta name=\"twitter:data2\" content=\"2 minutos\" \/>\n<script type=\"application\/ld+json\" class=\"yoast-schema-graph\">{\"@context\":\"https:\\\/\\\/schema.org\",\"@graph\":[{\"@type\":\"Article\",\"@id\":\"https:\\\/\\\/sepam.com.br\\\/pt\\\/ferias-alunos-participam-de-curso-de-gastronomia\\\/#article\",\"isPartOf\":{\"@id\":\"https:\\\/\\\/sepam.com.br\\\/pt\\\/ferias-alunos-participam-de-curso-de-gastronomia\\\/\"},\"author\":{\"name\":\"Sepam\",\"@id\":\"https:\\\/\\\/sepam.com.br\\\/#\\\/schema\\\/person\\\/bfa2996c649a5a6d822766f6e64eb7fd\"},\"headline\":\"F\u00e9rias: Alunos participam de curso de Gastronomia\",\"datePublished\":\"2025-08-28T13:47:08+00:00\",\"dateModified\":\"2025-11-24T13:53:37+00:00\",\"mainEntityOfPage\":{\"@id\":\"https:\\\/\\\/sepam.com.br\\\/pt\\\/ferias-alunos-participam-de-curso-de-gastronomia\\\/\"},\"wordCount\":351,\"commentCount\":0,\"publisher\":{\"@id\":\"https:\\\/\\\/sepam.com.br\\\/#organization\"},\"articleSection\":[\"Colegio Sepam\"],\"inLanguage\":\"pt-BR\",\"potentialAction\":[{\"@type\":\"CommentAction\",\"name\":\"Comment\",\"target\":[\"https:\\\/\\\/sepam.com.br\\\/pt\\\/ferias-alunos-participam-de-curso-de-gastronomia\\\/#respond\"]}]},{\"@type\":\"WebPage\",\"@id\":\"https:\\\/\\\/sepam.com.br\\\/pt\\\/ferias-alunos-participam-de-curso-de-gastronomia\\\/\",\"url\":\"https:\\\/\\\/sepam.com.br\\\/pt\\\/ferias-alunos-participam-de-curso-de-gastronomia\\\/\",\"name\":\"F\u00e9rias: Alunos participam de curso de Gastronomia - Col\u00e9gio Sepam\",\"isPartOf\":{\"@id\":\"https:\\\/\\\/sepam.com.br\\\/#website\"},\"datePublished\":\"2025-08-28T13:47:08+00:00\",\"dateModified\":\"2025-11-24T13:53:37+00:00\",\"breadcrumb\":{\"@id\":\"https:\\\/\\\/sepam.com.br\\\/pt\\\/ferias-alunos-participam-de-curso-de-gastronomia\\\/#breadcrumb\"},\"inLanguage\":\"pt-BR\",\"potentialAction\":[{\"@type\":\"ReadAction\",\"target\":[\"https:\\\/\\\/sepam.com.br\\\/pt\\\/ferias-alunos-participam-de-curso-de-gastronomia\\\/\"]}]},{\"@type\":\"BreadcrumbList\",\"@id\":\"https:\\\/\\\/sepam.com.br\\\/pt\\\/ferias-alunos-participam-de-curso-de-gastronomia\\\/#breadcrumb\",\"itemListElement\":[{\"@type\":\"ListItem\",\"position\":1,\"name\":\"In\u00edcio\",\"item\":\"https:\\\/\\\/sepam.com.br\\\/\"},{\"@type\":\"ListItem\",\"position\":2,\"name\":\"F\u00e9rias: Alunos participam de curso de Gastronomia\"}]},{\"@type\":\"WebSite\",\"@id\":\"https:\\\/\\\/sepam.com.br\\\/#website\",\"url\":\"https:\\\/\\\/sepam.com.br\\\/\",\"name\":\"Col\u00e9gio Sepam\",\"description\":\"Ensino Incompar\u00e1vel\",\"publisher\":{\"@id\":\"https:\\\/\\\/sepam.com.br\\\/#organization\"},\"potentialAction\":[{\"@type\":\"SearchAction\",\"target\":{\"@type\":\"EntryPoint\",\"urlTemplate\":\"https:\\\/\\\/sepam.com.br\\\/?s={search_term_string}\"},\"query-input\":{\"@type\":\"PropertyValueSpecification\",\"valueRequired\":true,\"valueName\":\"search_term_string\"}}],\"inLanguage\":\"pt-BR\"},{\"@type\":\"Organization\",\"@id\":\"https:\\\/\\\/sepam.com.br\\\/#organization\",\"name\":\"Col\u00e9gio Sepam\",\"url\":\"https:\\\/\\\/sepam.com.br\\\/\",\"logo\":{\"@type\":\"ImageObject\",\"inLanguage\":\"pt-BR\",\"@id\":\"https:\\\/\\\/sepam.com.br\\\/#\\\/schema\\\/logo\\\/image\\\/\",\"url\":\"https:\\\/\\\/sepam.com.br\\\/wp-content\\\/uploads\\\/2025\\\/02\\\/Ativo-2.png\",\"contentUrl\":\"https:\\\/\\\/sepam.com.br\\\/wp-content\\\/uploads\\\/2025\\\/02\\\/Ativo-2.png\",\"width\":595,\"height\":525,\"caption\":\"Col\u00e9gio Sepam\"},\"image\":{\"@id\":\"https:\\\/\\\/sepam.com.br\\\/#\\\/schema\\\/logo\\\/image\\\/\"}},{\"@type\":\"Person\",\"@id\":\"https:\\\/\\\/sepam.com.br\\\/#\\\/schema\\\/person\\\/bfa2996c649a5a6d822766f6e64eb7fd\",\"name\":\"Sepam\",\"image\":{\"@type\":\"ImageObject\",\"inLanguage\":\"pt-BR\",\"@id\":\"https:\\\/\\\/secure.gravatar.com\\\/avatar\\\/0219e64664f5861998ad57a3432eb4bd5fd99a34c7cc9bc44b3c59dfb830db85?s=96&d=mm&r=g\",\"url\":\"https:\\\/\\\/secure.gravatar.com\\\/avatar\\\/0219e64664f5861998ad57a3432eb4bd5fd99a34c7cc9bc44b3c59dfb830db85?s=96&d=mm&r=g\",\"contentUrl\":\"https:\\\/\\\/secure.gravatar.com\\\/avatar\\\/0219e64664f5861998ad57a3432eb4bd5fd99a34c7cc9bc44b3c59dfb830db85?s=96&d=mm&r=g\",\"caption\":\"Sepam\"},\"url\":\"https:\\\/\\\/sepam.com.br\\\/pt\\\/author\\\/sepam\\\/\"}]}<\/script>\n<!-- \/ Yoast SEO plugin. -->","yoast_head_json":{"title":"F\u00e9rias: Alunos participam de curso de Gastronomia - Col\u00e9gio Sepam","robots":{"index":"index","follow":"follow","max-snippet":"max-snippet:-1","max-image-preview":"max-image-preview:large","max-video-preview":"max-video-preview:-1"},"canonical":"https:\/\/sepam.com.br\/pt\/ferias-alunos-participam-de-curso-de-gastronomia\/","og_locale":"pt_BR","og_type":"article","og_title":"F\u00e9rias: Alunos participam de curso de Gastronomia - Col\u00e9gio Sepam","og_description":"O SEPAM ofertou dois cursos: Gastronomia Teen (6\u00ba ao 8\u00ba ano) e Gastronomia Kids (2\u00ba ao 5\u00ba ano) Os alunos do 2\u00ba ao 8\u00ba ano do Ensino Fundamental n\u00e3o ficaram parados durante as f\u00e9rias de julho. O Col\u00e9gio Sepam ofereceu dois cursos de gastronomia: Teen e Kids. Crian\u00e7as e adolescentes aprenderam t\u00e9cnicas b\u00e1sicas de cozinha [&hellip;]","og_url":"https:\/\/sepam.com.br\/pt\/ferias-alunos-participam-de-curso-de-gastronomia\/","og_site_name":"Col\u00e9gio Sepam","article_published_time":"2025-08-28T13:47:08+00:00","article_modified_time":"2025-11-24T13:53:37+00:00","author":"Sepam","twitter_card":"summary_large_image","twitter_misc":{"Escrito por":"Sepam","Est. tempo de leitura":"2 minutos"},"schema":{"@context":"https:\/\/schema.org","@graph":[{"@type":"Article","@id":"https:\/\/sepam.com.br\/pt\/ferias-alunos-participam-de-curso-de-gastronomia\/#article","isPartOf":{"@id":"https:\/\/sepam.com.br\/pt\/ferias-alunos-participam-de-curso-de-gastronomia\/"},"author":{"name":"Sepam","@id":"https:\/\/sepam.com.br\/#\/schema\/person\/bfa2996c649a5a6d822766f6e64eb7fd"},"headline":"F\u00e9rias: Alunos participam de curso de Gastronomia","datePublished":"2025-08-28T13:47:08+00:00","dateModified":"2025-11-24T13:53:37+00:00","mainEntityOfPage":{"@id":"https:\/\/sepam.com.br\/pt\/ferias-alunos-participam-de-curso-de-gastronomia\/"},"wordCount":351,"commentCount":0,"publisher":{"@id":"https:\/\/sepam.com.br\/#organization"},"articleSection":["Colegio Sepam"],"inLanguage":"pt-BR","potentialAction":[{"@type":"CommentAction","name":"Comment","target":["https:\/\/sepam.com.br\/pt\/ferias-alunos-participam-de-curso-de-gastronomia\/#respond"]}]},{"@type":"WebPage","@id":"https:\/\/sepam.com.br\/pt\/ferias-alunos-participam-de-curso-de-gastronomia\/","url":"https:\/\/sepam.com.br\/pt\/ferias-alunos-participam-de-curso-de-gastronomia\/","name":"F\u00e9rias: Alunos participam de curso de Gastronomia - Col\u00e9gio Sepam","isPartOf":{"@id":"https:\/\/sepam.com.br\/#website"},"datePublished":"2025-08-28T13:47:08+00:00","dateModified":"2025-11-24T13:53:37+00:00","breadcrumb":{"@id":"https:\/\/sepam.com.br\/pt\/ferias-alunos-participam-de-curso-de-gastronomia\/#breadcrumb"},"inLanguage":"pt-BR","potentialAction":[{"@type":"ReadAction","target":["https:\/\/sepam.com.br\/pt\/ferias-alunos-participam-de-curso-de-gastronomia\/"]}]},{"@type":"BreadcrumbList","@id":"https:\/\/sepam.com.br\/pt\/ferias-alunos-participam-de-curso-de-gastronomia\/#breadcrumb","itemListElement":[{"@type":"ListItem","position":1,"name":"In\u00edcio","item":"https:\/\/sepam.com.br\/"},{"@type":"ListItem","position":2,"name":"F\u00e9rias: Alunos participam de curso de Gastronomia"}]},{"@type":"WebSite","@id":"https:\/\/sepam.com.br\/#website","url":"https:\/\/sepam.com.br\/","name":"Col\u00e9gio Sepam","description":"Ensino Incompar\u00e1vel","publisher":{"@id":"https:\/\/sepam.com.br\/#organization"},"potentialAction":[{"@type":"SearchAction","target":{"@type":"EntryPoint","urlTemplate":"https:\/\/sepam.com.br\/?s={search_term_string}"},"query-input":{"@type":"PropertyValueSpecification","valueRequired":true,"valueName":"search_term_string"}}],"inLanguage":"pt-BR"},{"@type":"Organization","@id":"https:\/\/sepam.com.br\/#organization","name":"Col\u00e9gio Sepam","url":"https:\/\/sepam.com.br\/","logo":{"@type":"ImageObject","inLanguage":"pt-BR","@id":"https:\/\/sepam.com.br\/#\/schema\/logo\/image\/","url":"https:\/\/sepam.com.br\/wp-content\/uploads\/2025\/02\/Ativo-2.png","contentUrl":"https:\/\/sepam.com.br\/wp-content\/uploads\/2025\/02\/Ativo-2.png","width":595,"height":525,"caption":"Col\u00e9gio Sepam"},"image":{"@id":"https:\/\/sepam.com.br\/#\/schema\/logo\/image\/"}},{"@type":"Person","@id":"https:\/\/sepam.com.br\/#\/schema\/person\/bfa2996c649a5a6d822766f6e64eb7fd","name":"Sepam","image":{"@type":"ImageObject","inLanguage":"pt-BR","@id":"https:\/\/secure.gravatar.com\/avatar\/0219e64664f5861998ad57a3432eb4bd5fd99a34c7cc9bc44b3c59dfb830db85?s=96&d=mm&r=g","url":"https:\/\/secure.gravatar.com\/avatar\/0219e64664f5861998ad57a3432eb4bd5fd99a34c7cc9bc44b3c59dfb830db85?s=96&d=mm&r=g","contentUrl":"https:\/\/secure.gravatar.com\/avatar\/0219e64664f5861998ad57a3432eb4bd5fd99a34c7cc9bc44b3c59dfb830db85?s=96&d=mm&r=g","caption":"Sepam"},"url":"https:\/\/sepam.com.br\/pt\/author\/sepam\/"}]}},"_links":{"self":[{"href":"https:\/\/sepam.com.br\/pt\/wp-json\/wp\/v2\/posts\/6905","targetHints":{"allow":["GET"]}}],"collection":[{"href":"https:\/\/sepam.com.br\/pt\/wp-json\/wp\/v2\/posts"}],"about":[{"href":"https:\/\/sepam.com.br\/pt\/wp-json\/wp\/v2\/types\/post"}],"author":[{"embeddable":true,"href":"https:\/\/sepam.com.br\/pt\/wp-json\/wp\/v2\/users\/13"}],"replies":[{"embeddable":true,"href":"https:\/\/sepam.com.br\/pt\/wp-json\/wp\/v2\/comments?post=6905"}],"version-history":[{"count":1,"href":"https:\/\/sepam.com.br\/pt\/wp-json\/wp\/v2\/posts\/6905\/revisions"}],"predecessor-version":[{"id":7449,"href":"https:\/\/sepam.com.br\/pt\/wp-json\/wp\/v2\/posts\/6905\/revisions\/7449"}],"wp:attachment":[{"href":"https:\/\/sepam.com.br\/pt\/wp-json\/wp\/v2\/media?parent=6905"}],"wp:term":[{"taxonomy":"category","embeddable":true,"href":"https:\/\/sepam.com.br\/pt\/wp-json\/wp\/v2\/categories?post=6905"},{"taxonomy":"post_tag","embeddable":true,"href":"https:\/\/sepam.com.br\/pt\/wp-json\/wp\/v2\/tags?post=6905"}],"curies":[{"name":"wp","href":"https:\/\/api.w.org\/{rel}","templated":true}]}}