{"id":6899,"date":"2025-08-28T10:47:08","date_gmt":"2025-08-28T13:47:08","guid":{"rendered":"https:\/\/dev.alisonandrei.com.br\/noticia\/copa-escolar-de-ginastica-ritmica-acontece-nesse-fim-de-semana-em-ponta-grossa\/"},"modified":"2025-11-24T10:53:37","modified_gmt":"2025-11-24T13:53:37","slug":"copa-escolar-de-ginastica-ritmica-acontece-nesse-fim-de-semana-em-ponta-grossa","status":"publish","type":"post","link":"https:\/\/sepam.com.br\/pt\/copa-escolar-de-ginastica-ritmica-acontece-nesse-fim-de-semana-em-ponta-grossa\/","title":{"rendered":"Copa Escolar de Gin\u00e1stica R\u00edtmica acontece nesse fim de semana em Ponta Grossa"},"content":{"rendered":"<p><em>Ginastas de escolas de todo o Paran\u00e1 se apresentam no evento <\/em><\/p>\n<p>Mais de 100 ginastas do Paran\u00e1 competem neste fim semana, dias 29 e 30 de junho, na Copa Escolar de Gin\u00e1stica R\u00edtmica.\u00a0 A abertura da competi\u00e7\u00e3o acontece nessa sexta-feira (29), \u00e0s 19h30, e as apresenta\u00e7\u00f5es iniciam no s\u00e1bado (30), \u00e0s 9h, no gin\u00e1sio do Col\u00e9gio Marista Pio XII.\u00a0 O evento tem entrada franca e \u00e9 aberto \u00e0 comunidade.<\/p>\n<p>A Copa envolve disputas individuais e coletivas nas categorias mirim, pr\u00e9-infantil, infantil e aberta, com coreografias acompanhadas de aparelhos como arco, corda e \u201cm\u00e3o livre\u201d. As atletas t\u00eam de 07 a 17 anos e representam nove escolas das cidades de Cascavel, Curitiba, Maring\u00e1, Arapoti e Ponta Grossa. A competi\u00e7\u00e3o premia as ginastas em cada categoria com t\u00edtulos individual, conjunto, por equipe e geral da Copa, este \u00faltimo atualmente \u00e9 do Col\u00e9gio Sepam.<\/p>\n<p>A Copa \u00e9 realizada desde 2010 e acontece a cada dois anos. Nesse per\u00edodo j\u00e1 participaram mais de 500 ginastas. Essa \u00e9 a primeira edi\u00e7\u00e3o do evento com o novo nome \u201cCopa Escolar de Gin\u00e1stica R\u00edtmica\u201d, antes a competi\u00e7\u00e3o se chamava \u201cCopa Campos Gerais de Gin\u00e1stica R\u00edtmica\u201d. \u201cPropomos essa mudan\u00e7a para valorizar ainda mais as escolas que competem\u201d, conta \u00c9rica Canesim, treinadora do Sepam e uma das organizadoras do evento, junto com a professora do Col\u00e9gio Marista, Daniele Alves Calixto.<\/p>\n<p>Algumas das atletas participantes da Copa tamb\u00e9m se apresentar\u00e3o no Festival Tapete M\u00e1gico neste domingo, 01 de julho.<\/p>\n","protected":false},"excerpt":{"rendered":"<p>Ginastas de escolas de todo o Paran\u00e1 se apresentam no evento Mais de 100 ginastas do Paran\u00e1 competem neste fim semana, dias 29 e 30 de junho, na Copa Escolar de Gin\u00e1stica R\u00edtmica.\u00a0 A abertura da competi\u00e7\u00e3o acontece nessa sexta-feira (29), \u00e0s 19h30, e as apresenta\u00e7\u00f5es iniciam no s\u00e1bado (30), \u00e0s 9h, no gin\u00e1sio do [&hellip;]<\/p>\n","protected":false},"author":13,"featured_media":0,"comment_status":"open","ping_status":"open","sticky":false,"template":"","format":"standard","meta":{"footnotes":""},"categories":[21],"tags":[],"class_list":["post-6899","post","type-post","status-publish","format-standard","hentry","category-colegio-sepam"],"yoast_head":"<!-- This site is optimized with the Yoast SEO plugin v28.4 - https:\/\/yoast.com\/product\/yoast-seo-wordpress\/ -->\n<title>Copa Escolar de Gin\u00e1stica R\u00edtmica acontece nesse fim de semana em Ponta Grossa - Col\u00e9gio Sepam<\/title>\n<meta name=\"robots\" content=\"index, follow, max-snippet:-1, max-image-preview:large, max-video-preview:-1\" \/>\n<link rel=\"canonical\" href=\"https:\/\/sepam.com.br\/pt\/copa-escolar-de-ginastica-ritmica-acontece-nesse-fim-de-semana-em-ponta-grossa\/\" \/>\n<meta property=\"og:locale\" content=\"pt_BR\" \/>\n<meta property=\"og:type\" content=\"article\" \/>\n<meta property=\"og:title\" content=\"Copa Escolar de Gin\u00e1stica R\u00edtmica acontece nesse fim de semana em Ponta Grossa - Col\u00e9gio Sepam\" \/>\n<meta property=\"og:description\" content=\"Ginastas de escolas de todo o Paran\u00e1 se apresentam no evento Mais de 100 ginastas do Paran\u00e1 competem neste fim semana, dias 29 e 30 de junho, na Copa Escolar de Gin\u00e1stica R\u00edtmica.\u00a0 A abertura da competi\u00e7\u00e3o acontece nessa sexta-feira (29), \u00e0s 19h30, e as apresenta\u00e7\u00f5es iniciam no s\u00e1bado (30), \u00e0s 9h, no gin\u00e1sio do [&hellip;]\" \/>\n<meta property=\"og:url\" content=\"https:\/\/sepam.com.br\/pt\/copa-escolar-de-ginastica-ritmica-acontece-nesse-fim-de-semana-em-ponta-grossa\/\" \/>\n<meta property=\"og:site_name\" content=\"Col\u00e9gio Sepam\" \/>\n<meta property=\"article:published_time\" content=\"2025-08-28T13:47:08+00:00\" \/>\n<meta property=\"article:modified_time\" content=\"2025-11-24T13:53:37+00:00\" \/>\n<meta name=\"author\" content=\"Sepam\" \/>\n<meta name=\"twitter:card\" content=\"summary_large_image\" \/>\n<meta name=\"twitter:label1\" content=\"Escrito por\" \/>\n\t<meta name=\"twitter:data1\" content=\"Sepam\" \/>\n\t<meta name=\"twitter:label2\" content=\"Est. tempo de leitura\" \/>\n\t<meta name=\"twitter:data2\" content=\"1 minuto\" \/>\n<script type=\"application\/ld+json\" class=\"yoast-schema-graph\">{\"@context\":\"https:\\\/\\\/schema.org\",\"@graph\":[{\"@type\":\"Article\",\"@id\":\"https:\\\/\\\/sepam.com.br\\\/pt\\\/copa-escolar-de-ginastica-ritmica-acontece-nesse-fim-de-semana-em-ponta-grossa\\\/#article\",\"isPartOf\":{\"@id\":\"https:\\\/\\\/sepam.com.br\\\/pt\\\/copa-escolar-de-ginastica-ritmica-acontece-nesse-fim-de-semana-em-ponta-grossa\\\/\"},\"author\":{\"name\":\"Sepam\",\"@id\":\"https:\\\/\\\/sepam.com.br\\\/#\\\/schema\\\/person\\\/bfa2996c649a5a6d822766f6e64eb7fd\"},\"headline\":\"Copa Escolar de Gin\u00e1stica R\u00edtmica acontece nesse fim de semana em Ponta Grossa\",\"datePublished\":\"2025-08-28T13:47:08+00:00\",\"dateModified\":\"2025-11-24T13:53:37+00:00\",\"mainEntityOfPage\":{\"@id\":\"https:\\\/\\\/sepam.com.br\\\/pt\\\/copa-escolar-de-ginastica-ritmica-acontece-nesse-fim-de-semana-em-ponta-grossa\\\/\"},\"wordCount\":264,\"commentCount\":0,\"publisher\":{\"@id\":\"https:\\\/\\\/sepam.com.br\\\/#organization\"},\"articleSection\":[\"Colegio Sepam\"],\"inLanguage\":\"pt-BR\",\"potentialAction\":[{\"@type\":\"CommentAction\",\"name\":\"Comment\",\"target\":[\"https:\\\/\\\/sepam.com.br\\\/pt\\\/copa-escolar-de-ginastica-ritmica-acontece-nesse-fim-de-semana-em-ponta-grossa\\\/#respond\"]}]},{\"@type\":\"WebPage\",\"@id\":\"https:\\\/\\\/sepam.com.br\\\/pt\\\/copa-escolar-de-ginastica-ritmica-acontece-nesse-fim-de-semana-em-ponta-grossa\\\/\",\"url\":\"https:\\\/\\\/sepam.com.br\\\/pt\\\/copa-escolar-de-ginastica-ritmica-acontece-nesse-fim-de-semana-em-ponta-grossa\\\/\",\"name\":\"Copa Escolar de Gin\u00e1stica R\u00edtmica acontece nesse fim de semana em Ponta Grossa - Col\u00e9gio Sepam\",\"isPartOf\":{\"@id\":\"https:\\\/\\\/sepam.com.br\\\/#website\"},\"datePublished\":\"2025-08-28T13:47:08+00:00\",\"dateModified\":\"2025-11-24T13:53:37+00:00\",\"breadcrumb\":{\"@id\":\"https:\\\/\\\/sepam.com.br\\\/pt\\\/copa-escolar-de-ginastica-ritmica-acontece-nesse-fim-de-semana-em-ponta-grossa\\\/#breadcrumb\"},\"inLanguage\":\"pt-BR\",\"potentialAction\":[{\"@type\":\"ReadAction\",\"target\":[\"https:\\\/\\\/sepam.com.br\\\/pt\\\/copa-escolar-de-ginastica-ritmica-acontece-nesse-fim-de-semana-em-ponta-grossa\\\/\"]}]},{\"@type\":\"BreadcrumbList\",\"@id\":\"https:\\\/\\\/sepam.com.br\\\/pt\\\/copa-escolar-de-ginastica-ritmica-acontece-nesse-fim-de-semana-em-ponta-grossa\\\/#breadcrumb\",\"itemListElement\":[{\"@type\":\"ListItem\",\"position\":1,\"name\":\"In\u00edcio\",\"item\":\"https:\\\/\\\/sepam.com.br\\\/\"},{\"@type\":\"ListItem\",\"position\":2,\"name\":\"Copa Escolar de Gin\u00e1stica R\u00edtmica acontece nesse fim de semana em Ponta Grossa\"}]},{\"@type\":\"WebSite\",\"@id\":\"https:\\\/\\\/sepam.com.br\\\/#website\",\"url\":\"https:\\\/\\\/sepam.com.br\\\/\",\"name\":\"Col\u00e9gio Sepam\",\"description\":\"Ensino Incompar\u00e1vel\",\"publisher\":{\"@id\":\"https:\\\/\\\/sepam.com.br\\\/#organization\"},\"potentialAction\":[{\"@type\":\"SearchAction\",\"target\":{\"@type\":\"EntryPoint\",\"urlTemplate\":\"https:\\\/\\\/sepam.com.br\\\/?s={search_term_string}\"},\"query-input\":{\"@type\":\"PropertyValueSpecification\",\"valueRequired\":true,\"valueName\":\"search_term_string\"}}],\"inLanguage\":\"pt-BR\"},{\"@type\":\"Organization\",\"@id\":\"https:\\\/\\\/sepam.com.br\\\/#organization\",\"name\":\"Col\u00e9gio Sepam\",\"url\":\"https:\\\/\\\/sepam.com.br\\\/\",\"logo\":{\"@type\":\"ImageObject\",\"inLanguage\":\"pt-BR\",\"@id\":\"https:\\\/\\\/sepam.com.br\\\/#\\\/schema\\\/logo\\\/image\\\/\",\"url\":\"https:\\\/\\\/sepam.com.br\\\/wp-content\\\/uploads\\\/2025\\\/02\\\/Ativo-2.png\",\"contentUrl\":\"https:\\\/\\\/sepam.com.br\\\/wp-content\\\/uploads\\\/2025\\\/02\\\/Ativo-2.png\",\"width\":595,\"height\":525,\"caption\":\"Col\u00e9gio Sepam\"},\"image\":{\"@id\":\"https:\\\/\\\/sepam.com.br\\\/#\\\/schema\\\/logo\\\/image\\\/\"}},{\"@type\":\"Person\",\"@id\":\"https:\\\/\\\/sepam.com.br\\\/#\\\/schema\\\/person\\\/bfa2996c649a5a6d822766f6e64eb7fd\",\"name\":\"Sepam\",\"image\":{\"@type\":\"ImageObject\",\"inLanguage\":\"pt-BR\",\"@id\":\"https:\\\/\\\/secure.gravatar.com\\\/avatar\\\/0219e64664f5861998ad57a3432eb4bd5fd99a34c7cc9bc44b3c59dfb830db85?s=96&d=mm&r=g\",\"url\":\"https:\\\/\\\/secure.gravatar.com\\\/avatar\\\/0219e64664f5861998ad57a3432eb4bd5fd99a34c7cc9bc44b3c59dfb830db85?s=96&d=mm&r=g\",\"contentUrl\":\"https:\\\/\\\/secure.gravatar.com\\\/avatar\\\/0219e64664f5861998ad57a3432eb4bd5fd99a34c7cc9bc44b3c59dfb830db85?s=96&d=mm&r=g\",\"caption\":\"Sepam\"},\"url\":\"https:\\\/\\\/sepam.com.br\\\/pt\\\/author\\\/sepam\\\/\"}]}<\/script>\n<!-- \/ Yoast SEO plugin. -->","yoast_head_json":{"title":"Copa Escolar de Gin\u00e1stica R\u00edtmica acontece nesse fim de semana em Ponta Grossa - Col\u00e9gio Sepam","robots":{"index":"index","follow":"follow","max-snippet":"max-snippet:-1","max-image-preview":"max-image-preview:large","max-video-preview":"max-video-preview:-1"},"canonical":"https:\/\/sepam.com.br\/pt\/copa-escolar-de-ginastica-ritmica-acontece-nesse-fim-de-semana-em-ponta-grossa\/","og_locale":"pt_BR","og_type":"article","og_title":"Copa Escolar de Gin\u00e1stica R\u00edtmica acontece nesse fim de semana em Ponta Grossa - Col\u00e9gio Sepam","og_description":"Ginastas de escolas de todo o Paran\u00e1 se apresentam no evento Mais de 100 ginastas do Paran\u00e1 competem neste fim semana, dias 29 e 30 de junho, na Copa Escolar de Gin\u00e1stica R\u00edtmica.\u00a0 A abertura da competi\u00e7\u00e3o acontece nessa sexta-feira (29), \u00e0s 19h30, e as apresenta\u00e7\u00f5es iniciam no s\u00e1bado (30), \u00e0s 9h, no gin\u00e1sio do [&hellip;]","og_url":"https:\/\/sepam.com.br\/pt\/copa-escolar-de-ginastica-ritmica-acontece-nesse-fim-de-semana-em-ponta-grossa\/","og_site_name":"Col\u00e9gio Sepam","article_published_time":"2025-08-28T13:47:08+00:00","article_modified_time":"2025-11-24T13:53:37+00:00","author":"Sepam","twitter_card":"summary_large_image","twitter_misc":{"Escrito por":"Sepam","Est. tempo de leitura":"1 minuto"},"schema":{"@context":"https:\/\/schema.org","@graph":[{"@type":"Article","@id":"https:\/\/sepam.com.br\/pt\/copa-escolar-de-ginastica-ritmica-acontece-nesse-fim-de-semana-em-ponta-grossa\/#article","isPartOf":{"@id":"https:\/\/sepam.com.br\/pt\/copa-escolar-de-ginastica-ritmica-acontece-nesse-fim-de-semana-em-ponta-grossa\/"},"author":{"name":"Sepam","@id":"https:\/\/sepam.com.br\/#\/schema\/person\/bfa2996c649a5a6d822766f6e64eb7fd"},"headline":"Copa Escolar de Gin\u00e1stica R\u00edtmica acontece nesse fim de semana em Ponta Grossa","datePublished":"2025-08-28T13:47:08+00:00","dateModified":"2025-11-24T13:53:37+00:00","mainEntityOfPage":{"@id":"https:\/\/sepam.com.br\/pt\/copa-escolar-de-ginastica-ritmica-acontece-nesse-fim-de-semana-em-ponta-grossa\/"},"wordCount":264,"commentCount":0,"publisher":{"@id":"https:\/\/sepam.com.br\/#organization"},"articleSection":["Colegio Sepam"],"inLanguage":"pt-BR","potentialAction":[{"@type":"CommentAction","name":"Comment","target":["https:\/\/sepam.com.br\/pt\/copa-escolar-de-ginastica-ritmica-acontece-nesse-fim-de-semana-em-ponta-grossa\/#respond"]}]},{"@type":"WebPage","@id":"https:\/\/sepam.com.br\/pt\/copa-escolar-de-ginastica-ritmica-acontece-nesse-fim-de-semana-em-ponta-grossa\/","url":"https:\/\/sepam.com.br\/pt\/copa-escolar-de-ginastica-ritmica-acontece-nesse-fim-de-semana-em-ponta-grossa\/","name":"Copa Escolar de Gin\u00e1stica R\u00edtmica acontece nesse fim de semana em Ponta Grossa - Col\u00e9gio Sepam","isPartOf":{"@id":"https:\/\/sepam.com.br\/#website"},"datePublished":"2025-08-28T13:47:08+00:00","dateModified":"2025-11-24T13:53:37+00:00","breadcrumb":{"@id":"https:\/\/sepam.com.br\/pt\/copa-escolar-de-ginastica-ritmica-acontece-nesse-fim-de-semana-em-ponta-grossa\/#breadcrumb"},"inLanguage":"pt-BR","potentialAction":[{"@type":"ReadAction","target":["https:\/\/sepam.com.br\/pt\/copa-escolar-de-ginastica-ritmica-acontece-nesse-fim-de-semana-em-ponta-grossa\/"]}]},{"@type":"BreadcrumbList","@id":"https:\/\/sepam.com.br\/pt\/copa-escolar-de-ginastica-ritmica-acontece-nesse-fim-de-semana-em-ponta-grossa\/#breadcrumb","itemListElement":[{"@type":"ListItem","position":1,"name":"In\u00edcio","item":"https:\/\/sepam.com.br\/"},{"@type":"ListItem","position":2,"name":"Copa Escolar de Gin\u00e1stica R\u00edtmica acontece nesse fim de semana em Ponta Grossa"}]},{"@type":"WebSite","@id":"https:\/\/sepam.com.br\/#website","url":"https:\/\/sepam.com.br\/","name":"Col\u00e9gio Sepam","description":"Ensino Incompar\u00e1vel","publisher":{"@id":"https:\/\/sepam.com.br\/#organization"},"potentialAction":[{"@type":"SearchAction","target":{"@type":"EntryPoint","urlTemplate":"https:\/\/sepam.com.br\/?s={search_term_string}"},"query-input":{"@type":"PropertyValueSpecification","valueRequired":true,"valueName":"search_term_string"}}],"inLanguage":"pt-BR"},{"@type":"Organization","@id":"https:\/\/sepam.com.br\/#organization","name":"Col\u00e9gio Sepam","url":"https:\/\/sepam.com.br\/","logo":{"@type":"ImageObject","inLanguage":"pt-BR","@id":"https:\/\/sepam.com.br\/#\/schema\/logo\/image\/","url":"https:\/\/sepam.com.br\/wp-content\/uploads\/2025\/02\/Ativo-2.png","contentUrl":"https:\/\/sepam.com.br\/wp-content\/uploads\/2025\/02\/Ativo-2.png","width":595,"height":525,"caption":"Col\u00e9gio Sepam"},"image":{"@id":"https:\/\/sepam.com.br\/#\/schema\/logo\/image\/"}},{"@type":"Person","@id":"https:\/\/sepam.com.br\/#\/schema\/person\/bfa2996c649a5a6d822766f6e64eb7fd","name":"Sepam","image":{"@type":"ImageObject","inLanguage":"pt-BR","@id":"https:\/\/secure.gravatar.com\/avatar\/0219e64664f5861998ad57a3432eb4bd5fd99a34c7cc9bc44b3c59dfb830db85?s=96&d=mm&r=g","url":"https:\/\/secure.gravatar.com\/avatar\/0219e64664f5861998ad57a3432eb4bd5fd99a34c7cc9bc44b3c59dfb830db85?s=96&d=mm&r=g","contentUrl":"https:\/\/secure.gravatar.com\/avatar\/0219e64664f5861998ad57a3432eb4bd5fd99a34c7cc9bc44b3c59dfb830db85?s=96&d=mm&r=g","caption":"Sepam"},"url":"https:\/\/sepam.com.br\/pt\/author\/sepam\/"}]}},"_links":{"self":[{"href":"https:\/\/sepam.com.br\/pt\/wp-json\/wp\/v2\/posts\/6899","targetHints":{"allow":["GET"]}}],"collection":[{"href":"https:\/\/sepam.com.br\/pt\/wp-json\/wp\/v2\/posts"}],"about":[{"href":"https:\/\/sepam.com.br\/pt\/wp-json\/wp\/v2\/types\/post"}],"author":[{"embeddable":true,"href":"https:\/\/sepam.com.br\/pt\/wp-json\/wp\/v2\/users\/13"}],"replies":[{"embeddable":true,"href":"https:\/\/sepam.com.br\/pt\/wp-json\/wp\/v2\/comments?post=6899"}],"version-history":[{"count":1,"href":"https:\/\/sepam.com.br\/pt\/wp-json\/wp\/v2\/posts\/6899\/revisions"}],"predecessor-version":[{"id":7443,"href":"https:\/\/sepam.com.br\/pt\/wp-json\/wp\/v2\/posts\/6899\/revisions\/7443"}],"wp:attachment":[{"href":"https:\/\/sepam.com.br\/pt\/wp-json\/wp\/v2\/media?parent=6899"}],"wp:term":[{"taxonomy":"category","embeddable":true,"href":"https:\/\/sepam.com.br\/pt\/wp-json\/wp\/v2\/categories?post=6899"},{"taxonomy":"post_tag","embeddable":true,"href":"https:\/\/sepam.com.br\/pt\/wp-json\/wp\/v2\/tags?post=6899"}],"curies":[{"name":"wp","href":"https:\/\/api.w.org\/{rel}","templated":true}]}}