{"id":6897,"date":"2025-08-28T10:47:05","date_gmt":"2025-08-28T13:47:05","guid":{"rendered":"https:\/\/dev.alisonandrei.com.br\/noticia\/voce-conhece-a-historia-da-escola-onde-estudou-quando-crianca\/"},"modified":"2025-11-24T10:53:37","modified_gmt":"2025-11-24T13:53:37","slug":"voce-conhece-a-historia-da-escola-onde-estudou-quando-crianca","status":"publish","type":"post","link":"https:\/\/sepam.com.br\/pt\/voce-conhece-a-historia-da-escola-onde-estudou-quando-crianca\/","title":{"rendered":"Voc\u00ea conhece a hist\u00f3ria da escola onde estudou quando crian\u00e7a?"},"content":{"rendered":"<p><em>Os alunos do 2\u00ba ano do Ensino Fundamental pesquisaram o hist\u00f3rico do SEPAM<\/em><\/p>\n<p>\u201cVoc\u00ea conhece a hist\u00f3ria da sua escola?\u201d Esta foi a pergunta que norteou a atividade sobre Escola e Rela\u00e7\u00f5es Sociais conduzido nas aulas de Hist\u00f3ria das turmas do 2\u00ba ano do Ensino Fundamental do SEPAM. O trabalho foi realizado pelas professoras Franciele Matoso, Fl\u00e1via Starke, Gisele Ogrysko e Amanda Coelho.<\/p>\n<p>A atividade teve por finalidade ensinar o conceito de no\u00e7\u00e3o de tempo. As crian\u00e7as pesquisaram em livros e na Internet informa\u00e7\u00f5es sobre o hist\u00f3rico do Col\u00e9gio, como data de funda\u00e7\u00e3o, quem fundou e o significado da sigla SEPAM. Para finalizar, conversaram com funcion\u00e1rios antigos e entrevistaram o atual diretor, Osni Mongruel Junior. Al\u00e9m disso, os alunos trouxeram de casa uma foto do seu primeiro ano na escola para compartilharem com os colegas suas experi\u00eancias e emo\u00e7\u00f5es.<\/p>\n<p>Como tarefa de casa, as crian\u00e7as conversaram com seus pais questionando como era a escola deles. \u201cAl\u00e9m de aprenderem mais sobre a nossa escola, o momento de intera\u00e7\u00e3o e di\u00e1logo com os pais foi muito rico, pois ambos relembraram seu primeiro dia de aula e as hist\u00f3rias da escola de cada um. Ali\u00e1s, muitos pais s\u00e3o ex-alunos do SEPAM e esse momento proporcionou que resgatassem na mem\u00f3ria a \u00e9poca de estudante\u201d, explicou a professora do 2\u00ba ano B, Franciele Matoso.<\/p>\n","protected":false},"excerpt":{"rendered":"<p>Os alunos do 2\u00ba ano do Ensino Fundamental pesquisaram o hist\u00f3rico do SEPAM \u201cVoc\u00ea conhece a hist\u00f3ria da sua escola?\u201d Esta foi a pergunta que norteou a atividade sobre Escola e Rela\u00e7\u00f5es Sociais conduzido nas aulas de Hist\u00f3ria das turmas do 2\u00ba ano do Ensino Fundamental do SEPAM. O trabalho foi realizado pelas professoras Franciele [&hellip;]<\/p>\n","protected":false},"author":13,"featured_media":0,"comment_status":"open","ping_status":"open","sticky":false,"template":"","format":"standard","meta":{"footnotes":""},"categories":[21],"tags":[],"class_list":["post-6897","post","type-post","status-publish","format-standard","hentry","category-colegio-sepam"],"yoast_head":"<!-- This site is optimized with the Yoast SEO plugin v28.4 - https:\/\/yoast.com\/product\/yoast-seo-wordpress\/ -->\n<title>Voc\u00ea conhece a hist\u00f3ria da escola onde estudou quando crian\u00e7a? - Col\u00e9gio Sepam<\/title>\n<meta name=\"robots\" content=\"index, follow, max-snippet:-1, max-image-preview:large, max-video-preview:-1\" \/>\n<link rel=\"canonical\" href=\"https:\/\/sepam.com.br\/pt\/voce-conhece-a-historia-da-escola-onde-estudou-quando-crianca\/\" \/>\n<meta property=\"og:locale\" content=\"pt_BR\" \/>\n<meta property=\"og:type\" content=\"article\" \/>\n<meta property=\"og:title\" content=\"Voc\u00ea conhece a hist\u00f3ria da escola onde estudou quando crian\u00e7a? - Col\u00e9gio Sepam\" \/>\n<meta property=\"og:description\" content=\"Os alunos do 2\u00ba ano do Ensino Fundamental pesquisaram o hist\u00f3rico do SEPAM \u201cVoc\u00ea conhece a hist\u00f3ria da sua escola?\u201d Esta foi a pergunta que norteou a atividade sobre Escola e Rela\u00e7\u00f5es Sociais conduzido nas aulas de Hist\u00f3ria das turmas do 2\u00ba ano do Ensino Fundamental do SEPAM. O trabalho foi realizado pelas professoras Franciele [&hellip;]\" \/>\n<meta property=\"og:url\" content=\"https:\/\/sepam.com.br\/pt\/voce-conhece-a-historia-da-escola-onde-estudou-quando-crianca\/\" \/>\n<meta property=\"og:site_name\" content=\"Col\u00e9gio Sepam\" \/>\n<meta property=\"article:published_time\" content=\"2025-08-28T13:47:05+00:00\" \/>\n<meta property=\"article:modified_time\" content=\"2025-11-24T13:53:37+00:00\" \/>\n<meta name=\"author\" content=\"Sepam\" \/>\n<meta name=\"twitter:card\" content=\"summary_large_image\" \/>\n<meta name=\"twitter:label1\" content=\"Escrito por\" \/>\n\t<meta name=\"twitter:data1\" content=\"Sepam\" \/>\n\t<meta name=\"twitter:label2\" content=\"Est. tempo de leitura\" \/>\n\t<meta name=\"twitter:data2\" content=\"1 minuto\" \/>\n<script type=\"application\/ld+json\" class=\"yoast-schema-graph\">{\"@context\":\"https:\\\/\\\/schema.org\",\"@graph\":[{\"@type\":\"Article\",\"@id\":\"https:\\\/\\\/sepam.com.br\\\/pt\\\/voce-conhece-a-historia-da-escola-onde-estudou-quando-crianca\\\/#article\",\"isPartOf\":{\"@id\":\"https:\\\/\\\/sepam.com.br\\\/pt\\\/voce-conhece-a-historia-da-escola-onde-estudou-quando-crianca\\\/\"},\"author\":{\"name\":\"Sepam\",\"@id\":\"https:\\\/\\\/sepam.com.br\\\/#\\\/schema\\\/person\\\/bfa2996c649a5a6d822766f6e64eb7fd\"},\"headline\":\"Voc\u00ea conhece a hist\u00f3ria da escola onde estudou quando crian\u00e7a?\",\"datePublished\":\"2025-08-28T13:47:05+00:00\",\"dateModified\":\"2025-11-24T13:53:37+00:00\",\"mainEntityOfPage\":{\"@id\":\"https:\\\/\\\/sepam.com.br\\\/pt\\\/voce-conhece-a-historia-da-escola-onde-estudou-quando-crianca\\\/\"},\"wordCount\":251,\"commentCount\":0,\"publisher\":{\"@id\":\"https:\\\/\\\/sepam.com.br\\\/#organization\"},\"articleSection\":[\"Colegio Sepam\"],\"inLanguage\":\"pt-BR\",\"potentialAction\":[{\"@type\":\"CommentAction\",\"name\":\"Comment\",\"target\":[\"https:\\\/\\\/sepam.com.br\\\/pt\\\/voce-conhece-a-historia-da-escola-onde-estudou-quando-crianca\\\/#respond\"]}]},{\"@type\":\"WebPage\",\"@id\":\"https:\\\/\\\/sepam.com.br\\\/pt\\\/voce-conhece-a-historia-da-escola-onde-estudou-quando-crianca\\\/\",\"url\":\"https:\\\/\\\/sepam.com.br\\\/pt\\\/voce-conhece-a-historia-da-escola-onde-estudou-quando-crianca\\\/\",\"name\":\"Voc\u00ea conhece a hist\u00f3ria da escola onde estudou quando crian\u00e7a? - Col\u00e9gio Sepam\",\"isPartOf\":{\"@id\":\"https:\\\/\\\/sepam.com.br\\\/#website\"},\"datePublished\":\"2025-08-28T13:47:05+00:00\",\"dateModified\":\"2025-11-24T13:53:37+00:00\",\"breadcrumb\":{\"@id\":\"https:\\\/\\\/sepam.com.br\\\/pt\\\/voce-conhece-a-historia-da-escola-onde-estudou-quando-crianca\\\/#breadcrumb\"},\"inLanguage\":\"pt-BR\",\"potentialAction\":[{\"@type\":\"ReadAction\",\"target\":[\"https:\\\/\\\/sepam.com.br\\\/pt\\\/voce-conhece-a-historia-da-escola-onde-estudou-quando-crianca\\\/\"]}]},{\"@type\":\"BreadcrumbList\",\"@id\":\"https:\\\/\\\/sepam.com.br\\\/pt\\\/voce-conhece-a-historia-da-escola-onde-estudou-quando-crianca\\\/#breadcrumb\",\"itemListElement\":[{\"@type\":\"ListItem\",\"position\":1,\"name\":\"In\u00edcio\",\"item\":\"https:\\\/\\\/sepam.com.br\\\/\"},{\"@type\":\"ListItem\",\"position\":2,\"name\":\"Voc\u00ea conhece a hist\u00f3ria da escola onde estudou quando crian\u00e7a?\"}]},{\"@type\":\"WebSite\",\"@id\":\"https:\\\/\\\/sepam.com.br\\\/#website\",\"url\":\"https:\\\/\\\/sepam.com.br\\\/\",\"name\":\"Col\u00e9gio Sepam\",\"description\":\"Ensino Incompar\u00e1vel\",\"publisher\":{\"@id\":\"https:\\\/\\\/sepam.com.br\\\/#organization\"},\"potentialAction\":[{\"@type\":\"SearchAction\",\"target\":{\"@type\":\"EntryPoint\",\"urlTemplate\":\"https:\\\/\\\/sepam.com.br\\\/?s={search_term_string}\"},\"query-input\":{\"@type\":\"PropertyValueSpecification\",\"valueRequired\":true,\"valueName\":\"search_term_string\"}}],\"inLanguage\":\"pt-BR\"},{\"@type\":\"Organization\",\"@id\":\"https:\\\/\\\/sepam.com.br\\\/#organization\",\"name\":\"Col\u00e9gio Sepam\",\"url\":\"https:\\\/\\\/sepam.com.br\\\/\",\"logo\":{\"@type\":\"ImageObject\",\"inLanguage\":\"pt-BR\",\"@id\":\"https:\\\/\\\/sepam.com.br\\\/#\\\/schema\\\/logo\\\/image\\\/\",\"url\":\"https:\\\/\\\/sepam.com.br\\\/wp-content\\\/uploads\\\/2025\\\/02\\\/Ativo-2.png\",\"contentUrl\":\"https:\\\/\\\/sepam.com.br\\\/wp-content\\\/uploads\\\/2025\\\/02\\\/Ativo-2.png\",\"width\":595,\"height\":525,\"caption\":\"Col\u00e9gio Sepam\"},\"image\":{\"@id\":\"https:\\\/\\\/sepam.com.br\\\/#\\\/schema\\\/logo\\\/image\\\/\"}},{\"@type\":\"Person\",\"@id\":\"https:\\\/\\\/sepam.com.br\\\/#\\\/schema\\\/person\\\/bfa2996c649a5a6d822766f6e64eb7fd\",\"name\":\"Sepam\",\"image\":{\"@type\":\"ImageObject\",\"inLanguage\":\"pt-BR\",\"@id\":\"https:\\\/\\\/secure.gravatar.com\\\/avatar\\\/0219e64664f5861998ad57a3432eb4bd5fd99a34c7cc9bc44b3c59dfb830db85?s=96&d=mm&r=g\",\"url\":\"https:\\\/\\\/secure.gravatar.com\\\/avatar\\\/0219e64664f5861998ad57a3432eb4bd5fd99a34c7cc9bc44b3c59dfb830db85?s=96&d=mm&r=g\",\"contentUrl\":\"https:\\\/\\\/secure.gravatar.com\\\/avatar\\\/0219e64664f5861998ad57a3432eb4bd5fd99a34c7cc9bc44b3c59dfb830db85?s=96&d=mm&r=g\",\"caption\":\"Sepam\"},\"url\":\"https:\\\/\\\/sepam.com.br\\\/pt\\\/author\\\/sepam\\\/\"}]}<\/script>\n<!-- \/ Yoast SEO plugin. -->","yoast_head_json":{"title":"Voc\u00ea conhece a hist\u00f3ria da escola onde estudou quando crian\u00e7a? - Col\u00e9gio Sepam","robots":{"index":"index","follow":"follow","max-snippet":"max-snippet:-1","max-image-preview":"max-image-preview:large","max-video-preview":"max-video-preview:-1"},"canonical":"https:\/\/sepam.com.br\/pt\/voce-conhece-a-historia-da-escola-onde-estudou-quando-crianca\/","og_locale":"pt_BR","og_type":"article","og_title":"Voc\u00ea conhece a hist\u00f3ria da escola onde estudou quando crian\u00e7a? - Col\u00e9gio Sepam","og_description":"Os alunos do 2\u00ba ano do Ensino Fundamental pesquisaram o hist\u00f3rico do SEPAM \u201cVoc\u00ea conhece a hist\u00f3ria da sua escola?\u201d Esta foi a pergunta que norteou a atividade sobre Escola e Rela\u00e7\u00f5es Sociais conduzido nas aulas de Hist\u00f3ria das turmas do 2\u00ba ano do Ensino Fundamental do SEPAM. O trabalho foi realizado pelas professoras Franciele [&hellip;]","og_url":"https:\/\/sepam.com.br\/pt\/voce-conhece-a-historia-da-escola-onde-estudou-quando-crianca\/","og_site_name":"Col\u00e9gio Sepam","article_published_time":"2025-08-28T13:47:05+00:00","article_modified_time":"2025-11-24T13:53:37+00:00","author":"Sepam","twitter_card":"summary_large_image","twitter_misc":{"Escrito por":"Sepam","Est. tempo de leitura":"1 minuto"},"schema":{"@context":"https:\/\/schema.org","@graph":[{"@type":"Article","@id":"https:\/\/sepam.com.br\/pt\/voce-conhece-a-historia-da-escola-onde-estudou-quando-crianca\/#article","isPartOf":{"@id":"https:\/\/sepam.com.br\/pt\/voce-conhece-a-historia-da-escola-onde-estudou-quando-crianca\/"},"author":{"name":"Sepam","@id":"https:\/\/sepam.com.br\/#\/schema\/person\/bfa2996c649a5a6d822766f6e64eb7fd"},"headline":"Voc\u00ea conhece a hist\u00f3ria da escola onde estudou quando crian\u00e7a?","datePublished":"2025-08-28T13:47:05+00:00","dateModified":"2025-11-24T13:53:37+00:00","mainEntityOfPage":{"@id":"https:\/\/sepam.com.br\/pt\/voce-conhece-a-historia-da-escola-onde-estudou-quando-crianca\/"},"wordCount":251,"commentCount":0,"publisher":{"@id":"https:\/\/sepam.com.br\/#organization"},"articleSection":["Colegio Sepam"],"inLanguage":"pt-BR","potentialAction":[{"@type":"CommentAction","name":"Comment","target":["https:\/\/sepam.com.br\/pt\/voce-conhece-a-historia-da-escola-onde-estudou-quando-crianca\/#respond"]}]},{"@type":"WebPage","@id":"https:\/\/sepam.com.br\/pt\/voce-conhece-a-historia-da-escola-onde-estudou-quando-crianca\/","url":"https:\/\/sepam.com.br\/pt\/voce-conhece-a-historia-da-escola-onde-estudou-quando-crianca\/","name":"Voc\u00ea conhece a hist\u00f3ria da escola onde estudou quando crian\u00e7a? - Col\u00e9gio Sepam","isPartOf":{"@id":"https:\/\/sepam.com.br\/#website"},"datePublished":"2025-08-28T13:47:05+00:00","dateModified":"2025-11-24T13:53:37+00:00","breadcrumb":{"@id":"https:\/\/sepam.com.br\/pt\/voce-conhece-a-historia-da-escola-onde-estudou-quando-crianca\/#breadcrumb"},"inLanguage":"pt-BR","potentialAction":[{"@type":"ReadAction","target":["https:\/\/sepam.com.br\/pt\/voce-conhece-a-historia-da-escola-onde-estudou-quando-crianca\/"]}]},{"@type":"BreadcrumbList","@id":"https:\/\/sepam.com.br\/pt\/voce-conhece-a-historia-da-escola-onde-estudou-quando-crianca\/#breadcrumb","itemListElement":[{"@type":"ListItem","position":1,"name":"In\u00edcio","item":"https:\/\/sepam.com.br\/"},{"@type":"ListItem","position":2,"name":"Voc\u00ea conhece a hist\u00f3ria da escola onde estudou quando crian\u00e7a?"}]},{"@type":"WebSite","@id":"https:\/\/sepam.com.br\/#website","url":"https:\/\/sepam.com.br\/","name":"Col\u00e9gio Sepam","description":"Ensino Incompar\u00e1vel","publisher":{"@id":"https:\/\/sepam.com.br\/#organization"},"potentialAction":[{"@type":"SearchAction","target":{"@type":"EntryPoint","urlTemplate":"https:\/\/sepam.com.br\/?s={search_term_string}"},"query-input":{"@type":"PropertyValueSpecification","valueRequired":true,"valueName":"search_term_string"}}],"inLanguage":"pt-BR"},{"@type":"Organization","@id":"https:\/\/sepam.com.br\/#organization","name":"Col\u00e9gio Sepam","url":"https:\/\/sepam.com.br\/","logo":{"@type":"ImageObject","inLanguage":"pt-BR","@id":"https:\/\/sepam.com.br\/#\/schema\/logo\/image\/","url":"https:\/\/sepam.com.br\/wp-content\/uploads\/2025\/02\/Ativo-2.png","contentUrl":"https:\/\/sepam.com.br\/wp-content\/uploads\/2025\/02\/Ativo-2.png","width":595,"height":525,"caption":"Col\u00e9gio Sepam"},"image":{"@id":"https:\/\/sepam.com.br\/#\/schema\/logo\/image\/"}},{"@type":"Person","@id":"https:\/\/sepam.com.br\/#\/schema\/person\/bfa2996c649a5a6d822766f6e64eb7fd","name":"Sepam","image":{"@type":"ImageObject","inLanguage":"pt-BR","@id":"https:\/\/secure.gravatar.com\/avatar\/0219e64664f5861998ad57a3432eb4bd5fd99a34c7cc9bc44b3c59dfb830db85?s=96&d=mm&r=g","url":"https:\/\/secure.gravatar.com\/avatar\/0219e64664f5861998ad57a3432eb4bd5fd99a34c7cc9bc44b3c59dfb830db85?s=96&d=mm&r=g","contentUrl":"https:\/\/secure.gravatar.com\/avatar\/0219e64664f5861998ad57a3432eb4bd5fd99a34c7cc9bc44b3c59dfb830db85?s=96&d=mm&r=g","caption":"Sepam"},"url":"https:\/\/sepam.com.br\/pt\/author\/sepam\/"}]}},"_links":{"self":[{"href":"https:\/\/sepam.com.br\/pt\/wp-json\/wp\/v2\/posts\/6897","targetHints":{"allow":["GET"]}}],"collection":[{"href":"https:\/\/sepam.com.br\/pt\/wp-json\/wp\/v2\/posts"}],"about":[{"href":"https:\/\/sepam.com.br\/pt\/wp-json\/wp\/v2\/types\/post"}],"author":[{"embeddable":true,"href":"https:\/\/sepam.com.br\/pt\/wp-json\/wp\/v2\/users\/13"}],"replies":[{"embeddable":true,"href":"https:\/\/sepam.com.br\/pt\/wp-json\/wp\/v2\/comments?post=6897"}],"version-history":[{"count":1,"href":"https:\/\/sepam.com.br\/pt\/wp-json\/wp\/v2\/posts\/6897\/revisions"}],"predecessor-version":[{"id":7481,"href":"https:\/\/sepam.com.br\/pt\/wp-json\/wp\/v2\/posts\/6897\/revisions\/7481"}],"wp:attachment":[{"href":"https:\/\/sepam.com.br\/pt\/wp-json\/wp\/v2\/media?parent=6897"}],"wp:term":[{"taxonomy":"category","embeddable":true,"href":"https:\/\/sepam.com.br\/pt\/wp-json\/wp\/v2\/categories?post=6897"},{"taxonomy":"post_tag","embeddable":true,"href":"https:\/\/sepam.com.br\/pt\/wp-json\/wp\/v2\/tags?post=6897"}],"curies":[{"name":"wp","href":"https:\/\/api.w.org\/{rel}","templated":true}]}}