{"id":6871,"date":"2025-08-28T10:47:01","date_gmt":"2025-08-28T13:47:01","guid":{"rendered":"https:\/\/dev.alisonandrei.com.br\/noticia\/sepam-fecha-parceria-com-o-fantasma\/"},"modified":"2025-11-24T10:53:37","modified_gmt":"2025-11-24T13:53:37","slug":"sepam-fecha-parceria-com-o-fantasma","status":"publish","type":"post","link":"https:\/\/sepam.com.br\/pt\/sepam-fecha-parceria-com-o-fantasma\/","title":{"rendered":"Sepam fecha parceria com o Fantasma"},"content":{"rendered":"<p><em>O projeto \u00e9\u00a0exclusivo para alunos\u00a0com idade entre 5 e 10 anos, que participam da escolinha de futsal do Col\u00e9gio\u00a0<\/em><\/p>\n<p>Na escolinha de futsal do Col\u00e9gio Sepam o uniforme carrega as cores preto e branco do Oper\u00e1rio Ferrovi\u00e1rio Esporte Clube (OFEC). O projeto, uma parceria entre o Col\u00e9gio e o OFEC, visa estimular a pr\u00e1tica esportiva e tamb\u00e9m criem identidade e fiquem mais pr\u00f3ximos do time pontagrossense .<\/p>\n<p>A parceria entre o Col\u00e9gio e o Clube j\u00e1 \u00e9 antiga e remonta aos tempos do professor Altair Mongruel. O Sepam patrocina o Oper\u00e1rio desde 2015, ano em que o Fantasma se tornou Campe\u00e3o Paranaense da primeira divis\u00e3o. \u201cS\u00e3o duas marcas tradicionais e que traduzem a grandeza de Ponta Grossa, uma com quase 80 e outra com 106 anos juntas na em mesma camisa\u201d, comemora o diretor do Sepam, Osni Mongruel Junior.<\/p>\n<p>Inicialmente, a escolinha \u00e9 exclusiva para alunos do Col\u00e9gio com idade entre 5 e 10 anos. Os os alunos do projeto recebem o kit de uniforme do Oper\u00e1rio e tamb\u00e9m a carteirinha nominal de S\u00f3cio Torcedor Kids. \u201cAl\u00e9m disso, as crian\u00e7as poder\u00e3o entrar em campo com os atletas e ter\u00e3o acesso ao vesti\u00e1rio em dias de jogos. Os jogadores do time tamb\u00e9m visitam o Col\u00e9gio\u201d, explica um dos treinadores da escolinha, Luis Marcelo Lara.<\/p>\n<p>Para o presidente do Grupo Gestor do Oper\u00e1rio, Jos\u00e9 \u00c1lvaro G\u00f3es Filho, a expectativa da parceria \u00e9 positiva: \u201cO futuro de uma na\u00e7\u00e3o \u00e9 a educa\u00e7\u00e3o de suas crian\u00e7as e jovens. O Sepam faz isso muito bem, por isso o Oper\u00e1rio se une nesta parceria com o Col\u00e9gio para formar jovens atletas para o nosso futuro e para o bem da cidade de Ponta Grossa\u201d.<\/p>\n<hr \/>\n<p><strong>FOTO<\/strong>: Osni Mongruel J\u00fanior, diretor do Col\u00e9gio Sepam, Joelcio Miranda, diretor do Programa S\u00f3cio Fantasma da Vila, Jos\u00e9 \u00c1lvaro Goes Filho, presidente do Grupo Gestor do Oper\u00e1rio, Odeni V. Mongruel, propriet\u00e1rio do Col\u00e9gio Sepam, Luiz Marcelo de Lara, coordenador de educa\u00e7\u00e3o f\u00edsica do Col\u00e9gio Sepam, Roberto P. Mongruel , diretor do Col\u00e9gio Sepam Castro e alunos da escolinha: Osni Mongruel Neto, Isa\u00edas de Souza Lima filho e Thiago Henrique Miranda Crimarosti.<\/p>\n","protected":false},"excerpt":{"rendered":"<p>O projeto \u00e9\u00a0exclusivo para alunos\u00a0com idade entre 5 e 10 anos, que participam da escolinha de futsal do Col\u00e9gio\u00a0 Na escolinha de futsal do Col\u00e9gio Sepam o uniforme carrega as cores preto e branco do Oper\u00e1rio Ferrovi\u00e1rio Esporte Clube (OFEC). O projeto, uma parceria entre o Col\u00e9gio e o OFEC, visa estimular a pr\u00e1tica esportiva [&hellip;]<\/p>\n","protected":false},"author":13,"featured_media":0,"comment_status":"open","ping_status":"open","sticky":false,"template":"","format":"standard","meta":{"footnotes":""},"categories":[21],"tags":[],"class_list":["post-6871","post","type-post","status-publish","format-standard","hentry","category-colegio-sepam"],"yoast_head":"<!-- This site is optimized with the Yoast SEO plugin v28.4 - https:\/\/yoast.com\/product\/yoast-seo-wordpress\/ -->\n<title>Sepam fecha parceria com o Fantasma - Col\u00e9gio Sepam<\/title>\n<meta name=\"robots\" content=\"index, follow, max-snippet:-1, max-image-preview:large, max-video-preview:-1\" \/>\n<link rel=\"canonical\" href=\"https:\/\/sepam.com.br\/pt\/sepam-fecha-parceria-com-o-fantasma\/\" \/>\n<meta property=\"og:locale\" content=\"pt_BR\" \/>\n<meta property=\"og:type\" content=\"article\" \/>\n<meta property=\"og:title\" content=\"Sepam fecha parceria com o Fantasma - Col\u00e9gio Sepam\" \/>\n<meta property=\"og:description\" content=\"O projeto \u00e9\u00a0exclusivo para alunos\u00a0com idade entre 5 e 10 anos, que participam da escolinha de futsal do Col\u00e9gio\u00a0 Na escolinha de futsal do Col\u00e9gio Sepam o uniforme carrega as cores preto e branco do Oper\u00e1rio Ferrovi\u00e1rio Esporte Clube (OFEC). O projeto, uma parceria entre o Col\u00e9gio e o OFEC, visa estimular a pr\u00e1tica esportiva [&hellip;]\" \/>\n<meta property=\"og:url\" content=\"https:\/\/sepam.com.br\/pt\/sepam-fecha-parceria-com-o-fantasma\/\" \/>\n<meta property=\"og:site_name\" content=\"Col\u00e9gio Sepam\" \/>\n<meta property=\"article:published_time\" content=\"2025-08-28T13:47:01+00:00\" \/>\n<meta property=\"article:modified_time\" content=\"2025-11-24T13:53:37+00:00\" \/>\n<meta name=\"author\" content=\"Sepam\" \/>\n<meta name=\"twitter:card\" content=\"summary_large_image\" \/>\n<meta name=\"twitter:label1\" content=\"Escrito por\" \/>\n\t<meta name=\"twitter:data1\" content=\"Sepam\" \/>\n\t<meta name=\"twitter:label2\" content=\"Est. tempo de leitura\" \/>\n\t<meta name=\"twitter:data2\" content=\"2 minutos\" \/>\n<script type=\"application\/ld+json\" class=\"yoast-schema-graph\">{\"@context\":\"https:\\\/\\\/schema.org\",\"@graph\":[{\"@type\":\"Article\",\"@id\":\"https:\\\/\\\/sepam.com.br\\\/pt\\\/sepam-fecha-parceria-com-o-fantasma\\\/#article\",\"isPartOf\":{\"@id\":\"https:\\\/\\\/sepam.com.br\\\/pt\\\/sepam-fecha-parceria-com-o-fantasma\\\/\"},\"author\":{\"name\":\"Sepam\",\"@id\":\"https:\\\/\\\/sepam.com.br\\\/#\\\/schema\\\/person\\\/bfa2996c649a5a6d822766f6e64eb7fd\"},\"headline\":\"Sepam fecha parceria com o Fantasma\",\"datePublished\":\"2025-08-28T13:47:01+00:00\",\"dateModified\":\"2025-11-24T13:53:37+00:00\",\"mainEntityOfPage\":{\"@id\":\"https:\\\/\\\/sepam.com.br\\\/pt\\\/sepam-fecha-parceria-com-o-fantasma\\\/\"},\"wordCount\":385,\"commentCount\":0,\"publisher\":{\"@id\":\"https:\\\/\\\/sepam.com.br\\\/#organization\"},\"articleSection\":[\"Colegio Sepam\"],\"inLanguage\":\"pt-BR\",\"potentialAction\":[{\"@type\":\"CommentAction\",\"name\":\"Comment\",\"target\":[\"https:\\\/\\\/sepam.com.br\\\/pt\\\/sepam-fecha-parceria-com-o-fantasma\\\/#respond\"]}]},{\"@type\":\"WebPage\",\"@id\":\"https:\\\/\\\/sepam.com.br\\\/pt\\\/sepam-fecha-parceria-com-o-fantasma\\\/\",\"url\":\"https:\\\/\\\/sepam.com.br\\\/pt\\\/sepam-fecha-parceria-com-o-fantasma\\\/\",\"name\":\"Sepam fecha parceria com o Fantasma - Col\u00e9gio Sepam\",\"isPartOf\":{\"@id\":\"https:\\\/\\\/sepam.com.br\\\/#website\"},\"datePublished\":\"2025-08-28T13:47:01+00:00\",\"dateModified\":\"2025-11-24T13:53:37+00:00\",\"breadcrumb\":{\"@id\":\"https:\\\/\\\/sepam.com.br\\\/pt\\\/sepam-fecha-parceria-com-o-fantasma\\\/#breadcrumb\"},\"inLanguage\":\"pt-BR\",\"potentialAction\":[{\"@type\":\"ReadAction\",\"target\":[\"https:\\\/\\\/sepam.com.br\\\/pt\\\/sepam-fecha-parceria-com-o-fantasma\\\/\"]}]},{\"@type\":\"BreadcrumbList\",\"@id\":\"https:\\\/\\\/sepam.com.br\\\/pt\\\/sepam-fecha-parceria-com-o-fantasma\\\/#breadcrumb\",\"itemListElement\":[{\"@type\":\"ListItem\",\"position\":1,\"name\":\"In\u00edcio\",\"item\":\"https:\\\/\\\/sepam.com.br\\\/\"},{\"@type\":\"ListItem\",\"position\":2,\"name\":\"Sepam fecha parceria com o Fantasma\"}]},{\"@type\":\"WebSite\",\"@id\":\"https:\\\/\\\/sepam.com.br\\\/#website\",\"url\":\"https:\\\/\\\/sepam.com.br\\\/\",\"name\":\"Col\u00e9gio Sepam\",\"description\":\"Ensino Incompar\u00e1vel\",\"publisher\":{\"@id\":\"https:\\\/\\\/sepam.com.br\\\/#organization\"},\"potentialAction\":[{\"@type\":\"SearchAction\",\"target\":{\"@type\":\"EntryPoint\",\"urlTemplate\":\"https:\\\/\\\/sepam.com.br\\\/?s={search_term_string}\"},\"query-input\":{\"@type\":\"PropertyValueSpecification\",\"valueRequired\":true,\"valueName\":\"search_term_string\"}}],\"inLanguage\":\"pt-BR\"},{\"@type\":\"Organization\",\"@id\":\"https:\\\/\\\/sepam.com.br\\\/#organization\",\"name\":\"Col\u00e9gio Sepam\",\"url\":\"https:\\\/\\\/sepam.com.br\\\/\",\"logo\":{\"@type\":\"ImageObject\",\"inLanguage\":\"pt-BR\",\"@id\":\"https:\\\/\\\/sepam.com.br\\\/#\\\/schema\\\/logo\\\/image\\\/\",\"url\":\"https:\\\/\\\/sepam.com.br\\\/wp-content\\\/uploads\\\/2025\\\/02\\\/Ativo-2.png\",\"contentUrl\":\"https:\\\/\\\/sepam.com.br\\\/wp-content\\\/uploads\\\/2025\\\/02\\\/Ativo-2.png\",\"width\":595,\"height\":525,\"caption\":\"Col\u00e9gio Sepam\"},\"image\":{\"@id\":\"https:\\\/\\\/sepam.com.br\\\/#\\\/schema\\\/logo\\\/image\\\/\"}},{\"@type\":\"Person\",\"@id\":\"https:\\\/\\\/sepam.com.br\\\/#\\\/schema\\\/person\\\/bfa2996c649a5a6d822766f6e64eb7fd\",\"name\":\"Sepam\",\"image\":{\"@type\":\"ImageObject\",\"inLanguage\":\"pt-BR\",\"@id\":\"https:\\\/\\\/secure.gravatar.com\\\/avatar\\\/0219e64664f5861998ad57a3432eb4bd5fd99a34c7cc9bc44b3c59dfb830db85?s=96&d=mm&r=g\",\"url\":\"https:\\\/\\\/secure.gravatar.com\\\/avatar\\\/0219e64664f5861998ad57a3432eb4bd5fd99a34c7cc9bc44b3c59dfb830db85?s=96&d=mm&r=g\",\"contentUrl\":\"https:\\\/\\\/secure.gravatar.com\\\/avatar\\\/0219e64664f5861998ad57a3432eb4bd5fd99a34c7cc9bc44b3c59dfb830db85?s=96&d=mm&r=g\",\"caption\":\"Sepam\"},\"url\":\"https:\\\/\\\/sepam.com.br\\\/pt\\\/author\\\/sepam\\\/\"}]}<\/script>\n<!-- \/ Yoast SEO plugin. -->","yoast_head_json":{"title":"Sepam fecha parceria com o Fantasma - Col\u00e9gio Sepam","robots":{"index":"index","follow":"follow","max-snippet":"max-snippet:-1","max-image-preview":"max-image-preview:large","max-video-preview":"max-video-preview:-1"},"canonical":"https:\/\/sepam.com.br\/pt\/sepam-fecha-parceria-com-o-fantasma\/","og_locale":"pt_BR","og_type":"article","og_title":"Sepam fecha parceria com o Fantasma - Col\u00e9gio Sepam","og_description":"O projeto \u00e9\u00a0exclusivo para alunos\u00a0com idade entre 5 e 10 anos, que participam da escolinha de futsal do Col\u00e9gio\u00a0 Na escolinha de futsal do Col\u00e9gio Sepam o uniforme carrega as cores preto e branco do Oper\u00e1rio Ferrovi\u00e1rio Esporte Clube (OFEC). O projeto, uma parceria entre o Col\u00e9gio e o OFEC, visa estimular a pr\u00e1tica esportiva [&hellip;]","og_url":"https:\/\/sepam.com.br\/pt\/sepam-fecha-parceria-com-o-fantasma\/","og_site_name":"Col\u00e9gio Sepam","article_published_time":"2025-08-28T13:47:01+00:00","article_modified_time":"2025-11-24T13:53:37+00:00","author":"Sepam","twitter_card":"summary_large_image","twitter_misc":{"Escrito por":"Sepam","Est. tempo de leitura":"2 minutos"},"schema":{"@context":"https:\/\/schema.org","@graph":[{"@type":"Article","@id":"https:\/\/sepam.com.br\/pt\/sepam-fecha-parceria-com-o-fantasma\/#article","isPartOf":{"@id":"https:\/\/sepam.com.br\/pt\/sepam-fecha-parceria-com-o-fantasma\/"},"author":{"name":"Sepam","@id":"https:\/\/sepam.com.br\/#\/schema\/person\/bfa2996c649a5a6d822766f6e64eb7fd"},"headline":"Sepam fecha parceria com o Fantasma","datePublished":"2025-08-28T13:47:01+00:00","dateModified":"2025-11-24T13:53:37+00:00","mainEntityOfPage":{"@id":"https:\/\/sepam.com.br\/pt\/sepam-fecha-parceria-com-o-fantasma\/"},"wordCount":385,"commentCount":0,"publisher":{"@id":"https:\/\/sepam.com.br\/#organization"},"articleSection":["Colegio Sepam"],"inLanguage":"pt-BR","potentialAction":[{"@type":"CommentAction","name":"Comment","target":["https:\/\/sepam.com.br\/pt\/sepam-fecha-parceria-com-o-fantasma\/#respond"]}]},{"@type":"WebPage","@id":"https:\/\/sepam.com.br\/pt\/sepam-fecha-parceria-com-o-fantasma\/","url":"https:\/\/sepam.com.br\/pt\/sepam-fecha-parceria-com-o-fantasma\/","name":"Sepam fecha parceria com o Fantasma - Col\u00e9gio Sepam","isPartOf":{"@id":"https:\/\/sepam.com.br\/#website"},"datePublished":"2025-08-28T13:47:01+00:00","dateModified":"2025-11-24T13:53:37+00:00","breadcrumb":{"@id":"https:\/\/sepam.com.br\/pt\/sepam-fecha-parceria-com-o-fantasma\/#breadcrumb"},"inLanguage":"pt-BR","potentialAction":[{"@type":"ReadAction","target":["https:\/\/sepam.com.br\/pt\/sepam-fecha-parceria-com-o-fantasma\/"]}]},{"@type":"BreadcrumbList","@id":"https:\/\/sepam.com.br\/pt\/sepam-fecha-parceria-com-o-fantasma\/#breadcrumb","itemListElement":[{"@type":"ListItem","position":1,"name":"In\u00edcio","item":"https:\/\/sepam.com.br\/"},{"@type":"ListItem","position":2,"name":"Sepam fecha parceria com o Fantasma"}]},{"@type":"WebSite","@id":"https:\/\/sepam.com.br\/#website","url":"https:\/\/sepam.com.br\/","name":"Col\u00e9gio Sepam","description":"Ensino Incompar\u00e1vel","publisher":{"@id":"https:\/\/sepam.com.br\/#organization"},"potentialAction":[{"@type":"SearchAction","target":{"@type":"EntryPoint","urlTemplate":"https:\/\/sepam.com.br\/?s={search_term_string}"},"query-input":{"@type":"PropertyValueSpecification","valueRequired":true,"valueName":"search_term_string"}}],"inLanguage":"pt-BR"},{"@type":"Organization","@id":"https:\/\/sepam.com.br\/#organization","name":"Col\u00e9gio Sepam","url":"https:\/\/sepam.com.br\/","logo":{"@type":"ImageObject","inLanguage":"pt-BR","@id":"https:\/\/sepam.com.br\/#\/schema\/logo\/image\/","url":"https:\/\/sepam.com.br\/wp-content\/uploads\/2025\/02\/Ativo-2.png","contentUrl":"https:\/\/sepam.com.br\/wp-content\/uploads\/2025\/02\/Ativo-2.png","width":595,"height":525,"caption":"Col\u00e9gio Sepam"},"image":{"@id":"https:\/\/sepam.com.br\/#\/schema\/logo\/image\/"}},{"@type":"Person","@id":"https:\/\/sepam.com.br\/#\/schema\/person\/bfa2996c649a5a6d822766f6e64eb7fd","name":"Sepam","image":{"@type":"ImageObject","inLanguage":"pt-BR","@id":"https:\/\/secure.gravatar.com\/avatar\/0219e64664f5861998ad57a3432eb4bd5fd99a34c7cc9bc44b3c59dfb830db85?s=96&d=mm&r=g","url":"https:\/\/secure.gravatar.com\/avatar\/0219e64664f5861998ad57a3432eb4bd5fd99a34c7cc9bc44b3c59dfb830db85?s=96&d=mm&r=g","contentUrl":"https:\/\/secure.gravatar.com\/avatar\/0219e64664f5861998ad57a3432eb4bd5fd99a34c7cc9bc44b3c59dfb830db85?s=96&d=mm&r=g","caption":"Sepam"},"url":"https:\/\/sepam.com.br\/pt\/author\/sepam\/"}]}},"_links":{"self":[{"href":"https:\/\/sepam.com.br\/pt\/wp-json\/wp\/v2\/posts\/6871","targetHints":{"allow":["GET"]}}],"collection":[{"href":"https:\/\/sepam.com.br\/pt\/wp-json\/wp\/v2\/posts"}],"about":[{"href":"https:\/\/sepam.com.br\/pt\/wp-json\/wp\/v2\/types\/post"}],"author":[{"embeddable":true,"href":"https:\/\/sepam.com.br\/pt\/wp-json\/wp\/v2\/users\/13"}],"replies":[{"embeddable":true,"href":"https:\/\/sepam.com.br\/pt\/wp-json\/wp\/v2\/comments?post=6871"}],"version-history":[{"count":1,"href":"https:\/\/sepam.com.br\/pt\/wp-json\/wp\/v2\/posts\/6871\/revisions"}],"predecessor-version":[{"id":7495,"href":"https:\/\/sepam.com.br\/pt\/wp-json\/wp\/v2\/posts\/6871\/revisions\/7495"}],"wp:attachment":[{"href":"https:\/\/sepam.com.br\/pt\/wp-json\/wp\/v2\/media?parent=6871"}],"wp:term":[{"taxonomy":"category","embeddable":true,"href":"https:\/\/sepam.com.br\/pt\/wp-json\/wp\/v2\/categories?post=6871"},{"taxonomy":"post_tag","embeddable":true,"href":"https:\/\/sepam.com.br\/pt\/wp-json\/wp\/v2\/tags?post=6871"}],"curies":[{"name":"wp","href":"https:\/\/api.w.org\/{rel}","templated":true}]}}