{"id":6868,"date":"2025-08-28T10:47:01","date_gmt":"2025-08-28T13:47:01","guid":{"rendered":"https:\/\/dev.alisonandrei.com.br\/noticia\/castro-quais-sao-os-beneficios-das-frutas-para-nossa-saude-os-alunos-do-infantil-5-aprenderam-tudinho\/"},"modified":"2025-11-24T10:53:37","modified_gmt":"2025-11-24T13:53:37","slug":"castro-quais-sao-os-beneficios-das-frutas-para-nossa-saude-os-alunos-do-infantil-5-aprenderam-tudinho","status":"publish","type":"post","link":"https:\/\/sepam.com.br\/pt\/castro-quais-sao-os-beneficios-das-frutas-para-nossa-saude-os-alunos-do-infantil-5-aprenderam-tudinho\/","title":{"rendered":"Castro: Quais s\u00e3o os benef\u00edcios das frutas para nossa sa\u00fade? Os alunos do Infantil 5 aprenderam tudinho!"},"content":{"rendered":"<p><i><span style=\"font-weight: 400;\">Atividade em sala de aula motiva as crian\u00e7as a \u00a0experimentarem diferentes frutas <\/span><\/i><\/p>\n<p><span style=\"font-weight: 400;\">Uma aula de descobertas sociocient\u00edficas ofereceu boas experi\u00eancias \u00e0 turma do Infantil 5 do Col\u00e9gio Sepam Castro. As crian\u00e7as experimentaram diferentes frutas, aprenderam curiosidades e a import\u00e2ncia de inseri-las no card\u00e1pio para terem uma vida saud\u00e1vel.<\/span><\/p>\n<p><span style=\"font-weight: 400;\">A atividade aconteceu na \u00faltima quarta-feira (11) e foi desenvolvida pela professora Ana Paula Danilau Rugeski, que explicou sobre as sementes, as diferen\u00e7as entre os sabores c\u00edtrico e doce, mostrou formas e tamanhos e explicou sobre vitaminas presentes nas frutas. Cada crian\u00e7a trouxe de casa a fruta que mais gostava para dividir e saborear com os amigos. <\/span><\/p>\n<p><span style=\"font-weight: 400;\">\u201cOs alunos puderam conhecer frutas que nunca haviam provado. O objetivo dessa atividade \u00e9 que eles criem o h\u00e1bito de inserir esse alimentos em sua alimenta\u00e7\u00e3o\u201d, explica Ana Paula.<\/span><\/p>\n<p><span style=\"font-weight: 400;\">Para finalizar a atividade, foi constru\u00eddo o livro \u201cAlimenta\u00e7\u00e3o Saud\u00e1vel\u201d, com conte\u00fado produzido em casa pelas crian\u00e7as com a colabora\u00e7\u00e3o da fam\u00edlia.<\/span><\/p>\n","protected":false},"excerpt":{"rendered":"<p>Atividade em sala de aula motiva as crian\u00e7as a \u00a0experimentarem diferentes frutas Uma aula de descobertas sociocient\u00edficas ofereceu boas experi\u00eancias \u00e0 turma do Infantil 5 do Col\u00e9gio Sepam Castro. As crian\u00e7as experimentaram diferentes frutas, aprenderam curiosidades e a import\u00e2ncia de inseri-las no card\u00e1pio para terem uma vida saud\u00e1vel. A atividade aconteceu na \u00faltima quarta-feira (11) [&hellip;]<\/p>\n","protected":false},"author":13,"featured_media":0,"comment_status":"open","ping_status":"open","sticky":false,"template":"","format":"standard","meta":{"footnotes":""},"categories":[21],"tags":[],"class_list":["post-6868","post","type-post","status-publish","format-standard","hentry","category-colegio-sepam"],"yoast_head":"<!-- This site is optimized with the Yoast SEO plugin v28.4 - https:\/\/yoast.com\/product\/yoast-seo-wordpress\/ -->\n<title>Castro: Quais s\u00e3o os benef\u00edcios das frutas para nossa sa\u00fade? Os alunos do Infantil 5 aprenderam tudinho! - Col\u00e9gio Sepam<\/title>\n<meta name=\"robots\" content=\"index, follow, max-snippet:-1, max-image-preview:large, max-video-preview:-1\" \/>\n<link rel=\"canonical\" href=\"https:\/\/sepam.com.br\/pt\/castro-quais-sao-os-beneficios-das-frutas-para-nossa-saude-os-alunos-do-infantil-5-aprenderam-tudinho\/\" \/>\n<meta property=\"og:locale\" content=\"pt_BR\" \/>\n<meta property=\"og:type\" content=\"article\" \/>\n<meta property=\"og:title\" content=\"Castro: Quais s\u00e3o os benef\u00edcios das frutas para nossa sa\u00fade? Os alunos do Infantil 5 aprenderam tudinho! - Col\u00e9gio Sepam\" \/>\n<meta property=\"og:description\" content=\"Atividade em sala de aula motiva as crian\u00e7as a \u00a0experimentarem diferentes frutas Uma aula de descobertas sociocient\u00edficas ofereceu boas experi\u00eancias \u00e0 turma do Infantil 5 do Col\u00e9gio Sepam Castro. As crian\u00e7as experimentaram diferentes frutas, aprenderam curiosidades e a import\u00e2ncia de inseri-las no card\u00e1pio para terem uma vida saud\u00e1vel. A atividade aconteceu na \u00faltima quarta-feira (11) [&hellip;]\" \/>\n<meta property=\"og:url\" content=\"https:\/\/sepam.com.br\/pt\/castro-quais-sao-os-beneficios-das-frutas-para-nossa-saude-os-alunos-do-infantil-5-aprenderam-tudinho\/\" \/>\n<meta property=\"og:site_name\" content=\"Col\u00e9gio Sepam\" \/>\n<meta property=\"article:published_time\" content=\"2025-08-28T13:47:01+00:00\" \/>\n<meta property=\"article:modified_time\" content=\"2025-11-24T13:53:37+00:00\" \/>\n<meta name=\"author\" content=\"Sepam\" \/>\n<meta name=\"twitter:card\" content=\"summary_large_image\" \/>\n<meta name=\"twitter:label1\" content=\"Escrito por\" \/>\n\t<meta name=\"twitter:data1\" content=\"Sepam\" \/>\n\t<meta name=\"twitter:label2\" content=\"Est. tempo de leitura\" \/>\n\t<meta name=\"twitter:data2\" content=\"1 minuto\" \/>\n<script type=\"application\/ld+json\" class=\"yoast-schema-graph\">{\"@context\":\"https:\\\/\\\/schema.org\",\"@graph\":[{\"@type\":\"Article\",\"@id\":\"https:\\\/\\\/sepam.com.br\\\/pt\\\/castro-quais-sao-os-beneficios-das-frutas-para-nossa-saude-os-alunos-do-infantil-5-aprenderam-tudinho\\\/#article\",\"isPartOf\":{\"@id\":\"https:\\\/\\\/sepam.com.br\\\/pt\\\/castro-quais-sao-os-beneficios-das-frutas-para-nossa-saude-os-alunos-do-infantil-5-aprenderam-tudinho\\\/\"},\"author\":{\"name\":\"Sepam\",\"@id\":\"https:\\\/\\\/sepam.com.br\\\/#\\\/schema\\\/person\\\/bfa2996c649a5a6d822766f6e64eb7fd\"},\"headline\":\"Castro: Quais s\u00e3o os benef\u00edcios das frutas para nossa sa\u00fade? Os alunos do Infantil 5 aprenderam tudinho!\",\"datePublished\":\"2025-08-28T13:47:01+00:00\",\"dateModified\":\"2025-11-24T13:53:37+00:00\",\"mainEntityOfPage\":{\"@id\":\"https:\\\/\\\/sepam.com.br\\\/pt\\\/castro-quais-sao-os-beneficios-das-frutas-para-nossa-saude-os-alunos-do-infantil-5-aprenderam-tudinho\\\/\"},\"wordCount\":191,\"commentCount\":0,\"publisher\":{\"@id\":\"https:\\\/\\\/sepam.com.br\\\/#organization\"},\"articleSection\":[\"Colegio Sepam\"],\"inLanguage\":\"pt-BR\",\"potentialAction\":[{\"@type\":\"CommentAction\",\"name\":\"Comment\",\"target\":[\"https:\\\/\\\/sepam.com.br\\\/pt\\\/castro-quais-sao-os-beneficios-das-frutas-para-nossa-saude-os-alunos-do-infantil-5-aprenderam-tudinho\\\/#respond\"]}]},{\"@type\":\"WebPage\",\"@id\":\"https:\\\/\\\/sepam.com.br\\\/pt\\\/castro-quais-sao-os-beneficios-das-frutas-para-nossa-saude-os-alunos-do-infantil-5-aprenderam-tudinho\\\/\",\"url\":\"https:\\\/\\\/sepam.com.br\\\/pt\\\/castro-quais-sao-os-beneficios-das-frutas-para-nossa-saude-os-alunos-do-infantil-5-aprenderam-tudinho\\\/\",\"name\":\"Castro: Quais s\u00e3o os benef\u00edcios das frutas para nossa sa\u00fade? Os alunos do Infantil 5 aprenderam tudinho! - Col\u00e9gio Sepam\",\"isPartOf\":{\"@id\":\"https:\\\/\\\/sepam.com.br\\\/#website\"},\"datePublished\":\"2025-08-28T13:47:01+00:00\",\"dateModified\":\"2025-11-24T13:53:37+00:00\",\"breadcrumb\":{\"@id\":\"https:\\\/\\\/sepam.com.br\\\/pt\\\/castro-quais-sao-os-beneficios-das-frutas-para-nossa-saude-os-alunos-do-infantil-5-aprenderam-tudinho\\\/#breadcrumb\"},\"inLanguage\":\"pt-BR\",\"potentialAction\":[{\"@type\":\"ReadAction\",\"target\":[\"https:\\\/\\\/sepam.com.br\\\/pt\\\/castro-quais-sao-os-beneficios-das-frutas-para-nossa-saude-os-alunos-do-infantil-5-aprenderam-tudinho\\\/\"]}]},{\"@type\":\"BreadcrumbList\",\"@id\":\"https:\\\/\\\/sepam.com.br\\\/pt\\\/castro-quais-sao-os-beneficios-das-frutas-para-nossa-saude-os-alunos-do-infantil-5-aprenderam-tudinho\\\/#breadcrumb\",\"itemListElement\":[{\"@type\":\"ListItem\",\"position\":1,\"name\":\"In\u00edcio\",\"item\":\"https:\\\/\\\/sepam.com.br\\\/\"},{\"@type\":\"ListItem\",\"position\":2,\"name\":\"Castro: Quais s\u00e3o os benef\u00edcios das frutas para nossa sa\u00fade? Os alunos do Infantil 5 aprenderam tudinho!\"}]},{\"@type\":\"WebSite\",\"@id\":\"https:\\\/\\\/sepam.com.br\\\/#website\",\"url\":\"https:\\\/\\\/sepam.com.br\\\/\",\"name\":\"Col\u00e9gio Sepam\",\"description\":\"Ensino Incompar\u00e1vel\",\"publisher\":{\"@id\":\"https:\\\/\\\/sepam.com.br\\\/#organization\"},\"potentialAction\":[{\"@type\":\"SearchAction\",\"target\":{\"@type\":\"EntryPoint\",\"urlTemplate\":\"https:\\\/\\\/sepam.com.br\\\/?s={search_term_string}\"},\"query-input\":{\"@type\":\"PropertyValueSpecification\",\"valueRequired\":true,\"valueName\":\"search_term_string\"}}],\"inLanguage\":\"pt-BR\"},{\"@type\":\"Organization\",\"@id\":\"https:\\\/\\\/sepam.com.br\\\/#organization\",\"name\":\"Col\u00e9gio Sepam\",\"url\":\"https:\\\/\\\/sepam.com.br\\\/\",\"logo\":{\"@type\":\"ImageObject\",\"inLanguage\":\"pt-BR\",\"@id\":\"https:\\\/\\\/sepam.com.br\\\/#\\\/schema\\\/logo\\\/image\\\/\",\"url\":\"https:\\\/\\\/sepam.com.br\\\/wp-content\\\/uploads\\\/2025\\\/02\\\/Ativo-2.png\",\"contentUrl\":\"https:\\\/\\\/sepam.com.br\\\/wp-content\\\/uploads\\\/2025\\\/02\\\/Ativo-2.png\",\"width\":595,\"height\":525,\"caption\":\"Col\u00e9gio Sepam\"},\"image\":{\"@id\":\"https:\\\/\\\/sepam.com.br\\\/#\\\/schema\\\/logo\\\/image\\\/\"}},{\"@type\":\"Person\",\"@id\":\"https:\\\/\\\/sepam.com.br\\\/#\\\/schema\\\/person\\\/bfa2996c649a5a6d822766f6e64eb7fd\",\"name\":\"Sepam\",\"image\":{\"@type\":\"ImageObject\",\"inLanguage\":\"pt-BR\",\"@id\":\"https:\\\/\\\/secure.gravatar.com\\\/avatar\\\/0219e64664f5861998ad57a3432eb4bd5fd99a34c7cc9bc44b3c59dfb830db85?s=96&d=mm&r=g\",\"url\":\"https:\\\/\\\/secure.gravatar.com\\\/avatar\\\/0219e64664f5861998ad57a3432eb4bd5fd99a34c7cc9bc44b3c59dfb830db85?s=96&d=mm&r=g\",\"contentUrl\":\"https:\\\/\\\/secure.gravatar.com\\\/avatar\\\/0219e64664f5861998ad57a3432eb4bd5fd99a34c7cc9bc44b3c59dfb830db85?s=96&d=mm&r=g\",\"caption\":\"Sepam\"},\"url\":\"https:\\\/\\\/sepam.com.br\\\/pt\\\/author\\\/sepam\\\/\"}]}<\/script>\n<!-- \/ Yoast SEO plugin. -->","yoast_head_json":{"title":"Castro: Quais s\u00e3o os benef\u00edcios das frutas para nossa sa\u00fade? Os alunos do Infantil 5 aprenderam tudinho! - Col\u00e9gio Sepam","robots":{"index":"index","follow":"follow","max-snippet":"max-snippet:-1","max-image-preview":"max-image-preview:large","max-video-preview":"max-video-preview:-1"},"canonical":"https:\/\/sepam.com.br\/pt\/castro-quais-sao-os-beneficios-das-frutas-para-nossa-saude-os-alunos-do-infantil-5-aprenderam-tudinho\/","og_locale":"pt_BR","og_type":"article","og_title":"Castro: Quais s\u00e3o os benef\u00edcios das frutas para nossa sa\u00fade? Os alunos do Infantil 5 aprenderam tudinho! - Col\u00e9gio Sepam","og_description":"Atividade em sala de aula motiva as crian\u00e7as a \u00a0experimentarem diferentes frutas Uma aula de descobertas sociocient\u00edficas ofereceu boas experi\u00eancias \u00e0 turma do Infantil 5 do Col\u00e9gio Sepam Castro. As crian\u00e7as experimentaram diferentes frutas, aprenderam curiosidades e a import\u00e2ncia de inseri-las no card\u00e1pio para terem uma vida saud\u00e1vel. A atividade aconteceu na \u00faltima quarta-feira (11) [&hellip;]","og_url":"https:\/\/sepam.com.br\/pt\/castro-quais-sao-os-beneficios-das-frutas-para-nossa-saude-os-alunos-do-infantil-5-aprenderam-tudinho\/","og_site_name":"Col\u00e9gio Sepam","article_published_time":"2025-08-28T13:47:01+00:00","article_modified_time":"2025-11-24T13:53:37+00:00","author":"Sepam","twitter_card":"summary_large_image","twitter_misc":{"Escrito por":"Sepam","Est. tempo de leitura":"1 minuto"},"schema":{"@context":"https:\/\/schema.org","@graph":[{"@type":"Article","@id":"https:\/\/sepam.com.br\/pt\/castro-quais-sao-os-beneficios-das-frutas-para-nossa-saude-os-alunos-do-infantil-5-aprenderam-tudinho\/#article","isPartOf":{"@id":"https:\/\/sepam.com.br\/pt\/castro-quais-sao-os-beneficios-das-frutas-para-nossa-saude-os-alunos-do-infantil-5-aprenderam-tudinho\/"},"author":{"name":"Sepam","@id":"https:\/\/sepam.com.br\/#\/schema\/person\/bfa2996c649a5a6d822766f6e64eb7fd"},"headline":"Castro: Quais s\u00e3o os benef\u00edcios das frutas para nossa sa\u00fade? Os alunos do Infantil 5 aprenderam tudinho!","datePublished":"2025-08-28T13:47:01+00:00","dateModified":"2025-11-24T13:53:37+00:00","mainEntityOfPage":{"@id":"https:\/\/sepam.com.br\/pt\/castro-quais-sao-os-beneficios-das-frutas-para-nossa-saude-os-alunos-do-infantil-5-aprenderam-tudinho\/"},"wordCount":191,"commentCount":0,"publisher":{"@id":"https:\/\/sepam.com.br\/#organization"},"articleSection":["Colegio Sepam"],"inLanguage":"pt-BR","potentialAction":[{"@type":"CommentAction","name":"Comment","target":["https:\/\/sepam.com.br\/pt\/castro-quais-sao-os-beneficios-das-frutas-para-nossa-saude-os-alunos-do-infantil-5-aprenderam-tudinho\/#respond"]}]},{"@type":"WebPage","@id":"https:\/\/sepam.com.br\/pt\/castro-quais-sao-os-beneficios-das-frutas-para-nossa-saude-os-alunos-do-infantil-5-aprenderam-tudinho\/","url":"https:\/\/sepam.com.br\/pt\/castro-quais-sao-os-beneficios-das-frutas-para-nossa-saude-os-alunos-do-infantil-5-aprenderam-tudinho\/","name":"Castro: Quais s\u00e3o os benef\u00edcios das frutas para nossa sa\u00fade? Os alunos do Infantil 5 aprenderam tudinho! - Col\u00e9gio Sepam","isPartOf":{"@id":"https:\/\/sepam.com.br\/#website"},"datePublished":"2025-08-28T13:47:01+00:00","dateModified":"2025-11-24T13:53:37+00:00","breadcrumb":{"@id":"https:\/\/sepam.com.br\/pt\/castro-quais-sao-os-beneficios-das-frutas-para-nossa-saude-os-alunos-do-infantil-5-aprenderam-tudinho\/#breadcrumb"},"inLanguage":"pt-BR","potentialAction":[{"@type":"ReadAction","target":["https:\/\/sepam.com.br\/pt\/castro-quais-sao-os-beneficios-das-frutas-para-nossa-saude-os-alunos-do-infantil-5-aprenderam-tudinho\/"]}]},{"@type":"BreadcrumbList","@id":"https:\/\/sepam.com.br\/pt\/castro-quais-sao-os-beneficios-das-frutas-para-nossa-saude-os-alunos-do-infantil-5-aprenderam-tudinho\/#breadcrumb","itemListElement":[{"@type":"ListItem","position":1,"name":"In\u00edcio","item":"https:\/\/sepam.com.br\/"},{"@type":"ListItem","position":2,"name":"Castro: Quais s\u00e3o os benef\u00edcios das frutas para nossa sa\u00fade? Os alunos do Infantil 5 aprenderam tudinho!"}]},{"@type":"WebSite","@id":"https:\/\/sepam.com.br\/#website","url":"https:\/\/sepam.com.br\/","name":"Col\u00e9gio Sepam","description":"Ensino Incompar\u00e1vel","publisher":{"@id":"https:\/\/sepam.com.br\/#organization"},"potentialAction":[{"@type":"SearchAction","target":{"@type":"EntryPoint","urlTemplate":"https:\/\/sepam.com.br\/?s={search_term_string}"},"query-input":{"@type":"PropertyValueSpecification","valueRequired":true,"valueName":"search_term_string"}}],"inLanguage":"pt-BR"},{"@type":"Organization","@id":"https:\/\/sepam.com.br\/#organization","name":"Col\u00e9gio Sepam","url":"https:\/\/sepam.com.br\/","logo":{"@type":"ImageObject","inLanguage":"pt-BR","@id":"https:\/\/sepam.com.br\/#\/schema\/logo\/image\/","url":"https:\/\/sepam.com.br\/wp-content\/uploads\/2025\/02\/Ativo-2.png","contentUrl":"https:\/\/sepam.com.br\/wp-content\/uploads\/2025\/02\/Ativo-2.png","width":595,"height":525,"caption":"Col\u00e9gio Sepam"},"image":{"@id":"https:\/\/sepam.com.br\/#\/schema\/logo\/image\/"}},{"@type":"Person","@id":"https:\/\/sepam.com.br\/#\/schema\/person\/bfa2996c649a5a6d822766f6e64eb7fd","name":"Sepam","image":{"@type":"ImageObject","inLanguage":"pt-BR","@id":"https:\/\/secure.gravatar.com\/avatar\/0219e64664f5861998ad57a3432eb4bd5fd99a34c7cc9bc44b3c59dfb830db85?s=96&d=mm&r=g","url":"https:\/\/secure.gravatar.com\/avatar\/0219e64664f5861998ad57a3432eb4bd5fd99a34c7cc9bc44b3c59dfb830db85?s=96&d=mm&r=g","contentUrl":"https:\/\/secure.gravatar.com\/avatar\/0219e64664f5861998ad57a3432eb4bd5fd99a34c7cc9bc44b3c59dfb830db85?s=96&d=mm&r=g","caption":"Sepam"},"url":"https:\/\/sepam.com.br\/pt\/author\/sepam\/"}]}},"_links":{"self":[{"href":"https:\/\/sepam.com.br\/pt\/wp-json\/wp\/v2\/posts\/6868","targetHints":{"allow":["GET"]}}],"collection":[{"href":"https:\/\/sepam.com.br\/pt\/wp-json\/wp\/v2\/posts"}],"about":[{"href":"https:\/\/sepam.com.br\/pt\/wp-json\/wp\/v2\/types\/post"}],"author":[{"embeddable":true,"href":"https:\/\/sepam.com.br\/pt\/wp-json\/wp\/v2\/users\/13"}],"replies":[{"embeddable":true,"href":"https:\/\/sepam.com.br\/pt\/wp-json\/wp\/v2\/comments?post=6868"}],"version-history":[{"count":1,"href":"https:\/\/sepam.com.br\/pt\/wp-json\/wp\/v2\/posts\/6868\/revisions"}],"predecessor-version":[{"id":7492,"href":"https:\/\/sepam.com.br\/pt\/wp-json\/wp\/v2\/posts\/6868\/revisions\/7492"}],"wp:attachment":[{"href":"https:\/\/sepam.com.br\/pt\/wp-json\/wp\/v2\/media?parent=6868"}],"wp:term":[{"taxonomy":"category","embeddable":true,"href":"https:\/\/sepam.com.br\/pt\/wp-json\/wp\/v2\/categories?post=6868"},{"taxonomy":"post_tag","embeddable":true,"href":"https:\/\/sepam.com.br\/pt\/wp-json\/wp\/v2\/tags?post=6868"}],"curies":[{"name":"wp","href":"https:\/\/api.w.org\/{rel}","templated":true}]}}