{"id":6853,"date":"2025-08-28T10:46:57","date_gmt":"2025-08-28T13:46:57","guid":{"rendered":"https:\/\/dev.alisonandrei.com.br\/noticia\/alunos-do-1o-ano-apreciam-salada-de-frutas-em-atividade-sobre-o-paladar\/"},"modified":"2025-11-24T10:53:38","modified_gmt":"2025-11-24T13:53:38","slug":"alunos-do-1o-ano-apreciam-salada-de-frutas-em-atividade-sobre-o-paladar","status":"publish","type":"post","link":"https:\/\/sepam.com.br\/pt\/alunos-do-1o-ano-apreciam-salada-de-frutas-em-atividade-sobre-o-paladar\/","title":{"rendered":"Alunos do 1\u00ba ano apreciam salada de frutas em atividade sobre o paladar"},"content":{"rendered":"<p><i><span style=\"font-weight: 400;\">O objetivo \u00e9 que as crian\u00e7as conhe\u00e7am e insiram as frutas em suas refei\u00e7\u00f5es<\/span><\/i><\/p>\n<p><span style=\"font-weight: 400;\">As professoras do 1\u00ba ano do Ensino Fundamental do SEPAM est\u00e3o realizando atividades que trabalham os cinco sentidos. Na semana passada, as crian\u00e7as conheceram mais sobre o \u201cpaladar\u201d. <\/span><\/p>\n<p><span style=\"font-weight: 400;\">Antes de se chegar ao momento do uso do paladar, as atividades come\u00e7aram com a teoria sobre os dados gerentes sabores existentes. \u00a0Os alunos aprenderam sobre as frutas: cores, diferen\u00e7as de nutrientes e vitaminas presentes, texturas e at\u00e9 o peso de cada alimento. Para finalizar, todos saborearam uma deliciosa salada de frutas.<\/span><\/p>\n<p><span style=\"font-weight: 400;\">A atividade tamb\u00e9m proporciona aos alunos conhecerem frutas diferentes e estimula que tenham o h\u00e1bito de com\u00ea-las, n\u00e3o s\u00f3 na escola como em casa.<\/span><\/p>\n<p><span style=\"font-weight: 400;\">A professora do 1\u00ba ano B, Darlene Bueno, falou sobre o desempenho das crian\u00e7as e a import\u00e2ncia de atividades como esta para o desenvolvimento dos alunos: \u201cAlguns comeram de todas as variedades de frutas disponibilizadas, outros nem tanto. N\u00e3o se deve for\u00e7ar as crian\u00e7as a comerem algo, mas pode-se influenci\u00e1-las para que experimentem novos sabores\u201d, afirma. Ao realizar a atividade os estudantes adquiriram conhecimentos sobre o sentido do Paladar e tamb\u00e9m aprenderam receitas de culin\u00e1ria com frutas que poder\u00e3o compartilhar com amigos e familiares.<\/span><\/p>\n","protected":false},"excerpt":{"rendered":"<p>O objetivo \u00e9 que as crian\u00e7as conhe\u00e7am e insiram as frutas em suas refei\u00e7\u00f5es As professoras do 1\u00ba ano do Ensino Fundamental do SEPAM est\u00e3o realizando atividades que trabalham os cinco sentidos. Na semana passada, as crian\u00e7as conheceram mais sobre o \u201cpaladar\u201d. Antes de se chegar ao momento do uso do paladar, as atividades come\u00e7aram [&hellip;]<\/p>\n","protected":false},"author":13,"featured_media":0,"comment_status":"open","ping_status":"open","sticky":false,"template":"","format":"standard","meta":{"footnotes":""},"categories":[21],"tags":[],"class_list":["post-6853","post","type-post","status-publish","format-standard","hentry","category-colegio-sepam"],"yoast_head":"<!-- This site is optimized with the Yoast SEO plugin v28.4 - https:\/\/yoast.com\/product\/yoast-seo-wordpress\/ -->\n<title>Alunos do 1\u00ba ano apreciam salada de frutas em atividade sobre o paladar - Col\u00e9gio Sepam<\/title>\n<meta name=\"robots\" content=\"index, follow, max-snippet:-1, max-image-preview:large, max-video-preview:-1\" \/>\n<link rel=\"canonical\" href=\"https:\/\/sepam.com.br\/pt\/alunos-do-1o-ano-apreciam-salada-de-frutas-em-atividade-sobre-o-paladar\/\" \/>\n<meta property=\"og:locale\" content=\"pt_BR\" \/>\n<meta property=\"og:type\" content=\"article\" \/>\n<meta property=\"og:title\" content=\"Alunos do 1\u00ba ano apreciam salada de frutas em atividade sobre o paladar - Col\u00e9gio Sepam\" \/>\n<meta property=\"og:description\" content=\"O objetivo \u00e9 que as crian\u00e7as conhe\u00e7am e insiram as frutas em suas refei\u00e7\u00f5es As professoras do 1\u00ba ano do Ensino Fundamental do SEPAM est\u00e3o realizando atividades que trabalham os cinco sentidos. Na semana passada, as crian\u00e7as conheceram mais sobre o \u201cpaladar\u201d. Antes de se chegar ao momento do uso do paladar, as atividades come\u00e7aram [&hellip;]\" \/>\n<meta property=\"og:url\" content=\"https:\/\/sepam.com.br\/pt\/alunos-do-1o-ano-apreciam-salada-de-frutas-em-atividade-sobre-o-paladar\/\" \/>\n<meta property=\"og:site_name\" content=\"Col\u00e9gio Sepam\" \/>\n<meta property=\"article:published_time\" content=\"2025-08-28T13:46:57+00:00\" \/>\n<meta property=\"article:modified_time\" content=\"2025-11-24T13:53:38+00:00\" \/>\n<meta name=\"author\" content=\"Sepam\" \/>\n<meta name=\"twitter:card\" content=\"summary_large_image\" \/>\n<meta name=\"twitter:label1\" content=\"Escrito por\" \/>\n\t<meta name=\"twitter:data1\" content=\"Sepam\" \/>\n\t<meta name=\"twitter:label2\" content=\"Est. tempo de leitura\" \/>\n\t<meta name=\"twitter:data2\" content=\"1 minuto\" \/>\n<script type=\"application\/ld+json\" class=\"yoast-schema-graph\">{\"@context\":\"https:\\\/\\\/schema.org\",\"@graph\":[{\"@type\":\"Article\",\"@id\":\"https:\\\/\\\/sepam.com.br\\\/pt\\\/alunos-do-1o-ano-apreciam-salada-de-frutas-em-atividade-sobre-o-paladar\\\/#article\",\"isPartOf\":{\"@id\":\"https:\\\/\\\/sepam.com.br\\\/pt\\\/alunos-do-1o-ano-apreciam-salada-de-frutas-em-atividade-sobre-o-paladar\\\/\"},\"author\":{\"name\":\"Sepam\",\"@id\":\"https:\\\/\\\/sepam.com.br\\\/#\\\/schema\\\/person\\\/bfa2996c649a5a6d822766f6e64eb7fd\"},\"headline\":\"Alunos do 1\u00ba ano apreciam salada de frutas em atividade sobre o paladar\",\"datePublished\":\"2025-08-28T13:46:57+00:00\",\"dateModified\":\"2025-11-24T13:53:38+00:00\",\"mainEntityOfPage\":{\"@id\":\"https:\\\/\\\/sepam.com.br\\\/pt\\\/alunos-do-1o-ano-apreciam-salada-de-frutas-em-atividade-sobre-o-paladar\\\/\"},\"wordCount\":231,\"commentCount\":0,\"publisher\":{\"@id\":\"https:\\\/\\\/sepam.com.br\\\/#organization\"},\"articleSection\":[\"Colegio Sepam\"],\"inLanguage\":\"pt-BR\",\"potentialAction\":[{\"@type\":\"CommentAction\",\"name\":\"Comment\",\"target\":[\"https:\\\/\\\/sepam.com.br\\\/pt\\\/alunos-do-1o-ano-apreciam-salada-de-frutas-em-atividade-sobre-o-paladar\\\/#respond\"]}]},{\"@type\":\"WebPage\",\"@id\":\"https:\\\/\\\/sepam.com.br\\\/pt\\\/alunos-do-1o-ano-apreciam-salada-de-frutas-em-atividade-sobre-o-paladar\\\/\",\"url\":\"https:\\\/\\\/sepam.com.br\\\/pt\\\/alunos-do-1o-ano-apreciam-salada-de-frutas-em-atividade-sobre-o-paladar\\\/\",\"name\":\"Alunos do 1\u00ba ano apreciam salada de frutas em atividade sobre o paladar - Col\u00e9gio Sepam\",\"isPartOf\":{\"@id\":\"https:\\\/\\\/sepam.com.br\\\/#website\"},\"datePublished\":\"2025-08-28T13:46:57+00:00\",\"dateModified\":\"2025-11-24T13:53:38+00:00\",\"breadcrumb\":{\"@id\":\"https:\\\/\\\/sepam.com.br\\\/pt\\\/alunos-do-1o-ano-apreciam-salada-de-frutas-em-atividade-sobre-o-paladar\\\/#breadcrumb\"},\"inLanguage\":\"pt-BR\",\"potentialAction\":[{\"@type\":\"ReadAction\",\"target\":[\"https:\\\/\\\/sepam.com.br\\\/pt\\\/alunos-do-1o-ano-apreciam-salada-de-frutas-em-atividade-sobre-o-paladar\\\/\"]}]},{\"@type\":\"BreadcrumbList\",\"@id\":\"https:\\\/\\\/sepam.com.br\\\/pt\\\/alunos-do-1o-ano-apreciam-salada-de-frutas-em-atividade-sobre-o-paladar\\\/#breadcrumb\",\"itemListElement\":[{\"@type\":\"ListItem\",\"position\":1,\"name\":\"In\u00edcio\",\"item\":\"https:\\\/\\\/sepam.com.br\\\/\"},{\"@type\":\"ListItem\",\"position\":2,\"name\":\"Alunos do 1\u00ba ano apreciam salada de frutas em atividade sobre o paladar\"}]},{\"@type\":\"WebSite\",\"@id\":\"https:\\\/\\\/sepam.com.br\\\/#website\",\"url\":\"https:\\\/\\\/sepam.com.br\\\/\",\"name\":\"Col\u00e9gio Sepam\",\"description\":\"Ensino Incompar\u00e1vel\",\"publisher\":{\"@id\":\"https:\\\/\\\/sepam.com.br\\\/#organization\"},\"potentialAction\":[{\"@type\":\"SearchAction\",\"target\":{\"@type\":\"EntryPoint\",\"urlTemplate\":\"https:\\\/\\\/sepam.com.br\\\/?s={search_term_string}\"},\"query-input\":{\"@type\":\"PropertyValueSpecification\",\"valueRequired\":true,\"valueName\":\"search_term_string\"}}],\"inLanguage\":\"pt-BR\"},{\"@type\":\"Organization\",\"@id\":\"https:\\\/\\\/sepam.com.br\\\/#organization\",\"name\":\"Col\u00e9gio Sepam\",\"url\":\"https:\\\/\\\/sepam.com.br\\\/\",\"logo\":{\"@type\":\"ImageObject\",\"inLanguage\":\"pt-BR\",\"@id\":\"https:\\\/\\\/sepam.com.br\\\/#\\\/schema\\\/logo\\\/image\\\/\",\"url\":\"https:\\\/\\\/sepam.com.br\\\/wp-content\\\/uploads\\\/2025\\\/02\\\/Ativo-2.png\",\"contentUrl\":\"https:\\\/\\\/sepam.com.br\\\/wp-content\\\/uploads\\\/2025\\\/02\\\/Ativo-2.png\",\"width\":595,\"height\":525,\"caption\":\"Col\u00e9gio Sepam\"},\"image\":{\"@id\":\"https:\\\/\\\/sepam.com.br\\\/#\\\/schema\\\/logo\\\/image\\\/\"}},{\"@type\":\"Person\",\"@id\":\"https:\\\/\\\/sepam.com.br\\\/#\\\/schema\\\/person\\\/bfa2996c649a5a6d822766f6e64eb7fd\",\"name\":\"Sepam\",\"image\":{\"@type\":\"ImageObject\",\"inLanguage\":\"pt-BR\",\"@id\":\"https:\\\/\\\/secure.gravatar.com\\\/avatar\\\/0219e64664f5861998ad57a3432eb4bd5fd99a34c7cc9bc44b3c59dfb830db85?s=96&d=mm&r=g\",\"url\":\"https:\\\/\\\/secure.gravatar.com\\\/avatar\\\/0219e64664f5861998ad57a3432eb4bd5fd99a34c7cc9bc44b3c59dfb830db85?s=96&d=mm&r=g\",\"contentUrl\":\"https:\\\/\\\/secure.gravatar.com\\\/avatar\\\/0219e64664f5861998ad57a3432eb4bd5fd99a34c7cc9bc44b3c59dfb830db85?s=96&d=mm&r=g\",\"caption\":\"Sepam\"},\"url\":\"https:\\\/\\\/sepam.com.br\\\/pt\\\/author\\\/sepam\\\/\"}]}<\/script>\n<!-- \/ Yoast SEO plugin. -->","yoast_head_json":{"title":"Alunos do 1\u00ba ano apreciam salada de frutas em atividade sobre o paladar - Col\u00e9gio Sepam","robots":{"index":"index","follow":"follow","max-snippet":"max-snippet:-1","max-image-preview":"max-image-preview:large","max-video-preview":"max-video-preview:-1"},"canonical":"https:\/\/sepam.com.br\/pt\/alunos-do-1o-ano-apreciam-salada-de-frutas-em-atividade-sobre-o-paladar\/","og_locale":"pt_BR","og_type":"article","og_title":"Alunos do 1\u00ba ano apreciam salada de frutas em atividade sobre o paladar - Col\u00e9gio Sepam","og_description":"O objetivo \u00e9 que as crian\u00e7as conhe\u00e7am e insiram as frutas em suas refei\u00e7\u00f5es As professoras do 1\u00ba ano do Ensino Fundamental do SEPAM est\u00e3o realizando atividades que trabalham os cinco sentidos. Na semana passada, as crian\u00e7as conheceram mais sobre o \u201cpaladar\u201d. Antes de se chegar ao momento do uso do paladar, as atividades come\u00e7aram [&hellip;]","og_url":"https:\/\/sepam.com.br\/pt\/alunos-do-1o-ano-apreciam-salada-de-frutas-em-atividade-sobre-o-paladar\/","og_site_name":"Col\u00e9gio Sepam","article_published_time":"2025-08-28T13:46:57+00:00","article_modified_time":"2025-11-24T13:53:38+00:00","author":"Sepam","twitter_card":"summary_large_image","twitter_misc":{"Escrito por":"Sepam","Est. tempo de leitura":"1 minuto"},"schema":{"@context":"https:\/\/schema.org","@graph":[{"@type":"Article","@id":"https:\/\/sepam.com.br\/pt\/alunos-do-1o-ano-apreciam-salada-de-frutas-em-atividade-sobre-o-paladar\/#article","isPartOf":{"@id":"https:\/\/sepam.com.br\/pt\/alunos-do-1o-ano-apreciam-salada-de-frutas-em-atividade-sobre-o-paladar\/"},"author":{"name":"Sepam","@id":"https:\/\/sepam.com.br\/#\/schema\/person\/bfa2996c649a5a6d822766f6e64eb7fd"},"headline":"Alunos do 1\u00ba ano apreciam salada de frutas em atividade sobre o paladar","datePublished":"2025-08-28T13:46:57+00:00","dateModified":"2025-11-24T13:53:38+00:00","mainEntityOfPage":{"@id":"https:\/\/sepam.com.br\/pt\/alunos-do-1o-ano-apreciam-salada-de-frutas-em-atividade-sobre-o-paladar\/"},"wordCount":231,"commentCount":0,"publisher":{"@id":"https:\/\/sepam.com.br\/#organization"},"articleSection":["Colegio Sepam"],"inLanguage":"pt-BR","potentialAction":[{"@type":"CommentAction","name":"Comment","target":["https:\/\/sepam.com.br\/pt\/alunos-do-1o-ano-apreciam-salada-de-frutas-em-atividade-sobre-o-paladar\/#respond"]}]},{"@type":"WebPage","@id":"https:\/\/sepam.com.br\/pt\/alunos-do-1o-ano-apreciam-salada-de-frutas-em-atividade-sobre-o-paladar\/","url":"https:\/\/sepam.com.br\/pt\/alunos-do-1o-ano-apreciam-salada-de-frutas-em-atividade-sobre-o-paladar\/","name":"Alunos do 1\u00ba ano apreciam salada de frutas em atividade sobre o paladar - Col\u00e9gio Sepam","isPartOf":{"@id":"https:\/\/sepam.com.br\/#website"},"datePublished":"2025-08-28T13:46:57+00:00","dateModified":"2025-11-24T13:53:38+00:00","breadcrumb":{"@id":"https:\/\/sepam.com.br\/pt\/alunos-do-1o-ano-apreciam-salada-de-frutas-em-atividade-sobre-o-paladar\/#breadcrumb"},"inLanguage":"pt-BR","potentialAction":[{"@type":"ReadAction","target":["https:\/\/sepam.com.br\/pt\/alunos-do-1o-ano-apreciam-salada-de-frutas-em-atividade-sobre-o-paladar\/"]}]},{"@type":"BreadcrumbList","@id":"https:\/\/sepam.com.br\/pt\/alunos-do-1o-ano-apreciam-salada-de-frutas-em-atividade-sobre-o-paladar\/#breadcrumb","itemListElement":[{"@type":"ListItem","position":1,"name":"In\u00edcio","item":"https:\/\/sepam.com.br\/"},{"@type":"ListItem","position":2,"name":"Alunos do 1\u00ba ano apreciam salada de frutas em atividade sobre o paladar"}]},{"@type":"WebSite","@id":"https:\/\/sepam.com.br\/#website","url":"https:\/\/sepam.com.br\/","name":"Col\u00e9gio Sepam","description":"Ensino Incompar\u00e1vel","publisher":{"@id":"https:\/\/sepam.com.br\/#organization"},"potentialAction":[{"@type":"SearchAction","target":{"@type":"EntryPoint","urlTemplate":"https:\/\/sepam.com.br\/?s={search_term_string}"},"query-input":{"@type":"PropertyValueSpecification","valueRequired":true,"valueName":"search_term_string"}}],"inLanguage":"pt-BR"},{"@type":"Organization","@id":"https:\/\/sepam.com.br\/#organization","name":"Col\u00e9gio Sepam","url":"https:\/\/sepam.com.br\/","logo":{"@type":"ImageObject","inLanguage":"pt-BR","@id":"https:\/\/sepam.com.br\/#\/schema\/logo\/image\/","url":"https:\/\/sepam.com.br\/wp-content\/uploads\/2025\/02\/Ativo-2.png","contentUrl":"https:\/\/sepam.com.br\/wp-content\/uploads\/2025\/02\/Ativo-2.png","width":595,"height":525,"caption":"Col\u00e9gio Sepam"},"image":{"@id":"https:\/\/sepam.com.br\/#\/schema\/logo\/image\/"}},{"@type":"Person","@id":"https:\/\/sepam.com.br\/#\/schema\/person\/bfa2996c649a5a6d822766f6e64eb7fd","name":"Sepam","image":{"@type":"ImageObject","inLanguage":"pt-BR","@id":"https:\/\/secure.gravatar.com\/avatar\/0219e64664f5861998ad57a3432eb4bd5fd99a34c7cc9bc44b3c59dfb830db85?s=96&d=mm&r=g","url":"https:\/\/secure.gravatar.com\/avatar\/0219e64664f5861998ad57a3432eb4bd5fd99a34c7cc9bc44b3c59dfb830db85?s=96&d=mm&r=g","contentUrl":"https:\/\/secure.gravatar.com\/avatar\/0219e64664f5861998ad57a3432eb4bd5fd99a34c7cc9bc44b3c59dfb830db85?s=96&d=mm&r=g","caption":"Sepam"},"url":"https:\/\/sepam.com.br\/pt\/author\/sepam\/"}]}},"_links":{"self":[{"href":"https:\/\/sepam.com.br\/pt\/wp-json\/wp\/v2\/posts\/6853","targetHints":{"allow":["GET"]}}],"collection":[{"href":"https:\/\/sepam.com.br\/pt\/wp-json\/wp\/v2\/posts"}],"about":[{"href":"https:\/\/sepam.com.br\/pt\/wp-json\/wp\/v2\/types\/post"}],"author":[{"embeddable":true,"href":"https:\/\/sepam.com.br\/pt\/wp-json\/wp\/v2\/users\/13"}],"replies":[{"embeddable":true,"href":"https:\/\/sepam.com.br\/pt\/wp-json\/wp\/v2\/comments?post=6853"}],"version-history":[{"count":1,"href":"https:\/\/sepam.com.br\/pt\/wp-json\/wp\/v2\/posts\/6853\/revisions"}],"predecessor-version":[{"id":7517,"href":"https:\/\/sepam.com.br\/pt\/wp-json\/wp\/v2\/posts\/6853\/revisions\/7517"}],"wp:attachment":[{"href":"https:\/\/sepam.com.br\/pt\/wp-json\/wp\/v2\/media?parent=6853"}],"wp:term":[{"taxonomy":"category","embeddable":true,"href":"https:\/\/sepam.com.br\/pt\/wp-json\/wp\/v2\/categories?post=6853"},{"taxonomy":"post_tag","embeddable":true,"href":"https:\/\/sepam.com.br\/pt\/wp-json\/wp\/v2\/tags?post=6853"}],"curies":[{"name":"wp","href":"https:\/\/api.w.org\/{rel}","templated":true}]}}