{"id":6849,"date":"2025-08-28T10:46:57","date_gmt":"2025-08-28T13:46:57","guid":{"rendered":"https:\/\/dev.alisonandrei.com.br\/noticia\/com-direito-a-marchinhas-alunos-do-sepam-festejam-vespera-de-carnaval\/"},"modified":"2025-11-24T10:53:38","modified_gmt":"2025-11-24T13:53:38","slug":"com-direito-a-marchinhas-alunos-do-sepam-festejam-vespera-de-carnaval","status":"publish","type":"post","link":"https:\/\/sepam.com.br\/pt\/com-direito-a-marchinhas-alunos-do-sepam-festejam-vespera-de-carnaval\/","title":{"rendered":"Com direito a marchinhas alunos do Sepam festejam v\u00e9spera de Carnaval"},"content":{"rendered":"<p><em>A matin\u00ea aconteceu em espa\u00e7os recreativos do col\u00e9gio<\/em><\/p>\n<p>Na \u00faltima sexta-feira (09), v\u00e9spera de carnaval, o Col\u00e9gio Sepam promoveu matin\u00ea para seus alunos da Educa\u00e7\u00e3o Infantil e Ensino Fundamental I. O evento trouxe a ess\u00eancia do movimento carnavalesco, com direito a marchinhas e fantasias.<\/p>\n<p>Os pequenos tiveram uma tarde de intera\u00e7\u00e3o entre as turmas. Na sala de dan\u00e7a se reuniram para brincar com os amigos com fantasias que chamavam aten\u00e7\u00e3o pela criatividade. Personagens do cinema e de hist\u00f3rias infantis estavam presentes: Batman, Homem Aranha, Elza, piratas e v\u00e1rias princesas, al\u00e9m de alguns palha\u00e7os e mascarados.<\/p>\n<p>A coordenadora da Educa\u00e7\u00e3o Infantil do Sepam, Katia Moro, comenta a import\u00e2ncia dessas atividades para as crian\u00e7as: &#8220;\u00c9 o momento de celebrar a cultura, oportunidade para as crian\u00e7as virem fantasiadas, um momento de divers\u00e3o que proporciona aos alunos uma aula diferente com os amigos, saindo da sala de aulas para brincar, dan\u00e7ar e se divertir&#8221;, afirma.<\/p>\n<blockquote>\n<h5>Confira o <a href=\"https:\/\/www.facebook.com\/sepamcolegio\/videos\/vb.206186396177585\/1413000465496166\/?type=2&amp;theater&amp;notif_t=page_post_reaction&amp;notif_id=1518618707887541\" target=\"_blank\" rel=\"noopener\">v\u00eddeo<\/a> que mostra um pouco da alegria das crian\u00e7as na Matin\u00ea de Carnaval do Sepam!<\/h5>\n<\/blockquote>\n<p>Conhecido em Portugal como &#8220;entrudo&#8221;, o carnaval \u00e9 o per\u00edodo que antecede a quaresma (per\u00edodo lit\u00fargico que antecede a P\u00e1scoa Crist\u00e3). Durante essas festas, as pessoas jogavam umas nas outras ovos, \u00e1gua e farinha. Dessa maneira, chegou ao Brasil em meados do s\u00e9culo XVII, influenciado pelas festividades carnavalescas europeias, onde as pessoas desfilavam pelas ruas usando m\u00e1scaras e fantasias.<\/p>\n<p>As atividades carnavalescas trabalham a linguagem l\u00fadica ajudando no desenvolvimento das crian\u00e7as, ampliando a capacidade de interagir com as pessoas atrav\u00e9s de jogos, brincadeiras e dan\u00e7as. Para os maiores o evento ainda auxilia no entendimento do carnaval como fen\u00f4meno hist\u00f3rico-cultural brasileiro.<\/p>\n<p>Tamb\u00e9m participaram do evento os alunos do per\u00edodo integral do Col\u00e9gio Sepam. \u201cNesta data festiva oferecemos atividades ainda mais elaboradas para as crian\u00e7as. Essas atividades do per\u00edodo integral complementam as atividades do ensino regular. Atrav\u00e9s de oficinas de teatro, pr\u00e1tica de esportes, xadrez, conta\u00e7\u00e3o de hist\u00f3ria, y\u00f4ga e psicomotricidade as crian\u00e7as trabalham aspectos que fazem diferen\u00e7a na sua instru\u00e7\u00e3o e desenvolvimento escolar\u201d, explica a coordenadora do per\u00edodo integral do Sepam, Giselle Gehlen.<\/p>\n<p>&nbsp;<\/p>\n<p>&nbsp;<\/p>\n","protected":false},"excerpt":{"rendered":"<p>A matin\u00ea aconteceu em espa\u00e7os recreativos do col\u00e9gio Na \u00faltima sexta-feira (09), v\u00e9spera de carnaval, o Col\u00e9gio Sepam promoveu matin\u00ea para seus alunos da Educa\u00e7\u00e3o Infantil e Ensino Fundamental I. O evento trouxe a ess\u00eancia do movimento carnavalesco, com direito a marchinhas e fantasias. Os pequenos tiveram uma tarde de intera\u00e7\u00e3o entre as turmas. Na [&hellip;]<\/p>\n","protected":false},"author":13,"featured_media":0,"comment_status":"open","ping_status":"open","sticky":false,"template":"","format":"standard","meta":{"footnotes":""},"categories":[21],"tags":[],"class_list":["post-6849","post","type-post","status-publish","format-standard","hentry","category-colegio-sepam"],"yoast_head":"<!-- This site is optimized with the Yoast SEO plugin v28.4 - https:\/\/yoast.com\/product\/yoast-seo-wordpress\/ -->\n<title>Com direito a marchinhas alunos do Sepam festejam v\u00e9spera de Carnaval - Col\u00e9gio Sepam<\/title>\n<meta name=\"robots\" content=\"index, follow, max-snippet:-1, max-image-preview:large, max-video-preview:-1\" \/>\n<link rel=\"canonical\" href=\"https:\/\/sepam.com.br\/pt\/com-direito-a-marchinhas-alunos-do-sepam-festejam-vespera-de-carnaval\/\" \/>\n<meta property=\"og:locale\" content=\"pt_BR\" \/>\n<meta property=\"og:type\" content=\"article\" \/>\n<meta property=\"og:title\" content=\"Com direito a marchinhas alunos do Sepam festejam v\u00e9spera de Carnaval - Col\u00e9gio Sepam\" \/>\n<meta property=\"og:description\" content=\"A matin\u00ea aconteceu em espa\u00e7os recreativos do col\u00e9gio Na \u00faltima sexta-feira (09), v\u00e9spera de carnaval, o Col\u00e9gio Sepam promoveu matin\u00ea para seus alunos da Educa\u00e7\u00e3o Infantil e Ensino Fundamental I. O evento trouxe a ess\u00eancia do movimento carnavalesco, com direito a marchinhas e fantasias. Os pequenos tiveram uma tarde de intera\u00e7\u00e3o entre as turmas. Na [&hellip;]\" \/>\n<meta property=\"og:url\" content=\"https:\/\/sepam.com.br\/pt\/com-direito-a-marchinhas-alunos-do-sepam-festejam-vespera-de-carnaval\/\" \/>\n<meta property=\"og:site_name\" content=\"Col\u00e9gio Sepam\" \/>\n<meta property=\"article:published_time\" content=\"2025-08-28T13:46:57+00:00\" \/>\n<meta property=\"article:modified_time\" content=\"2025-11-24T13:53:38+00:00\" \/>\n<meta name=\"author\" content=\"Sepam\" \/>\n<meta name=\"twitter:card\" content=\"summary_large_image\" \/>\n<meta name=\"twitter:label1\" content=\"Escrito por\" \/>\n\t<meta name=\"twitter:data1\" content=\"Sepam\" \/>\n\t<meta name=\"twitter:label2\" content=\"Est. tempo de leitura\" \/>\n\t<meta name=\"twitter:data2\" content=\"2 minutos\" \/>\n<script type=\"application\/ld+json\" class=\"yoast-schema-graph\">{\"@context\":\"https:\\\/\\\/schema.org\",\"@graph\":[{\"@type\":\"Article\",\"@id\":\"https:\\\/\\\/sepam.com.br\\\/pt\\\/com-direito-a-marchinhas-alunos-do-sepam-festejam-vespera-de-carnaval\\\/#article\",\"isPartOf\":{\"@id\":\"https:\\\/\\\/sepam.com.br\\\/pt\\\/com-direito-a-marchinhas-alunos-do-sepam-festejam-vespera-de-carnaval\\\/\"},\"author\":{\"name\":\"Sepam\",\"@id\":\"https:\\\/\\\/sepam.com.br\\\/#\\\/schema\\\/person\\\/bfa2996c649a5a6d822766f6e64eb7fd\"},\"headline\":\"Com direito a marchinhas alunos do Sepam festejam v\u00e9spera de Carnaval\",\"datePublished\":\"2025-08-28T13:46:57+00:00\",\"dateModified\":\"2025-11-24T13:53:38+00:00\",\"mainEntityOfPage\":{\"@id\":\"https:\\\/\\\/sepam.com.br\\\/pt\\\/com-direito-a-marchinhas-alunos-do-sepam-festejam-vespera-de-carnaval\\\/\"},\"wordCount\":398,\"commentCount\":0,\"publisher\":{\"@id\":\"https:\\\/\\\/sepam.com.br\\\/#organization\"},\"articleSection\":[\"Colegio Sepam\"],\"inLanguage\":\"pt-BR\",\"potentialAction\":[{\"@type\":\"CommentAction\",\"name\":\"Comment\",\"target\":[\"https:\\\/\\\/sepam.com.br\\\/pt\\\/com-direito-a-marchinhas-alunos-do-sepam-festejam-vespera-de-carnaval\\\/#respond\"]}]},{\"@type\":\"WebPage\",\"@id\":\"https:\\\/\\\/sepam.com.br\\\/pt\\\/com-direito-a-marchinhas-alunos-do-sepam-festejam-vespera-de-carnaval\\\/\",\"url\":\"https:\\\/\\\/sepam.com.br\\\/pt\\\/com-direito-a-marchinhas-alunos-do-sepam-festejam-vespera-de-carnaval\\\/\",\"name\":\"Com direito a marchinhas alunos do Sepam festejam v\u00e9spera de Carnaval - Col\u00e9gio Sepam\",\"isPartOf\":{\"@id\":\"https:\\\/\\\/sepam.com.br\\\/#website\"},\"datePublished\":\"2025-08-28T13:46:57+00:00\",\"dateModified\":\"2025-11-24T13:53:38+00:00\",\"breadcrumb\":{\"@id\":\"https:\\\/\\\/sepam.com.br\\\/pt\\\/com-direito-a-marchinhas-alunos-do-sepam-festejam-vespera-de-carnaval\\\/#breadcrumb\"},\"inLanguage\":\"pt-BR\",\"potentialAction\":[{\"@type\":\"ReadAction\",\"target\":[\"https:\\\/\\\/sepam.com.br\\\/pt\\\/com-direito-a-marchinhas-alunos-do-sepam-festejam-vespera-de-carnaval\\\/\"]}]},{\"@type\":\"BreadcrumbList\",\"@id\":\"https:\\\/\\\/sepam.com.br\\\/pt\\\/com-direito-a-marchinhas-alunos-do-sepam-festejam-vespera-de-carnaval\\\/#breadcrumb\",\"itemListElement\":[{\"@type\":\"ListItem\",\"position\":1,\"name\":\"In\u00edcio\",\"item\":\"https:\\\/\\\/sepam.com.br\\\/\"},{\"@type\":\"ListItem\",\"position\":2,\"name\":\"Com direito a marchinhas alunos do Sepam festejam v\u00e9spera de Carnaval\"}]},{\"@type\":\"WebSite\",\"@id\":\"https:\\\/\\\/sepam.com.br\\\/#website\",\"url\":\"https:\\\/\\\/sepam.com.br\\\/\",\"name\":\"Col\u00e9gio Sepam\",\"description\":\"Ensino Incompar\u00e1vel\",\"publisher\":{\"@id\":\"https:\\\/\\\/sepam.com.br\\\/#organization\"},\"potentialAction\":[{\"@type\":\"SearchAction\",\"target\":{\"@type\":\"EntryPoint\",\"urlTemplate\":\"https:\\\/\\\/sepam.com.br\\\/?s={search_term_string}\"},\"query-input\":{\"@type\":\"PropertyValueSpecification\",\"valueRequired\":true,\"valueName\":\"search_term_string\"}}],\"inLanguage\":\"pt-BR\"},{\"@type\":\"Organization\",\"@id\":\"https:\\\/\\\/sepam.com.br\\\/#organization\",\"name\":\"Col\u00e9gio Sepam\",\"url\":\"https:\\\/\\\/sepam.com.br\\\/\",\"logo\":{\"@type\":\"ImageObject\",\"inLanguage\":\"pt-BR\",\"@id\":\"https:\\\/\\\/sepam.com.br\\\/#\\\/schema\\\/logo\\\/image\\\/\",\"url\":\"https:\\\/\\\/sepam.com.br\\\/wp-content\\\/uploads\\\/2025\\\/02\\\/Ativo-2.png\",\"contentUrl\":\"https:\\\/\\\/sepam.com.br\\\/wp-content\\\/uploads\\\/2025\\\/02\\\/Ativo-2.png\",\"width\":595,\"height\":525,\"caption\":\"Col\u00e9gio Sepam\"},\"image\":{\"@id\":\"https:\\\/\\\/sepam.com.br\\\/#\\\/schema\\\/logo\\\/image\\\/\"}},{\"@type\":\"Person\",\"@id\":\"https:\\\/\\\/sepam.com.br\\\/#\\\/schema\\\/person\\\/bfa2996c649a5a6d822766f6e64eb7fd\",\"name\":\"Sepam\",\"image\":{\"@type\":\"ImageObject\",\"inLanguage\":\"pt-BR\",\"@id\":\"https:\\\/\\\/secure.gravatar.com\\\/avatar\\\/0219e64664f5861998ad57a3432eb4bd5fd99a34c7cc9bc44b3c59dfb830db85?s=96&d=mm&r=g\",\"url\":\"https:\\\/\\\/secure.gravatar.com\\\/avatar\\\/0219e64664f5861998ad57a3432eb4bd5fd99a34c7cc9bc44b3c59dfb830db85?s=96&d=mm&r=g\",\"contentUrl\":\"https:\\\/\\\/secure.gravatar.com\\\/avatar\\\/0219e64664f5861998ad57a3432eb4bd5fd99a34c7cc9bc44b3c59dfb830db85?s=96&d=mm&r=g\",\"caption\":\"Sepam\"},\"url\":\"https:\\\/\\\/sepam.com.br\\\/pt\\\/author\\\/sepam\\\/\"}]}<\/script>\n<!-- \/ Yoast SEO plugin. -->","yoast_head_json":{"title":"Com direito a marchinhas alunos do Sepam festejam v\u00e9spera de Carnaval - Col\u00e9gio Sepam","robots":{"index":"index","follow":"follow","max-snippet":"max-snippet:-1","max-image-preview":"max-image-preview:large","max-video-preview":"max-video-preview:-1"},"canonical":"https:\/\/sepam.com.br\/pt\/com-direito-a-marchinhas-alunos-do-sepam-festejam-vespera-de-carnaval\/","og_locale":"pt_BR","og_type":"article","og_title":"Com direito a marchinhas alunos do Sepam festejam v\u00e9spera de Carnaval - Col\u00e9gio Sepam","og_description":"A matin\u00ea aconteceu em espa\u00e7os recreativos do col\u00e9gio Na \u00faltima sexta-feira (09), v\u00e9spera de carnaval, o Col\u00e9gio Sepam promoveu matin\u00ea para seus alunos da Educa\u00e7\u00e3o Infantil e Ensino Fundamental I. O evento trouxe a ess\u00eancia do movimento carnavalesco, com direito a marchinhas e fantasias. Os pequenos tiveram uma tarde de intera\u00e7\u00e3o entre as turmas. Na [&hellip;]","og_url":"https:\/\/sepam.com.br\/pt\/com-direito-a-marchinhas-alunos-do-sepam-festejam-vespera-de-carnaval\/","og_site_name":"Col\u00e9gio Sepam","article_published_time":"2025-08-28T13:46:57+00:00","article_modified_time":"2025-11-24T13:53:38+00:00","author":"Sepam","twitter_card":"summary_large_image","twitter_misc":{"Escrito por":"Sepam","Est. tempo de leitura":"2 minutos"},"schema":{"@context":"https:\/\/schema.org","@graph":[{"@type":"Article","@id":"https:\/\/sepam.com.br\/pt\/com-direito-a-marchinhas-alunos-do-sepam-festejam-vespera-de-carnaval\/#article","isPartOf":{"@id":"https:\/\/sepam.com.br\/pt\/com-direito-a-marchinhas-alunos-do-sepam-festejam-vespera-de-carnaval\/"},"author":{"name":"Sepam","@id":"https:\/\/sepam.com.br\/#\/schema\/person\/bfa2996c649a5a6d822766f6e64eb7fd"},"headline":"Com direito a marchinhas alunos do Sepam festejam v\u00e9spera de Carnaval","datePublished":"2025-08-28T13:46:57+00:00","dateModified":"2025-11-24T13:53:38+00:00","mainEntityOfPage":{"@id":"https:\/\/sepam.com.br\/pt\/com-direito-a-marchinhas-alunos-do-sepam-festejam-vespera-de-carnaval\/"},"wordCount":398,"commentCount":0,"publisher":{"@id":"https:\/\/sepam.com.br\/#organization"},"articleSection":["Colegio Sepam"],"inLanguage":"pt-BR","potentialAction":[{"@type":"CommentAction","name":"Comment","target":["https:\/\/sepam.com.br\/pt\/com-direito-a-marchinhas-alunos-do-sepam-festejam-vespera-de-carnaval\/#respond"]}]},{"@type":"WebPage","@id":"https:\/\/sepam.com.br\/pt\/com-direito-a-marchinhas-alunos-do-sepam-festejam-vespera-de-carnaval\/","url":"https:\/\/sepam.com.br\/pt\/com-direito-a-marchinhas-alunos-do-sepam-festejam-vespera-de-carnaval\/","name":"Com direito a marchinhas alunos do Sepam festejam v\u00e9spera de Carnaval - Col\u00e9gio Sepam","isPartOf":{"@id":"https:\/\/sepam.com.br\/#website"},"datePublished":"2025-08-28T13:46:57+00:00","dateModified":"2025-11-24T13:53:38+00:00","breadcrumb":{"@id":"https:\/\/sepam.com.br\/pt\/com-direito-a-marchinhas-alunos-do-sepam-festejam-vespera-de-carnaval\/#breadcrumb"},"inLanguage":"pt-BR","potentialAction":[{"@type":"ReadAction","target":["https:\/\/sepam.com.br\/pt\/com-direito-a-marchinhas-alunos-do-sepam-festejam-vespera-de-carnaval\/"]}]},{"@type":"BreadcrumbList","@id":"https:\/\/sepam.com.br\/pt\/com-direito-a-marchinhas-alunos-do-sepam-festejam-vespera-de-carnaval\/#breadcrumb","itemListElement":[{"@type":"ListItem","position":1,"name":"In\u00edcio","item":"https:\/\/sepam.com.br\/"},{"@type":"ListItem","position":2,"name":"Com direito a marchinhas alunos do Sepam festejam v\u00e9spera de Carnaval"}]},{"@type":"WebSite","@id":"https:\/\/sepam.com.br\/#website","url":"https:\/\/sepam.com.br\/","name":"Col\u00e9gio Sepam","description":"Ensino Incompar\u00e1vel","publisher":{"@id":"https:\/\/sepam.com.br\/#organization"},"potentialAction":[{"@type":"SearchAction","target":{"@type":"EntryPoint","urlTemplate":"https:\/\/sepam.com.br\/?s={search_term_string}"},"query-input":{"@type":"PropertyValueSpecification","valueRequired":true,"valueName":"search_term_string"}}],"inLanguage":"pt-BR"},{"@type":"Organization","@id":"https:\/\/sepam.com.br\/#organization","name":"Col\u00e9gio Sepam","url":"https:\/\/sepam.com.br\/","logo":{"@type":"ImageObject","inLanguage":"pt-BR","@id":"https:\/\/sepam.com.br\/#\/schema\/logo\/image\/","url":"https:\/\/sepam.com.br\/wp-content\/uploads\/2025\/02\/Ativo-2.png","contentUrl":"https:\/\/sepam.com.br\/wp-content\/uploads\/2025\/02\/Ativo-2.png","width":595,"height":525,"caption":"Col\u00e9gio Sepam"},"image":{"@id":"https:\/\/sepam.com.br\/#\/schema\/logo\/image\/"}},{"@type":"Person","@id":"https:\/\/sepam.com.br\/#\/schema\/person\/bfa2996c649a5a6d822766f6e64eb7fd","name":"Sepam","image":{"@type":"ImageObject","inLanguage":"pt-BR","@id":"https:\/\/secure.gravatar.com\/avatar\/0219e64664f5861998ad57a3432eb4bd5fd99a34c7cc9bc44b3c59dfb830db85?s=96&d=mm&r=g","url":"https:\/\/secure.gravatar.com\/avatar\/0219e64664f5861998ad57a3432eb4bd5fd99a34c7cc9bc44b3c59dfb830db85?s=96&d=mm&r=g","contentUrl":"https:\/\/secure.gravatar.com\/avatar\/0219e64664f5861998ad57a3432eb4bd5fd99a34c7cc9bc44b3c59dfb830db85?s=96&d=mm&r=g","caption":"Sepam"},"url":"https:\/\/sepam.com.br\/pt\/author\/sepam\/"}]}},"_links":{"self":[{"href":"https:\/\/sepam.com.br\/pt\/wp-json\/wp\/v2\/posts\/6849","targetHints":{"allow":["GET"]}}],"collection":[{"href":"https:\/\/sepam.com.br\/pt\/wp-json\/wp\/v2\/posts"}],"about":[{"href":"https:\/\/sepam.com.br\/pt\/wp-json\/wp\/v2\/types\/post"}],"author":[{"embeddable":true,"href":"https:\/\/sepam.com.br\/pt\/wp-json\/wp\/v2\/users\/13"}],"replies":[{"embeddable":true,"href":"https:\/\/sepam.com.br\/pt\/wp-json\/wp\/v2\/comments?post=6849"}],"version-history":[{"count":1,"href":"https:\/\/sepam.com.br\/pt\/wp-json\/wp\/v2\/posts\/6849\/revisions"}],"predecessor-version":[{"id":7513,"href":"https:\/\/sepam.com.br\/pt\/wp-json\/wp\/v2\/posts\/6849\/revisions\/7513"}],"wp:attachment":[{"href":"https:\/\/sepam.com.br\/pt\/wp-json\/wp\/v2\/media?parent=6849"}],"wp:term":[{"taxonomy":"category","embeddable":true,"href":"https:\/\/sepam.com.br\/pt\/wp-json\/wp\/v2\/categories?post=6849"},{"taxonomy":"post_tag","embeddable":true,"href":"https:\/\/sepam.com.br\/pt\/wp-json\/wp\/v2\/tags?post=6849"}],"curies":[{"name":"wp","href":"https:\/\/api.w.org\/{rel}","templated":true}]}}