{"id":6842,"date":"2025-08-28T10:46:57","date_gmt":"2025-08-28T13:46:57","guid":{"rendered":"https:\/\/dev.alisonandrei.com.br\/noticia\/oficina-de-jornal-escolar-une-teoria-e-pratica\/"},"modified":"2025-11-24T10:53:38","modified_gmt":"2025-11-24T13:53:38","slug":"oficina-de-jornal-escolar-une-teoria-e-pratica","status":"publish","type":"post","link":"https:\/\/sepam.com.br\/pt\/oficina-de-jornal-escolar-une-teoria-e-pratica\/","title":{"rendered":"Oficina de jornal escolar une teoria e pr\u00e1tica"},"content":{"rendered":"<p><em>Os alunos participaram de palestras com jornalistas e criaram jornais escolares com not\u00edcias do col\u00e9gio<\/em><\/p>\n<p>Um dos conte\u00fados program\u00e1ticos do quarto bimestre das turmas do 4\u00ba ano do ensino fundamental do Col\u00e9gio Sepam \u00e9 \u201cjornal\u201d. E para deixar essa aula mais pr\u00f3xima da realidade, al\u00e9m de trabalhar as caracter\u00edsticas de um jornal, a diferen\u00e7a entre not\u00edcia e reportagem, as professoras refor\u00e7aram a import\u00e2ncia deste como ve\u00edculo de informa\u00e7\u00e3o e promoveram atividades pr\u00e1ticas.<\/p>\n<p>No m\u00eas de outubro, os alunos participaram de duas palestras; uma com o jornalista Tavinho Luck, que falou sobre o formato das mat\u00e9rias publicadas em revista e frisou as diferen\u00e7as entre a linguagem formal e a informal. Na sequ\u00eancia, os alunos tiveram uma conversa com a jornalista de educa\u00e7\u00e3o, Talita Moretto, que tamb\u00e9m \u00e9 a gerente de Tecnologia Educacional do Sepam. Talita falou sobre como o conte\u00fado \u00e9 disposto nas p\u00e1ginas do jornal, a import\u00e2ncia da capa, das not\u00edcias e do papel do jornalista enquanto transmissor de informa\u00e7\u00e3o.<\/p>\n<p>Para finalizar o trabalho, em novembro, as tr\u00eas turmas participaram de uma oficina de jornal escolar. Em equipes, os alunos criaram um jornal cujo p\u00fablico-alvo (leitores) deveria ser os alunos do Col\u00e9gio Sepam. Os pr\u00f3prios alunos deram um nome e escolheram as not\u00edcias mais relevantes para seu jornal; inclu\u00edram tamb\u00e9m dicas de leitura, de jogos e assuntos variados de entretenimento. Eles utilizaram recortes de revistas e de jornais para ilustrar suas mat\u00e9rias, e produziram desenhos.<\/p>\n<p>Na avalia\u00e7\u00e3o das professoras, o trabalho foi bastante produtivo, pois elas conseguiram aliar a teoria com a pr\u00e1tica profissional e com o exerc\u00edcio em sala de aula. \u201cCom esse tipo de trabalho as crian\u00e7as conseguem captar um pouco essa rela\u00e7\u00e3o escola e mundo real, escola e profiss\u00e3o, aproxima os alunos da realidade\u201d, avalia a professora Giselle Gehlen.<\/p>\n","protected":false},"excerpt":{"rendered":"<p>Os alunos participaram de palestras com jornalistas e criaram jornais escolares com not\u00edcias do col\u00e9gio Um dos conte\u00fados program\u00e1ticos do quarto bimestre das turmas do 4\u00ba ano do ensino fundamental do Col\u00e9gio Sepam \u00e9 \u201cjornal\u201d. E para deixar essa aula mais pr\u00f3xima da realidade, al\u00e9m de trabalhar as caracter\u00edsticas de um jornal, a diferen\u00e7a entre [&hellip;]<\/p>\n","protected":false},"author":13,"featured_media":0,"comment_status":"open","ping_status":"open","sticky":false,"template":"","format":"standard","meta":{"footnotes":""},"categories":[21],"tags":[],"class_list":["post-6842","post","type-post","status-publish","format-standard","hentry","category-colegio-sepam"],"yoast_head":"<!-- This site is optimized with the Yoast SEO plugin v28.4 - https:\/\/yoast.com\/product\/yoast-seo-wordpress\/ -->\n<title>Oficina de jornal escolar une teoria e pr\u00e1tica - Col\u00e9gio Sepam<\/title>\n<meta name=\"robots\" content=\"index, follow, max-snippet:-1, max-image-preview:large, max-video-preview:-1\" \/>\n<link rel=\"canonical\" href=\"https:\/\/sepam.com.br\/pt\/oficina-de-jornal-escolar-une-teoria-e-pratica\/\" \/>\n<meta property=\"og:locale\" content=\"pt_BR\" \/>\n<meta property=\"og:type\" content=\"article\" \/>\n<meta property=\"og:title\" content=\"Oficina de jornal escolar une teoria e pr\u00e1tica - Col\u00e9gio Sepam\" \/>\n<meta property=\"og:description\" content=\"Os alunos participaram de palestras com jornalistas e criaram jornais escolares com not\u00edcias do col\u00e9gio Um dos conte\u00fados program\u00e1ticos do quarto bimestre das turmas do 4\u00ba ano do ensino fundamental do Col\u00e9gio Sepam \u00e9 \u201cjornal\u201d. E para deixar essa aula mais pr\u00f3xima da realidade, al\u00e9m de trabalhar as caracter\u00edsticas de um jornal, a diferen\u00e7a entre [&hellip;]\" \/>\n<meta property=\"og:url\" content=\"https:\/\/sepam.com.br\/pt\/oficina-de-jornal-escolar-une-teoria-e-pratica\/\" \/>\n<meta property=\"og:site_name\" content=\"Col\u00e9gio Sepam\" \/>\n<meta property=\"article:published_time\" content=\"2025-08-28T13:46:57+00:00\" \/>\n<meta property=\"article:modified_time\" content=\"2025-11-24T13:53:38+00:00\" \/>\n<meta name=\"author\" content=\"Sepam\" \/>\n<meta name=\"twitter:card\" content=\"summary_large_image\" \/>\n<meta name=\"twitter:label1\" content=\"Escrito por\" \/>\n\t<meta name=\"twitter:data1\" content=\"Sepam\" \/>\n\t<meta name=\"twitter:label2\" content=\"Est. tempo de leitura\" \/>\n\t<meta name=\"twitter:data2\" content=\"2 minutos\" \/>\n<script type=\"application\/ld+json\" class=\"yoast-schema-graph\">{\"@context\":\"https:\\\/\\\/schema.org\",\"@graph\":[{\"@type\":\"Article\",\"@id\":\"https:\\\/\\\/sepam.com.br\\\/pt\\\/oficina-de-jornal-escolar-une-teoria-e-pratica\\\/#article\",\"isPartOf\":{\"@id\":\"https:\\\/\\\/sepam.com.br\\\/pt\\\/oficina-de-jornal-escolar-une-teoria-e-pratica\\\/\"},\"author\":{\"name\":\"Sepam\",\"@id\":\"https:\\\/\\\/sepam.com.br\\\/#\\\/schema\\\/person\\\/bfa2996c649a5a6d822766f6e64eb7fd\"},\"headline\":\"Oficina de jornal escolar une teoria e pr\u00e1tica\",\"datePublished\":\"2025-08-28T13:46:57+00:00\",\"dateModified\":\"2025-11-24T13:53:38+00:00\",\"mainEntityOfPage\":{\"@id\":\"https:\\\/\\\/sepam.com.br\\\/pt\\\/oficina-de-jornal-escolar-une-teoria-e-pratica\\\/\"},\"wordCount\":337,\"commentCount\":0,\"publisher\":{\"@id\":\"https:\\\/\\\/sepam.com.br\\\/#organization\"},\"articleSection\":[\"Colegio Sepam\"],\"inLanguage\":\"pt-BR\",\"potentialAction\":[{\"@type\":\"CommentAction\",\"name\":\"Comment\",\"target\":[\"https:\\\/\\\/sepam.com.br\\\/pt\\\/oficina-de-jornal-escolar-une-teoria-e-pratica\\\/#respond\"]}]},{\"@type\":\"WebPage\",\"@id\":\"https:\\\/\\\/sepam.com.br\\\/pt\\\/oficina-de-jornal-escolar-une-teoria-e-pratica\\\/\",\"url\":\"https:\\\/\\\/sepam.com.br\\\/pt\\\/oficina-de-jornal-escolar-une-teoria-e-pratica\\\/\",\"name\":\"Oficina de jornal escolar une teoria e pr\u00e1tica - Col\u00e9gio Sepam\",\"isPartOf\":{\"@id\":\"https:\\\/\\\/sepam.com.br\\\/#website\"},\"datePublished\":\"2025-08-28T13:46:57+00:00\",\"dateModified\":\"2025-11-24T13:53:38+00:00\",\"breadcrumb\":{\"@id\":\"https:\\\/\\\/sepam.com.br\\\/pt\\\/oficina-de-jornal-escolar-une-teoria-e-pratica\\\/#breadcrumb\"},\"inLanguage\":\"pt-BR\",\"potentialAction\":[{\"@type\":\"ReadAction\",\"target\":[\"https:\\\/\\\/sepam.com.br\\\/pt\\\/oficina-de-jornal-escolar-une-teoria-e-pratica\\\/\"]}]},{\"@type\":\"BreadcrumbList\",\"@id\":\"https:\\\/\\\/sepam.com.br\\\/pt\\\/oficina-de-jornal-escolar-une-teoria-e-pratica\\\/#breadcrumb\",\"itemListElement\":[{\"@type\":\"ListItem\",\"position\":1,\"name\":\"In\u00edcio\",\"item\":\"https:\\\/\\\/sepam.com.br\\\/\"},{\"@type\":\"ListItem\",\"position\":2,\"name\":\"Oficina de jornal escolar une teoria e pr\u00e1tica\"}]},{\"@type\":\"WebSite\",\"@id\":\"https:\\\/\\\/sepam.com.br\\\/#website\",\"url\":\"https:\\\/\\\/sepam.com.br\\\/\",\"name\":\"Col\u00e9gio Sepam\",\"description\":\"Ensino Incompar\u00e1vel\",\"publisher\":{\"@id\":\"https:\\\/\\\/sepam.com.br\\\/#organization\"},\"potentialAction\":[{\"@type\":\"SearchAction\",\"target\":{\"@type\":\"EntryPoint\",\"urlTemplate\":\"https:\\\/\\\/sepam.com.br\\\/?s={search_term_string}\"},\"query-input\":{\"@type\":\"PropertyValueSpecification\",\"valueRequired\":true,\"valueName\":\"search_term_string\"}}],\"inLanguage\":\"pt-BR\"},{\"@type\":\"Organization\",\"@id\":\"https:\\\/\\\/sepam.com.br\\\/#organization\",\"name\":\"Col\u00e9gio Sepam\",\"url\":\"https:\\\/\\\/sepam.com.br\\\/\",\"logo\":{\"@type\":\"ImageObject\",\"inLanguage\":\"pt-BR\",\"@id\":\"https:\\\/\\\/sepam.com.br\\\/#\\\/schema\\\/logo\\\/image\\\/\",\"url\":\"https:\\\/\\\/sepam.com.br\\\/wp-content\\\/uploads\\\/2025\\\/02\\\/Ativo-2.png\",\"contentUrl\":\"https:\\\/\\\/sepam.com.br\\\/wp-content\\\/uploads\\\/2025\\\/02\\\/Ativo-2.png\",\"width\":595,\"height\":525,\"caption\":\"Col\u00e9gio Sepam\"},\"image\":{\"@id\":\"https:\\\/\\\/sepam.com.br\\\/#\\\/schema\\\/logo\\\/image\\\/\"}},{\"@type\":\"Person\",\"@id\":\"https:\\\/\\\/sepam.com.br\\\/#\\\/schema\\\/person\\\/bfa2996c649a5a6d822766f6e64eb7fd\",\"name\":\"Sepam\",\"image\":{\"@type\":\"ImageObject\",\"inLanguage\":\"pt-BR\",\"@id\":\"https:\\\/\\\/secure.gravatar.com\\\/avatar\\\/0219e64664f5861998ad57a3432eb4bd5fd99a34c7cc9bc44b3c59dfb830db85?s=96&d=mm&r=g\",\"url\":\"https:\\\/\\\/secure.gravatar.com\\\/avatar\\\/0219e64664f5861998ad57a3432eb4bd5fd99a34c7cc9bc44b3c59dfb830db85?s=96&d=mm&r=g\",\"contentUrl\":\"https:\\\/\\\/secure.gravatar.com\\\/avatar\\\/0219e64664f5861998ad57a3432eb4bd5fd99a34c7cc9bc44b3c59dfb830db85?s=96&d=mm&r=g\",\"caption\":\"Sepam\"},\"url\":\"https:\\\/\\\/sepam.com.br\\\/pt\\\/author\\\/sepam\\\/\"}]}<\/script>\n<!-- \/ Yoast SEO plugin. -->","yoast_head_json":{"title":"Oficina de jornal escolar une teoria e pr\u00e1tica - Col\u00e9gio Sepam","robots":{"index":"index","follow":"follow","max-snippet":"max-snippet:-1","max-image-preview":"max-image-preview:large","max-video-preview":"max-video-preview:-1"},"canonical":"https:\/\/sepam.com.br\/pt\/oficina-de-jornal-escolar-une-teoria-e-pratica\/","og_locale":"pt_BR","og_type":"article","og_title":"Oficina de jornal escolar une teoria e pr\u00e1tica - Col\u00e9gio Sepam","og_description":"Os alunos participaram de palestras com jornalistas e criaram jornais escolares com not\u00edcias do col\u00e9gio Um dos conte\u00fados program\u00e1ticos do quarto bimestre das turmas do 4\u00ba ano do ensino fundamental do Col\u00e9gio Sepam \u00e9 \u201cjornal\u201d. E para deixar essa aula mais pr\u00f3xima da realidade, al\u00e9m de trabalhar as caracter\u00edsticas de um jornal, a diferen\u00e7a entre [&hellip;]","og_url":"https:\/\/sepam.com.br\/pt\/oficina-de-jornal-escolar-une-teoria-e-pratica\/","og_site_name":"Col\u00e9gio Sepam","article_published_time":"2025-08-28T13:46:57+00:00","article_modified_time":"2025-11-24T13:53:38+00:00","author":"Sepam","twitter_card":"summary_large_image","twitter_misc":{"Escrito por":"Sepam","Est. tempo de leitura":"2 minutos"},"schema":{"@context":"https:\/\/schema.org","@graph":[{"@type":"Article","@id":"https:\/\/sepam.com.br\/pt\/oficina-de-jornal-escolar-une-teoria-e-pratica\/#article","isPartOf":{"@id":"https:\/\/sepam.com.br\/pt\/oficina-de-jornal-escolar-une-teoria-e-pratica\/"},"author":{"name":"Sepam","@id":"https:\/\/sepam.com.br\/#\/schema\/person\/bfa2996c649a5a6d822766f6e64eb7fd"},"headline":"Oficina de jornal escolar une teoria e pr\u00e1tica","datePublished":"2025-08-28T13:46:57+00:00","dateModified":"2025-11-24T13:53:38+00:00","mainEntityOfPage":{"@id":"https:\/\/sepam.com.br\/pt\/oficina-de-jornal-escolar-une-teoria-e-pratica\/"},"wordCount":337,"commentCount":0,"publisher":{"@id":"https:\/\/sepam.com.br\/#organization"},"articleSection":["Colegio Sepam"],"inLanguage":"pt-BR","potentialAction":[{"@type":"CommentAction","name":"Comment","target":["https:\/\/sepam.com.br\/pt\/oficina-de-jornal-escolar-une-teoria-e-pratica\/#respond"]}]},{"@type":"WebPage","@id":"https:\/\/sepam.com.br\/pt\/oficina-de-jornal-escolar-une-teoria-e-pratica\/","url":"https:\/\/sepam.com.br\/pt\/oficina-de-jornal-escolar-une-teoria-e-pratica\/","name":"Oficina de jornal escolar une teoria e pr\u00e1tica - Col\u00e9gio Sepam","isPartOf":{"@id":"https:\/\/sepam.com.br\/#website"},"datePublished":"2025-08-28T13:46:57+00:00","dateModified":"2025-11-24T13:53:38+00:00","breadcrumb":{"@id":"https:\/\/sepam.com.br\/pt\/oficina-de-jornal-escolar-une-teoria-e-pratica\/#breadcrumb"},"inLanguage":"pt-BR","potentialAction":[{"@type":"ReadAction","target":["https:\/\/sepam.com.br\/pt\/oficina-de-jornal-escolar-une-teoria-e-pratica\/"]}]},{"@type":"BreadcrumbList","@id":"https:\/\/sepam.com.br\/pt\/oficina-de-jornal-escolar-une-teoria-e-pratica\/#breadcrumb","itemListElement":[{"@type":"ListItem","position":1,"name":"In\u00edcio","item":"https:\/\/sepam.com.br\/"},{"@type":"ListItem","position":2,"name":"Oficina de jornal escolar une teoria e pr\u00e1tica"}]},{"@type":"WebSite","@id":"https:\/\/sepam.com.br\/#website","url":"https:\/\/sepam.com.br\/","name":"Col\u00e9gio Sepam","description":"Ensino Incompar\u00e1vel","publisher":{"@id":"https:\/\/sepam.com.br\/#organization"},"potentialAction":[{"@type":"SearchAction","target":{"@type":"EntryPoint","urlTemplate":"https:\/\/sepam.com.br\/?s={search_term_string}"},"query-input":{"@type":"PropertyValueSpecification","valueRequired":true,"valueName":"search_term_string"}}],"inLanguage":"pt-BR"},{"@type":"Organization","@id":"https:\/\/sepam.com.br\/#organization","name":"Col\u00e9gio Sepam","url":"https:\/\/sepam.com.br\/","logo":{"@type":"ImageObject","inLanguage":"pt-BR","@id":"https:\/\/sepam.com.br\/#\/schema\/logo\/image\/","url":"https:\/\/sepam.com.br\/wp-content\/uploads\/2025\/02\/Ativo-2.png","contentUrl":"https:\/\/sepam.com.br\/wp-content\/uploads\/2025\/02\/Ativo-2.png","width":595,"height":525,"caption":"Col\u00e9gio Sepam"},"image":{"@id":"https:\/\/sepam.com.br\/#\/schema\/logo\/image\/"}},{"@type":"Person","@id":"https:\/\/sepam.com.br\/#\/schema\/person\/bfa2996c649a5a6d822766f6e64eb7fd","name":"Sepam","image":{"@type":"ImageObject","inLanguage":"pt-BR","@id":"https:\/\/secure.gravatar.com\/avatar\/0219e64664f5861998ad57a3432eb4bd5fd99a34c7cc9bc44b3c59dfb830db85?s=96&d=mm&r=g","url":"https:\/\/secure.gravatar.com\/avatar\/0219e64664f5861998ad57a3432eb4bd5fd99a34c7cc9bc44b3c59dfb830db85?s=96&d=mm&r=g","contentUrl":"https:\/\/secure.gravatar.com\/avatar\/0219e64664f5861998ad57a3432eb4bd5fd99a34c7cc9bc44b3c59dfb830db85?s=96&d=mm&r=g","caption":"Sepam"},"url":"https:\/\/sepam.com.br\/pt\/author\/sepam\/"}]}},"_links":{"self":[{"href":"https:\/\/sepam.com.br\/pt\/wp-json\/wp\/v2\/posts\/6842","targetHints":{"allow":["GET"]}}],"collection":[{"href":"https:\/\/sepam.com.br\/pt\/wp-json\/wp\/v2\/posts"}],"about":[{"href":"https:\/\/sepam.com.br\/pt\/wp-json\/wp\/v2\/types\/post"}],"author":[{"embeddable":true,"href":"https:\/\/sepam.com.br\/pt\/wp-json\/wp\/v2\/users\/13"}],"replies":[{"embeddable":true,"href":"https:\/\/sepam.com.br\/pt\/wp-json\/wp\/v2\/comments?post=6842"}],"version-history":[{"count":1,"href":"https:\/\/sepam.com.br\/pt\/wp-json\/wp\/v2\/posts\/6842\/revisions"}],"predecessor-version":[{"id":7506,"href":"https:\/\/sepam.com.br\/pt\/wp-json\/wp\/v2\/posts\/6842\/revisions\/7506"}],"wp:attachment":[{"href":"https:\/\/sepam.com.br\/pt\/wp-json\/wp\/v2\/media?parent=6842"}],"wp:term":[{"taxonomy":"category","embeddable":true,"href":"https:\/\/sepam.com.br\/pt\/wp-json\/wp\/v2\/categories?post=6842"},{"taxonomy":"post_tag","embeddable":true,"href":"https:\/\/sepam.com.br\/pt\/wp-json\/wp\/v2\/tags?post=6842"}],"curies":[{"name":"wp","href":"https:\/\/api.w.org\/{rel}","templated":true}]}}