{"id":6836,"date":"2025-08-28T10:46:54","date_gmt":"2025-08-28T13:46:54","guid":{"rendered":"https:\/\/dev.alisonandrei.com.br\/noticia\/sepam-castro-divulga-resultado-da-prova-de-bolsas\/"},"modified":"2025-11-24T10:53:38","modified_gmt":"2025-11-24T13:53:38","slug":"sepam-castro-divulga-resultado-da-prova-de-bolsas","status":"publish","type":"post","link":"https:\/\/sepam.com.br\/pt\/sepam-castro-divulga-resultado-da-prova-de-bolsas\/","title":{"rendered":"Sepam Castro divulga resultado da Prova de Bolsas"},"content":{"rendered":"<p>&nbsp;<\/p>\n<p><em>20 alunos da regi\u00e3o foram contemplados com bolsas de at\u00e9 100%<\/em><\/p>\n<p>Nesta segunda-feira (20), o Col\u00e9gio Sepam de Castro divulga o resultado da Prova de Bolsas. S\u00e3o 20 bolsas de 50% e 100% destinadas a vagas no 1\u00ba, 2\u00ba e 3\u00ba ano do Ensino M\u00e9dio da institui\u00e7\u00e3o.<\/p>\n<p>A prova aconteceu no dia 27 de outubro e abrangeu quest\u00f5es de Portugu\u00eas, Matem\u00e1tica e Reda\u00e7\u00e3o. Cerca de 100 alunos de escolas de Castro e regi\u00e3o participaram do processo seletivo.<\/p>\n<p>Confira os aprovados:<\/p>\n<p>1\u00ba ano Ensino M\u00e9dio<\/p>\n<p>&nbsp;<\/p>\n<table width=\"611\">\n<tbody>\n<tr>\n<td width=\"292\">ANA PAULA LUCKOW PEDROZO<\/td>\n<td width=\"230\">COL\u00c9GIO MARIA APARECIDA NISGOSKI<\/td>\n<td width=\"31\">1<\/td>\n<td width=\"59\">100<\/td>\n<\/tr>\n<tr>\n<td width=\"292\">BRUNA RAMOS AZEVEDO<\/td>\n<td width=\"230\">COL\u00c9GIO MAJOR VESPASIANO CARNEIRO DE MELLO<\/td>\n<td width=\"31\">2<\/td>\n<td width=\"59\">50<\/td>\n<\/tr>\n<tr>\n<td width=\"292\">HADASSA CAROLINE P. SANTOS<\/td>\n<td width=\"230\">COL\u00c9GIO ANT\u00d4NIO E MARCOS CAVANIS<\/td>\n<td width=\"31\">3<\/td>\n<td width=\"59\">50<\/td>\n<\/tr>\n<tr>\n<td width=\"292\">PAULO DOS SANTOS NETO<\/td>\n<td width=\"230\">COL\u00c9GIO NICOLAU BALTASAR<\/td>\n<td width=\"31\">4<\/td>\n<td width=\"59\">50<\/td>\n<\/tr>\n<tr>\n<td width=\"292\">LUIZ GUSTAVO MENI RODRIGUES<\/td>\n<td width=\"230\">ST MARCELINA<\/td>\n<td width=\"31\">5<\/td>\n<td width=\"59\">50<\/td>\n<\/tr>\n<tr>\n<td width=\"292\">STEFANY DA SILVA GUIMAR\u00c3ES<\/td>\n<td width=\"230\">ST MARCELINA<\/td>\n<td width=\"31\">5<\/td>\n<td width=\"59\">50<\/td>\n<\/tr>\n<tr>\n<td width=\"292\">VIN\u00cdCIUS ROBERTO SANTOS DE LIMA<\/td>\n<td width=\"230\">NICOLAU BALTASAR<\/td>\n<td width=\"31\">5<\/td>\n<td width=\"59\">50<\/td>\n<\/tr>\n<tr>\n<td width=\"292\">GUSTAVO PARABOCZ<\/td>\n<td width=\"230\">ST MARCELINA<\/td>\n<td width=\"31\">5<\/td>\n<td width=\"59\">50<\/td>\n<\/tr>\n<tr>\n<td width=\"292\">ANA LAVINIA KOTACHO MAINARDES<\/td>\n<td width=\"230\">ST MARCELINA<\/td>\n<td width=\"31\">6<\/td>\n<td width=\"59\">50<\/td>\n<\/tr>\n<\/tbody>\n<\/table>\n<p>&nbsp;<\/p>\n<p>2\u00ba ano Ensino M\u00e9dio<\/p>\n<p>&nbsp;<\/p>\n<table width=\"609\">\n<tbody>\n<tr>\n<td width=\"278\">CAMILA DINIZ STELLA<\/td>\n<td width=\"246\">COL\u00c9GIO ANT\u00d4NIO E MARCOS CAVANIS<\/td>\n<td width=\"28\">1<\/td>\n<td width=\"57\">100<\/td>\n<\/tr>\n<tr>\n<td width=\"278\">GIOVANA APARECIDA DOS SANTOS<\/td>\n<td width=\"246\">COL\u00c9GIO MAJOR VESPASIANO CARNEIRO DE MELLO<\/td>\n<td width=\"28\">1<\/td>\n<td width=\"57\">100<\/td>\n<\/tr>\n<tr>\n<td width=\"278\">MARIA EDUARDA ZANATTA DA CRUZ<\/td>\n<td width=\"246\">JORGE QUEIROZ<\/td>\n<td width=\"28\">2<\/td>\n<td width=\"57\">50<\/td>\n<\/tr>\n<tr>\n<td width=\"278\">HENRIQUE HELMES<\/td>\n<td width=\"246\">INSTITUTO CRIST\u00c3O<\/td>\n<td width=\"28\">3<\/td>\n<td width=\"57\">50<\/td>\n<\/tr>\n<tr>\n<td width=\"278\">CAMILLA F\u00c1TIMA FRESKI<\/td>\n<td width=\"246\">EMILIA ERICHSEN<\/td>\n<td width=\"28\">4<\/td>\n<td width=\"57\">50<\/td>\n<\/tr>\n<tr>\n<td width=\"278\">GUILHERMEJORIS FLUGEL<\/td>\n<td width=\"246\">ST MARCELINA<\/td>\n<td width=\"28\">5<\/td>\n<td width=\"57\">50<\/td>\n<\/tr>\n<tr>\n<td width=\"278\">LETICIA GABRIELLY LEAL CARNEIRO<\/td>\n<td width=\"246\">SESI<\/td>\n<td width=\"28\">6<\/td>\n<td width=\"57\">50<\/td>\n<\/tr>\n<\/tbody>\n<\/table>\n<p>&nbsp;<\/p>\n<p>&nbsp;<\/p>\n<p>&nbsp;<\/p>\n<p>3\u00ba ano Ensino M\u00e9dio<\/p>\n<p>&nbsp;<\/p>\n<table width=\"607\">\n<tbody>\n<tr>\n<td width=\"275\">LARISSA SEVERO CANHA DINIZ<\/td>\n<td width=\"244\">EMILIA ERICHSEN<\/td>\n<td width=\"29\">1<\/td>\n<td width=\"59\">100<\/td>\n<\/tr>\n<tr>\n<td width=\"275\">BIANCA FERNANDA ROX<\/td>\n<td width=\"244\">COL\u00c9GIO ANT\u00d4NIO E MARCOS CAVANIS<\/td>\n<td width=\"29\">2<\/td>\n<td width=\"59\">50<\/td>\n<\/tr>\n<tr>\n<td width=\"275\">JO\u00c3O VICTOR LEMOS<\/td>\n<td width=\"244\">COL\u00c9GIO MAJOR VESPASIANO CARNEIRO DE MELLO<\/td>\n<td width=\"29\">3<\/td>\n<td width=\"59\">50<\/td>\n<\/tr>\n<tr>\n<td width=\"275\">MARIA ELISA DOS SANTOS FERREIRA<\/td>\n<td width=\"244\">COL\u00c9GIO ANT\u00d4NIO E MARCOS CAVANIS<\/td>\n<td width=\"29\">4<\/td>\n<td width=\"59\">50<\/td>\n<\/tr>\n<tr>\n<td width=\"275\">JOEL ANTONIO RAUSIS JUNIOR<\/td>\n<td width=\"244\">COL\u00c9GIO MAJOR VESPASIANO CARNEIRO DE MELLO<\/td>\n<td width=\"29\">5<\/td>\n<td width=\"59\">50<\/td>\n<\/tr>\n<tr>\n<td width=\"275\">MATHEUS FANHA DE OLIVEIRA<\/td>\n<td width=\"244\">SESI<\/td>\n<td width=\"29\">6<\/td>\n<td width=\"59\">50<\/td>\n<\/tr>\n<tr>\n<td width=\"275\">JHERALDY WINICIUS MACHADO SOCOLOSKI<\/td>\n<td width=\"244\">COL\u00c9GIO AMANDA CARNEIRO DE MELLO<\/td>\n<td width=\"29\">7<\/td>\n<td width=\"59\">50<\/td>\n<\/tr>\n<tr>\n<td width=\"275\">ELBERT BATISTA MACHADO<\/td>\n<td width=\"244\">EDINA WOELLNER SVIERCOSKI<\/td>\n<td width=\"29\">8<\/td>\n<td width=\"59\">50<\/td>\n<\/tr>\n<\/tbody>\n<\/table>\n<p>&nbsp;<\/p>\n<p>&nbsp;<\/p>\n<p>&nbsp;<\/p>\n<p>&nbsp;<\/p>\n<p>&nbsp;<\/p>\n","protected":false},"excerpt":{"rendered":"<p>&nbsp; 20 alunos da regi\u00e3o foram contemplados com bolsas de at\u00e9 100% Nesta segunda-feira (20), o Col\u00e9gio Sepam de Castro divulga o resultado da Prova de Bolsas. S\u00e3o 20 bolsas de 50% e 100% destinadas a vagas no 1\u00ba, 2\u00ba e 3\u00ba ano do Ensino M\u00e9dio da institui\u00e7\u00e3o. A prova aconteceu no dia 27 de [&hellip;]<\/p>\n","protected":false},"author":13,"featured_media":0,"comment_status":"open","ping_status":"open","sticky":false,"template":"","format":"standard","meta":{"footnotes":""},"categories":[21],"tags":[],"class_list":["post-6836","post","type-post","status-publish","format-standard","hentry","category-colegio-sepam"],"yoast_head":"<!-- This site is optimized with the Yoast SEO plugin v28.4 - https:\/\/yoast.com\/product\/yoast-seo-wordpress\/ -->\n<title>Sepam Castro divulga resultado da Prova de Bolsas - Col\u00e9gio Sepam<\/title>\n<meta name=\"robots\" content=\"index, follow, max-snippet:-1, max-image-preview:large, max-video-preview:-1\" \/>\n<link rel=\"canonical\" href=\"https:\/\/sepam.com.br\/pt\/sepam-castro-divulga-resultado-da-prova-de-bolsas\/\" \/>\n<meta property=\"og:locale\" content=\"pt_BR\" \/>\n<meta property=\"og:type\" content=\"article\" \/>\n<meta property=\"og:title\" content=\"Sepam Castro divulga resultado da Prova de Bolsas - Col\u00e9gio Sepam\" \/>\n<meta property=\"og:description\" content=\"&nbsp; 20 alunos da regi\u00e3o foram contemplados com bolsas de at\u00e9 100% Nesta segunda-feira (20), o Col\u00e9gio Sepam de Castro divulga o resultado da Prova de Bolsas. S\u00e3o 20 bolsas de 50% e 100% destinadas a vagas no 1\u00ba, 2\u00ba e 3\u00ba ano do Ensino M\u00e9dio da institui\u00e7\u00e3o. A prova aconteceu no dia 27 de [&hellip;]\" \/>\n<meta property=\"og:url\" content=\"https:\/\/sepam.com.br\/pt\/sepam-castro-divulga-resultado-da-prova-de-bolsas\/\" \/>\n<meta property=\"og:site_name\" content=\"Col\u00e9gio Sepam\" \/>\n<meta property=\"article:published_time\" content=\"2025-08-28T13:46:54+00:00\" \/>\n<meta property=\"article:modified_time\" content=\"2025-11-24T13:53:38+00:00\" \/>\n<meta name=\"author\" content=\"Sepam\" \/>\n<meta name=\"twitter:card\" content=\"summary_large_image\" \/>\n<meta name=\"twitter:label1\" content=\"Escrito por\" \/>\n\t<meta name=\"twitter:data1\" content=\"Sepam\" \/>\n\t<meta name=\"twitter:label2\" content=\"Est. tempo de leitura\" \/>\n\t<meta name=\"twitter:data2\" content=\"1 minuto\" \/>\n<script type=\"application\/ld+json\" class=\"yoast-schema-graph\">{\"@context\":\"https:\\\/\\\/schema.org\",\"@graph\":[{\"@type\":\"Article\",\"@id\":\"https:\\\/\\\/sepam.com.br\\\/pt\\\/sepam-castro-divulga-resultado-da-prova-de-bolsas\\\/#article\",\"isPartOf\":{\"@id\":\"https:\\\/\\\/sepam.com.br\\\/pt\\\/sepam-castro-divulga-resultado-da-prova-de-bolsas\\\/\"},\"author\":{\"name\":\"Sepam\",\"@id\":\"https:\\\/\\\/sepam.com.br\\\/#\\\/schema\\\/person\\\/bfa2996c649a5a6d822766f6e64eb7fd\"},\"headline\":\"Sepam Castro divulga resultado da Prova de Bolsas\",\"datePublished\":\"2025-08-28T13:46:54+00:00\",\"dateModified\":\"2025-11-24T13:53:38+00:00\",\"mainEntityOfPage\":{\"@id\":\"https:\\\/\\\/sepam.com.br\\\/pt\\\/sepam-castro-divulga-resultado-da-prova-de-bolsas\\\/\"},\"wordCount\":300,\"commentCount\":0,\"publisher\":{\"@id\":\"https:\\\/\\\/sepam.com.br\\\/#organization\"},\"articleSection\":[\"Colegio Sepam\"],\"inLanguage\":\"pt-BR\",\"potentialAction\":[{\"@type\":\"CommentAction\",\"name\":\"Comment\",\"target\":[\"https:\\\/\\\/sepam.com.br\\\/pt\\\/sepam-castro-divulga-resultado-da-prova-de-bolsas\\\/#respond\"]}]},{\"@type\":\"WebPage\",\"@id\":\"https:\\\/\\\/sepam.com.br\\\/pt\\\/sepam-castro-divulga-resultado-da-prova-de-bolsas\\\/\",\"url\":\"https:\\\/\\\/sepam.com.br\\\/pt\\\/sepam-castro-divulga-resultado-da-prova-de-bolsas\\\/\",\"name\":\"Sepam Castro divulga resultado da Prova de Bolsas - Col\u00e9gio Sepam\",\"isPartOf\":{\"@id\":\"https:\\\/\\\/sepam.com.br\\\/#website\"},\"datePublished\":\"2025-08-28T13:46:54+00:00\",\"dateModified\":\"2025-11-24T13:53:38+00:00\",\"breadcrumb\":{\"@id\":\"https:\\\/\\\/sepam.com.br\\\/pt\\\/sepam-castro-divulga-resultado-da-prova-de-bolsas\\\/#breadcrumb\"},\"inLanguage\":\"pt-BR\",\"potentialAction\":[{\"@type\":\"ReadAction\",\"target\":[\"https:\\\/\\\/sepam.com.br\\\/pt\\\/sepam-castro-divulga-resultado-da-prova-de-bolsas\\\/\"]}]},{\"@type\":\"BreadcrumbList\",\"@id\":\"https:\\\/\\\/sepam.com.br\\\/pt\\\/sepam-castro-divulga-resultado-da-prova-de-bolsas\\\/#breadcrumb\",\"itemListElement\":[{\"@type\":\"ListItem\",\"position\":1,\"name\":\"In\u00edcio\",\"item\":\"https:\\\/\\\/sepam.com.br\\\/\"},{\"@type\":\"ListItem\",\"position\":2,\"name\":\"Sepam Castro divulga resultado da Prova de Bolsas\"}]},{\"@type\":\"WebSite\",\"@id\":\"https:\\\/\\\/sepam.com.br\\\/#website\",\"url\":\"https:\\\/\\\/sepam.com.br\\\/\",\"name\":\"Col\u00e9gio Sepam\",\"description\":\"Ensino Incompar\u00e1vel\",\"publisher\":{\"@id\":\"https:\\\/\\\/sepam.com.br\\\/#organization\"},\"potentialAction\":[{\"@type\":\"SearchAction\",\"target\":{\"@type\":\"EntryPoint\",\"urlTemplate\":\"https:\\\/\\\/sepam.com.br\\\/?s={search_term_string}\"},\"query-input\":{\"@type\":\"PropertyValueSpecification\",\"valueRequired\":true,\"valueName\":\"search_term_string\"}}],\"inLanguage\":\"pt-BR\"},{\"@type\":\"Organization\",\"@id\":\"https:\\\/\\\/sepam.com.br\\\/#organization\",\"name\":\"Col\u00e9gio Sepam\",\"url\":\"https:\\\/\\\/sepam.com.br\\\/\",\"logo\":{\"@type\":\"ImageObject\",\"inLanguage\":\"pt-BR\",\"@id\":\"https:\\\/\\\/sepam.com.br\\\/#\\\/schema\\\/logo\\\/image\\\/\",\"url\":\"https:\\\/\\\/sepam.com.br\\\/wp-content\\\/uploads\\\/2025\\\/02\\\/Ativo-2.png\",\"contentUrl\":\"https:\\\/\\\/sepam.com.br\\\/wp-content\\\/uploads\\\/2025\\\/02\\\/Ativo-2.png\",\"width\":595,\"height\":525,\"caption\":\"Col\u00e9gio Sepam\"},\"image\":{\"@id\":\"https:\\\/\\\/sepam.com.br\\\/#\\\/schema\\\/logo\\\/image\\\/\"}},{\"@type\":\"Person\",\"@id\":\"https:\\\/\\\/sepam.com.br\\\/#\\\/schema\\\/person\\\/bfa2996c649a5a6d822766f6e64eb7fd\",\"name\":\"Sepam\",\"image\":{\"@type\":\"ImageObject\",\"inLanguage\":\"pt-BR\",\"@id\":\"https:\\\/\\\/secure.gravatar.com\\\/avatar\\\/0219e64664f5861998ad57a3432eb4bd5fd99a34c7cc9bc44b3c59dfb830db85?s=96&d=mm&r=g\",\"url\":\"https:\\\/\\\/secure.gravatar.com\\\/avatar\\\/0219e64664f5861998ad57a3432eb4bd5fd99a34c7cc9bc44b3c59dfb830db85?s=96&d=mm&r=g\",\"contentUrl\":\"https:\\\/\\\/secure.gravatar.com\\\/avatar\\\/0219e64664f5861998ad57a3432eb4bd5fd99a34c7cc9bc44b3c59dfb830db85?s=96&d=mm&r=g\",\"caption\":\"Sepam\"},\"url\":\"https:\\\/\\\/sepam.com.br\\\/pt\\\/author\\\/sepam\\\/\"}]}<\/script>\n<!-- \/ Yoast SEO plugin. -->","yoast_head_json":{"title":"Sepam Castro divulga resultado da Prova de Bolsas - Col\u00e9gio Sepam","robots":{"index":"index","follow":"follow","max-snippet":"max-snippet:-1","max-image-preview":"max-image-preview:large","max-video-preview":"max-video-preview:-1"},"canonical":"https:\/\/sepam.com.br\/pt\/sepam-castro-divulga-resultado-da-prova-de-bolsas\/","og_locale":"pt_BR","og_type":"article","og_title":"Sepam Castro divulga resultado da Prova de Bolsas - Col\u00e9gio Sepam","og_description":"&nbsp; 20 alunos da regi\u00e3o foram contemplados com bolsas de at\u00e9 100% Nesta segunda-feira (20), o Col\u00e9gio Sepam de Castro divulga o resultado da Prova de Bolsas. S\u00e3o 20 bolsas de 50% e 100% destinadas a vagas no 1\u00ba, 2\u00ba e 3\u00ba ano do Ensino M\u00e9dio da institui\u00e7\u00e3o. A prova aconteceu no dia 27 de [&hellip;]","og_url":"https:\/\/sepam.com.br\/pt\/sepam-castro-divulga-resultado-da-prova-de-bolsas\/","og_site_name":"Col\u00e9gio Sepam","article_published_time":"2025-08-28T13:46:54+00:00","article_modified_time":"2025-11-24T13:53:38+00:00","author":"Sepam","twitter_card":"summary_large_image","twitter_misc":{"Escrito por":"Sepam","Est. tempo de leitura":"1 minuto"},"schema":{"@context":"https:\/\/schema.org","@graph":[{"@type":"Article","@id":"https:\/\/sepam.com.br\/pt\/sepam-castro-divulga-resultado-da-prova-de-bolsas\/#article","isPartOf":{"@id":"https:\/\/sepam.com.br\/pt\/sepam-castro-divulga-resultado-da-prova-de-bolsas\/"},"author":{"name":"Sepam","@id":"https:\/\/sepam.com.br\/#\/schema\/person\/bfa2996c649a5a6d822766f6e64eb7fd"},"headline":"Sepam Castro divulga resultado da Prova de Bolsas","datePublished":"2025-08-28T13:46:54+00:00","dateModified":"2025-11-24T13:53:38+00:00","mainEntityOfPage":{"@id":"https:\/\/sepam.com.br\/pt\/sepam-castro-divulga-resultado-da-prova-de-bolsas\/"},"wordCount":300,"commentCount":0,"publisher":{"@id":"https:\/\/sepam.com.br\/#organization"},"articleSection":["Colegio Sepam"],"inLanguage":"pt-BR","potentialAction":[{"@type":"CommentAction","name":"Comment","target":["https:\/\/sepam.com.br\/pt\/sepam-castro-divulga-resultado-da-prova-de-bolsas\/#respond"]}]},{"@type":"WebPage","@id":"https:\/\/sepam.com.br\/pt\/sepam-castro-divulga-resultado-da-prova-de-bolsas\/","url":"https:\/\/sepam.com.br\/pt\/sepam-castro-divulga-resultado-da-prova-de-bolsas\/","name":"Sepam Castro divulga resultado da Prova de Bolsas - Col\u00e9gio Sepam","isPartOf":{"@id":"https:\/\/sepam.com.br\/#website"},"datePublished":"2025-08-28T13:46:54+00:00","dateModified":"2025-11-24T13:53:38+00:00","breadcrumb":{"@id":"https:\/\/sepam.com.br\/pt\/sepam-castro-divulga-resultado-da-prova-de-bolsas\/#breadcrumb"},"inLanguage":"pt-BR","potentialAction":[{"@type":"ReadAction","target":["https:\/\/sepam.com.br\/pt\/sepam-castro-divulga-resultado-da-prova-de-bolsas\/"]}]},{"@type":"BreadcrumbList","@id":"https:\/\/sepam.com.br\/pt\/sepam-castro-divulga-resultado-da-prova-de-bolsas\/#breadcrumb","itemListElement":[{"@type":"ListItem","position":1,"name":"In\u00edcio","item":"https:\/\/sepam.com.br\/"},{"@type":"ListItem","position":2,"name":"Sepam Castro divulga resultado da Prova de Bolsas"}]},{"@type":"WebSite","@id":"https:\/\/sepam.com.br\/#website","url":"https:\/\/sepam.com.br\/","name":"Col\u00e9gio Sepam","description":"Ensino Incompar\u00e1vel","publisher":{"@id":"https:\/\/sepam.com.br\/#organization"},"potentialAction":[{"@type":"SearchAction","target":{"@type":"EntryPoint","urlTemplate":"https:\/\/sepam.com.br\/?s={search_term_string}"},"query-input":{"@type":"PropertyValueSpecification","valueRequired":true,"valueName":"search_term_string"}}],"inLanguage":"pt-BR"},{"@type":"Organization","@id":"https:\/\/sepam.com.br\/#organization","name":"Col\u00e9gio Sepam","url":"https:\/\/sepam.com.br\/","logo":{"@type":"ImageObject","inLanguage":"pt-BR","@id":"https:\/\/sepam.com.br\/#\/schema\/logo\/image\/","url":"https:\/\/sepam.com.br\/wp-content\/uploads\/2025\/02\/Ativo-2.png","contentUrl":"https:\/\/sepam.com.br\/wp-content\/uploads\/2025\/02\/Ativo-2.png","width":595,"height":525,"caption":"Col\u00e9gio Sepam"},"image":{"@id":"https:\/\/sepam.com.br\/#\/schema\/logo\/image\/"}},{"@type":"Person","@id":"https:\/\/sepam.com.br\/#\/schema\/person\/bfa2996c649a5a6d822766f6e64eb7fd","name":"Sepam","image":{"@type":"ImageObject","inLanguage":"pt-BR","@id":"https:\/\/secure.gravatar.com\/avatar\/0219e64664f5861998ad57a3432eb4bd5fd99a34c7cc9bc44b3c59dfb830db85?s=96&d=mm&r=g","url":"https:\/\/secure.gravatar.com\/avatar\/0219e64664f5861998ad57a3432eb4bd5fd99a34c7cc9bc44b3c59dfb830db85?s=96&d=mm&r=g","contentUrl":"https:\/\/secure.gravatar.com\/avatar\/0219e64664f5861998ad57a3432eb4bd5fd99a34c7cc9bc44b3c59dfb830db85?s=96&d=mm&r=g","caption":"Sepam"},"url":"https:\/\/sepam.com.br\/pt\/author\/sepam\/"}]}},"_links":{"self":[{"href":"https:\/\/sepam.com.br\/pt\/wp-json\/wp\/v2\/posts\/6836","targetHints":{"allow":["GET"]}}],"collection":[{"href":"https:\/\/sepam.com.br\/pt\/wp-json\/wp\/v2\/posts"}],"about":[{"href":"https:\/\/sepam.com.br\/pt\/wp-json\/wp\/v2\/types\/post"}],"author":[{"embeddable":true,"href":"https:\/\/sepam.com.br\/pt\/wp-json\/wp\/v2\/users\/13"}],"replies":[{"embeddable":true,"href":"https:\/\/sepam.com.br\/pt\/wp-json\/wp\/v2\/comments?post=6836"}],"version-history":[{"count":1,"href":"https:\/\/sepam.com.br\/pt\/wp-json\/wp\/v2\/posts\/6836\/revisions"}],"predecessor-version":[{"id":7540,"href":"https:\/\/sepam.com.br\/pt\/wp-json\/wp\/v2\/posts\/6836\/revisions\/7540"}],"wp:attachment":[{"href":"https:\/\/sepam.com.br\/pt\/wp-json\/wp\/v2\/media?parent=6836"}],"wp:term":[{"taxonomy":"category","embeddable":true,"href":"https:\/\/sepam.com.br\/pt\/wp-json\/wp\/v2\/categories?post=6836"},{"taxonomy":"post_tag","embeddable":true,"href":"https:\/\/sepam.com.br\/pt\/wp-json\/wp\/v2\/tags?post=6836"}],"curies":[{"name":"wp","href":"https:\/\/api.w.org\/{rel}","templated":true}]}}