{"id":6832,"date":"2025-08-28T10:46:54","date_gmt":"2025-08-28T13:46:54","guid":{"rendered":"https:\/\/dev.alisonandrei.com.br\/noticia\/alunos-do-sepam-vao-representar-ponta-grossa-na-fase-nacional-da-obm-2017\/"},"modified":"2025-11-24T10:53:38","modified_gmt":"2025-11-24T13:53:38","slug":"alunos-do-sepam-vao-representar-ponta-grossa-na-fase-nacional-da-obm-2017","status":"publish","type":"post","link":"https:\/\/sepam.com.br\/pt\/alunos-do-sepam-vao-representar-ponta-grossa-na-fase-nacional-da-obm-2017\/","title":{"rendered":"Alunos do Sepam v\u00e3o representar Ponta Grossa na fase nacional da OBM 2017"},"content":{"rendered":"<p>&nbsp;<\/p>\n<p><em>Tr\u00eas estudantes do Col\u00e9gio Sepam foram selecionados para a competi\u00e7\u00e3o<\/em><\/p>\n<p>A lista de convidados para participar da fase \u00fanica, em n\u00edvel nacional, da 39\u00aa Olimp\u00edada Brasileira de Matem\u00e1tica (OBM2017) foi divulgada na \u00faltima sexta-feira (03). Ao todo, 1305 estudantes do pa\u00eds foram selecionados, sendo 77 no Paran\u00e1.<\/p>\n<p>Ponta Grossa foi a segunda do Estado a ter mais alunos convocados, ficando atr\u00e1s apenas de Curitiba. Tr\u00eas alunos do Col\u00e9gio Sepam foram escolhidos pela OBM com base nas melhores notas das competi\u00e7\u00f5es municipais, regionais e estaduais. Essa \u00e9 a primeira vez que a OBM realiza a prova neste formato.<\/p>\n<p>B\u00e1rbara de Rezende Attab e Danilo Beltrame, do 9\u00ba ano do Ensino Fundamental e Beatriz Sousa Maestri, do 7\u00ba ano do Ensino Fundamental, v\u00e3o representar o Col\u00e9gio Sepam na fase nacional da competi\u00e7\u00e3o.\u00a0 Os tr\u00eas j\u00e1 t\u00eam experi\u00eancia em outras edi\u00e7\u00f5es da OBM nacional, bem como na Olimp\u00edada Paranaense de Matem\u00e1tica (OPRM) e na Olimp\u00edada Pontagrossense de Matem\u00e1tica (OPMat). \u201cNossos alunos t\u00eam muita chance de conquistar boas coloca\u00e7\u00f5es na competi\u00e7\u00e3o e est\u00e3o treinando diariamente para isso\u201d, afirma Fernanda Fetzer, professora de Matem\u00e1tica do Sepam.<\/p>\n<p>O aluno Danilo Beltrame traz na bagagem a medalha de ouro e o 1\u00ba lugar na OPRM de 2017 e medalha de prata em 2016; al\u00e9m do ouro na OPMat de 2016. \u201cTenho aulas espec\u00edficas no contraturno do Col\u00e9gio, e atrav\u00e9s do SEPAM fa\u00e7o tamb\u00e9m o preparat\u00f3rio do Polo Ol\u00edmpico de Treinamento Intensivo na UEPG, meu objetivo \u00e9 cursar o Instituto Tecnol\u00f3gico de Aeron\u00e1utica (ITA)\u201d, conta Danilo.<\/p>\n<p>Para o diretor do Sepam, Osni Mongruel Junior, a conquista \u00e9 um resultado conjunto: \u201cDemonstra a preocupa\u00e7\u00e3o do Col\u00e9gio em estimular os jovens a participar de campeonatos intelectuais e sempre descobrir novos talentos, al\u00e9m do incentivo dos pais e dedica\u00e7\u00e3o dos estudantes\u201d, explica.<\/p>\n<p>Os alunos realizar\u00e3o as provas da fase \u00fanica da OBM em Ponta Grossa nos dias 24 e 25 de novembro.<\/p>\n","protected":false},"excerpt":{"rendered":"<p>&nbsp; Tr\u00eas estudantes do Col\u00e9gio Sepam foram selecionados para a competi\u00e7\u00e3o A lista de convidados para participar da fase \u00fanica, em n\u00edvel nacional, da 39\u00aa Olimp\u00edada Brasileira de Matem\u00e1tica (OBM2017) foi divulgada na \u00faltima sexta-feira (03). Ao todo, 1305 estudantes do pa\u00eds foram selecionados, sendo 77 no Paran\u00e1. Ponta Grossa foi a segunda do Estado [&hellip;]<\/p>\n","protected":false},"author":13,"featured_media":0,"comment_status":"open","ping_status":"open","sticky":false,"template":"","format":"standard","meta":{"footnotes":""},"categories":[21],"tags":[],"class_list":["post-6832","post","type-post","status-publish","format-standard","hentry","category-colegio-sepam"],"yoast_head":"<!-- This site is optimized with the Yoast SEO plugin v28.4 - https:\/\/yoast.com\/product\/yoast-seo-wordpress\/ -->\n<title>Alunos do Sepam v\u00e3o representar Ponta Grossa na fase nacional da OBM 2017 - Col\u00e9gio Sepam<\/title>\n<meta name=\"robots\" content=\"index, follow, max-snippet:-1, max-image-preview:large, max-video-preview:-1\" \/>\n<link rel=\"canonical\" href=\"https:\/\/sepam.com.br\/pt\/alunos-do-sepam-vao-representar-ponta-grossa-na-fase-nacional-da-obm-2017\/\" \/>\n<meta property=\"og:locale\" content=\"pt_BR\" \/>\n<meta property=\"og:type\" content=\"article\" \/>\n<meta property=\"og:title\" content=\"Alunos do Sepam v\u00e3o representar Ponta Grossa na fase nacional da OBM 2017 - Col\u00e9gio Sepam\" \/>\n<meta property=\"og:description\" content=\"&nbsp; Tr\u00eas estudantes do Col\u00e9gio Sepam foram selecionados para a competi\u00e7\u00e3o A lista de convidados para participar da fase \u00fanica, em n\u00edvel nacional, da 39\u00aa Olimp\u00edada Brasileira de Matem\u00e1tica (OBM2017) foi divulgada na \u00faltima sexta-feira (03). Ao todo, 1305 estudantes do pa\u00eds foram selecionados, sendo 77 no Paran\u00e1. Ponta Grossa foi a segunda do Estado [&hellip;]\" \/>\n<meta property=\"og:url\" content=\"https:\/\/sepam.com.br\/pt\/alunos-do-sepam-vao-representar-ponta-grossa-na-fase-nacional-da-obm-2017\/\" \/>\n<meta property=\"og:site_name\" content=\"Col\u00e9gio Sepam\" \/>\n<meta property=\"article:published_time\" content=\"2025-08-28T13:46:54+00:00\" \/>\n<meta property=\"article:modified_time\" content=\"2025-11-24T13:53:38+00:00\" \/>\n<meta name=\"author\" content=\"Sepam\" \/>\n<meta name=\"twitter:card\" content=\"summary_large_image\" \/>\n<meta name=\"twitter:label1\" content=\"Escrito por\" \/>\n\t<meta name=\"twitter:data1\" content=\"Sepam\" \/>\n\t<meta name=\"twitter:label2\" content=\"Est. tempo de leitura\" \/>\n\t<meta name=\"twitter:data2\" content=\"2 minutos\" \/>\n<script type=\"application\/ld+json\" class=\"yoast-schema-graph\">{\"@context\":\"https:\\\/\\\/schema.org\",\"@graph\":[{\"@type\":\"Article\",\"@id\":\"https:\\\/\\\/sepam.com.br\\\/pt\\\/alunos-do-sepam-vao-representar-ponta-grossa-na-fase-nacional-da-obm-2017\\\/#article\",\"isPartOf\":{\"@id\":\"https:\\\/\\\/sepam.com.br\\\/pt\\\/alunos-do-sepam-vao-representar-ponta-grossa-na-fase-nacional-da-obm-2017\\\/\"},\"author\":{\"name\":\"Sepam\",\"@id\":\"https:\\\/\\\/sepam.com.br\\\/#\\\/schema\\\/person\\\/bfa2996c649a5a6d822766f6e64eb7fd\"},\"headline\":\"Alunos do Sepam v\u00e3o representar Ponta Grossa na fase nacional da OBM 2017\",\"datePublished\":\"2025-08-28T13:46:54+00:00\",\"dateModified\":\"2025-11-24T13:53:38+00:00\",\"mainEntityOfPage\":{\"@id\":\"https:\\\/\\\/sepam.com.br\\\/pt\\\/alunos-do-sepam-vao-representar-ponta-grossa-na-fase-nacional-da-obm-2017\\\/\"},\"wordCount\":353,\"commentCount\":0,\"publisher\":{\"@id\":\"https:\\\/\\\/sepam.com.br\\\/#organization\"},\"articleSection\":[\"Colegio Sepam\"],\"inLanguage\":\"pt-BR\",\"potentialAction\":[{\"@type\":\"CommentAction\",\"name\":\"Comment\",\"target\":[\"https:\\\/\\\/sepam.com.br\\\/pt\\\/alunos-do-sepam-vao-representar-ponta-grossa-na-fase-nacional-da-obm-2017\\\/#respond\"]}]},{\"@type\":\"WebPage\",\"@id\":\"https:\\\/\\\/sepam.com.br\\\/pt\\\/alunos-do-sepam-vao-representar-ponta-grossa-na-fase-nacional-da-obm-2017\\\/\",\"url\":\"https:\\\/\\\/sepam.com.br\\\/pt\\\/alunos-do-sepam-vao-representar-ponta-grossa-na-fase-nacional-da-obm-2017\\\/\",\"name\":\"Alunos do Sepam v\u00e3o representar Ponta Grossa na fase nacional da OBM 2017 - Col\u00e9gio Sepam\",\"isPartOf\":{\"@id\":\"https:\\\/\\\/sepam.com.br\\\/#website\"},\"datePublished\":\"2025-08-28T13:46:54+00:00\",\"dateModified\":\"2025-11-24T13:53:38+00:00\",\"breadcrumb\":{\"@id\":\"https:\\\/\\\/sepam.com.br\\\/pt\\\/alunos-do-sepam-vao-representar-ponta-grossa-na-fase-nacional-da-obm-2017\\\/#breadcrumb\"},\"inLanguage\":\"pt-BR\",\"potentialAction\":[{\"@type\":\"ReadAction\",\"target\":[\"https:\\\/\\\/sepam.com.br\\\/pt\\\/alunos-do-sepam-vao-representar-ponta-grossa-na-fase-nacional-da-obm-2017\\\/\"]}]},{\"@type\":\"BreadcrumbList\",\"@id\":\"https:\\\/\\\/sepam.com.br\\\/pt\\\/alunos-do-sepam-vao-representar-ponta-grossa-na-fase-nacional-da-obm-2017\\\/#breadcrumb\",\"itemListElement\":[{\"@type\":\"ListItem\",\"position\":1,\"name\":\"In\u00edcio\",\"item\":\"https:\\\/\\\/sepam.com.br\\\/\"},{\"@type\":\"ListItem\",\"position\":2,\"name\":\"Alunos do Sepam v\u00e3o representar Ponta Grossa na fase nacional da OBM 2017\"}]},{\"@type\":\"WebSite\",\"@id\":\"https:\\\/\\\/sepam.com.br\\\/#website\",\"url\":\"https:\\\/\\\/sepam.com.br\\\/\",\"name\":\"Col\u00e9gio Sepam\",\"description\":\"Ensino Incompar\u00e1vel\",\"publisher\":{\"@id\":\"https:\\\/\\\/sepam.com.br\\\/#organization\"},\"potentialAction\":[{\"@type\":\"SearchAction\",\"target\":{\"@type\":\"EntryPoint\",\"urlTemplate\":\"https:\\\/\\\/sepam.com.br\\\/?s={search_term_string}\"},\"query-input\":{\"@type\":\"PropertyValueSpecification\",\"valueRequired\":true,\"valueName\":\"search_term_string\"}}],\"inLanguage\":\"pt-BR\"},{\"@type\":\"Organization\",\"@id\":\"https:\\\/\\\/sepam.com.br\\\/#organization\",\"name\":\"Col\u00e9gio Sepam\",\"url\":\"https:\\\/\\\/sepam.com.br\\\/\",\"logo\":{\"@type\":\"ImageObject\",\"inLanguage\":\"pt-BR\",\"@id\":\"https:\\\/\\\/sepam.com.br\\\/#\\\/schema\\\/logo\\\/image\\\/\",\"url\":\"https:\\\/\\\/sepam.com.br\\\/wp-content\\\/uploads\\\/2025\\\/02\\\/Ativo-2.png\",\"contentUrl\":\"https:\\\/\\\/sepam.com.br\\\/wp-content\\\/uploads\\\/2025\\\/02\\\/Ativo-2.png\",\"width\":595,\"height\":525,\"caption\":\"Col\u00e9gio Sepam\"},\"image\":{\"@id\":\"https:\\\/\\\/sepam.com.br\\\/#\\\/schema\\\/logo\\\/image\\\/\"}},{\"@type\":\"Person\",\"@id\":\"https:\\\/\\\/sepam.com.br\\\/#\\\/schema\\\/person\\\/bfa2996c649a5a6d822766f6e64eb7fd\",\"name\":\"Sepam\",\"image\":{\"@type\":\"ImageObject\",\"inLanguage\":\"pt-BR\",\"@id\":\"https:\\\/\\\/secure.gravatar.com\\\/avatar\\\/0219e64664f5861998ad57a3432eb4bd5fd99a34c7cc9bc44b3c59dfb830db85?s=96&d=mm&r=g\",\"url\":\"https:\\\/\\\/secure.gravatar.com\\\/avatar\\\/0219e64664f5861998ad57a3432eb4bd5fd99a34c7cc9bc44b3c59dfb830db85?s=96&d=mm&r=g\",\"contentUrl\":\"https:\\\/\\\/secure.gravatar.com\\\/avatar\\\/0219e64664f5861998ad57a3432eb4bd5fd99a34c7cc9bc44b3c59dfb830db85?s=96&d=mm&r=g\",\"caption\":\"Sepam\"},\"url\":\"https:\\\/\\\/sepam.com.br\\\/pt\\\/author\\\/sepam\\\/\"}]}<\/script>\n<!-- \/ Yoast SEO plugin. -->","yoast_head_json":{"title":"Alunos do Sepam v\u00e3o representar Ponta Grossa na fase nacional da OBM 2017 - Col\u00e9gio Sepam","robots":{"index":"index","follow":"follow","max-snippet":"max-snippet:-1","max-image-preview":"max-image-preview:large","max-video-preview":"max-video-preview:-1"},"canonical":"https:\/\/sepam.com.br\/pt\/alunos-do-sepam-vao-representar-ponta-grossa-na-fase-nacional-da-obm-2017\/","og_locale":"pt_BR","og_type":"article","og_title":"Alunos do Sepam v\u00e3o representar Ponta Grossa na fase nacional da OBM 2017 - Col\u00e9gio Sepam","og_description":"&nbsp; Tr\u00eas estudantes do Col\u00e9gio Sepam foram selecionados para a competi\u00e7\u00e3o A lista de convidados para participar da fase \u00fanica, em n\u00edvel nacional, da 39\u00aa Olimp\u00edada Brasileira de Matem\u00e1tica (OBM2017) foi divulgada na \u00faltima sexta-feira (03). Ao todo, 1305 estudantes do pa\u00eds foram selecionados, sendo 77 no Paran\u00e1. Ponta Grossa foi a segunda do Estado [&hellip;]","og_url":"https:\/\/sepam.com.br\/pt\/alunos-do-sepam-vao-representar-ponta-grossa-na-fase-nacional-da-obm-2017\/","og_site_name":"Col\u00e9gio Sepam","article_published_time":"2025-08-28T13:46:54+00:00","article_modified_time":"2025-11-24T13:53:38+00:00","author":"Sepam","twitter_card":"summary_large_image","twitter_misc":{"Escrito por":"Sepam","Est. tempo de leitura":"2 minutos"},"schema":{"@context":"https:\/\/schema.org","@graph":[{"@type":"Article","@id":"https:\/\/sepam.com.br\/pt\/alunos-do-sepam-vao-representar-ponta-grossa-na-fase-nacional-da-obm-2017\/#article","isPartOf":{"@id":"https:\/\/sepam.com.br\/pt\/alunos-do-sepam-vao-representar-ponta-grossa-na-fase-nacional-da-obm-2017\/"},"author":{"name":"Sepam","@id":"https:\/\/sepam.com.br\/#\/schema\/person\/bfa2996c649a5a6d822766f6e64eb7fd"},"headline":"Alunos do Sepam v\u00e3o representar Ponta Grossa na fase nacional da OBM 2017","datePublished":"2025-08-28T13:46:54+00:00","dateModified":"2025-11-24T13:53:38+00:00","mainEntityOfPage":{"@id":"https:\/\/sepam.com.br\/pt\/alunos-do-sepam-vao-representar-ponta-grossa-na-fase-nacional-da-obm-2017\/"},"wordCount":353,"commentCount":0,"publisher":{"@id":"https:\/\/sepam.com.br\/#organization"},"articleSection":["Colegio Sepam"],"inLanguage":"pt-BR","potentialAction":[{"@type":"CommentAction","name":"Comment","target":["https:\/\/sepam.com.br\/pt\/alunos-do-sepam-vao-representar-ponta-grossa-na-fase-nacional-da-obm-2017\/#respond"]}]},{"@type":"WebPage","@id":"https:\/\/sepam.com.br\/pt\/alunos-do-sepam-vao-representar-ponta-grossa-na-fase-nacional-da-obm-2017\/","url":"https:\/\/sepam.com.br\/pt\/alunos-do-sepam-vao-representar-ponta-grossa-na-fase-nacional-da-obm-2017\/","name":"Alunos do Sepam v\u00e3o representar Ponta Grossa na fase nacional da OBM 2017 - Col\u00e9gio Sepam","isPartOf":{"@id":"https:\/\/sepam.com.br\/#website"},"datePublished":"2025-08-28T13:46:54+00:00","dateModified":"2025-11-24T13:53:38+00:00","breadcrumb":{"@id":"https:\/\/sepam.com.br\/pt\/alunos-do-sepam-vao-representar-ponta-grossa-na-fase-nacional-da-obm-2017\/#breadcrumb"},"inLanguage":"pt-BR","potentialAction":[{"@type":"ReadAction","target":["https:\/\/sepam.com.br\/pt\/alunos-do-sepam-vao-representar-ponta-grossa-na-fase-nacional-da-obm-2017\/"]}]},{"@type":"BreadcrumbList","@id":"https:\/\/sepam.com.br\/pt\/alunos-do-sepam-vao-representar-ponta-grossa-na-fase-nacional-da-obm-2017\/#breadcrumb","itemListElement":[{"@type":"ListItem","position":1,"name":"In\u00edcio","item":"https:\/\/sepam.com.br\/"},{"@type":"ListItem","position":2,"name":"Alunos do Sepam v\u00e3o representar Ponta Grossa na fase nacional da OBM 2017"}]},{"@type":"WebSite","@id":"https:\/\/sepam.com.br\/#website","url":"https:\/\/sepam.com.br\/","name":"Col\u00e9gio Sepam","description":"Ensino Incompar\u00e1vel","publisher":{"@id":"https:\/\/sepam.com.br\/#organization"},"potentialAction":[{"@type":"SearchAction","target":{"@type":"EntryPoint","urlTemplate":"https:\/\/sepam.com.br\/?s={search_term_string}"},"query-input":{"@type":"PropertyValueSpecification","valueRequired":true,"valueName":"search_term_string"}}],"inLanguage":"pt-BR"},{"@type":"Organization","@id":"https:\/\/sepam.com.br\/#organization","name":"Col\u00e9gio Sepam","url":"https:\/\/sepam.com.br\/","logo":{"@type":"ImageObject","inLanguage":"pt-BR","@id":"https:\/\/sepam.com.br\/#\/schema\/logo\/image\/","url":"https:\/\/sepam.com.br\/wp-content\/uploads\/2025\/02\/Ativo-2.png","contentUrl":"https:\/\/sepam.com.br\/wp-content\/uploads\/2025\/02\/Ativo-2.png","width":595,"height":525,"caption":"Col\u00e9gio Sepam"},"image":{"@id":"https:\/\/sepam.com.br\/#\/schema\/logo\/image\/"}},{"@type":"Person","@id":"https:\/\/sepam.com.br\/#\/schema\/person\/bfa2996c649a5a6d822766f6e64eb7fd","name":"Sepam","image":{"@type":"ImageObject","inLanguage":"pt-BR","@id":"https:\/\/secure.gravatar.com\/avatar\/0219e64664f5861998ad57a3432eb4bd5fd99a34c7cc9bc44b3c59dfb830db85?s=96&d=mm&r=g","url":"https:\/\/secure.gravatar.com\/avatar\/0219e64664f5861998ad57a3432eb4bd5fd99a34c7cc9bc44b3c59dfb830db85?s=96&d=mm&r=g","contentUrl":"https:\/\/secure.gravatar.com\/avatar\/0219e64664f5861998ad57a3432eb4bd5fd99a34c7cc9bc44b3c59dfb830db85?s=96&d=mm&r=g","caption":"Sepam"},"url":"https:\/\/sepam.com.br\/pt\/author\/sepam\/"}]}},"_links":{"self":[{"href":"https:\/\/sepam.com.br\/pt\/wp-json\/wp\/v2\/posts\/6832","targetHints":{"allow":["GET"]}}],"collection":[{"href":"https:\/\/sepam.com.br\/pt\/wp-json\/wp\/v2\/posts"}],"about":[{"href":"https:\/\/sepam.com.br\/pt\/wp-json\/wp\/v2\/types\/post"}],"author":[{"embeddable":true,"href":"https:\/\/sepam.com.br\/pt\/wp-json\/wp\/v2\/users\/13"}],"replies":[{"embeddable":true,"href":"https:\/\/sepam.com.br\/pt\/wp-json\/wp\/v2\/comments?post=6832"}],"version-history":[{"count":1,"href":"https:\/\/sepam.com.br\/pt\/wp-json\/wp\/v2\/posts\/6832\/revisions"}],"predecessor-version":[{"id":7536,"href":"https:\/\/sepam.com.br\/pt\/wp-json\/wp\/v2\/posts\/6832\/revisions\/7536"}],"wp:attachment":[{"href":"https:\/\/sepam.com.br\/pt\/wp-json\/wp\/v2\/media?parent=6832"}],"wp:term":[{"taxonomy":"category","embeddable":true,"href":"https:\/\/sepam.com.br\/pt\/wp-json\/wp\/v2\/categories?post=6832"},{"taxonomy":"post_tag","embeddable":true,"href":"https:\/\/sepam.com.br\/pt\/wp-json\/wp\/v2\/tags?post=6832"}],"curies":[{"name":"wp","href":"https:\/\/api.w.org\/{rel}","templated":true}]}}