{"id":6804,"date":"2025-08-28T10:46:50","date_gmt":"2025-08-28T13:46:50","guid":{"rendered":"https:\/\/dev.alisonandrei.com.br\/noticia\/sepam-embarca-para-fase-final-dos-jeps\/"},"modified":"2025-08-28T10:53:52","modified_gmt":"2025-08-28T13:53:52","slug":"sepam-embarca-para-fase-final-dos-jeps","status":"publish","type":"post","link":"https:\/\/sepam.com.br\/pt\/sepam-embarca-para-fase-final-dos-jeps\/","title":{"rendered":"Sepam embarca para fase final dos JEPs"},"content":{"rendered":"<p><em>Atletas de duas modalidades representar\u00e3o o Col\u00e9gio nesta \u00faltima etapa<\/em><\/p>\n<p>Seguindo seu hist\u00f3rico de vit\u00f3rias, o Col\u00e9gio Sepam disputa agora a classe B (12 a 14 anos de idade) na \u00faltima etapa dos Jogos Estaduais do Paran\u00e1 (JEPs). Com alunos nas modalidades de t\u00eanis de mesa e xadrez, o Sepam ir\u00e1 embarcar para Camb\u00e9, no norte do Estado, onde acontece o torneio entre os dias 14 e 18 de agosto.<\/p>\n<p>Vindo de consecutivas vit\u00f3rias no xadrez, o Sepam participar\u00e1 nas disputas individuais e por equipes. Orientados pelo professor e treinador Lucas Silvestre Borges, os enxadristas do Sepam Clemerson Krull, Leonardo Borges, Gustavo Saraiva e Giovani Denck, buscar\u00e3o medalhas na modalidade.<\/p>\n<p>Colecionando t\u00edtulos estaduais no xadrez nos\u00a0\u00faltimos quatro anos, as expectativas para este torneio s\u00e3o as melhores poss\u00edveis. &#8220;Temos no grupo enxadristas que j\u00e1 conquistaram o Paranaense, o que nos d\u00e1 uma boa proje\u00e7\u00e3o para os jogos em Camb\u00e9\u201d, conta o treinador Lucas.<\/p>\n<p>J\u00e1 no t\u00eanis de mesa, o Sepam ser\u00e1 defendido pelo atleta Gustavo Natunen na disputa individual. No JEPs de 2016, Gustavo conquistou quarto lugar geral. No entanto para este ano, o t\u00e9cnico Pedro Henrique Ger\u00f4nimo, afirma que o mesatenista est\u00e1 mais maduro e pronto para buscar o p\u00f3dio em Camb\u00e9. \u201cEle vem mostrando uma capacidade de rea\u00e7\u00e3o muito boa e o emocional nesta faixa et\u00e1ria pode fazer a diferen\u00e7a&#8221;, defende.<\/p>\n","protected":false},"excerpt":{"rendered":"<p>Atletas de duas modalidades representar\u00e3o o Col\u00e9gio nesta \u00faltima etapa Seguindo seu hist\u00f3rico de vit\u00f3rias, o Col\u00e9gio Sepam disputa agora a classe B (12 a 14 anos de idade) na \u00faltima etapa dos Jogos Estaduais do Paran\u00e1 (JEPs). Com alunos nas modalidades de t\u00eanis de mesa e xadrez, o Sepam ir\u00e1 embarcar para Camb\u00e9, no [&hellip;]<\/p>\n","protected":false},"author":12,"featured_media":0,"comment_status":"open","ping_status":"open","sticky":false,"template":"","format":"standard","meta":{"footnotes":""},"categories":[21],"tags":[],"class_list":["post-6804","post","type-post","status-publish","format-standard","hentry","category-colegio-sepam"],"yoast_head":"<!-- This site is optimized with the Yoast SEO plugin v28.4 - https:\/\/yoast.com\/product\/yoast-seo-wordpress\/ -->\n<title>Sepam embarca para fase final dos JEPs - Col\u00e9gio Sepam<\/title>\n<meta name=\"robots\" content=\"index, follow, max-snippet:-1, max-image-preview:large, max-video-preview:-1\" \/>\n<link rel=\"canonical\" href=\"https:\/\/sepam.com.br\/pt\/sepam-embarca-para-fase-final-dos-jeps\/\" \/>\n<meta property=\"og:locale\" content=\"pt_BR\" \/>\n<meta property=\"og:type\" content=\"article\" \/>\n<meta property=\"og:title\" content=\"Sepam embarca para fase final dos JEPs - Col\u00e9gio Sepam\" \/>\n<meta property=\"og:description\" content=\"Atletas de duas modalidades representar\u00e3o o Col\u00e9gio nesta \u00faltima etapa Seguindo seu hist\u00f3rico de vit\u00f3rias, o Col\u00e9gio Sepam disputa agora a classe B (12 a 14 anos de idade) na \u00faltima etapa dos Jogos Estaduais do Paran\u00e1 (JEPs). Com alunos nas modalidades de t\u00eanis de mesa e xadrez, o Sepam ir\u00e1 embarcar para Camb\u00e9, no [&hellip;]\" \/>\n<meta property=\"og:url\" content=\"https:\/\/sepam.com.br\/pt\/sepam-embarca-para-fase-final-dos-jeps\/\" \/>\n<meta property=\"og:site_name\" content=\"Col\u00e9gio Sepam\" \/>\n<meta property=\"article:published_time\" content=\"2025-08-28T13:46:50+00:00\" \/>\n<meta property=\"article:modified_time\" content=\"2025-08-28T13:53:52+00:00\" \/>\n<meta name=\"author\" content=\"Alison Andrei\" \/>\n<meta name=\"twitter:card\" content=\"summary_large_image\" \/>\n<meta name=\"twitter:label1\" content=\"Escrito por\" \/>\n\t<meta name=\"twitter:data1\" content=\"Alison Andrei\" \/>\n\t<meta name=\"twitter:label2\" content=\"Est. tempo de leitura\" \/>\n\t<meta name=\"twitter:data2\" content=\"1 minuto\" \/>\n<script type=\"application\/ld+json\" class=\"yoast-schema-graph\">{\"@context\":\"https:\\\/\\\/schema.org\",\"@graph\":[{\"@type\":\"Article\",\"@id\":\"https:\\\/\\\/sepam.com.br\\\/pt\\\/sepam-embarca-para-fase-final-dos-jeps\\\/#article\",\"isPartOf\":{\"@id\":\"https:\\\/\\\/sepam.com.br\\\/pt\\\/sepam-embarca-para-fase-final-dos-jeps\\\/\"},\"author\":{\"name\":\"Alison Andrei\",\"@id\":\"https:\\\/\\\/sepam.com.br\\\/#\\\/schema\\\/person\\\/38aff034b8d22d0cd551d59b7e4939f5\"},\"headline\":\"Sepam embarca para fase final dos JEPs\",\"datePublished\":\"2025-08-28T13:46:50+00:00\",\"dateModified\":\"2025-08-28T13:53:52+00:00\",\"mainEntityOfPage\":{\"@id\":\"https:\\\/\\\/sepam.com.br\\\/pt\\\/sepam-embarca-para-fase-final-dos-jeps\\\/\"},\"wordCount\":244,\"commentCount\":0,\"publisher\":{\"@id\":\"https:\\\/\\\/sepam.com.br\\\/#organization\"},\"articleSection\":[\"Colegio Sepam\"],\"inLanguage\":\"pt-BR\",\"potentialAction\":[{\"@type\":\"CommentAction\",\"name\":\"Comment\",\"target\":[\"https:\\\/\\\/sepam.com.br\\\/pt\\\/sepam-embarca-para-fase-final-dos-jeps\\\/#respond\"]}]},{\"@type\":\"WebPage\",\"@id\":\"https:\\\/\\\/sepam.com.br\\\/pt\\\/sepam-embarca-para-fase-final-dos-jeps\\\/\",\"url\":\"https:\\\/\\\/sepam.com.br\\\/pt\\\/sepam-embarca-para-fase-final-dos-jeps\\\/\",\"name\":\"Sepam embarca para fase final dos JEPs - Col\u00e9gio Sepam\",\"isPartOf\":{\"@id\":\"https:\\\/\\\/sepam.com.br\\\/#website\"},\"datePublished\":\"2025-08-28T13:46:50+00:00\",\"dateModified\":\"2025-08-28T13:53:52+00:00\",\"breadcrumb\":{\"@id\":\"https:\\\/\\\/sepam.com.br\\\/pt\\\/sepam-embarca-para-fase-final-dos-jeps\\\/#breadcrumb\"},\"inLanguage\":\"pt-BR\",\"potentialAction\":[{\"@type\":\"ReadAction\",\"target\":[\"https:\\\/\\\/sepam.com.br\\\/pt\\\/sepam-embarca-para-fase-final-dos-jeps\\\/\"]}]},{\"@type\":\"BreadcrumbList\",\"@id\":\"https:\\\/\\\/sepam.com.br\\\/pt\\\/sepam-embarca-para-fase-final-dos-jeps\\\/#breadcrumb\",\"itemListElement\":[{\"@type\":\"ListItem\",\"position\":1,\"name\":\"In\u00edcio\",\"item\":\"https:\\\/\\\/sepam.com.br\\\/\"},{\"@type\":\"ListItem\",\"position\":2,\"name\":\"Sepam embarca para fase final dos JEPs\"}]},{\"@type\":\"WebSite\",\"@id\":\"https:\\\/\\\/sepam.com.br\\\/#website\",\"url\":\"https:\\\/\\\/sepam.com.br\\\/\",\"name\":\"Col\u00e9gio Sepam\",\"description\":\"Ensino Incompar\u00e1vel\",\"publisher\":{\"@id\":\"https:\\\/\\\/sepam.com.br\\\/#organization\"},\"potentialAction\":[{\"@type\":\"SearchAction\",\"target\":{\"@type\":\"EntryPoint\",\"urlTemplate\":\"https:\\\/\\\/sepam.com.br\\\/?s={search_term_string}\"},\"query-input\":{\"@type\":\"PropertyValueSpecification\",\"valueRequired\":true,\"valueName\":\"search_term_string\"}}],\"inLanguage\":\"pt-BR\"},{\"@type\":\"Organization\",\"@id\":\"https:\\\/\\\/sepam.com.br\\\/#organization\",\"name\":\"Col\u00e9gio Sepam\",\"url\":\"https:\\\/\\\/sepam.com.br\\\/\",\"logo\":{\"@type\":\"ImageObject\",\"inLanguage\":\"pt-BR\",\"@id\":\"https:\\\/\\\/sepam.com.br\\\/#\\\/schema\\\/logo\\\/image\\\/\",\"url\":\"https:\\\/\\\/sepam.com.br\\\/wp-content\\\/uploads\\\/2025\\\/02\\\/Ativo-2.png\",\"contentUrl\":\"https:\\\/\\\/sepam.com.br\\\/wp-content\\\/uploads\\\/2025\\\/02\\\/Ativo-2.png\",\"width\":595,\"height\":525,\"caption\":\"Col\u00e9gio Sepam\"},\"image\":{\"@id\":\"https:\\\/\\\/sepam.com.br\\\/#\\\/schema\\\/logo\\\/image\\\/\"}},{\"@type\":\"Person\",\"@id\":\"https:\\\/\\\/sepam.com.br\\\/#\\\/schema\\\/person\\\/38aff034b8d22d0cd551d59b7e4939f5\",\"name\":\"Alison Andrei\",\"image\":{\"@type\":\"ImageObject\",\"inLanguage\":\"pt-BR\",\"@id\":\"https:\\\/\\\/secure.gravatar.com\\\/avatar\\\/7d433525a110825b50a22691febdab3f59016724f20a8f9b39c947a4aac9641a?s=96&d=mm&r=g\",\"url\":\"https:\\\/\\\/secure.gravatar.com\\\/avatar\\\/7d433525a110825b50a22691febdab3f59016724f20a8f9b39c947a4aac9641a?s=96&d=mm&r=g\",\"contentUrl\":\"https:\\\/\\\/secure.gravatar.com\\\/avatar\\\/7d433525a110825b50a22691febdab3f59016724f20a8f9b39c947a4aac9641a?s=96&d=mm&r=g\",\"caption\":\"Alison Andrei\"},\"url\":\"https:\\\/\\\/sepam.com.br\\\/pt\\\/author\\\/alisonandrei\\\/\"}]}<\/script>\n<!-- \/ Yoast SEO plugin. -->","yoast_head_json":{"title":"Sepam embarca para fase final dos JEPs - Col\u00e9gio Sepam","robots":{"index":"index","follow":"follow","max-snippet":"max-snippet:-1","max-image-preview":"max-image-preview:large","max-video-preview":"max-video-preview:-1"},"canonical":"https:\/\/sepam.com.br\/pt\/sepam-embarca-para-fase-final-dos-jeps\/","og_locale":"pt_BR","og_type":"article","og_title":"Sepam embarca para fase final dos JEPs - Col\u00e9gio Sepam","og_description":"Atletas de duas modalidades representar\u00e3o o Col\u00e9gio nesta \u00faltima etapa Seguindo seu hist\u00f3rico de vit\u00f3rias, o Col\u00e9gio Sepam disputa agora a classe B (12 a 14 anos de idade) na \u00faltima etapa dos Jogos Estaduais do Paran\u00e1 (JEPs). Com alunos nas modalidades de t\u00eanis de mesa e xadrez, o Sepam ir\u00e1 embarcar para Camb\u00e9, no [&hellip;]","og_url":"https:\/\/sepam.com.br\/pt\/sepam-embarca-para-fase-final-dos-jeps\/","og_site_name":"Col\u00e9gio Sepam","article_published_time":"2025-08-28T13:46:50+00:00","article_modified_time":"2025-08-28T13:53:52+00:00","author":"Alison Andrei","twitter_card":"summary_large_image","twitter_misc":{"Escrito por":"Alison Andrei","Est. tempo de leitura":"1 minuto"},"schema":{"@context":"https:\/\/schema.org","@graph":[{"@type":"Article","@id":"https:\/\/sepam.com.br\/pt\/sepam-embarca-para-fase-final-dos-jeps\/#article","isPartOf":{"@id":"https:\/\/sepam.com.br\/pt\/sepam-embarca-para-fase-final-dos-jeps\/"},"author":{"name":"Alison Andrei","@id":"https:\/\/sepam.com.br\/#\/schema\/person\/38aff034b8d22d0cd551d59b7e4939f5"},"headline":"Sepam embarca para fase final dos JEPs","datePublished":"2025-08-28T13:46:50+00:00","dateModified":"2025-08-28T13:53:52+00:00","mainEntityOfPage":{"@id":"https:\/\/sepam.com.br\/pt\/sepam-embarca-para-fase-final-dos-jeps\/"},"wordCount":244,"commentCount":0,"publisher":{"@id":"https:\/\/sepam.com.br\/#organization"},"articleSection":["Colegio Sepam"],"inLanguage":"pt-BR","potentialAction":[{"@type":"CommentAction","name":"Comment","target":["https:\/\/sepam.com.br\/pt\/sepam-embarca-para-fase-final-dos-jeps\/#respond"]}]},{"@type":"WebPage","@id":"https:\/\/sepam.com.br\/pt\/sepam-embarca-para-fase-final-dos-jeps\/","url":"https:\/\/sepam.com.br\/pt\/sepam-embarca-para-fase-final-dos-jeps\/","name":"Sepam embarca para fase final dos JEPs - Col\u00e9gio Sepam","isPartOf":{"@id":"https:\/\/sepam.com.br\/#website"},"datePublished":"2025-08-28T13:46:50+00:00","dateModified":"2025-08-28T13:53:52+00:00","breadcrumb":{"@id":"https:\/\/sepam.com.br\/pt\/sepam-embarca-para-fase-final-dos-jeps\/#breadcrumb"},"inLanguage":"pt-BR","potentialAction":[{"@type":"ReadAction","target":["https:\/\/sepam.com.br\/pt\/sepam-embarca-para-fase-final-dos-jeps\/"]}]},{"@type":"BreadcrumbList","@id":"https:\/\/sepam.com.br\/pt\/sepam-embarca-para-fase-final-dos-jeps\/#breadcrumb","itemListElement":[{"@type":"ListItem","position":1,"name":"In\u00edcio","item":"https:\/\/sepam.com.br\/"},{"@type":"ListItem","position":2,"name":"Sepam embarca para fase final dos JEPs"}]},{"@type":"WebSite","@id":"https:\/\/sepam.com.br\/#website","url":"https:\/\/sepam.com.br\/","name":"Col\u00e9gio Sepam","description":"Ensino Incompar\u00e1vel","publisher":{"@id":"https:\/\/sepam.com.br\/#organization"},"potentialAction":[{"@type":"SearchAction","target":{"@type":"EntryPoint","urlTemplate":"https:\/\/sepam.com.br\/?s={search_term_string}"},"query-input":{"@type":"PropertyValueSpecification","valueRequired":true,"valueName":"search_term_string"}}],"inLanguage":"pt-BR"},{"@type":"Organization","@id":"https:\/\/sepam.com.br\/#organization","name":"Col\u00e9gio Sepam","url":"https:\/\/sepam.com.br\/","logo":{"@type":"ImageObject","inLanguage":"pt-BR","@id":"https:\/\/sepam.com.br\/#\/schema\/logo\/image\/","url":"https:\/\/sepam.com.br\/wp-content\/uploads\/2025\/02\/Ativo-2.png","contentUrl":"https:\/\/sepam.com.br\/wp-content\/uploads\/2025\/02\/Ativo-2.png","width":595,"height":525,"caption":"Col\u00e9gio Sepam"},"image":{"@id":"https:\/\/sepam.com.br\/#\/schema\/logo\/image\/"}},{"@type":"Person","@id":"https:\/\/sepam.com.br\/#\/schema\/person\/38aff034b8d22d0cd551d59b7e4939f5","name":"Alison Andrei","image":{"@type":"ImageObject","inLanguage":"pt-BR","@id":"https:\/\/secure.gravatar.com\/avatar\/7d433525a110825b50a22691febdab3f59016724f20a8f9b39c947a4aac9641a?s=96&d=mm&r=g","url":"https:\/\/secure.gravatar.com\/avatar\/7d433525a110825b50a22691febdab3f59016724f20a8f9b39c947a4aac9641a?s=96&d=mm&r=g","contentUrl":"https:\/\/secure.gravatar.com\/avatar\/7d433525a110825b50a22691febdab3f59016724f20a8f9b39c947a4aac9641a?s=96&d=mm&r=g","caption":"Alison Andrei"},"url":"https:\/\/sepam.com.br\/pt\/author\/alisonandrei\/"}]}},"_links":{"self":[{"href":"https:\/\/sepam.com.br\/pt\/wp-json\/wp\/v2\/posts\/6804","targetHints":{"allow":["GET"]}}],"collection":[{"href":"https:\/\/sepam.com.br\/pt\/wp-json\/wp\/v2\/posts"}],"about":[{"href":"https:\/\/sepam.com.br\/pt\/wp-json\/wp\/v2\/types\/post"}],"author":[{"embeddable":true,"href":"https:\/\/sepam.com.br\/pt\/wp-json\/wp\/v2\/users\/12"}],"replies":[{"embeddable":true,"href":"https:\/\/sepam.com.br\/pt\/wp-json\/wp\/v2\/comments?post=6804"}],"version-history":[{"count":1,"href":"https:\/\/sepam.com.br\/pt\/wp-json\/wp\/v2\/posts\/6804\/revisions"}],"predecessor-version":[{"id":7548,"href":"https:\/\/sepam.com.br\/pt\/wp-json\/wp\/v2\/posts\/6804\/revisions\/7548"}],"wp:attachment":[{"href":"https:\/\/sepam.com.br\/pt\/wp-json\/wp\/v2\/media?parent=6804"}],"wp:term":[{"taxonomy":"category","embeddable":true,"href":"https:\/\/sepam.com.br\/pt\/wp-json\/wp\/v2\/categories?post=6804"},{"taxonomy":"post_tag","embeddable":true,"href":"https:\/\/sepam.com.br\/pt\/wp-json\/wp\/v2\/tags?post=6804"}],"curies":[{"name":"wp","href":"https:\/\/api.w.org\/{rel}","templated":true}]}}