{"id":6795,"date":"2025-08-28T10:46:47","date_gmt":"2025-08-28T13:46:47","guid":{"rendered":"https:\/\/dev.alisonandrei.com.br\/noticia\/sepam-disputa-fase-final-do-jep-na-proxima-semana\/"},"modified":"2025-08-28T10:53:54","modified_gmt":"2025-08-28T13:53:54","slug":"sepam-disputa-fase-final-do-jep-na-proxima-semana","status":"publish","type":"post","link":"https:\/\/sepam.com.br\/pt\/sepam-disputa-fase-final-do-jep-na-proxima-semana\/","title":{"rendered":"Sepam disputa fase final do JEP na pr\u00f3xima semana"},"content":{"rendered":"<p>A equipe de xadrez do Col\u00e9gio Sepam embarca neste domingo, 23, Apucarana, no norte do Paran\u00e1, onde disputa a fase final dos Jogos Escolares do Paran\u00e1 (JEP). Tr\u00eas atletas fazem parte da equipe, participando dos jogos individuais e por equipe.<\/p>\n<p>No rel\u00e2mpago e r\u00e1pido o Col\u00e9gio ser\u00e1 representado pelos alunos Lucas Milleo e Alexandre Fanchin. Nos jogos por equipe os dois enxadristas se juntam ao atleta Jo\u00e3o Ceregato. O Sepam viaja para o norte do estado motivado pelo hist\u00f3rico de conquistas obtidas nos \u00faltimos anos, quando chegou a ser campe\u00e3o brasileiro com\u00a0os atletas Lara Malanowski e Geovani Broday.<\/p>\n<p>O Col\u00e9gio \u00e9 hexacampe\u00e3o paranaense escolar, sendo uma das escolas mais tradicionais nesta competi\u00e7\u00e3o. As disputas do xadrez iniciam na segunda-feira, 24, e prosseguem at\u00e9 sexta-feira, 28 de julho.<\/p>\n<p>&nbsp;<\/p>\n","protected":false},"excerpt":{"rendered":"<p>A equipe de xadrez do Col\u00e9gio Sepam embarca neste domingo, 23, Apucarana, no norte do Paran\u00e1, onde disputa a fase final dos Jogos Escolares do Paran\u00e1 (JEP). Tr\u00eas atletas fazem parte da equipe, participando dos jogos individuais e por equipe. No rel\u00e2mpago e r\u00e1pido o Col\u00e9gio ser\u00e1 representado pelos alunos Lucas Milleo e Alexandre Fanchin. [&hellip;]<\/p>\n","protected":false},"author":12,"featured_media":0,"comment_status":"open","ping_status":"open","sticky":false,"template":"","format":"standard","meta":{"footnotes":""},"categories":[21],"tags":[],"class_list":["post-6795","post","type-post","status-publish","format-standard","hentry","category-colegio-sepam"],"yoast_head":"<!-- This site is optimized with the Yoast SEO plugin v28.4 - https:\/\/yoast.com\/product\/yoast-seo-wordpress\/ -->\n<title>Sepam disputa fase final do JEP na pr\u00f3xima semana - Col\u00e9gio Sepam<\/title>\n<meta name=\"robots\" content=\"index, follow, max-snippet:-1, max-image-preview:large, max-video-preview:-1\" \/>\n<link rel=\"canonical\" href=\"https:\/\/sepam.com.br\/pt\/sepam-disputa-fase-final-do-jep-na-proxima-semana\/\" \/>\n<meta property=\"og:locale\" content=\"pt_BR\" \/>\n<meta property=\"og:type\" content=\"article\" \/>\n<meta property=\"og:title\" content=\"Sepam disputa fase final do JEP na pr\u00f3xima semana - Col\u00e9gio Sepam\" \/>\n<meta property=\"og:description\" content=\"A equipe de xadrez do Col\u00e9gio Sepam embarca neste domingo, 23, Apucarana, no norte do Paran\u00e1, onde disputa a fase final dos Jogos Escolares do Paran\u00e1 (JEP). Tr\u00eas atletas fazem parte da equipe, participando dos jogos individuais e por equipe. No rel\u00e2mpago e r\u00e1pido o Col\u00e9gio ser\u00e1 representado pelos alunos Lucas Milleo e Alexandre Fanchin. [&hellip;]\" \/>\n<meta property=\"og:url\" content=\"https:\/\/sepam.com.br\/pt\/sepam-disputa-fase-final-do-jep-na-proxima-semana\/\" \/>\n<meta property=\"og:site_name\" content=\"Col\u00e9gio Sepam\" \/>\n<meta property=\"article:published_time\" content=\"2025-08-28T13:46:47+00:00\" \/>\n<meta property=\"article:modified_time\" content=\"2025-08-28T13:53:54+00:00\" \/>\n<meta name=\"author\" content=\"Alison Andrei\" \/>\n<meta name=\"twitter:card\" content=\"summary_large_image\" \/>\n<meta name=\"twitter:label1\" content=\"Escrito por\" \/>\n\t<meta name=\"twitter:data1\" content=\"Alison Andrei\" \/>\n\t<meta name=\"twitter:label2\" content=\"Est. tempo de leitura\" \/>\n\t<meta name=\"twitter:data2\" content=\"1 minuto\" \/>\n<script type=\"application\/ld+json\" class=\"yoast-schema-graph\">{\"@context\":\"https:\\\/\\\/schema.org\",\"@graph\":[{\"@type\":\"Article\",\"@id\":\"https:\\\/\\\/sepam.com.br\\\/pt\\\/sepam-disputa-fase-final-do-jep-na-proxima-semana\\\/#article\",\"isPartOf\":{\"@id\":\"https:\\\/\\\/sepam.com.br\\\/pt\\\/sepam-disputa-fase-final-do-jep-na-proxima-semana\\\/\"},\"author\":{\"name\":\"Alison Andrei\",\"@id\":\"https:\\\/\\\/sepam.com.br\\\/#\\\/schema\\\/person\\\/38aff034b8d22d0cd551d59b7e4939f5\"},\"headline\":\"Sepam disputa fase final do JEP na pr\u00f3xima semana\",\"datePublished\":\"2025-08-28T13:46:47+00:00\",\"dateModified\":\"2025-08-28T13:53:54+00:00\",\"mainEntityOfPage\":{\"@id\":\"https:\\\/\\\/sepam.com.br\\\/pt\\\/sepam-disputa-fase-final-do-jep-na-proxima-semana\\\/\"},\"wordCount\":146,\"commentCount\":0,\"publisher\":{\"@id\":\"https:\\\/\\\/sepam.com.br\\\/#organization\"},\"articleSection\":[\"Colegio Sepam\"],\"inLanguage\":\"pt-BR\",\"potentialAction\":[{\"@type\":\"CommentAction\",\"name\":\"Comment\",\"target\":[\"https:\\\/\\\/sepam.com.br\\\/pt\\\/sepam-disputa-fase-final-do-jep-na-proxima-semana\\\/#respond\"]}]},{\"@type\":\"WebPage\",\"@id\":\"https:\\\/\\\/sepam.com.br\\\/pt\\\/sepam-disputa-fase-final-do-jep-na-proxima-semana\\\/\",\"url\":\"https:\\\/\\\/sepam.com.br\\\/pt\\\/sepam-disputa-fase-final-do-jep-na-proxima-semana\\\/\",\"name\":\"Sepam disputa fase final do JEP na pr\u00f3xima semana - Col\u00e9gio Sepam\",\"isPartOf\":{\"@id\":\"https:\\\/\\\/sepam.com.br\\\/#website\"},\"datePublished\":\"2025-08-28T13:46:47+00:00\",\"dateModified\":\"2025-08-28T13:53:54+00:00\",\"breadcrumb\":{\"@id\":\"https:\\\/\\\/sepam.com.br\\\/pt\\\/sepam-disputa-fase-final-do-jep-na-proxima-semana\\\/#breadcrumb\"},\"inLanguage\":\"pt-BR\",\"potentialAction\":[{\"@type\":\"ReadAction\",\"target\":[\"https:\\\/\\\/sepam.com.br\\\/pt\\\/sepam-disputa-fase-final-do-jep-na-proxima-semana\\\/\"]}]},{\"@type\":\"BreadcrumbList\",\"@id\":\"https:\\\/\\\/sepam.com.br\\\/pt\\\/sepam-disputa-fase-final-do-jep-na-proxima-semana\\\/#breadcrumb\",\"itemListElement\":[{\"@type\":\"ListItem\",\"position\":1,\"name\":\"In\u00edcio\",\"item\":\"https:\\\/\\\/sepam.com.br\\\/\"},{\"@type\":\"ListItem\",\"position\":2,\"name\":\"Sepam disputa fase final do JEP na pr\u00f3xima semana\"}]},{\"@type\":\"WebSite\",\"@id\":\"https:\\\/\\\/sepam.com.br\\\/#website\",\"url\":\"https:\\\/\\\/sepam.com.br\\\/\",\"name\":\"Col\u00e9gio Sepam\",\"description\":\"Ensino Incompar\u00e1vel\",\"publisher\":{\"@id\":\"https:\\\/\\\/sepam.com.br\\\/#organization\"},\"potentialAction\":[{\"@type\":\"SearchAction\",\"target\":{\"@type\":\"EntryPoint\",\"urlTemplate\":\"https:\\\/\\\/sepam.com.br\\\/?s={search_term_string}\"},\"query-input\":{\"@type\":\"PropertyValueSpecification\",\"valueRequired\":true,\"valueName\":\"search_term_string\"}}],\"inLanguage\":\"pt-BR\"},{\"@type\":\"Organization\",\"@id\":\"https:\\\/\\\/sepam.com.br\\\/#organization\",\"name\":\"Col\u00e9gio Sepam\",\"url\":\"https:\\\/\\\/sepam.com.br\\\/\",\"logo\":{\"@type\":\"ImageObject\",\"inLanguage\":\"pt-BR\",\"@id\":\"https:\\\/\\\/sepam.com.br\\\/#\\\/schema\\\/logo\\\/image\\\/\",\"url\":\"https:\\\/\\\/sepam.com.br\\\/wp-content\\\/uploads\\\/2025\\\/02\\\/Ativo-2.png\",\"contentUrl\":\"https:\\\/\\\/sepam.com.br\\\/wp-content\\\/uploads\\\/2025\\\/02\\\/Ativo-2.png\",\"width\":595,\"height\":525,\"caption\":\"Col\u00e9gio Sepam\"},\"image\":{\"@id\":\"https:\\\/\\\/sepam.com.br\\\/#\\\/schema\\\/logo\\\/image\\\/\"}},{\"@type\":\"Person\",\"@id\":\"https:\\\/\\\/sepam.com.br\\\/#\\\/schema\\\/person\\\/38aff034b8d22d0cd551d59b7e4939f5\",\"name\":\"Alison Andrei\",\"image\":{\"@type\":\"ImageObject\",\"inLanguage\":\"pt-BR\",\"@id\":\"https:\\\/\\\/secure.gravatar.com\\\/avatar\\\/7d433525a110825b50a22691febdab3f59016724f20a8f9b39c947a4aac9641a?s=96&d=mm&r=g\",\"url\":\"https:\\\/\\\/secure.gravatar.com\\\/avatar\\\/7d433525a110825b50a22691febdab3f59016724f20a8f9b39c947a4aac9641a?s=96&d=mm&r=g\",\"contentUrl\":\"https:\\\/\\\/secure.gravatar.com\\\/avatar\\\/7d433525a110825b50a22691febdab3f59016724f20a8f9b39c947a4aac9641a?s=96&d=mm&r=g\",\"caption\":\"Alison Andrei\"},\"url\":\"https:\\\/\\\/sepam.com.br\\\/pt\\\/author\\\/alisonandrei\\\/\"}]}<\/script>\n<!-- \/ Yoast SEO plugin. -->","yoast_head_json":{"title":"Sepam disputa fase final do JEP na pr\u00f3xima semana - Col\u00e9gio Sepam","robots":{"index":"index","follow":"follow","max-snippet":"max-snippet:-1","max-image-preview":"max-image-preview:large","max-video-preview":"max-video-preview:-1"},"canonical":"https:\/\/sepam.com.br\/pt\/sepam-disputa-fase-final-do-jep-na-proxima-semana\/","og_locale":"pt_BR","og_type":"article","og_title":"Sepam disputa fase final do JEP na pr\u00f3xima semana - Col\u00e9gio Sepam","og_description":"A equipe de xadrez do Col\u00e9gio Sepam embarca neste domingo, 23, Apucarana, no norte do Paran\u00e1, onde disputa a fase final dos Jogos Escolares do Paran\u00e1 (JEP). Tr\u00eas atletas fazem parte da equipe, participando dos jogos individuais e por equipe. No rel\u00e2mpago e r\u00e1pido o Col\u00e9gio ser\u00e1 representado pelos alunos Lucas Milleo e Alexandre Fanchin. [&hellip;]","og_url":"https:\/\/sepam.com.br\/pt\/sepam-disputa-fase-final-do-jep-na-proxima-semana\/","og_site_name":"Col\u00e9gio Sepam","article_published_time":"2025-08-28T13:46:47+00:00","article_modified_time":"2025-08-28T13:53:54+00:00","author":"Alison Andrei","twitter_card":"summary_large_image","twitter_misc":{"Escrito por":"Alison Andrei","Est. tempo de leitura":"1 minuto"},"schema":{"@context":"https:\/\/schema.org","@graph":[{"@type":"Article","@id":"https:\/\/sepam.com.br\/pt\/sepam-disputa-fase-final-do-jep-na-proxima-semana\/#article","isPartOf":{"@id":"https:\/\/sepam.com.br\/pt\/sepam-disputa-fase-final-do-jep-na-proxima-semana\/"},"author":{"name":"Alison Andrei","@id":"https:\/\/sepam.com.br\/#\/schema\/person\/38aff034b8d22d0cd551d59b7e4939f5"},"headline":"Sepam disputa fase final do JEP na pr\u00f3xima semana","datePublished":"2025-08-28T13:46:47+00:00","dateModified":"2025-08-28T13:53:54+00:00","mainEntityOfPage":{"@id":"https:\/\/sepam.com.br\/pt\/sepam-disputa-fase-final-do-jep-na-proxima-semana\/"},"wordCount":146,"commentCount":0,"publisher":{"@id":"https:\/\/sepam.com.br\/#organization"},"articleSection":["Colegio Sepam"],"inLanguage":"pt-BR","potentialAction":[{"@type":"CommentAction","name":"Comment","target":["https:\/\/sepam.com.br\/pt\/sepam-disputa-fase-final-do-jep-na-proxima-semana\/#respond"]}]},{"@type":"WebPage","@id":"https:\/\/sepam.com.br\/pt\/sepam-disputa-fase-final-do-jep-na-proxima-semana\/","url":"https:\/\/sepam.com.br\/pt\/sepam-disputa-fase-final-do-jep-na-proxima-semana\/","name":"Sepam disputa fase final do JEP na pr\u00f3xima semana - Col\u00e9gio Sepam","isPartOf":{"@id":"https:\/\/sepam.com.br\/#website"},"datePublished":"2025-08-28T13:46:47+00:00","dateModified":"2025-08-28T13:53:54+00:00","breadcrumb":{"@id":"https:\/\/sepam.com.br\/pt\/sepam-disputa-fase-final-do-jep-na-proxima-semana\/#breadcrumb"},"inLanguage":"pt-BR","potentialAction":[{"@type":"ReadAction","target":["https:\/\/sepam.com.br\/pt\/sepam-disputa-fase-final-do-jep-na-proxima-semana\/"]}]},{"@type":"BreadcrumbList","@id":"https:\/\/sepam.com.br\/pt\/sepam-disputa-fase-final-do-jep-na-proxima-semana\/#breadcrumb","itemListElement":[{"@type":"ListItem","position":1,"name":"In\u00edcio","item":"https:\/\/sepam.com.br\/"},{"@type":"ListItem","position":2,"name":"Sepam disputa fase final do JEP na pr\u00f3xima semana"}]},{"@type":"WebSite","@id":"https:\/\/sepam.com.br\/#website","url":"https:\/\/sepam.com.br\/","name":"Col\u00e9gio Sepam","description":"Ensino Incompar\u00e1vel","publisher":{"@id":"https:\/\/sepam.com.br\/#organization"},"potentialAction":[{"@type":"SearchAction","target":{"@type":"EntryPoint","urlTemplate":"https:\/\/sepam.com.br\/?s={search_term_string}"},"query-input":{"@type":"PropertyValueSpecification","valueRequired":true,"valueName":"search_term_string"}}],"inLanguage":"pt-BR"},{"@type":"Organization","@id":"https:\/\/sepam.com.br\/#organization","name":"Col\u00e9gio Sepam","url":"https:\/\/sepam.com.br\/","logo":{"@type":"ImageObject","inLanguage":"pt-BR","@id":"https:\/\/sepam.com.br\/#\/schema\/logo\/image\/","url":"https:\/\/sepam.com.br\/wp-content\/uploads\/2025\/02\/Ativo-2.png","contentUrl":"https:\/\/sepam.com.br\/wp-content\/uploads\/2025\/02\/Ativo-2.png","width":595,"height":525,"caption":"Col\u00e9gio Sepam"},"image":{"@id":"https:\/\/sepam.com.br\/#\/schema\/logo\/image\/"}},{"@type":"Person","@id":"https:\/\/sepam.com.br\/#\/schema\/person\/38aff034b8d22d0cd551d59b7e4939f5","name":"Alison Andrei","image":{"@type":"ImageObject","inLanguage":"pt-BR","@id":"https:\/\/secure.gravatar.com\/avatar\/7d433525a110825b50a22691febdab3f59016724f20a8f9b39c947a4aac9641a?s=96&d=mm&r=g","url":"https:\/\/secure.gravatar.com\/avatar\/7d433525a110825b50a22691febdab3f59016724f20a8f9b39c947a4aac9641a?s=96&d=mm&r=g","contentUrl":"https:\/\/secure.gravatar.com\/avatar\/7d433525a110825b50a22691febdab3f59016724f20a8f9b39c947a4aac9641a?s=96&d=mm&r=g","caption":"Alison Andrei"},"url":"https:\/\/sepam.com.br\/pt\/author\/alisonandrei\/"}]}},"_links":{"self":[{"href":"https:\/\/sepam.com.br\/pt\/wp-json\/wp\/v2\/posts\/6795","targetHints":{"allow":["GET"]}}],"collection":[{"href":"https:\/\/sepam.com.br\/pt\/wp-json\/wp\/v2\/posts"}],"about":[{"href":"https:\/\/sepam.com.br\/pt\/wp-json\/wp\/v2\/types\/post"}],"author":[{"embeddable":true,"href":"https:\/\/sepam.com.br\/pt\/wp-json\/wp\/v2\/users\/12"}],"replies":[{"embeddable":true,"href":"https:\/\/sepam.com.br\/pt\/wp-json\/wp\/v2\/comments?post=6795"}],"version-history":[{"count":1,"href":"https:\/\/sepam.com.br\/pt\/wp-json\/wp\/v2\/posts\/6795\/revisions"}],"predecessor-version":[{"id":7579,"href":"https:\/\/sepam.com.br\/pt\/wp-json\/wp\/v2\/posts\/6795\/revisions\/7579"}],"wp:attachment":[{"href":"https:\/\/sepam.com.br\/pt\/wp-json\/wp\/v2\/media?parent=6795"}],"wp:term":[{"taxonomy":"category","embeddable":true,"href":"https:\/\/sepam.com.br\/pt\/wp-json\/wp\/v2\/categories?post=6795"},{"taxonomy":"post_tag","embeddable":true,"href":"https:\/\/sepam.com.br\/pt\/wp-json\/wp\/v2\/tags?post=6795"}],"curies":[{"name":"wp","href":"https:\/\/api.w.org\/{rel}","templated":true}]}}