{"id":8371,"date":"2026-05-07T14:21:50","date_gmt":"2026-05-07T17:21:50","guid":{"rendered":"https:\/\/sepam.com.br\/?p=8371"},"modified":"2026-05-07T14:22:05","modified_gmt":"2026-05-07T17:22:05","slug":"alunas-do-sepam-conquistam-bronze-na-taca-parana-de-basquete","status":"publish","type":"post","link":"https:\/\/sepam.com.br\/fr\/alunas-do-sepam-conquistam-bronze-na-taca-parana-de-basquete\/","title":{"rendered":"Alunas do Sepam conquistam bronze na Ta\u00e7a Paran\u00e1 de Basquete"},"content":{"rendered":"\n<p class=\"wp-block-paragraph\">As alunas <strong>Vit\u00f3ria Beatriz Burgardt<\/strong> e <strong>Emilly Vit\u00f3ria Messias<\/strong> conquistaram a <strong>medalha de bronze da Ta\u00e7a Paran\u00e1 de Basquete<\/strong>, competi\u00e7\u00e3o realizada no \u00faltimo final de semana, na cidade de <strong>Toledo<\/strong>.<\/p>\n\n\n\n<p class=\"wp-block-paragraph\">Defendendo as cores do <strong>Clube Thalia<\/strong>, de Curitiba, as estudantes do <strong>Col\u00e9gio Sepam<\/strong> tiveram grande participa\u00e7\u00e3o na campanha da equipe, que terminou como a <strong>melhor colocada entre os times paranaenses<\/strong> da competi\u00e7\u00e3o, vencida pelo <strong>Tup\u00e3 \u2013 SP<\/strong>.<\/p>\n\n\n\n<p class=\"wp-block-paragraph\">O resultado refor\u00e7a o destaque das atletas nas quadras e evidencia o comprometimento e a dedica\u00e7\u00e3o demonstrados ao longo do torneio.<\/p>\n\n\n\n<p class=\"wp-block-paragraph\">Parab\u00e9ns para as nossas alunas!<\/p>\n","protected":false},"excerpt":{"rendered":"<p>As alunas Vit\u00f3ria Beatriz Burgardt e Emilly Vit\u00f3ria Messias conquistaram a medalha de bronze da Ta\u00e7a Paran\u00e1 de Basquete, competi\u00e7\u00e3o realizada no \u00faltimo final de semana, na cidade de Toledo. Defendendo as cores do Clube Thalia, de Curitiba, as estudantes do Col\u00e9gio Sepam tiveram grande participa\u00e7\u00e3o na campanha da equipe, que terminou como a melhor [&hellip;]<\/p>\n","protected":false},"author":13,"featured_media":8372,"comment_status":"open","ping_status":"open","sticky":false,"template":"","format":"standard","meta":{"footnotes":""},"categories":[21],"tags":[32,75,42,28,74,41,72,73],"class_list":["post-8371","post","type-post","status-publish","format-standard","has-post-thumbnail","hentry","category-colegio-sepam","tag-basquete","tag-clube-thalia","tag-colegio-sepam","tag-competicao","tag-emilly-vitoria-messias","tag-esportes","tag-taca-parana-de-basquete","tag-vitoria-beatriz-burgardt"],"yoast_head":"<!-- This site is optimized with the Yoast SEO plugin v28.4 - https:\/\/yoast.com\/product\/yoast-seo-wordpress\/ -->\n<title>Alunas do Sepam conquistam bronze na Ta\u00e7a Paran\u00e1 de Basquete<\/title>\n<meta name=\"description\" content=\"As alunas Vit\u00f3ria Beatriz Burgardt e Emilly Vit\u00f3ria Messias conquistaram a medalha de bronze da Ta\u00e7a Paran\u00e1 de Basquete, competi\u00e7\u00e3o realizada no \u00faltimo final de semana, na cidade de Toledo. Defendendo as cores do Clube Thalia, de Curitiba, as estudantes do Col\u00e9gio Sepam tiveram grande participa\u00e7\u00e3o na campanha da equipe, que terminou como a melhor\u2026\" \/>\n<meta name=\"robots\" content=\"index, follow, max-snippet:-1, max-image-preview:large, max-video-preview:-1\" \/>\n<link rel=\"canonical\" href=\"https:\/\/sepam.com.br\/fr\/alunas-do-sepam-conquistam-bronze-na-taca-parana-de-basquete\/\" \/>\n<meta property=\"og:locale\" content=\"fr_FR\" \/>\n<meta property=\"og:type\" content=\"article\" \/>\n<meta property=\"og:title\" content=\"Alunas do Sepam conquistam bronze na Ta\u00e7a Paran\u00e1 de Basquete\" \/>\n<meta property=\"og:description\" content=\"As alunas Vit\u00f3ria Beatriz Burgardt e Emilly Vit\u00f3ria Messias conquistaram a medalha de bronze da Ta\u00e7a Paran\u00e1 de Basquete, competi\u00e7\u00e3o realizada no \u00faltimo final de semana, na cidade de Toledo. Defendendo as cores do Clube Thalia, de Curitiba, as estudantes do Col\u00e9gio Sepam tiveram grande participa\u00e7\u00e3o na campanha da equipe, que terminou como a melhor\u2026\" \/>\n<meta property=\"og:url\" content=\"https:\/\/sepam.com.br\/fr\/alunas-do-sepam-conquistam-bronze-na-taca-parana-de-basquete\/\" \/>\n<meta property=\"og:site_name\" content=\"Col\u00e9gio Sepam\" \/>\n<meta property=\"article:published_time\" content=\"2026-05-07T17:21:50+00:00\" \/>\n<meta property=\"article:modified_time\" content=\"2026-05-07T17:22:05+00:00\" \/>\n<meta property=\"og:image\" content=\"https:\/\/sepam.com.br\/wp-content\/uploads\/2026\/05\/WhatsApp-Image-2026-03-30-at-14.29.37.jpeg\" \/>\n\t<meta property=\"og:image:width\" content=\"1337\" \/>\n\t<meta property=\"og:image:height\" content=\"1073\" \/>\n\t<meta property=\"og:image:type\" content=\"image\/jpeg\" \/>\n<meta name=\"author\" content=\"Sepam\" \/>\n<meta name=\"twitter:card\" content=\"summary_large_image\" \/>\n<meta name=\"twitter:label1\" content=\"\u00c9crit par\" \/>\n\t<meta name=\"twitter:data1\" content=\"Sepam\" \/>\n\t<meta name=\"twitter:label2\" content=\"Dur\u00e9e de lecture estim\u00e9e\" \/>\n\t<meta name=\"twitter:data2\" content=\"1 minute\" \/>\n<script type=\"application\/ld+json\" class=\"yoast-schema-graph\">{\"@context\":\"https:\\\/\\\/schema.org\",\"@graph\":[{\"@type\":\"Article\",\"@id\":\"https:\\\/\\\/sepam.com.br\\\/fr\\\/alunas-do-sepam-conquistam-bronze-na-taca-parana-de-basquete\\\/#article\",\"isPartOf\":{\"@id\":\"https:\\\/\\\/sepam.com.br\\\/fr\\\/alunas-do-sepam-conquistam-bronze-na-taca-parana-de-basquete\\\/\"},\"author\":{\"name\":\"Sepam\",\"@id\":\"https:\\\/\\\/sepam.com.br\\\/#\\\/schema\\\/person\\\/bfa2996c649a5a6d822766f6e64eb7fd\"},\"headline\":\"Alunas do Sepam conquistam bronze na Ta\u00e7a Paran\u00e1 de Basquete\",\"datePublished\":\"2026-05-07T17:21:50+00:00\",\"dateModified\":\"2026-05-07T17:22:05+00:00\",\"mainEntityOfPage\":{\"@id\":\"https:\\\/\\\/sepam.com.br\\\/fr\\\/alunas-do-sepam-conquistam-bronze-na-taca-parana-de-basquete\\\/\"},\"wordCount\":113,\"commentCount\":0,\"publisher\":{\"@id\":\"https:\\\/\\\/sepam.com.br\\\/#organization\"},\"image\":{\"@id\":\"https:\\\/\\\/sepam.com.br\\\/fr\\\/alunas-do-sepam-conquistam-bronze-na-taca-parana-de-basquete\\\/#primaryimage\"},\"thumbnailUrl\":\"https:\\\/\\\/sepam.com.br\\\/wp-content\\\/uploads\\\/2026\\\/05\\\/WhatsApp-Image-2026-03-30-at-14.29.37.jpeg\",\"keywords\":[\"basquete\",\"Clube Thalia\",\"Col\u00e9gio Sepam\",\"competi\u00e7\u00e3o\",\"Emilly Vit\u00f3ria Messias\",\"Esportes\",\"Ta\u00e7a Paran\u00e1 de Basquete\",\"Vit\u00f3ria Beatriz Burgardt\"],\"articleSection\":[\"Colegio Sepam\"],\"inLanguage\":\"fr-FR\",\"potentialAction\":[{\"@type\":\"CommentAction\",\"name\":\"Comment\",\"target\":[\"https:\\\/\\\/sepam.com.br\\\/fr\\\/alunas-do-sepam-conquistam-bronze-na-taca-parana-de-basquete\\\/#respond\"]}]},{\"@type\":\"WebPage\",\"@id\":\"https:\\\/\\\/sepam.com.br\\\/fr\\\/alunas-do-sepam-conquistam-bronze-na-taca-parana-de-basquete\\\/\",\"url\":\"https:\\\/\\\/sepam.com.br\\\/fr\\\/alunas-do-sepam-conquistam-bronze-na-taca-parana-de-basquete\\\/\",\"name\":\"Alunas do Sepam conquistam bronze na Ta\u00e7a Paran\u00e1 de Basquete - Col\u00e9gio Sepam\",\"isPartOf\":{\"@id\":\"https:\\\/\\\/sepam.com.br\\\/#website\"},\"primaryImageOfPage\":{\"@id\":\"https:\\\/\\\/sepam.com.br\\\/fr\\\/alunas-do-sepam-conquistam-bronze-na-taca-parana-de-basquete\\\/#primaryimage\"},\"image\":{\"@id\":\"https:\\\/\\\/sepam.com.br\\\/fr\\\/alunas-do-sepam-conquistam-bronze-na-taca-parana-de-basquete\\\/#primaryimage\"},\"thumbnailUrl\":\"https:\\\/\\\/sepam.com.br\\\/wp-content\\\/uploads\\\/2026\\\/05\\\/WhatsApp-Image-2026-03-30-at-14.29.37.jpeg\",\"datePublished\":\"2026-05-07T17:21:50+00:00\",\"dateModified\":\"2026-05-07T17:22:05+00:00\",\"breadcrumb\":{\"@id\":\"https:\\\/\\\/sepam.com.br\\\/fr\\\/alunas-do-sepam-conquistam-bronze-na-taca-parana-de-basquete\\\/#breadcrumb\"},\"inLanguage\":\"fr-FR\",\"potentialAction\":[{\"@type\":\"ReadAction\",\"target\":[\"https:\\\/\\\/sepam.com.br\\\/fr\\\/alunas-do-sepam-conquistam-bronze-na-taca-parana-de-basquete\\\/\"]}]},{\"@type\":\"ImageObject\",\"inLanguage\":\"fr-FR\",\"@id\":\"https:\\\/\\\/sepam.com.br\\\/fr\\\/alunas-do-sepam-conquistam-bronze-na-taca-parana-de-basquete\\\/#primaryimage\",\"url\":\"https:\\\/\\\/sepam.com.br\\\/wp-content\\\/uploads\\\/2026\\\/05\\\/WhatsApp-Image-2026-03-30-at-14.29.37.jpeg\",\"contentUrl\":\"https:\\\/\\\/sepam.com.br\\\/wp-content\\\/uploads\\\/2026\\\/05\\\/WhatsApp-Image-2026-03-30-at-14.29.37.jpeg\",\"width\":1337,\"height\":1073},{\"@type\":\"BreadcrumbList\",\"@id\":\"https:\\\/\\\/sepam.com.br\\\/fr\\\/alunas-do-sepam-conquistam-bronze-na-taca-parana-de-basquete\\\/#breadcrumb\",\"itemListElement\":[{\"@type\":\"ListItem\",\"position\":1,\"name\":\"Boas Vindas\",\"item\":\"https:\\\/\\\/sepam.com.br\\\/\"},{\"@type\":\"ListItem\",\"position\":2,\"name\":\"Alunas do Sepam conquistam bronze na Ta\u00e7a Paran\u00e1 de Basquete\"}]},{\"@type\":\"WebSite\",\"@id\":\"https:\\\/\\\/sepam.com.br\\\/fr\\\/#website\",\"url\":\"https:\\\/\\\/sepam.com.br\\\/fr\\\/\",\"name\":\"Col\u00e9gio Sepam\",\"description\":\"Ensino Incompar\u00e1vel\",\"publisher\":{\"@id\":\"https:\\\/\\\/sepam.com.br\\\/fr\\\/#organization\"},\"potentialAction\":[{\"@type\":\"SearchAction\",\"target\":{\"@type\":\"EntryPoint\",\"urlTemplate\":\"https:\\\/\\\/sepam.com.br\\\/fr\\\/?s={search_term_string}\"},\"query-input\":{\"@type\":\"PropertyValueSpecification\",\"valueRequired\":true,\"valueName\":\"search_term_string\"}}],\"inLanguage\":\"fr-FR\"},{\"@type\":\"Organization\",\"@id\":\"https:\\\/\\\/sepam.com.br\\\/fr\\\/#organization\",\"name\":\"Col\u00e9gio Sepam\",\"url\":\"https:\\\/\\\/sepam.com.br\\\/fr\\\/\",\"logo\":{\"@type\":\"ImageObject\",\"inLanguage\":\"fr-FR\",\"@id\":\"https:\\\/\\\/sepam.com.br\\\/fr\\\/#\\\/schema\\\/logo\\\/image\\\/\",\"url\":\"https:\\\/\\\/sepam.com.br\\\/wp-content\\\/uploads\\\/2025\\\/02\\\/Ativo-2.png\",\"contentUrl\":\"https:\\\/\\\/sepam.com.br\\\/wp-content\\\/uploads\\\/2025\\\/02\\\/Ativo-2.png\",\"width\":595,\"height\":525,\"caption\":\"Col\u00e9gio Sepam\"},\"image\":{\"@id\":\"https:\\\/\\\/sepam.com.br\\\/fr\\\/#\\\/schema\\\/logo\\\/image\\\/\"}},{\"@type\":\"Person\",\"@id\":\"https:\\\/\\\/sepam.com.br\\\/#\\\/schema\\\/person\\\/bfa2996c649a5a6d822766f6e64eb7fd\",\"name\":\"Sepam\",\"image\":{\"@type\":\"ImageObject\",\"inLanguage\":\"fr-FR\",\"@id\":\"https:\\\/\\\/secure.gravatar.com\\\/avatar\\\/0219e64664f5861998ad57a3432eb4bd5fd99a34c7cc9bc44b3c59dfb830db85?s=96&d=mm&r=g\",\"url\":\"https:\\\/\\\/secure.gravatar.com\\\/avatar\\\/0219e64664f5861998ad57a3432eb4bd5fd99a34c7cc9bc44b3c59dfb830db85?s=96&d=mm&r=g\",\"contentUrl\":\"https:\\\/\\\/secure.gravatar.com\\\/avatar\\\/0219e64664f5861998ad57a3432eb4bd5fd99a34c7cc9bc44b3c59dfb830db85?s=96&d=mm&r=g\",\"caption\":\"Sepam\"},\"url\":\"https:\\\/\\\/sepam.com.br\\\/fr\\\/author\\\/sepam\\\/\"}]}<\/script>\n<!-- \/ Yoast SEO plugin. -->","yoast_head_json":{"title":"Alunas do Sepam conquistam bronze na Ta\u00e7a Paran\u00e1 de Basquete","description":"As alunas Vit\u00f3ria Beatriz Burgardt e Emilly Vit\u00f3ria Messias conquistaram a medalha de bronze da Ta\u00e7a Paran\u00e1 de Basquete, competi\u00e7\u00e3o realizada no \u00faltimo final de semana, na cidade de Toledo. Defendendo as cores do Clube Thalia, de Curitiba, as estudantes do Col\u00e9gio Sepam tiveram grande participa\u00e7\u00e3o na campanha da equipe, que terminou como a melhor\u2026","robots":{"index":"index","follow":"follow","max-snippet":"max-snippet:-1","max-image-preview":"max-image-preview:large","max-video-preview":"max-video-preview:-1"},"canonical":"https:\/\/sepam.com.br\/fr\/alunas-do-sepam-conquistam-bronze-na-taca-parana-de-basquete\/","og_locale":"fr_FR","og_type":"article","og_title":"Alunas do Sepam conquistam bronze na Ta\u00e7a Paran\u00e1 de Basquete","og_description":"As alunas Vit\u00f3ria Beatriz Burgardt e Emilly Vit\u00f3ria Messias conquistaram a medalha de bronze da Ta\u00e7a Paran\u00e1 de Basquete, competi\u00e7\u00e3o realizada no \u00faltimo final de semana, na cidade de Toledo. Defendendo as cores do Clube Thalia, de Curitiba, as estudantes do Col\u00e9gio Sepam tiveram grande participa\u00e7\u00e3o na campanha da equipe, que terminou como a melhor\u2026","og_url":"https:\/\/sepam.com.br\/fr\/alunas-do-sepam-conquistam-bronze-na-taca-parana-de-basquete\/","og_site_name":"Col\u00e9gio Sepam","article_published_time":"2026-05-07T17:21:50+00:00","article_modified_time":"2026-05-07T17:22:05+00:00","og_image":[{"width":1337,"height":1073,"url":"https:\/\/sepam.com.br\/wp-content\/uploads\/2026\/05\/WhatsApp-Image-2026-03-30-at-14.29.37.jpeg","type":"image\/jpeg"}],"author":"Sepam","twitter_card":"summary_large_image","twitter_misc":{"\u00c9crit par":"Sepam","Dur\u00e9e de lecture estim\u00e9e":"1 minute"},"schema":{"@context":"https:\/\/schema.org","@graph":[{"@type":"Article","@id":"https:\/\/sepam.com.br\/fr\/alunas-do-sepam-conquistam-bronze-na-taca-parana-de-basquete\/#article","isPartOf":{"@id":"https:\/\/sepam.com.br\/fr\/alunas-do-sepam-conquistam-bronze-na-taca-parana-de-basquete\/"},"author":{"name":"Sepam","@id":"https:\/\/sepam.com.br\/#\/schema\/person\/bfa2996c649a5a6d822766f6e64eb7fd"},"headline":"Alunas do Sepam conquistam bronze na Ta\u00e7a Paran\u00e1 de Basquete","datePublished":"2026-05-07T17:21:50+00:00","dateModified":"2026-05-07T17:22:05+00:00","mainEntityOfPage":{"@id":"https:\/\/sepam.com.br\/fr\/alunas-do-sepam-conquistam-bronze-na-taca-parana-de-basquete\/"},"wordCount":113,"commentCount":0,"publisher":{"@id":"https:\/\/sepam.com.br\/#organization"},"image":{"@id":"https:\/\/sepam.com.br\/fr\/alunas-do-sepam-conquistam-bronze-na-taca-parana-de-basquete\/#primaryimage"},"thumbnailUrl":"https:\/\/sepam.com.br\/wp-content\/uploads\/2026\/05\/WhatsApp-Image-2026-03-30-at-14.29.37.jpeg","keywords":["basquete","Clube Thalia","Col\u00e9gio Sepam","competi\u00e7\u00e3o","Emilly Vit\u00f3ria Messias","Esportes","Ta\u00e7a Paran\u00e1 de Basquete","Vit\u00f3ria Beatriz Burgardt"],"articleSection":["Colegio Sepam"],"inLanguage":"fr-FR","potentialAction":[{"@type":"CommentAction","name":"Comment","target":["https:\/\/sepam.com.br\/fr\/alunas-do-sepam-conquistam-bronze-na-taca-parana-de-basquete\/#respond"]}]},{"@type":"WebPage","@id":"https:\/\/sepam.com.br\/fr\/alunas-do-sepam-conquistam-bronze-na-taca-parana-de-basquete\/","url":"https:\/\/sepam.com.br\/fr\/alunas-do-sepam-conquistam-bronze-na-taca-parana-de-basquete\/","name":"Alunas do Sepam conquistam bronze na Ta\u00e7a Paran\u00e1 de Basquete - Col\u00e9gio Sepam","isPartOf":{"@id":"https:\/\/sepam.com.br\/#website"},"primaryImageOfPage":{"@id":"https:\/\/sepam.com.br\/fr\/alunas-do-sepam-conquistam-bronze-na-taca-parana-de-basquete\/#primaryimage"},"image":{"@id":"https:\/\/sepam.com.br\/fr\/alunas-do-sepam-conquistam-bronze-na-taca-parana-de-basquete\/#primaryimage"},"thumbnailUrl":"https:\/\/sepam.com.br\/wp-content\/uploads\/2026\/05\/WhatsApp-Image-2026-03-30-at-14.29.37.jpeg","datePublished":"2026-05-07T17:21:50+00:00","dateModified":"2026-05-07T17:22:05+00:00","breadcrumb":{"@id":"https:\/\/sepam.com.br\/fr\/alunas-do-sepam-conquistam-bronze-na-taca-parana-de-basquete\/#breadcrumb"},"inLanguage":"fr-FR","potentialAction":[{"@type":"ReadAction","target":["https:\/\/sepam.com.br\/fr\/alunas-do-sepam-conquistam-bronze-na-taca-parana-de-basquete\/"]}]},{"@type":"ImageObject","inLanguage":"fr-FR","@id":"https:\/\/sepam.com.br\/fr\/alunas-do-sepam-conquistam-bronze-na-taca-parana-de-basquete\/#primaryimage","url":"https:\/\/sepam.com.br\/wp-content\/uploads\/2026\/05\/WhatsApp-Image-2026-03-30-at-14.29.37.jpeg","contentUrl":"https:\/\/sepam.com.br\/wp-content\/uploads\/2026\/05\/WhatsApp-Image-2026-03-30-at-14.29.37.jpeg","width":1337,"height":1073},{"@type":"BreadcrumbList","@id":"https:\/\/sepam.com.br\/fr\/alunas-do-sepam-conquistam-bronze-na-taca-parana-de-basquete\/#breadcrumb","itemListElement":[{"@type":"ListItem","position":1,"name":"Boas Vindas","item":"https:\/\/sepam.com.br\/"},{"@type":"ListItem","position":2,"name":"Alunas do Sepam conquistam bronze na Ta\u00e7a Paran\u00e1 de Basquete"}]},{"@type":"WebSite","@id":"https:\/\/sepam.com.br\/fr\/#website","url":"https:\/\/sepam.com.br\/fr\/","name":"Col\u00e9gio Sepam","description":"Ensino Incompar\u00e1vel","publisher":{"@id":"https:\/\/sepam.com.br\/fr\/#organization"},"potentialAction":[{"@type":"SearchAction","target":{"@type":"EntryPoint","urlTemplate":"https:\/\/sepam.com.br\/fr\/?s={search_term_string}"},"query-input":{"@type":"PropertyValueSpecification","valueRequired":true,"valueName":"search_term_string"}}],"inLanguage":"fr-FR"},{"@type":"Organization","@id":"https:\/\/sepam.com.br\/fr\/#organization","name":"Col\u00e9gio Sepam","url":"https:\/\/sepam.com.br\/fr\/","logo":{"@type":"ImageObject","inLanguage":"fr-FR","@id":"https:\/\/sepam.com.br\/fr\/#\/schema\/logo\/image\/","url":"https:\/\/sepam.com.br\/wp-content\/uploads\/2025\/02\/Ativo-2.png","contentUrl":"https:\/\/sepam.com.br\/wp-content\/uploads\/2025\/02\/Ativo-2.png","width":595,"height":525,"caption":"Col\u00e9gio Sepam"},"image":{"@id":"https:\/\/sepam.com.br\/fr\/#\/schema\/logo\/image\/"}},{"@type":"Person","@id":"https:\/\/sepam.com.br\/#\/schema\/person\/bfa2996c649a5a6d822766f6e64eb7fd","name":"Sepam","image":{"@type":"ImageObject","inLanguage":"fr-FR","@id":"https:\/\/secure.gravatar.com\/avatar\/0219e64664f5861998ad57a3432eb4bd5fd99a34c7cc9bc44b3c59dfb830db85?s=96&d=mm&r=g","url":"https:\/\/secure.gravatar.com\/avatar\/0219e64664f5861998ad57a3432eb4bd5fd99a34c7cc9bc44b3c59dfb830db85?s=96&d=mm&r=g","contentUrl":"https:\/\/secure.gravatar.com\/avatar\/0219e64664f5861998ad57a3432eb4bd5fd99a34c7cc9bc44b3c59dfb830db85?s=96&d=mm&r=g","caption":"Sepam"},"url":"https:\/\/sepam.com.br\/fr\/author\/sepam\/"}]}},"_links":{"self":[{"href":"https:\/\/sepam.com.br\/fr\/wp-json\/wp\/v2\/posts\/8371","targetHints":{"allow":["GET"]}}],"collection":[{"href":"https:\/\/sepam.com.br\/fr\/wp-json\/wp\/v2\/posts"}],"about":[{"href":"https:\/\/sepam.com.br\/fr\/wp-json\/wp\/v2\/types\/post"}],"author":[{"embeddable":true,"href":"https:\/\/sepam.com.br\/fr\/wp-json\/wp\/v2\/users\/13"}],"replies":[{"embeddable":true,"href":"https:\/\/sepam.com.br\/fr\/wp-json\/wp\/v2\/comments?post=8371"}],"version-history":[{"count":1,"href":"https:\/\/sepam.com.br\/fr\/wp-json\/wp\/v2\/posts\/8371\/revisions"}],"predecessor-version":[{"id":8373,"href":"https:\/\/sepam.com.br\/fr\/wp-json\/wp\/v2\/posts\/8371\/revisions\/8373"}],"wp:featuredmedia":[{"embeddable":true,"href":"https:\/\/sepam.com.br\/fr\/wp-json\/wp\/v2\/media\/8372"}],"wp:attachment":[{"href":"https:\/\/sepam.com.br\/fr\/wp-json\/wp\/v2\/media?parent=8371"}],"wp:term":[{"taxonomy":"category","embeddable":true,"href":"https:\/\/sepam.com.br\/fr\/wp-json\/wp\/v2\/categories?post=8371"},{"taxonomy":"post_tag","embeddable":true,"href":"https:\/\/sepam.com.br\/fr\/wp-json\/wp\/v2\/tags?post=8371"}],"curies":[{"name":"wp","href":"https:\/\/api.w.org\/{rel}","templated":true}]}}