{"id":8071,"date":"2025-12-12T11:25:48","date_gmt":"2025-12-12T14:25:48","guid":{"rendered":"https:\/\/sepam.com.br\/?p=8071"},"modified":"2025-12-12T11:26:07","modified_gmt":"2025-12-12T14:26:07","slug":"cantata-de-natal-2025-emociona-familias-e-celebra-o-encerramento-do-ano-letivo-no-sepam","status":"publish","type":"post","link":"https:\/\/sepam.com.br\/fr\/cantata-de-natal-2025-emociona-familias-e-celebra-o-encerramento-do-ano-letivo-no-sepam\/","title":{"rendered":"Cantata de Natal 2025 emociona fam\u00edlias e celebra o encerramento do ano letivo no Sepam"},"content":{"rendered":"\n<p class=\"wp-block-paragraph\">A <strong>Cantata de Natal 2025<\/strong> iluminou mais uma vez o Col\u00e9gio Sepam e emocionou toda a comunidade escolar. Nesta semana, realizamos <strong>mais uma edi\u00e7\u00e3o da nossa tradicional apresenta\u00e7\u00e3o natalina<\/strong>, um momento que j\u00e1 se consolidou como parte importante da hist\u00f3ria e da identidade do col\u00e9gio.<\/p>\n\n\n\n<p class=\"wp-block-paragraph\">Como de costume, nossos alunos se apresentaram <strong>das janelas do Sepam<\/strong>, enchendo o p\u00e1tio de m\u00fasica, alegria e sensibilidade. As can\u00e7\u00f5es natalinas emocionaram familiares e visitantes, marcando um encontro especial que simboliza, com muito carinho, o <strong>encerramento de mais um ano letivo<\/strong>.<\/p>\n\n\n\n<p class=\"wp-block-paragraph\">Agradecemos a todos que estiveram presentes e prestigiaram esse momento t\u00e3o significativo para nossos estudantes. Foi uma noite de celebra\u00e7\u00e3o, uni\u00e3o e encantamento \u2014 exatamente como o Natal merece. &#x1f9e1;&#x1f385;&#x1f3fb;<\/p>\n\n\n\n<figure class=\"wp-block-gallery has-nested-images columns-default is-cropped wp-block-gallery-1 is-layout-flex wp-block-gallery-is-layout-flex\">\n<figure class=\"wp-block-image size-large\"><img fetchpriority=\"high\" decoding=\"async\" width=\"700\" height=\"467\" data-id=\"8073\" src=\"https:\/\/sepam.com.br\/wp-content\/uploads\/2025\/12\/@andreoito-93.jpg\" alt=\"\" class=\"wp-image-8073\" srcset=\"https:\/\/sepam.com.br\/wp-content\/uploads\/2025\/12\/@andreoito-93.jpg 700w, https:\/\/sepam.com.br\/wp-content\/uploads\/2025\/12\/@andreoito-93-300x200.jpg 300w\" sizes=\"(max-width: 700px) 100vw, 700px\" \/><\/figure>\n\n\n\n<figure class=\"wp-block-image size-large\"><img decoding=\"async\" width=\"800\" height=\"533\" data-id=\"8074\" src=\"https:\/\/sepam.com.br\/wp-content\/uploads\/2025\/12\/@andreoito-178.jpg\" alt=\"\" class=\"wp-image-8074\" srcset=\"https:\/\/sepam.com.br\/wp-content\/uploads\/2025\/12\/@andreoito-178.jpg 800w, https:\/\/sepam.com.br\/wp-content\/uploads\/2025\/12\/@andreoito-178-300x200.jpg 300w, https:\/\/sepam.com.br\/wp-content\/uploads\/2025\/12\/@andreoito-178-768x512.jpg 768w\" sizes=\"(max-width: 800px) 100vw, 800px\" \/><\/figure>\n\n\n\n<figure class=\"wp-block-image size-large\"><img decoding=\"async\" width=\"800\" height=\"533\" data-id=\"8075\" src=\"https:\/\/sepam.com.br\/wp-content\/uploads\/2025\/12\/@andreoito-378.jpg\" alt=\"\" class=\"wp-image-8075\" srcset=\"https:\/\/sepam.com.br\/wp-content\/uploads\/2025\/12\/@andreoito-378.jpg 800w, https:\/\/sepam.com.br\/wp-content\/uploads\/2025\/12\/@andreoito-378-300x200.jpg 300w, https:\/\/sepam.com.br\/wp-content\/uploads\/2025\/12\/@andreoito-378-768x512.jpg 768w\" sizes=\"(max-width: 800px) 100vw, 800px\" \/><\/figure>\n\n\n\n<figure class=\"wp-block-image size-large\"><img loading=\"lazy\" decoding=\"async\" width=\"800\" height=\"533\" data-id=\"8076\" src=\"https:\/\/sepam.com.br\/wp-content\/uploads\/2025\/12\/@andreoito-403.jpg\" alt=\"\" class=\"wp-image-8076\" srcset=\"https:\/\/sepam.com.br\/wp-content\/uploads\/2025\/12\/@andreoito-403.jpg 800w, https:\/\/sepam.com.br\/wp-content\/uploads\/2025\/12\/@andreoito-403-300x200.jpg 300w, https:\/\/sepam.com.br\/wp-content\/uploads\/2025\/12\/@andreoito-403-768x512.jpg 768w\" sizes=\"(max-width: 800px) 100vw, 800px\" \/><\/figure>\n\n\n\n<figure class=\"wp-block-image size-large\"><img loading=\"lazy\" decoding=\"async\" width=\"800\" height=\"533\" data-id=\"8077\" src=\"https:\/\/sepam.com.br\/wp-content\/uploads\/2025\/12\/@andreoito-579-1.jpg\" alt=\"\" class=\"wp-image-8077\" srcset=\"https:\/\/sepam.com.br\/wp-content\/uploads\/2025\/12\/@andreoito-579-1.jpg 800w, https:\/\/sepam.com.br\/wp-content\/uploads\/2025\/12\/@andreoito-579-1-300x200.jpg 300w, https:\/\/sepam.com.br\/wp-content\/uploads\/2025\/12\/@andreoito-579-1-768x512.jpg 768w\" sizes=\"(max-width: 800px) 100vw, 800px\" \/><\/figure>\n<\/figure>\n","protected":false},"excerpt":{"rendered":"<p>A Cantata de Natal 2025 do Sepam reuniu alunos, fam\u00edlias e comunidade em uma apresenta\u00e7\u00e3o tradicional, realizada das janelas do col\u00e9gio e marcada por emo\u00e7\u00e3o e celebra\u00e7\u00e3o.<\/p>\n","protected":false},"author":13,"featured_media":8072,"comment_status":"open","ping_status":"open","sticky":false,"template":"","format":"standard","meta":{"footnotes":""},"categories":[21],"tags":[66,64,42,62,65,63],"class_list":["post-8071","post","type-post","status-publish","format-standard","has-post-thumbnail","hentry","category-colegio-sepam","tag-ano-letivo","tag-cantata-de-natal","tag-colegio-sepam","tag-comunidade-escolar","tag-evento-escolar","tag-natal-2025"],"yoast_head":"<!-- This site is optimized with the Yoast SEO plugin v28.4 - https:\/\/yoast.com\/product\/yoast-seo-wordpress\/ -->\n<title>Cantata de Natal 2025 emociona fam\u00edlias e celebra o encerramento do ano letivo no Sepam<\/title>\n<meta name=\"description\" content=\"A Cantata de Natal 2025 do Sepam reuniu alunos, fam\u00edlias e comunidade em uma apresenta\u00e7\u00e3o tradicional, realizada das janelas do col\u00e9gio e marcada por emo\u00e7\u00e3o e celebra\u00e7\u00e3o.\" \/>\n<meta name=\"robots\" content=\"index, follow, max-snippet:-1, max-image-preview:large, max-video-preview:-1\" \/>\n<link rel=\"canonical\" href=\"http:\/\/A%20Cantata%20de%20Natal%202025%20do%20Sepam%20reuniu%20alunos,%20fam\u00edlias%20e%20comunidade%20em%20uma%20apresenta\u00e7\u00e3o%20tradicional,%20realizada%20das%20janelas%20do%20col\u00e9gio%20e%20marcada%20por%20emo\u00e7\u00e3o%20e%20celebra\u00e7\u00e3o.\" \/>\n<meta property=\"og:locale\" content=\"fr_FR\" \/>\n<meta property=\"og:type\" content=\"article\" \/>\n<meta property=\"og:title\" content=\"Cantata de Natal 2025 emociona fam\u00edlias e celebra o encerramento do ano letivo no Sepam\" \/>\n<meta property=\"og:description\" content=\"A Cantata de Natal 2025 do Sepam reuniu alunos, fam\u00edlias e comunidade em uma apresenta\u00e7\u00e3o tradicional, realizada das janelas do col\u00e9gio e marcada por emo\u00e7\u00e3o e celebra\u00e7\u00e3o.\" \/>\n<meta property=\"og:url\" content=\"https:\/\/sepam.com.br\/fr\/cantata-de-natal-2025-emociona-familias-e-celebra-o-encerramento-do-ano-letivo-no-sepam\/\" \/>\n<meta property=\"og:site_name\" content=\"Col\u00e9gio Sepam\" \/>\n<meta property=\"article:published_time\" content=\"2025-12-12T14:25:48+00:00\" \/>\n<meta property=\"article:modified_time\" content=\"2025-12-12T14:26:07+00:00\" \/>\n<meta property=\"og:image\" content=\"https:\/\/sepam.com.br\/wp-content\/uploads\/2025\/12\/@andreoito-579.jpg\" \/>\n\t<meta property=\"og:image:width\" content=\"800\" \/>\n\t<meta property=\"og:image:height\" content=\"533\" \/>\n\t<meta property=\"og:image:type\" content=\"image\/jpeg\" \/>\n<meta name=\"author\" content=\"Sepam\" \/>\n<meta name=\"twitter:card\" content=\"summary_large_image\" \/>\n<meta name=\"twitter:label1\" content=\"\u00c9crit par\" \/>\n\t<meta name=\"twitter:data1\" content=\"Sepam\" \/>\n\t<meta name=\"twitter:label2\" content=\"Dur\u00e9e de lecture estim\u00e9e\" \/>\n\t<meta name=\"twitter:data2\" content=\"2 minutes\" \/>\n<script type=\"application\/ld+json\" class=\"yoast-schema-graph\">{\"@context\":\"https:\\\/\\\/schema.org\",\"@graph\":[{\"@type\":\"Article\",\"@id\":\"https:\\\/\\\/sepam.com.br\\\/fr\\\/cantata-de-natal-2025-emociona-familias-e-celebra-o-encerramento-do-ano-letivo-no-sepam\\\/#article\",\"isPartOf\":{\"@id\":\"https:\\\/\\\/sepam.com.br\\\/fr\\\/cantata-de-natal-2025-emociona-familias-e-celebra-o-encerramento-do-ano-letivo-no-sepam\\\/\"},\"author\":{\"name\":\"Sepam\",\"@id\":\"https:\\\/\\\/sepam.com.br\\\/#\\\/schema\\\/person\\\/bfa2996c649a5a6d822766f6e64eb7fd\"},\"headline\":\"Cantata de Natal 2025 emociona fam\u00edlias e celebra o encerramento do ano letivo no Sepam\",\"datePublished\":\"2025-12-12T14:25:48+00:00\",\"dateModified\":\"2025-12-12T14:26:07+00:00\",\"mainEntityOfPage\":{\"@id\":\"https:\\\/\\\/sepam.com.br\\\/fr\\\/cantata-de-natal-2025-emociona-familias-e-celebra-o-encerramento-do-ano-letivo-no-sepam\\\/\"},\"wordCount\":148,\"commentCount\":0,\"publisher\":{\"@id\":\"https:\\\/\\\/sepam.com.br\\\/#organization\"},\"image\":{\"@id\":\"https:\\\/\\\/sepam.com.br\\\/fr\\\/cantata-de-natal-2025-emociona-familias-e-celebra-o-encerramento-do-ano-letivo-no-sepam\\\/#primaryimage\"},\"thumbnailUrl\":\"https:\\\/\\\/sepam.com.br\\\/wp-content\\\/uploads\\\/2025\\\/12\\\/@andreoito-579.jpg\",\"keywords\":[\"Ano Letivo\",\"Cantata de Natal\",\"Col\u00e9gio Sepam\",\"Comunidade Escolar\",\"Evento Escolar\",\"Natal 2025\"],\"articleSection\":[\"Colegio Sepam\"],\"inLanguage\":\"fr-FR\",\"potentialAction\":[{\"@type\":\"CommentAction\",\"name\":\"Comment\",\"target\":[\"https:\\\/\\\/sepam.com.br\\\/fr\\\/cantata-de-natal-2025-emociona-familias-e-celebra-o-encerramento-do-ano-letivo-no-sepam\\\/#respond\"]}]},{\"@type\":\"WebPage\",\"@id\":\"https:\\\/\\\/sepam.com.br\\\/fr\\\/cantata-de-natal-2025-emociona-familias-e-celebra-o-encerramento-do-ano-letivo-no-sepam\\\/\",\"url\":\"https:\\\/\\\/sepam.com.br\\\/fr\\\/cantata-de-natal-2025-emociona-familias-e-celebra-o-encerramento-do-ano-letivo-no-sepam\\\/\",\"name\":\"Cantata de Natal 2025 emociona fam\u00edlias e celebra o encerramento do ano letivo no Sepam - Col\u00e9gio Sepam\",\"isPartOf\":{\"@id\":\"https:\\\/\\\/sepam.com.br\\\/#website\"},\"primaryImageOfPage\":{\"@id\":\"https:\\\/\\\/sepam.com.br\\\/fr\\\/cantata-de-natal-2025-emociona-familias-e-celebra-o-encerramento-do-ano-letivo-no-sepam\\\/#primaryimage\"},\"image\":{\"@id\":\"https:\\\/\\\/sepam.com.br\\\/fr\\\/cantata-de-natal-2025-emociona-familias-e-celebra-o-encerramento-do-ano-letivo-no-sepam\\\/#primaryimage\"},\"thumbnailUrl\":\"https:\\\/\\\/sepam.com.br\\\/wp-content\\\/uploads\\\/2025\\\/12\\\/@andreoito-579.jpg\",\"datePublished\":\"2025-12-12T14:25:48+00:00\",\"dateModified\":\"2025-12-12T14:26:07+00:00\",\"breadcrumb\":{\"@id\":\"https:\\\/\\\/sepam.com.br\\\/fr\\\/cantata-de-natal-2025-emociona-familias-e-celebra-o-encerramento-do-ano-letivo-no-sepam\\\/#breadcrumb\"},\"inLanguage\":\"fr-FR\",\"potentialAction\":[{\"@type\":\"ReadAction\",\"target\":[\"https:\\\/\\\/sepam.com.br\\\/fr\\\/cantata-de-natal-2025-emociona-familias-e-celebra-o-encerramento-do-ano-letivo-no-sepam\\\/\"]}]},{\"@type\":\"ImageObject\",\"inLanguage\":\"fr-FR\",\"@id\":\"https:\\\/\\\/sepam.com.br\\\/fr\\\/cantata-de-natal-2025-emociona-familias-e-celebra-o-encerramento-do-ano-letivo-no-sepam\\\/#primaryimage\",\"url\":\"https:\\\/\\\/sepam.com.br\\\/wp-content\\\/uploads\\\/2025\\\/12\\\/@andreoito-579.jpg\",\"contentUrl\":\"https:\\\/\\\/sepam.com.br\\\/wp-content\\\/uploads\\\/2025\\\/12\\\/@andreoito-579.jpg\",\"width\":800,\"height\":533},{\"@type\":\"BreadcrumbList\",\"@id\":\"https:\\\/\\\/sepam.com.br\\\/fr\\\/cantata-de-natal-2025-emociona-familias-e-celebra-o-encerramento-do-ano-letivo-no-sepam\\\/#breadcrumb\",\"itemListElement\":[{\"@type\":\"ListItem\",\"position\":1,\"name\":\"Boas Vindas\",\"item\":\"https:\\\/\\\/sepam.com.br\\\/\"},{\"@type\":\"ListItem\",\"position\":2,\"name\":\"Cantata de Natal 2025 emociona fam\u00edlias e celebra o encerramento do ano letivo no Sepam\"}]},{\"@type\":\"WebSite\",\"@id\":\"https:\\\/\\\/sepam.com.br\\\/fr\\\/#website\",\"url\":\"https:\\\/\\\/sepam.com.br\\\/fr\\\/\",\"name\":\"Col\u00e9gio Sepam\",\"description\":\"Ensino Incompar\u00e1vel\",\"publisher\":{\"@id\":\"https:\\\/\\\/sepam.com.br\\\/fr\\\/#organization\"},\"potentialAction\":[{\"@type\":\"SearchAction\",\"target\":{\"@type\":\"EntryPoint\",\"urlTemplate\":\"https:\\\/\\\/sepam.com.br\\\/fr\\\/?s={search_term_string}\"},\"query-input\":{\"@type\":\"PropertyValueSpecification\",\"valueRequired\":true,\"valueName\":\"search_term_string\"}}],\"inLanguage\":\"fr-FR\"},{\"@type\":\"Organization\",\"@id\":\"https:\\\/\\\/sepam.com.br\\\/fr\\\/#organization\",\"name\":\"Col\u00e9gio Sepam\",\"url\":\"https:\\\/\\\/sepam.com.br\\\/fr\\\/\",\"logo\":{\"@type\":\"ImageObject\",\"inLanguage\":\"fr-FR\",\"@id\":\"https:\\\/\\\/sepam.com.br\\\/fr\\\/#\\\/schema\\\/logo\\\/image\\\/\",\"url\":\"https:\\\/\\\/sepam.com.br\\\/wp-content\\\/uploads\\\/2025\\\/02\\\/Ativo-2.png\",\"contentUrl\":\"https:\\\/\\\/sepam.com.br\\\/wp-content\\\/uploads\\\/2025\\\/02\\\/Ativo-2.png\",\"width\":595,\"height\":525,\"caption\":\"Col\u00e9gio Sepam\"},\"image\":{\"@id\":\"https:\\\/\\\/sepam.com.br\\\/fr\\\/#\\\/schema\\\/logo\\\/image\\\/\"}},{\"@type\":\"Person\",\"@id\":\"https:\\\/\\\/sepam.com.br\\\/#\\\/schema\\\/person\\\/bfa2996c649a5a6d822766f6e64eb7fd\",\"name\":\"Sepam\",\"image\":{\"@type\":\"ImageObject\",\"inLanguage\":\"fr-FR\",\"@id\":\"https:\\\/\\\/secure.gravatar.com\\\/avatar\\\/0219e64664f5861998ad57a3432eb4bd5fd99a34c7cc9bc44b3c59dfb830db85?s=96&d=mm&r=g\",\"url\":\"https:\\\/\\\/secure.gravatar.com\\\/avatar\\\/0219e64664f5861998ad57a3432eb4bd5fd99a34c7cc9bc44b3c59dfb830db85?s=96&d=mm&r=g\",\"contentUrl\":\"https:\\\/\\\/secure.gravatar.com\\\/avatar\\\/0219e64664f5861998ad57a3432eb4bd5fd99a34c7cc9bc44b3c59dfb830db85?s=96&d=mm&r=g\",\"caption\":\"Sepam\"},\"url\":\"https:\\\/\\\/sepam.com.br\\\/fr\\\/author\\\/sepam\\\/\"}]}<\/script>\n<!-- \/ Yoast SEO plugin. -->","yoast_head_json":{"title":"Cantata de Natal 2025 emociona fam\u00edlias e celebra o encerramento do ano letivo no Sepam","description":"A Cantata de Natal 2025 do Sepam reuniu alunos, fam\u00edlias e comunidade em uma apresenta\u00e7\u00e3o tradicional, realizada das janelas do col\u00e9gio e marcada por emo\u00e7\u00e3o e celebra\u00e7\u00e3o.","robots":{"index":"index","follow":"follow","max-snippet":"max-snippet:-1","max-image-preview":"max-image-preview:large","max-video-preview":"max-video-preview:-1"},"canonical":"A Cantata de Natal 2025 do Sepam reuniu alunos, fam\u00edlias e comunidade em uma apresenta\u00e7\u00e3o tradicional, realizada das janelas do col\u00e9gio e marcada por emo\u00e7\u00e3o e celebra\u00e7\u00e3o.","og_locale":"fr_FR","og_type":"article","og_title":"Cantata de Natal 2025 emociona fam\u00edlias e celebra o encerramento do ano letivo no Sepam","og_description":"A Cantata de Natal 2025 do Sepam reuniu alunos, fam\u00edlias e comunidade em uma apresenta\u00e7\u00e3o tradicional, realizada das janelas do col\u00e9gio e marcada por emo\u00e7\u00e3o e celebra\u00e7\u00e3o.","og_url":"https:\/\/sepam.com.br\/fr\/cantata-de-natal-2025-emociona-familias-e-celebra-o-encerramento-do-ano-letivo-no-sepam\/","og_site_name":"Col\u00e9gio Sepam","article_published_time":"2025-12-12T14:25:48+00:00","article_modified_time":"2025-12-12T14:26:07+00:00","og_image":[{"width":800,"height":533,"url":"https:\/\/sepam.com.br\/wp-content\/uploads\/2025\/12\/@andreoito-579.jpg","type":"image\/jpeg"}],"author":"Sepam","twitter_card":"summary_large_image","twitter_misc":{"\u00c9crit par":"Sepam","Dur\u00e9e de lecture estim\u00e9e":"2 minutes"},"schema":{"@context":"https:\/\/schema.org","@graph":[{"@type":"Article","@id":"https:\/\/sepam.com.br\/fr\/cantata-de-natal-2025-emociona-familias-e-celebra-o-encerramento-do-ano-letivo-no-sepam\/#article","isPartOf":{"@id":"https:\/\/sepam.com.br\/fr\/cantata-de-natal-2025-emociona-familias-e-celebra-o-encerramento-do-ano-letivo-no-sepam\/"},"author":{"name":"Sepam","@id":"https:\/\/sepam.com.br\/#\/schema\/person\/bfa2996c649a5a6d822766f6e64eb7fd"},"headline":"Cantata de Natal 2025 emociona fam\u00edlias e celebra o encerramento do ano letivo no Sepam","datePublished":"2025-12-12T14:25:48+00:00","dateModified":"2025-12-12T14:26:07+00:00","mainEntityOfPage":{"@id":"https:\/\/sepam.com.br\/fr\/cantata-de-natal-2025-emociona-familias-e-celebra-o-encerramento-do-ano-letivo-no-sepam\/"},"wordCount":148,"commentCount":0,"publisher":{"@id":"https:\/\/sepam.com.br\/#organization"},"image":{"@id":"https:\/\/sepam.com.br\/fr\/cantata-de-natal-2025-emociona-familias-e-celebra-o-encerramento-do-ano-letivo-no-sepam\/#primaryimage"},"thumbnailUrl":"https:\/\/sepam.com.br\/wp-content\/uploads\/2025\/12\/@andreoito-579.jpg","keywords":["Ano Letivo","Cantata de Natal","Col\u00e9gio Sepam","Comunidade Escolar","Evento Escolar","Natal 2025"],"articleSection":["Colegio Sepam"],"inLanguage":"fr-FR","potentialAction":[{"@type":"CommentAction","name":"Comment","target":["https:\/\/sepam.com.br\/fr\/cantata-de-natal-2025-emociona-familias-e-celebra-o-encerramento-do-ano-letivo-no-sepam\/#respond"]}]},{"@type":"WebPage","@id":"https:\/\/sepam.com.br\/fr\/cantata-de-natal-2025-emociona-familias-e-celebra-o-encerramento-do-ano-letivo-no-sepam\/","url":"https:\/\/sepam.com.br\/fr\/cantata-de-natal-2025-emociona-familias-e-celebra-o-encerramento-do-ano-letivo-no-sepam\/","name":"Cantata de Natal 2025 emociona fam\u00edlias e celebra o encerramento do ano letivo no Sepam - Col\u00e9gio Sepam","isPartOf":{"@id":"https:\/\/sepam.com.br\/#website"},"primaryImageOfPage":{"@id":"https:\/\/sepam.com.br\/fr\/cantata-de-natal-2025-emociona-familias-e-celebra-o-encerramento-do-ano-letivo-no-sepam\/#primaryimage"},"image":{"@id":"https:\/\/sepam.com.br\/fr\/cantata-de-natal-2025-emociona-familias-e-celebra-o-encerramento-do-ano-letivo-no-sepam\/#primaryimage"},"thumbnailUrl":"https:\/\/sepam.com.br\/wp-content\/uploads\/2025\/12\/@andreoito-579.jpg","datePublished":"2025-12-12T14:25:48+00:00","dateModified":"2025-12-12T14:26:07+00:00","breadcrumb":{"@id":"https:\/\/sepam.com.br\/fr\/cantata-de-natal-2025-emociona-familias-e-celebra-o-encerramento-do-ano-letivo-no-sepam\/#breadcrumb"},"inLanguage":"fr-FR","potentialAction":[{"@type":"ReadAction","target":["https:\/\/sepam.com.br\/fr\/cantata-de-natal-2025-emociona-familias-e-celebra-o-encerramento-do-ano-letivo-no-sepam\/"]}]},{"@type":"ImageObject","inLanguage":"fr-FR","@id":"https:\/\/sepam.com.br\/fr\/cantata-de-natal-2025-emociona-familias-e-celebra-o-encerramento-do-ano-letivo-no-sepam\/#primaryimage","url":"https:\/\/sepam.com.br\/wp-content\/uploads\/2025\/12\/@andreoito-579.jpg","contentUrl":"https:\/\/sepam.com.br\/wp-content\/uploads\/2025\/12\/@andreoito-579.jpg","width":800,"height":533},{"@type":"BreadcrumbList","@id":"https:\/\/sepam.com.br\/fr\/cantata-de-natal-2025-emociona-familias-e-celebra-o-encerramento-do-ano-letivo-no-sepam\/#breadcrumb","itemListElement":[{"@type":"ListItem","position":1,"name":"Boas Vindas","item":"https:\/\/sepam.com.br\/"},{"@type":"ListItem","position":2,"name":"Cantata de Natal 2025 emociona fam\u00edlias e celebra o encerramento do ano letivo no Sepam"}]},{"@type":"WebSite","@id":"https:\/\/sepam.com.br\/fr\/#website","url":"https:\/\/sepam.com.br\/fr\/","name":"Col\u00e9gio Sepam","description":"Ensino Incompar\u00e1vel","publisher":{"@id":"https:\/\/sepam.com.br\/fr\/#organization"},"potentialAction":[{"@type":"SearchAction","target":{"@type":"EntryPoint","urlTemplate":"https:\/\/sepam.com.br\/fr\/?s={search_term_string}"},"query-input":{"@type":"PropertyValueSpecification","valueRequired":true,"valueName":"search_term_string"}}],"inLanguage":"fr-FR"},{"@type":"Organization","@id":"https:\/\/sepam.com.br\/fr\/#organization","name":"Col\u00e9gio Sepam","url":"https:\/\/sepam.com.br\/fr\/","logo":{"@type":"ImageObject","inLanguage":"fr-FR","@id":"https:\/\/sepam.com.br\/fr\/#\/schema\/logo\/image\/","url":"https:\/\/sepam.com.br\/wp-content\/uploads\/2025\/02\/Ativo-2.png","contentUrl":"https:\/\/sepam.com.br\/wp-content\/uploads\/2025\/02\/Ativo-2.png","width":595,"height":525,"caption":"Col\u00e9gio Sepam"},"image":{"@id":"https:\/\/sepam.com.br\/fr\/#\/schema\/logo\/image\/"}},{"@type":"Person","@id":"https:\/\/sepam.com.br\/#\/schema\/person\/bfa2996c649a5a6d822766f6e64eb7fd","name":"Sepam","image":{"@type":"ImageObject","inLanguage":"fr-FR","@id":"https:\/\/secure.gravatar.com\/avatar\/0219e64664f5861998ad57a3432eb4bd5fd99a34c7cc9bc44b3c59dfb830db85?s=96&d=mm&r=g","url":"https:\/\/secure.gravatar.com\/avatar\/0219e64664f5861998ad57a3432eb4bd5fd99a34c7cc9bc44b3c59dfb830db85?s=96&d=mm&r=g","contentUrl":"https:\/\/secure.gravatar.com\/avatar\/0219e64664f5861998ad57a3432eb4bd5fd99a34c7cc9bc44b3c59dfb830db85?s=96&d=mm&r=g","caption":"Sepam"},"url":"https:\/\/sepam.com.br\/fr\/author\/sepam\/"}]}},"_links":{"self":[{"href":"https:\/\/sepam.com.br\/fr\/wp-json\/wp\/v2\/posts\/8071","targetHints":{"allow":["GET"]}}],"collection":[{"href":"https:\/\/sepam.com.br\/fr\/wp-json\/wp\/v2\/posts"}],"about":[{"href":"https:\/\/sepam.com.br\/fr\/wp-json\/wp\/v2\/types\/post"}],"author":[{"embeddable":true,"href":"https:\/\/sepam.com.br\/fr\/wp-json\/wp\/v2\/users\/13"}],"replies":[{"embeddable":true,"href":"https:\/\/sepam.com.br\/fr\/wp-json\/wp\/v2\/comments?post=8071"}],"version-history":[{"count":1,"href":"https:\/\/sepam.com.br\/fr\/wp-json\/wp\/v2\/posts\/8071\/revisions"}],"predecessor-version":[{"id":8078,"href":"https:\/\/sepam.com.br\/fr\/wp-json\/wp\/v2\/posts\/8071\/revisions\/8078"}],"wp:featuredmedia":[{"embeddable":true,"href":"https:\/\/sepam.com.br\/fr\/wp-json\/wp\/v2\/media\/8072"}],"wp:attachment":[{"href":"https:\/\/sepam.com.br\/fr\/wp-json\/wp\/v2\/media?parent=8071"}],"wp:term":[{"taxonomy":"category","embeddable":true,"href":"https:\/\/sepam.com.br\/fr\/wp-json\/wp\/v2\/categories?post=8071"},{"taxonomy":"post_tag","embeddable":true,"href":"https:\/\/sepam.com.br\/fr\/wp-json\/wp\/v2\/tags?post=8071"}],"curies":[{"name":"wp","href":"https:\/\/api.w.org\/{rel}","templated":true}]}}