{"id":7173,"date":"2025-08-28T10:47:50","date_gmt":"2025-08-28T13:47:50","guid":{"rendered":"https:\/\/dev.alisonandrei.com.br\/noticia\/colegio-sepam-esta-com-matriculas-abertas-para-2023\/"},"modified":"2025-11-24T10:53:34","modified_gmt":"2025-11-24T13:53:34","slug":"colegio-sepam-esta-com-matriculas-abertas-para-2023","status":"publish","type":"post","link":"https:\/\/sepam.com.br\/fr\/colegio-sepam-esta-com-matriculas-abertas-para-2023\/","title":{"rendered":"Col\u00e9gio Sepam est\u00e1 com matr\u00edculas abertas para 2023"},"content":{"rendered":"<p style=\"text-align: center;\"><em>Calend\u00e1rio letivo do pr\u00f3ximo ano inicia no final de janeiro; quantidade de vagas por turmas s\u00e3o limitadas<\/em><\/p>\n<p>O Col\u00e9gio Pontagrossense Sepam j\u00e1 est\u00e1 recebendo matr\u00edculas para o ano letivo de 2023. O Sepam atende a alunos do Infantil 1 at\u00e9 a 3\u00aa s\u00e9rie do Ensino M\u00e9dio, al\u00e9m de ofertar cursos preparat\u00f3rios para vestibulares. Em 2023, o calend\u00e1rio letivo ter\u00e1 in\u00edcio em 30 de janeiro para os alunos. As crian\u00e7as em adapta\u00e7\u00e3o na Educa\u00e7\u00e3o Infantil come\u00e7ar\u00e3o dia 25.<\/p>\n<p>Um dos diferenciais do Sepam est\u00e1 forma\u00e7\u00e3o global dos alunos; o Col\u00e9gio desenvolve um programa bil\u00edngue (portugu\u00eas-ingl\u00eas), dentro da grade curricular, em todas as turmas da Educa\u00e7\u00e3o Infantil at\u00e9 o Ensino M\u00e9dio.<\/p>\n<p>Desde 2022, o Sepam trabalha dentro do Novo Ensino M\u00e9dio, modelo de aprendizagem focada no desenvolvimento de compet\u00eancias e habilidades, que possibilita que os alunos escolham itiner\u00e1rios formativos de acordo com seu interesse. Somado a isso, \u00e9 o \u00fanico Col\u00e9gio em Ponta Grossa que oferece um programa de ensino m\u00e9dio internacional (High School) realizado por meio de conv\u00eanio com a Universidade de Missouri (Estados Unidos).<\/p>\n<p>\u201cAl\u00e9m das atividades em sala de aula, o Sepam tem tamb\u00e9m a preocupa\u00e7\u00e3o de envolver os alunos em projetos sociais e em a\u00e7\u00f5es culturais e esportivas. Os pais que tiverem interesse podem agendar uma visita presencial para conhecer a estrutura do Col\u00e9gio, nossa equipe, nossos projetos e diferenciais\u201d, convida a coordenadora pedag\u00f3gica, Giselle Gehlen.<\/p>\n<p>Os cadastros para matr\u00edculas podem ser feitos no site do Sepam: sepam.com.br. Para mais informa\u00e7\u00f5es, contate o (42) 3225-2577.<\/p>\n","protected":false},"excerpt":{"rendered":"<p>Calend\u00e1rio letivo do pr\u00f3ximo ano inicia no final de janeiro; quantidade de vagas por turmas s\u00e3o limitadas O Col\u00e9gio Pontagrossense Sepam j\u00e1 est\u00e1 recebendo matr\u00edculas para o ano letivo de 2023. O Sepam atende a alunos do Infantil 1 at\u00e9 a 3\u00aa s\u00e9rie do Ensino M\u00e9dio, al\u00e9m de ofertar cursos preparat\u00f3rios para vestibulares. Em 2023, [&hellip;]<\/p>\n","protected":false},"author":13,"featured_media":0,"comment_status":"open","ping_status":"open","sticky":false,"template":"","format":"standard","meta":{"footnotes":""},"categories":[21],"tags":[],"class_list":["post-7173","post","type-post","status-publish","format-standard","hentry","category-colegio-sepam"],"yoast_head":"<!-- This site is optimized with the Yoast SEO plugin v28.4 - https:\/\/yoast.com\/product\/yoast-seo-wordpress\/ -->\n<title>Col\u00e9gio Sepam est\u00e1 com matr\u00edculas abertas para 2023<\/title>\n<meta name=\"description\" content=\"Calend\u00e1rio letivo do pr\u00f3ximo ano inicia no final de janeiro; quantidade de vagas por turmas s\u00e3o limitadas O Col\u00e9gio Pontagrossense Sepam j\u00e1 est\u00e1 recebendo matr\u00edculas para o ano letivo de 2023. O Sepam atende a alunos do Infantil 1 at\u00e9 a 3\u00aa s\u00e9rie do Ensino M\u00e9dio, al\u00e9m de ofertar cursos preparat\u00f3rios para vestibulares. Em 2023,\u2026\" \/>\n<meta name=\"robots\" content=\"index, follow, max-snippet:-1, max-image-preview:large, max-video-preview:-1\" \/>\n<link rel=\"canonical\" href=\"https:\/\/sepam.com.br\/fr\/colegio-sepam-esta-com-matriculas-abertas-para-2023\/\" \/>\n<meta property=\"og:locale\" content=\"fr_FR\" \/>\n<meta property=\"og:type\" content=\"article\" \/>\n<meta property=\"og:title\" content=\"Col\u00e9gio Sepam est\u00e1 com matr\u00edculas abertas para 2023\" \/>\n<meta property=\"og:description\" content=\"Calend\u00e1rio letivo do pr\u00f3ximo ano inicia no final de janeiro; quantidade de vagas por turmas s\u00e3o limitadas O Col\u00e9gio Pontagrossense Sepam j\u00e1 est\u00e1 recebendo matr\u00edculas para o ano letivo de 2023. O Sepam atende a alunos do Infantil 1 at\u00e9 a 3\u00aa s\u00e9rie do Ensino M\u00e9dio, al\u00e9m de ofertar cursos preparat\u00f3rios para vestibulares. Em 2023,\u2026\" \/>\n<meta property=\"og:url\" content=\"https:\/\/sepam.com.br\/fr\/colegio-sepam-esta-com-matriculas-abertas-para-2023\/\" \/>\n<meta property=\"og:site_name\" content=\"Col\u00e9gio Sepam\" \/>\n<meta property=\"article:published_time\" content=\"2025-08-28T13:47:50+00:00\" \/>\n<meta property=\"article:modified_time\" content=\"2025-11-24T13:53:34+00:00\" \/>\n<meta name=\"author\" content=\"Sepam\" \/>\n<meta name=\"twitter:card\" content=\"summary_large_image\" \/>\n<meta name=\"twitter:label1\" content=\"\u00c9crit par\" \/>\n\t<meta name=\"twitter:data1\" content=\"Sepam\" \/>\n\t<meta name=\"twitter:label2\" content=\"Dur\u00e9e de lecture estim\u00e9e\" \/>\n\t<meta name=\"twitter:data2\" content=\"1 minute\" \/>\n<script type=\"application\/ld+json\" class=\"yoast-schema-graph\">{\"@context\":\"https:\\\/\\\/schema.org\",\"@graph\":[{\"@type\":\"Article\",\"@id\":\"https:\\\/\\\/sepam.com.br\\\/fr\\\/colegio-sepam-esta-com-matriculas-abertas-para-2023\\\/#article\",\"isPartOf\":{\"@id\":\"https:\\\/\\\/sepam.com.br\\\/fr\\\/colegio-sepam-esta-com-matriculas-abertas-para-2023\\\/\"},\"author\":{\"name\":\"Sepam\",\"@id\":\"https:\\\/\\\/sepam.com.br\\\/#\\\/schema\\\/person\\\/bfa2996c649a5a6d822766f6e64eb7fd\"},\"headline\":\"Col\u00e9gio Sepam est\u00e1 com matr\u00edculas abertas para 2023\",\"datePublished\":\"2025-08-28T13:47:50+00:00\",\"dateModified\":\"2025-11-24T13:53:34+00:00\",\"mainEntityOfPage\":{\"@id\":\"https:\\\/\\\/sepam.com.br\\\/fr\\\/colegio-sepam-esta-com-matriculas-abertas-para-2023\\\/\"},\"wordCount\":286,\"commentCount\":0,\"publisher\":{\"@id\":\"https:\\\/\\\/sepam.com.br\\\/#organization\"},\"articleSection\":[\"Colegio Sepam\"],\"inLanguage\":\"fr-FR\",\"potentialAction\":[{\"@type\":\"CommentAction\",\"name\":\"Comment\",\"target\":[\"https:\\\/\\\/sepam.com.br\\\/fr\\\/colegio-sepam-esta-com-matriculas-abertas-para-2023\\\/#respond\"]}]},{\"@type\":\"WebPage\",\"@id\":\"https:\\\/\\\/sepam.com.br\\\/fr\\\/colegio-sepam-esta-com-matriculas-abertas-para-2023\\\/\",\"url\":\"https:\\\/\\\/sepam.com.br\\\/fr\\\/colegio-sepam-esta-com-matriculas-abertas-para-2023\\\/\",\"name\":\"Col\u00e9gio Sepam est\u00e1 com matr\u00edculas abertas para 2023 - Col\u00e9gio Sepam\",\"isPartOf\":{\"@id\":\"https:\\\/\\\/sepam.com.br\\\/#website\"},\"datePublished\":\"2025-08-28T13:47:50+00:00\",\"dateModified\":\"2025-11-24T13:53:34+00:00\",\"breadcrumb\":{\"@id\":\"https:\\\/\\\/sepam.com.br\\\/fr\\\/colegio-sepam-esta-com-matriculas-abertas-para-2023\\\/#breadcrumb\"},\"inLanguage\":\"fr-FR\",\"potentialAction\":[{\"@type\":\"ReadAction\",\"target\":[\"https:\\\/\\\/sepam.com.br\\\/fr\\\/colegio-sepam-esta-com-matriculas-abertas-para-2023\\\/\"]}]},{\"@type\":\"BreadcrumbList\",\"@id\":\"https:\\\/\\\/sepam.com.br\\\/fr\\\/colegio-sepam-esta-com-matriculas-abertas-para-2023\\\/#breadcrumb\",\"itemListElement\":[{\"@type\":\"ListItem\",\"position\":1,\"name\":\"Boas Vindas\",\"item\":\"https:\\\/\\\/sepam.com.br\\\/\"},{\"@type\":\"ListItem\",\"position\":2,\"name\":\"Col\u00e9gio Sepam est\u00e1 com matr\u00edculas abertas para 2023\"}]},{\"@type\":\"WebSite\",\"@id\":\"https:\\\/\\\/sepam.com.br\\\/fr\\\/#website\",\"url\":\"https:\\\/\\\/sepam.com.br\\\/fr\\\/\",\"name\":\"Col\u00e9gio Sepam\",\"description\":\"Ensino Incompar\u00e1vel\",\"publisher\":{\"@id\":\"https:\\\/\\\/sepam.com.br\\\/fr\\\/#organization\"},\"potentialAction\":[{\"@type\":\"SearchAction\",\"target\":{\"@type\":\"EntryPoint\",\"urlTemplate\":\"https:\\\/\\\/sepam.com.br\\\/fr\\\/?s={search_term_string}\"},\"query-input\":{\"@type\":\"PropertyValueSpecification\",\"valueRequired\":true,\"valueName\":\"search_term_string\"}}],\"inLanguage\":\"fr-FR\"},{\"@type\":\"Organization\",\"@id\":\"https:\\\/\\\/sepam.com.br\\\/fr\\\/#organization\",\"name\":\"Col\u00e9gio Sepam\",\"url\":\"https:\\\/\\\/sepam.com.br\\\/fr\\\/\",\"logo\":{\"@type\":\"ImageObject\",\"inLanguage\":\"fr-FR\",\"@id\":\"https:\\\/\\\/sepam.com.br\\\/fr\\\/#\\\/schema\\\/logo\\\/image\\\/\",\"url\":\"https:\\\/\\\/sepam.com.br\\\/wp-content\\\/uploads\\\/2025\\\/02\\\/Ativo-2.png\",\"contentUrl\":\"https:\\\/\\\/sepam.com.br\\\/wp-content\\\/uploads\\\/2025\\\/02\\\/Ativo-2.png\",\"width\":595,\"height\":525,\"caption\":\"Col\u00e9gio Sepam\"},\"image\":{\"@id\":\"https:\\\/\\\/sepam.com.br\\\/fr\\\/#\\\/schema\\\/logo\\\/image\\\/\"}},{\"@type\":\"Person\",\"@id\":\"https:\\\/\\\/sepam.com.br\\\/#\\\/schema\\\/person\\\/bfa2996c649a5a6d822766f6e64eb7fd\",\"name\":\"Sepam\",\"image\":{\"@type\":\"ImageObject\",\"inLanguage\":\"fr-FR\",\"@id\":\"https:\\\/\\\/secure.gravatar.com\\\/avatar\\\/0219e64664f5861998ad57a3432eb4bd5fd99a34c7cc9bc44b3c59dfb830db85?s=96&d=mm&r=g\",\"url\":\"https:\\\/\\\/secure.gravatar.com\\\/avatar\\\/0219e64664f5861998ad57a3432eb4bd5fd99a34c7cc9bc44b3c59dfb830db85?s=96&d=mm&r=g\",\"contentUrl\":\"https:\\\/\\\/secure.gravatar.com\\\/avatar\\\/0219e64664f5861998ad57a3432eb4bd5fd99a34c7cc9bc44b3c59dfb830db85?s=96&d=mm&r=g\",\"caption\":\"Sepam\"},\"url\":\"https:\\\/\\\/sepam.com.br\\\/fr\\\/author\\\/sepam\\\/\"}]}<\/script>\n<!-- \/ Yoast SEO plugin. -->","yoast_head_json":{"title":"Col\u00e9gio Sepam est\u00e1 com matr\u00edculas abertas para 2023","description":"Calend\u00e1rio letivo do pr\u00f3ximo ano inicia no final de janeiro; quantidade de vagas por turmas s\u00e3o limitadas O Col\u00e9gio Pontagrossense Sepam j\u00e1 est\u00e1 recebendo matr\u00edculas para o ano letivo de 2023. O Sepam atende a alunos do Infantil 1 at\u00e9 a 3\u00aa s\u00e9rie do Ensino M\u00e9dio, al\u00e9m de ofertar cursos preparat\u00f3rios para vestibulares. Em 2023,\u2026","robots":{"index":"index","follow":"follow","max-snippet":"max-snippet:-1","max-image-preview":"max-image-preview:large","max-video-preview":"max-video-preview:-1"},"canonical":"https:\/\/sepam.com.br\/fr\/colegio-sepam-esta-com-matriculas-abertas-para-2023\/","og_locale":"fr_FR","og_type":"article","og_title":"Col\u00e9gio Sepam est\u00e1 com matr\u00edculas abertas para 2023","og_description":"Calend\u00e1rio letivo do pr\u00f3ximo ano inicia no final de janeiro; quantidade de vagas por turmas s\u00e3o limitadas O Col\u00e9gio Pontagrossense Sepam j\u00e1 est\u00e1 recebendo matr\u00edculas para o ano letivo de 2023. O Sepam atende a alunos do Infantil 1 at\u00e9 a 3\u00aa s\u00e9rie do Ensino M\u00e9dio, al\u00e9m de ofertar cursos preparat\u00f3rios para vestibulares. Em 2023,\u2026","og_url":"https:\/\/sepam.com.br\/fr\/colegio-sepam-esta-com-matriculas-abertas-para-2023\/","og_site_name":"Col\u00e9gio Sepam","article_published_time":"2025-08-28T13:47:50+00:00","article_modified_time":"2025-11-24T13:53:34+00:00","author":"Sepam","twitter_card":"summary_large_image","twitter_misc":{"\u00c9crit par":"Sepam","Dur\u00e9e de lecture estim\u00e9e":"1 minute"},"schema":{"@context":"https:\/\/schema.org","@graph":[{"@type":"Article","@id":"https:\/\/sepam.com.br\/fr\/colegio-sepam-esta-com-matriculas-abertas-para-2023\/#article","isPartOf":{"@id":"https:\/\/sepam.com.br\/fr\/colegio-sepam-esta-com-matriculas-abertas-para-2023\/"},"author":{"name":"Sepam","@id":"https:\/\/sepam.com.br\/#\/schema\/person\/bfa2996c649a5a6d822766f6e64eb7fd"},"headline":"Col\u00e9gio Sepam est\u00e1 com matr\u00edculas abertas para 2023","datePublished":"2025-08-28T13:47:50+00:00","dateModified":"2025-11-24T13:53:34+00:00","mainEntityOfPage":{"@id":"https:\/\/sepam.com.br\/fr\/colegio-sepam-esta-com-matriculas-abertas-para-2023\/"},"wordCount":286,"commentCount":0,"publisher":{"@id":"https:\/\/sepam.com.br\/#organization"},"articleSection":["Colegio Sepam"],"inLanguage":"fr-FR","potentialAction":[{"@type":"CommentAction","name":"Comment","target":["https:\/\/sepam.com.br\/fr\/colegio-sepam-esta-com-matriculas-abertas-para-2023\/#respond"]}]},{"@type":"WebPage","@id":"https:\/\/sepam.com.br\/fr\/colegio-sepam-esta-com-matriculas-abertas-para-2023\/","url":"https:\/\/sepam.com.br\/fr\/colegio-sepam-esta-com-matriculas-abertas-para-2023\/","name":"Col\u00e9gio Sepam est\u00e1 com matr\u00edculas abertas para 2023 - Col\u00e9gio Sepam","isPartOf":{"@id":"https:\/\/sepam.com.br\/#website"},"datePublished":"2025-08-28T13:47:50+00:00","dateModified":"2025-11-24T13:53:34+00:00","breadcrumb":{"@id":"https:\/\/sepam.com.br\/fr\/colegio-sepam-esta-com-matriculas-abertas-para-2023\/#breadcrumb"},"inLanguage":"fr-FR","potentialAction":[{"@type":"ReadAction","target":["https:\/\/sepam.com.br\/fr\/colegio-sepam-esta-com-matriculas-abertas-para-2023\/"]}]},{"@type":"BreadcrumbList","@id":"https:\/\/sepam.com.br\/fr\/colegio-sepam-esta-com-matriculas-abertas-para-2023\/#breadcrumb","itemListElement":[{"@type":"ListItem","position":1,"name":"Boas Vindas","item":"https:\/\/sepam.com.br\/"},{"@type":"ListItem","position":2,"name":"Col\u00e9gio Sepam est\u00e1 com matr\u00edculas abertas para 2023"}]},{"@type":"WebSite","@id":"https:\/\/sepam.com.br\/fr\/#website","url":"https:\/\/sepam.com.br\/fr\/","name":"Col\u00e9gio Sepam","description":"Ensino Incompar\u00e1vel","publisher":{"@id":"https:\/\/sepam.com.br\/fr\/#organization"},"potentialAction":[{"@type":"SearchAction","target":{"@type":"EntryPoint","urlTemplate":"https:\/\/sepam.com.br\/fr\/?s={search_term_string}"},"query-input":{"@type":"PropertyValueSpecification","valueRequired":true,"valueName":"search_term_string"}}],"inLanguage":"fr-FR"},{"@type":"Organization","@id":"https:\/\/sepam.com.br\/fr\/#organization","name":"Col\u00e9gio Sepam","url":"https:\/\/sepam.com.br\/fr\/","logo":{"@type":"ImageObject","inLanguage":"fr-FR","@id":"https:\/\/sepam.com.br\/fr\/#\/schema\/logo\/image\/","url":"https:\/\/sepam.com.br\/wp-content\/uploads\/2025\/02\/Ativo-2.png","contentUrl":"https:\/\/sepam.com.br\/wp-content\/uploads\/2025\/02\/Ativo-2.png","width":595,"height":525,"caption":"Col\u00e9gio Sepam"},"image":{"@id":"https:\/\/sepam.com.br\/fr\/#\/schema\/logo\/image\/"}},{"@type":"Person","@id":"https:\/\/sepam.com.br\/#\/schema\/person\/bfa2996c649a5a6d822766f6e64eb7fd","name":"Sepam","image":{"@type":"ImageObject","inLanguage":"fr-FR","@id":"https:\/\/secure.gravatar.com\/avatar\/0219e64664f5861998ad57a3432eb4bd5fd99a34c7cc9bc44b3c59dfb830db85?s=96&d=mm&r=g","url":"https:\/\/secure.gravatar.com\/avatar\/0219e64664f5861998ad57a3432eb4bd5fd99a34c7cc9bc44b3c59dfb830db85?s=96&d=mm&r=g","contentUrl":"https:\/\/secure.gravatar.com\/avatar\/0219e64664f5861998ad57a3432eb4bd5fd99a34c7cc9bc44b3c59dfb830db85?s=96&d=mm&r=g","caption":"Sepam"},"url":"https:\/\/sepam.com.br\/fr\/author\/sepam\/"}]}},"_links":{"self":[{"href":"https:\/\/sepam.com.br\/fr\/wp-json\/wp\/v2\/posts\/7173","targetHints":{"allow":["GET"]}}],"collection":[{"href":"https:\/\/sepam.com.br\/fr\/wp-json\/wp\/v2\/posts"}],"about":[{"href":"https:\/\/sepam.com.br\/fr\/wp-json\/wp\/v2\/types\/post"}],"author":[{"embeddable":true,"href":"https:\/\/sepam.com.br\/fr\/wp-json\/wp\/v2\/users\/13"}],"replies":[{"embeddable":true,"href":"https:\/\/sepam.com.br\/fr\/wp-json\/wp\/v2\/comments?post=7173"}],"version-history":[{"count":1,"href":"https:\/\/sepam.com.br\/fr\/wp-json\/wp\/v2\/posts\/7173\/revisions"}],"predecessor-version":[{"id":7197,"href":"https:\/\/sepam.com.br\/fr\/wp-json\/wp\/v2\/posts\/7173\/revisions\/7197"}],"wp:attachment":[{"href":"https:\/\/sepam.com.br\/fr\/wp-json\/wp\/v2\/media?parent=7173"}],"wp:term":[{"taxonomy":"category","embeddable":true,"href":"https:\/\/sepam.com.br\/fr\/wp-json\/wp\/v2\/categories?post=7173"},{"taxonomy":"post_tag","embeddable":true,"href":"https:\/\/sepam.com.br\/fr\/wp-json\/wp\/v2\/tags?post=7173"}],"curies":[{"name":"wp","href":"https:\/\/api.w.org\/{rel}","templated":true}]}}