{"id":7172,"date":"2025-08-28T10:47:50","date_gmt":"2025-08-28T13:47:50","guid":{"rendered":"https:\/\/dev.alisonandrei.com.br\/noticia\/projeto-menarca-voltado-a-saude-de-meninas-adolescentes-impacta-mais-de-72-mil-garotas-em-20-anos\/"},"modified":"2025-11-24T10:53:34","modified_gmt":"2025-11-24T13:53:34","slug":"projeto-menarca-voltado-a-saude-de-meninas-adolescentes-impacta-mais-de-72-mil-garotas-em-20-anos","status":"publish","type":"post","link":"https:\/\/sepam.com.br\/fr\/projeto-menarca-voltado-a-saude-de-meninas-adolescentes-impacta-mais-de-72-mil-garotas-em-20-anos\/","title":{"rendered":"Projeto Menarca, voltado \u00e0 sa\u00fade de meninas adolescentes, impacta mais de 72 mil garotas em 20 anos"},"content":{"rendered":"<p style=\"text-align: center;\"><em>Promovido pelo Col\u00e9gio Sepam de Ponta Grossa, projeto re\u00fane adolescentes da comunidade para bate-papo sobre temas relacionados \u00e0 sexualidade e \u00e0 sa\u00fade feminina<\/em><\/p>\n<p>O Projeto Menarca de promo\u00e7\u00e3o \u00e0 sa\u00fade feminina, desenvolvido pelo Col\u00e9gio Pontagrossense Sepam, completa 20 anos de atua\u00e7\u00e3o. Criado em 2002, o programa que visa conscientizar e orientar adolescentes em fase de menarca \u2013 1\u00b0 menstrua\u00e7\u00e3o \u2013 impactou 72 mil meninas at\u00e9 2019, sendo retomado em 2022.<\/p>\n<p>Promovendo encontros com palestras e bate-papo entre adolescentes de 12 a 16 anos, o projeto atende a escolas p\u00fablicas e centro de atendimento a menores infratores, levando temas relacionados \u00e0 sexualidade e sa\u00fade feminina. As discuss\u00f5es envolvem assuntos, como os riscos das ISTs (Infec\u00e7\u00f5es Sexualmente Transmiss\u00edveis) e os problemas originados da gravidez na adolesc\u00eancia. Durante os 20 anos de projeto, 420 alunas do col\u00e9gio j\u00e1 participaram como volunt\u00e1rias na iniciativa.<\/p>\n<p>\u201cO diferencial do Projeto Menarca, que tem garantido bons resultados, \u00e9 a estrat\u00e9gia adotada na condu\u00e7\u00e3o dos debates. As alunas do Sepam, volunt\u00e1rias da iniciativa, est\u00e3o na mesma faixa et\u00e1ria e s\u00e3o elas que lideram os encontros, sem a presen\u00e7a de professores em sala de aula. Dessa forma, s\u00e3o meninas falando com meninas sobre um assunto do seu universo em comum, conseguindo assim quebrar as barreiras criadas quando um adulto aborda o tema com as jovens\u201d, explica o coordenador pedag\u00f3gico e de projetos do Sepam, Jacob Cavagnari.<\/p>\n<p>Segundo a orientadora da iniciativa e professora de Educa\u00e7\u00e3o F\u00edsica do Sepam, Larissa Pasturczak, as volunt\u00e1rias s\u00e3o preparadas para esse encontro por profissionais especializados. \u201cO treinamento acontece por meio de reuni\u00f5es com a coordena\u00e7\u00e3o do projeto e palestras feitas pela ginecologista Isabela Mongruel, que trabalha com as meninas toda a parte de anatomia e fisiologia do corpo, IST\u2019S, m\u00e9todos contraceptivos e incentivo \u00e0 vacina HPV. Al\u00e9m disso, tamb\u00e9m realizamos sess\u00e3o com uma psic\u00f3loga, que trata da import\u00e2ncia do voluntariado e o bem proporcionado por meio do projeto\u201d, informa Larissa.<\/p>\n<p>Iniciativa de sucesso, o programa conquistou quatro pr\u00eamios nacionais: Pr\u00eamio Escola de Incentivo \u00e0 Preven\u00e7\u00e3o de DST`s, Aids e drogas (UNESCO\/ONU \u2013 2003)), Pr\u00eamio Jovem Semeador (Iber\u00e1 Sementes \u2013 2004), Pr\u00eamio Objetivos de Desenvolvimento do Mil\u00eanio ODM Brasil (Governo Brasileiro \u2013 2005) e Pr\u00eamio Construindo a Na\u00e7\u00e3o (CNI\/SESI \u2013 2007).<\/p>\n<p>O Col\u00e9gio Sepam ainda realiza outros projetos direcionados \u00e0 comunidade da regi\u00e3o de Ponta Grossa, como Grupo da Cidadania, Step by Step e ECOPAM, todos voltados para a forma\u00e7\u00e3o cidad\u00e3 dos alunos.<\/p>\n","protected":false},"excerpt":{"rendered":"<p>Promovido pelo Col\u00e9gio Sepam de Ponta Grossa, projeto re\u00fane adolescentes da comunidade para bate-papo sobre temas relacionados \u00e0 sexualidade e \u00e0 sa\u00fade feminina O Projeto Menarca de promo\u00e7\u00e3o \u00e0 sa\u00fade feminina, desenvolvido pelo Col\u00e9gio Pontagrossense Sepam, completa 20 anos de atua\u00e7\u00e3o. Criado em 2002, o programa que visa conscientizar e orientar adolescentes em fase de [&hellip;]<\/p>\n","protected":false},"author":13,"featured_media":0,"comment_status":"open","ping_status":"open","sticky":false,"template":"","format":"standard","meta":{"footnotes":""},"categories":[21],"tags":[],"class_list":["post-7172","post","type-post","status-publish","format-standard","hentry","category-colegio-sepam"],"yoast_head":"<!-- This site is optimized with the Yoast SEO plugin v28.4 - https:\/\/yoast.com\/product\/yoast-seo-wordpress\/ -->\n<title>Projeto Menarca, voltado \u00e0 sa\u00fade de meninas adolescentes, impacta mais de 72 mil garotas em 20 anos<\/title>\n<meta name=\"description\" content=\"Promovido pelo Col\u00e9gio Sepam de Ponta Grossa, projeto re\u00fane adolescentes da comunidade para bate-papo sobre temas relacionados \u00e0 sexualidade e \u00e0 sa\u00fade feminina O Projeto Menarca de promo\u00e7\u00e3o \u00e0 sa\u00fade feminina, desenvolvido pelo Col\u00e9gio Pontagrossense Sepam, completa 20 anos de atua\u00e7\u00e3o. Criado em 2002, o programa que visa conscientizar e orientar adolescentes em fase de\u2026\" \/>\n<meta name=\"robots\" content=\"index, follow, max-snippet:-1, max-image-preview:large, max-video-preview:-1\" \/>\n<link rel=\"canonical\" href=\"https:\/\/sepam.com.br\/fr\/projeto-menarca-voltado-a-saude-de-meninas-adolescentes-impacta-mais-de-72-mil-garotas-em-20-anos\/\" \/>\n<meta property=\"og:locale\" content=\"fr_FR\" \/>\n<meta property=\"og:type\" content=\"article\" \/>\n<meta property=\"og:title\" content=\"Projeto Menarca, voltado \u00e0 sa\u00fade de meninas adolescentes, impacta mais de 72 mil garotas em 20 anos\" \/>\n<meta property=\"og:description\" content=\"Promovido pelo Col\u00e9gio Sepam de Ponta Grossa, projeto re\u00fane adolescentes da comunidade para bate-papo sobre temas relacionados \u00e0 sexualidade e \u00e0 sa\u00fade feminina O Projeto Menarca de promo\u00e7\u00e3o \u00e0 sa\u00fade feminina, desenvolvido pelo Col\u00e9gio Pontagrossense Sepam, completa 20 anos de atua\u00e7\u00e3o. Criado em 2002, o programa que visa conscientizar e orientar adolescentes em fase de\u2026\" \/>\n<meta property=\"og:url\" content=\"https:\/\/sepam.com.br\/fr\/projeto-menarca-voltado-a-saude-de-meninas-adolescentes-impacta-mais-de-72-mil-garotas-em-20-anos\/\" \/>\n<meta property=\"og:site_name\" content=\"Col\u00e9gio Sepam\" \/>\n<meta property=\"article:published_time\" content=\"2025-08-28T13:47:50+00:00\" \/>\n<meta property=\"article:modified_time\" content=\"2025-11-24T13:53:34+00:00\" \/>\n<meta name=\"author\" content=\"Sepam\" \/>\n<meta name=\"twitter:card\" content=\"summary_large_image\" \/>\n<meta name=\"twitter:label1\" content=\"\u00c9crit par\" \/>\n\t<meta name=\"twitter:data1\" content=\"Sepam\" \/>\n\t<meta name=\"twitter:label2\" content=\"Dur\u00e9e de lecture estim\u00e9e\" \/>\n\t<meta name=\"twitter:data2\" content=\"2 minutes\" \/>\n<script type=\"application\/ld+json\" class=\"yoast-schema-graph\">{\"@context\":\"https:\\\/\\\/schema.org\",\"@graph\":[{\"@type\":\"Article\",\"@id\":\"https:\\\/\\\/sepam.com.br\\\/fr\\\/projeto-menarca-voltado-a-saude-de-meninas-adolescentes-impacta-mais-de-72-mil-garotas-em-20-anos\\\/#article\",\"isPartOf\":{\"@id\":\"https:\\\/\\\/sepam.com.br\\\/fr\\\/projeto-menarca-voltado-a-saude-de-meninas-adolescentes-impacta-mais-de-72-mil-garotas-em-20-anos\\\/\"},\"author\":{\"name\":\"Sepam\",\"@id\":\"https:\\\/\\\/sepam.com.br\\\/#\\\/schema\\\/person\\\/bfa2996c649a5a6d822766f6e64eb7fd\"},\"headline\":\"Projeto Menarca, voltado \u00e0 sa\u00fade de meninas adolescentes, impacta mais de 72 mil garotas em 20 anos\",\"datePublished\":\"2025-08-28T13:47:50+00:00\",\"dateModified\":\"2025-11-24T13:53:34+00:00\",\"mainEntityOfPage\":{\"@id\":\"https:\\\/\\\/sepam.com.br\\\/fr\\\/projeto-menarca-voltado-a-saude-de-meninas-adolescentes-impacta-mais-de-72-mil-garotas-em-20-anos\\\/\"},\"wordCount\":437,\"commentCount\":0,\"publisher\":{\"@id\":\"https:\\\/\\\/sepam.com.br\\\/#organization\"},\"articleSection\":[\"Colegio Sepam\"],\"inLanguage\":\"fr-FR\",\"potentialAction\":[{\"@type\":\"CommentAction\",\"name\":\"Comment\",\"target\":[\"https:\\\/\\\/sepam.com.br\\\/fr\\\/projeto-menarca-voltado-a-saude-de-meninas-adolescentes-impacta-mais-de-72-mil-garotas-em-20-anos\\\/#respond\"]}]},{\"@type\":\"WebPage\",\"@id\":\"https:\\\/\\\/sepam.com.br\\\/fr\\\/projeto-menarca-voltado-a-saude-de-meninas-adolescentes-impacta-mais-de-72-mil-garotas-em-20-anos\\\/\",\"url\":\"https:\\\/\\\/sepam.com.br\\\/fr\\\/projeto-menarca-voltado-a-saude-de-meninas-adolescentes-impacta-mais-de-72-mil-garotas-em-20-anos\\\/\",\"name\":\"Projeto Menarca, voltado \u00e0 sa\u00fade de meninas adolescentes, impacta mais de 72 mil garotas em 20 anos - Col\u00e9gio Sepam\",\"isPartOf\":{\"@id\":\"https:\\\/\\\/sepam.com.br\\\/#website\"},\"datePublished\":\"2025-08-28T13:47:50+00:00\",\"dateModified\":\"2025-11-24T13:53:34+00:00\",\"breadcrumb\":{\"@id\":\"https:\\\/\\\/sepam.com.br\\\/fr\\\/projeto-menarca-voltado-a-saude-de-meninas-adolescentes-impacta-mais-de-72-mil-garotas-em-20-anos\\\/#breadcrumb\"},\"inLanguage\":\"fr-FR\",\"potentialAction\":[{\"@type\":\"ReadAction\",\"target\":[\"https:\\\/\\\/sepam.com.br\\\/fr\\\/projeto-menarca-voltado-a-saude-de-meninas-adolescentes-impacta-mais-de-72-mil-garotas-em-20-anos\\\/\"]}]},{\"@type\":\"BreadcrumbList\",\"@id\":\"https:\\\/\\\/sepam.com.br\\\/fr\\\/projeto-menarca-voltado-a-saude-de-meninas-adolescentes-impacta-mais-de-72-mil-garotas-em-20-anos\\\/#breadcrumb\",\"itemListElement\":[{\"@type\":\"ListItem\",\"position\":1,\"name\":\"Boas Vindas\",\"item\":\"https:\\\/\\\/sepam.com.br\\\/\"},{\"@type\":\"ListItem\",\"position\":2,\"name\":\"Projeto Menarca, voltado \u00e0 sa\u00fade de meninas adolescentes, impacta mais de 72 mil garotas em 20 anos\"}]},{\"@type\":\"WebSite\",\"@id\":\"https:\\\/\\\/sepam.com.br\\\/fr\\\/#website\",\"url\":\"https:\\\/\\\/sepam.com.br\\\/fr\\\/\",\"name\":\"Col\u00e9gio Sepam\",\"description\":\"Ensino Incompar\u00e1vel\",\"publisher\":{\"@id\":\"https:\\\/\\\/sepam.com.br\\\/fr\\\/#organization\"},\"potentialAction\":[{\"@type\":\"SearchAction\",\"target\":{\"@type\":\"EntryPoint\",\"urlTemplate\":\"https:\\\/\\\/sepam.com.br\\\/fr\\\/?s={search_term_string}\"},\"query-input\":{\"@type\":\"PropertyValueSpecification\",\"valueRequired\":true,\"valueName\":\"search_term_string\"}}],\"inLanguage\":\"fr-FR\"},{\"@type\":\"Organization\",\"@id\":\"https:\\\/\\\/sepam.com.br\\\/fr\\\/#organization\",\"name\":\"Col\u00e9gio Sepam\",\"url\":\"https:\\\/\\\/sepam.com.br\\\/fr\\\/\",\"logo\":{\"@type\":\"ImageObject\",\"inLanguage\":\"fr-FR\",\"@id\":\"https:\\\/\\\/sepam.com.br\\\/fr\\\/#\\\/schema\\\/logo\\\/image\\\/\",\"url\":\"https:\\\/\\\/sepam.com.br\\\/wp-content\\\/uploads\\\/2025\\\/02\\\/Ativo-2.png\",\"contentUrl\":\"https:\\\/\\\/sepam.com.br\\\/wp-content\\\/uploads\\\/2025\\\/02\\\/Ativo-2.png\",\"width\":595,\"height\":525,\"caption\":\"Col\u00e9gio Sepam\"},\"image\":{\"@id\":\"https:\\\/\\\/sepam.com.br\\\/fr\\\/#\\\/schema\\\/logo\\\/image\\\/\"}},{\"@type\":\"Person\",\"@id\":\"https:\\\/\\\/sepam.com.br\\\/#\\\/schema\\\/person\\\/bfa2996c649a5a6d822766f6e64eb7fd\",\"name\":\"Sepam\",\"image\":{\"@type\":\"ImageObject\",\"inLanguage\":\"fr-FR\",\"@id\":\"https:\\\/\\\/secure.gravatar.com\\\/avatar\\\/0219e64664f5861998ad57a3432eb4bd5fd99a34c7cc9bc44b3c59dfb830db85?s=96&d=mm&r=g\",\"url\":\"https:\\\/\\\/secure.gravatar.com\\\/avatar\\\/0219e64664f5861998ad57a3432eb4bd5fd99a34c7cc9bc44b3c59dfb830db85?s=96&d=mm&r=g\",\"contentUrl\":\"https:\\\/\\\/secure.gravatar.com\\\/avatar\\\/0219e64664f5861998ad57a3432eb4bd5fd99a34c7cc9bc44b3c59dfb830db85?s=96&d=mm&r=g\",\"caption\":\"Sepam\"},\"url\":\"https:\\\/\\\/sepam.com.br\\\/fr\\\/author\\\/sepam\\\/\"}]}<\/script>\n<!-- \/ Yoast SEO plugin. -->","yoast_head_json":{"title":"Projeto Menarca, voltado \u00e0 sa\u00fade de meninas adolescentes, impacta mais de 72 mil garotas em 20 anos","description":"Promovido pelo Col\u00e9gio Sepam de Ponta Grossa, projeto re\u00fane adolescentes da comunidade para bate-papo sobre temas relacionados \u00e0 sexualidade e \u00e0 sa\u00fade feminina O Projeto Menarca de promo\u00e7\u00e3o \u00e0 sa\u00fade feminina, desenvolvido pelo Col\u00e9gio Pontagrossense Sepam, completa 20 anos de atua\u00e7\u00e3o. Criado em 2002, o programa que visa conscientizar e orientar adolescentes em fase de\u2026","robots":{"index":"index","follow":"follow","max-snippet":"max-snippet:-1","max-image-preview":"max-image-preview:large","max-video-preview":"max-video-preview:-1"},"canonical":"https:\/\/sepam.com.br\/fr\/projeto-menarca-voltado-a-saude-de-meninas-adolescentes-impacta-mais-de-72-mil-garotas-em-20-anos\/","og_locale":"fr_FR","og_type":"article","og_title":"Projeto Menarca, voltado \u00e0 sa\u00fade de meninas adolescentes, impacta mais de 72 mil garotas em 20 anos","og_description":"Promovido pelo Col\u00e9gio Sepam de Ponta Grossa, projeto re\u00fane adolescentes da comunidade para bate-papo sobre temas relacionados \u00e0 sexualidade e \u00e0 sa\u00fade feminina O Projeto Menarca de promo\u00e7\u00e3o \u00e0 sa\u00fade feminina, desenvolvido pelo Col\u00e9gio Pontagrossense Sepam, completa 20 anos de atua\u00e7\u00e3o. Criado em 2002, o programa que visa conscientizar e orientar adolescentes em fase de\u2026","og_url":"https:\/\/sepam.com.br\/fr\/projeto-menarca-voltado-a-saude-de-meninas-adolescentes-impacta-mais-de-72-mil-garotas-em-20-anos\/","og_site_name":"Col\u00e9gio Sepam","article_published_time":"2025-08-28T13:47:50+00:00","article_modified_time":"2025-11-24T13:53:34+00:00","author":"Sepam","twitter_card":"summary_large_image","twitter_misc":{"\u00c9crit par":"Sepam","Dur\u00e9e de lecture estim\u00e9e":"2 minutes"},"schema":{"@context":"https:\/\/schema.org","@graph":[{"@type":"Article","@id":"https:\/\/sepam.com.br\/fr\/projeto-menarca-voltado-a-saude-de-meninas-adolescentes-impacta-mais-de-72-mil-garotas-em-20-anos\/#article","isPartOf":{"@id":"https:\/\/sepam.com.br\/fr\/projeto-menarca-voltado-a-saude-de-meninas-adolescentes-impacta-mais-de-72-mil-garotas-em-20-anos\/"},"author":{"name":"Sepam","@id":"https:\/\/sepam.com.br\/#\/schema\/person\/bfa2996c649a5a6d822766f6e64eb7fd"},"headline":"Projeto Menarca, voltado \u00e0 sa\u00fade de meninas adolescentes, impacta mais de 72 mil garotas em 20 anos","datePublished":"2025-08-28T13:47:50+00:00","dateModified":"2025-11-24T13:53:34+00:00","mainEntityOfPage":{"@id":"https:\/\/sepam.com.br\/fr\/projeto-menarca-voltado-a-saude-de-meninas-adolescentes-impacta-mais-de-72-mil-garotas-em-20-anos\/"},"wordCount":437,"commentCount":0,"publisher":{"@id":"https:\/\/sepam.com.br\/#organization"},"articleSection":["Colegio Sepam"],"inLanguage":"fr-FR","potentialAction":[{"@type":"CommentAction","name":"Comment","target":["https:\/\/sepam.com.br\/fr\/projeto-menarca-voltado-a-saude-de-meninas-adolescentes-impacta-mais-de-72-mil-garotas-em-20-anos\/#respond"]}]},{"@type":"WebPage","@id":"https:\/\/sepam.com.br\/fr\/projeto-menarca-voltado-a-saude-de-meninas-adolescentes-impacta-mais-de-72-mil-garotas-em-20-anos\/","url":"https:\/\/sepam.com.br\/fr\/projeto-menarca-voltado-a-saude-de-meninas-adolescentes-impacta-mais-de-72-mil-garotas-em-20-anos\/","name":"Projeto Menarca, voltado \u00e0 sa\u00fade de meninas adolescentes, impacta mais de 72 mil garotas em 20 anos - Col\u00e9gio Sepam","isPartOf":{"@id":"https:\/\/sepam.com.br\/#website"},"datePublished":"2025-08-28T13:47:50+00:00","dateModified":"2025-11-24T13:53:34+00:00","breadcrumb":{"@id":"https:\/\/sepam.com.br\/fr\/projeto-menarca-voltado-a-saude-de-meninas-adolescentes-impacta-mais-de-72-mil-garotas-em-20-anos\/#breadcrumb"},"inLanguage":"fr-FR","potentialAction":[{"@type":"ReadAction","target":["https:\/\/sepam.com.br\/fr\/projeto-menarca-voltado-a-saude-de-meninas-adolescentes-impacta-mais-de-72-mil-garotas-em-20-anos\/"]}]},{"@type":"BreadcrumbList","@id":"https:\/\/sepam.com.br\/fr\/projeto-menarca-voltado-a-saude-de-meninas-adolescentes-impacta-mais-de-72-mil-garotas-em-20-anos\/#breadcrumb","itemListElement":[{"@type":"ListItem","position":1,"name":"Boas Vindas","item":"https:\/\/sepam.com.br\/"},{"@type":"ListItem","position":2,"name":"Projeto Menarca, voltado \u00e0 sa\u00fade de meninas adolescentes, impacta mais de 72 mil garotas em 20 anos"}]},{"@type":"WebSite","@id":"https:\/\/sepam.com.br\/fr\/#website","url":"https:\/\/sepam.com.br\/fr\/","name":"Col\u00e9gio Sepam","description":"Ensino Incompar\u00e1vel","publisher":{"@id":"https:\/\/sepam.com.br\/fr\/#organization"},"potentialAction":[{"@type":"SearchAction","target":{"@type":"EntryPoint","urlTemplate":"https:\/\/sepam.com.br\/fr\/?s={search_term_string}"},"query-input":{"@type":"PropertyValueSpecification","valueRequired":true,"valueName":"search_term_string"}}],"inLanguage":"fr-FR"},{"@type":"Organization","@id":"https:\/\/sepam.com.br\/fr\/#organization","name":"Col\u00e9gio Sepam","url":"https:\/\/sepam.com.br\/fr\/","logo":{"@type":"ImageObject","inLanguage":"fr-FR","@id":"https:\/\/sepam.com.br\/fr\/#\/schema\/logo\/image\/","url":"https:\/\/sepam.com.br\/wp-content\/uploads\/2025\/02\/Ativo-2.png","contentUrl":"https:\/\/sepam.com.br\/wp-content\/uploads\/2025\/02\/Ativo-2.png","width":595,"height":525,"caption":"Col\u00e9gio Sepam"},"image":{"@id":"https:\/\/sepam.com.br\/fr\/#\/schema\/logo\/image\/"}},{"@type":"Person","@id":"https:\/\/sepam.com.br\/#\/schema\/person\/bfa2996c649a5a6d822766f6e64eb7fd","name":"Sepam","image":{"@type":"ImageObject","inLanguage":"fr-FR","@id":"https:\/\/secure.gravatar.com\/avatar\/0219e64664f5861998ad57a3432eb4bd5fd99a34c7cc9bc44b3c59dfb830db85?s=96&d=mm&r=g","url":"https:\/\/secure.gravatar.com\/avatar\/0219e64664f5861998ad57a3432eb4bd5fd99a34c7cc9bc44b3c59dfb830db85?s=96&d=mm&r=g","contentUrl":"https:\/\/secure.gravatar.com\/avatar\/0219e64664f5861998ad57a3432eb4bd5fd99a34c7cc9bc44b3c59dfb830db85?s=96&d=mm&r=g","caption":"Sepam"},"url":"https:\/\/sepam.com.br\/fr\/author\/sepam\/"}]}},"_links":{"self":[{"href":"https:\/\/sepam.com.br\/fr\/wp-json\/wp\/v2\/posts\/7172","targetHints":{"allow":["GET"]}}],"collection":[{"href":"https:\/\/sepam.com.br\/fr\/wp-json\/wp\/v2\/posts"}],"about":[{"href":"https:\/\/sepam.com.br\/fr\/wp-json\/wp\/v2\/types\/post"}],"author":[{"embeddable":true,"href":"https:\/\/sepam.com.br\/fr\/wp-json\/wp\/v2\/users\/13"}],"replies":[{"embeddable":true,"href":"https:\/\/sepam.com.br\/fr\/wp-json\/wp\/v2\/comments?post=7172"}],"version-history":[{"count":1,"href":"https:\/\/sepam.com.br\/fr\/wp-json\/wp\/v2\/posts\/7172\/revisions"}],"predecessor-version":[{"id":7196,"href":"https:\/\/sepam.com.br\/fr\/wp-json\/wp\/v2\/posts\/7172\/revisions\/7196"}],"wp:attachment":[{"href":"https:\/\/sepam.com.br\/fr\/wp-json\/wp\/v2\/media?parent=7172"}],"wp:term":[{"taxonomy":"category","embeddable":true,"href":"https:\/\/sepam.com.br\/fr\/wp-json\/wp\/v2\/categories?post=7172"},{"taxonomy":"post_tag","embeddable":true,"href":"https:\/\/sepam.com.br\/fr\/wp-json\/wp\/v2\/tags?post=7172"}],"curies":[{"name":"wp","href":"https:\/\/api.w.org\/{rel}","templated":true}]}}