{"id":7162,"date":"2025-08-28T10:47:50","date_gmt":"2025-08-28T13:47:50","guid":{"rendered":"https:\/\/dev.alisonandrei.com.br\/noticia\/participante-do-the-voice-kids-giovanna-tambem-se-dedica-a-outras-atividades-artisticas-em-ponta-grossa\/"},"modified":"2025-11-24T10:53:34","modified_gmt":"2025-11-24T13:53:34","slug":"participante-do-the-voice-kids-giovanna-tambem-se-dedica-a-outras-atividades-artisticas-em-ponta-grossa","status":"publish","type":"post","link":"https:\/\/sepam.com.br\/fr\/participante-do-the-voice-kids-giovanna-tambem-se-dedica-a-outras-atividades-artisticas-em-ponta-grossa\/","title":{"rendered":"Participante do The Voice Kids, Giovanna tamb\u00e9m se dedica a outras atividades art\u00edsticas em Ponta Grossa"},"content":{"rendered":"<p style=\"text-align: center;\"><em>Al\u00e9m de encantar com a m\u00fasica, a adolescente paranaense j\u00e1 protagonizou pe\u00e7as teatrais e participou do grupo de Express\u00e3o Corporal desenvolvido pela institui\u00e7\u00e3o em que estuda, o Col\u00e9gio Sepam<\/em><\/p>\n<p>Interpretando River, da cantora brit\u00e2nica Bishop Briggs, a adolescente ponta-grossense Giovanna Barbiero causou admira\u00e7\u00e3o nos jurados e no p\u00fablico nas audi\u00e7\u00f5es \u00e0s cegas do The Voice Brasil, da Rede Globo. Com 13 anos, a garota esbanjou carisma, seguran\u00e7a e presen\u00e7a de palco, o que contribuiu para que dois times de jurados virassem as cadeiras para sua apresenta\u00e7\u00e3o. Escolhendo Carlinhos Brown como t\u00e9cnico, a menina passou a integrar a lista dos seis paranaenses que participam da edi\u00e7\u00e3o do programa neste ano de 2022.<\/p>\n<p>Amante da m\u00fasica desde os dois anos de idade, Giovanna j\u00e1 cativava a fam\u00edlia com seu canto desde pequenina. Aos seis anos, a garota passou a frequentar uma fonoaudi\u00f3loga por conta de um calo vocal. Depois do tratamento, passou a fazer as aulas de canto.<\/p>\n<p>A artista participou de outras apresenta\u00e7\u00f5es, como o Canta Sepam (promovido pela institui\u00e7\u00e3o em que a adolescente estuda desde os cinco anos, o Col\u00e9gio Pontagrossense Sepam), e posteriormente de grandes eventos da regi\u00e3o, incluindo o show da banda Melim, em Curitiba, al\u00e9m da Banda Mais Bonita da Cidade, em Ponta Grossa. Com o tempo, a menina foi se aperfei\u00e7oando, at\u00e9 que decidiu se inscrever para o programa da Rede Globo neste ano.<\/p>\n<p>Mesmo tendo uma trajet\u00f3ria na \u00e1rea musical, Giovanna n\u00e3o se limita a apenas esse tipo de arte. Qualificada pelos docentes como talentosa para as atividades art\u00edsticas, a adolescente tamb\u00e9m pratica o teatro e j\u00e1 participou do grupo de Express\u00e3o Corporal, projetos desenvolvidos pelo Col\u00e9gio Sepam. \u201cA Giovanna tem um amor pela arte e \u00e9 dedicada no que faz. Ela j\u00e1 foi protagonista da pe\u00e7a O Gato de Botas, que demandava o desafio de encarar o p\u00fablico. Ali eu j\u00e1 percebi o quanto ela era desenvolta\u201d, destaca o professor de teatro de Giovanna, Renan Simionato.<\/p>\n<p>Giovanna pratica o teatro no Col\u00e9gio h\u00e1 tr\u00eas anos. Segundo a garota, o desenvolvimento dessa atividade lhe auxiliou a controlar o nervosismo no momento em que sobe ao palco, al\u00e9m de aperfei\u00e7oar suas express\u00f5es faciais e corporais durante as apresenta\u00e7\u00f5es. \u201cNo teatro, quando eu chegava nervosa para uma apresenta\u00e7\u00e3o, eu sa\u00eda tranquila, porque percebia que a encena\u00e7\u00e3o fazia com que eu jogasse para fora os sentimentos ruins. O teatro me ajudou a me soltar e a me preparar para diversas ocasi\u00f5es em que eu enfrentei o palco na minha vida\u201d, destaca Giovanna.<\/p>\n<p>Segundo o professor Renan, outro benef\u00edcio do teatro \u00e9 o fato de permitir que o aluno se conhe\u00e7a e ganhe confian\u00e7a. No caso da m\u00fasica, a atividade teatral possibilita ainda o desenvolvimento da presen\u00e7a de palco. \u201cO teatro desenvolve a criatividade, a imagina\u00e7\u00e3o, a dic\u00e7\u00e3o e a capacidade de improvisa\u00e7\u00e3o, al\u00e9m de promover o conhecimento sobre o pr\u00f3prio corpo. Esse tipo de arte \u00e9 uma forma de liberta\u00e7\u00e3o. Quando o estudante vence a barreira de subir ao palco e se apresentar, ele amadurece, constr\u00f3i a perspectiva de que est\u00e1 sendo observado e isso o motiva a dar o melhor de si\u201d, ressalta.<\/p>\n<p>Estudante do 8\u00ba ano do Ensino Fundamental, Giovanna precisou se distanciar de algumas atividades realizadas no dia a dia para poder se dedicar \u00e0s prepara\u00e7\u00f5es para avan\u00e7ar no programa e cuidar da voz. Para o futuro, por\u00e9m, a garota diz n\u00e3o ter pressa e afirma querer aproveitar todas as oportunidades que lhe forem oferecidas, seja na m\u00fasica ou no teatro. \u201cEstou muito feliz por estar no The Voice Kids e meu desejo, depois, \u00e9 aproveitar as portas que est\u00e3o se abrindo para mim\u201d, finaliza a cantora mirim.<\/p>\n","protected":false},"excerpt":{"rendered":"<p>Al\u00e9m de encantar com a m\u00fasica, a adolescente paranaense j\u00e1 protagonizou pe\u00e7as teatrais e participou do grupo de Express\u00e3o Corporal desenvolvido pela institui\u00e7\u00e3o em que estuda, o Col\u00e9gio Sepam Interpretando River, da cantora brit\u00e2nica Bishop Briggs, a adolescente ponta-grossense Giovanna Barbiero causou admira\u00e7\u00e3o nos jurados e no p\u00fablico nas audi\u00e7\u00f5es \u00e0s cegas do The Voice [&hellip;]<\/p>\n","protected":false},"author":13,"featured_media":0,"comment_status":"open","ping_status":"open","sticky":false,"template":"","format":"standard","meta":{"footnotes":""},"categories":[21],"tags":[],"class_list":["post-7162","post","type-post","status-publish","format-standard","hentry","category-colegio-sepam"],"yoast_head":"<!-- This site is optimized with the Yoast SEO plugin v28.4 - https:\/\/yoast.com\/product\/yoast-seo-wordpress\/ -->\n<title>Participante do The Voice Kids, Giovanna tamb\u00e9m se dedica a outras atividades art\u00edsticas em Ponta Grossa<\/title>\n<meta name=\"description\" content=\"Al\u00e9m de encantar com a m\u00fasica, a adolescente paranaense j\u00e1 protagonizou pe\u00e7as teatrais e participou do grupo de Express\u00e3o Corporal desenvolvido pela institui\u00e7\u00e3o em que estuda, o Col\u00e9gio Sepam Interpretando River, da cantora brit\u00e2nica Bishop Briggs, a adolescente ponta-grossense Giovanna Barbiero causou admira\u00e7\u00e3o nos jurados e no p\u00fablico nas audi\u00e7\u00f5es \u00e0s cegas do The Voice\u2026\" \/>\n<meta name=\"robots\" content=\"index, follow, max-snippet:-1, max-image-preview:large, max-video-preview:-1\" \/>\n<link rel=\"canonical\" href=\"https:\/\/sepam.com.br\/fr\/participante-do-the-voice-kids-giovanna-tambem-se-dedica-a-outras-atividades-artisticas-em-ponta-grossa\/\" \/>\n<meta property=\"og:locale\" content=\"fr_FR\" \/>\n<meta property=\"og:type\" content=\"article\" \/>\n<meta property=\"og:title\" content=\"Participante do The Voice Kids, Giovanna tamb\u00e9m se dedica a outras atividades art\u00edsticas em Ponta Grossa\" \/>\n<meta property=\"og:description\" content=\"Al\u00e9m de encantar com a m\u00fasica, a adolescente paranaense j\u00e1 protagonizou pe\u00e7as teatrais e participou do grupo de Express\u00e3o Corporal desenvolvido pela institui\u00e7\u00e3o em que estuda, o Col\u00e9gio Sepam Interpretando River, da cantora brit\u00e2nica Bishop Briggs, a adolescente ponta-grossense Giovanna Barbiero causou admira\u00e7\u00e3o nos jurados e no p\u00fablico nas audi\u00e7\u00f5es \u00e0s cegas do The Voice\u2026\" \/>\n<meta property=\"og:url\" content=\"https:\/\/sepam.com.br\/fr\/participante-do-the-voice-kids-giovanna-tambem-se-dedica-a-outras-atividades-artisticas-em-ponta-grossa\/\" \/>\n<meta property=\"og:site_name\" content=\"Col\u00e9gio Sepam\" \/>\n<meta property=\"article:published_time\" content=\"2025-08-28T13:47:50+00:00\" \/>\n<meta property=\"article:modified_time\" content=\"2025-11-24T13:53:34+00:00\" \/>\n<meta name=\"author\" content=\"Sepam\" \/>\n<meta name=\"twitter:card\" content=\"summary_large_image\" \/>\n<meta name=\"twitter:label1\" content=\"\u00c9crit par\" \/>\n\t<meta name=\"twitter:data1\" content=\"Sepam\" \/>\n\t<meta name=\"twitter:label2\" content=\"Dur\u00e9e de lecture estim\u00e9e\" \/>\n\t<meta name=\"twitter:data2\" content=\"3 minutes\" \/>\n<script type=\"application\/ld+json\" class=\"yoast-schema-graph\">{\"@context\":\"https:\\\/\\\/schema.org\",\"@graph\":[{\"@type\":\"Article\",\"@id\":\"https:\\\/\\\/sepam.com.br\\\/fr\\\/participante-do-the-voice-kids-giovanna-tambem-se-dedica-a-outras-atividades-artisticas-em-ponta-grossa\\\/#article\",\"isPartOf\":{\"@id\":\"https:\\\/\\\/sepam.com.br\\\/fr\\\/participante-do-the-voice-kids-giovanna-tambem-se-dedica-a-outras-atividades-artisticas-em-ponta-grossa\\\/\"},\"author\":{\"name\":\"Sepam\",\"@id\":\"https:\\\/\\\/sepam.com.br\\\/#\\\/schema\\\/person\\\/bfa2996c649a5a6d822766f6e64eb7fd\"},\"headline\":\"Participante do The Voice Kids, Giovanna tamb\u00e9m se dedica a outras atividades art\u00edsticas em Ponta Grossa\",\"datePublished\":\"2025-08-28T13:47:50+00:00\",\"dateModified\":\"2025-11-24T13:53:34+00:00\",\"mainEntityOfPage\":{\"@id\":\"https:\\\/\\\/sepam.com.br\\\/fr\\\/participante-do-the-voice-kids-giovanna-tambem-se-dedica-a-outras-atividades-artisticas-em-ponta-grossa\\\/\"},\"wordCount\":674,\"commentCount\":0,\"publisher\":{\"@id\":\"https:\\\/\\\/sepam.com.br\\\/#organization\"},\"articleSection\":[\"Colegio Sepam\"],\"inLanguage\":\"fr-FR\",\"potentialAction\":[{\"@type\":\"CommentAction\",\"name\":\"Comment\",\"target\":[\"https:\\\/\\\/sepam.com.br\\\/fr\\\/participante-do-the-voice-kids-giovanna-tambem-se-dedica-a-outras-atividades-artisticas-em-ponta-grossa\\\/#respond\"]}]},{\"@type\":\"WebPage\",\"@id\":\"https:\\\/\\\/sepam.com.br\\\/fr\\\/participante-do-the-voice-kids-giovanna-tambem-se-dedica-a-outras-atividades-artisticas-em-ponta-grossa\\\/\",\"url\":\"https:\\\/\\\/sepam.com.br\\\/fr\\\/participante-do-the-voice-kids-giovanna-tambem-se-dedica-a-outras-atividades-artisticas-em-ponta-grossa\\\/\",\"name\":\"Participante do The Voice Kids, Giovanna tamb\u00e9m se dedica a outras atividades art\u00edsticas em Ponta Grossa - Col\u00e9gio Sepam\",\"isPartOf\":{\"@id\":\"https:\\\/\\\/sepam.com.br\\\/#website\"},\"datePublished\":\"2025-08-28T13:47:50+00:00\",\"dateModified\":\"2025-11-24T13:53:34+00:00\",\"breadcrumb\":{\"@id\":\"https:\\\/\\\/sepam.com.br\\\/fr\\\/participante-do-the-voice-kids-giovanna-tambem-se-dedica-a-outras-atividades-artisticas-em-ponta-grossa\\\/#breadcrumb\"},\"inLanguage\":\"fr-FR\",\"potentialAction\":[{\"@type\":\"ReadAction\",\"target\":[\"https:\\\/\\\/sepam.com.br\\\/fr\\\/participante-do-the-voice-kids-giovanna-tambem-se-dedica-a-outras-atividades-artisticas-em-ponta-grossa\\\/\"]}]},{\"@type\":\"BreadcrumbList\",\"@id\":\"https:\\\/\\\/sepam.com.br\\\/fr\\\/participante-do-the-voice-kids-giovanna-tambem-se-dedica-a-outras-atividades-artisticas-em-ponta-grossa\\\/#breadcrumb\",\"itemListElement\":[{\"@type\":\"ListItem\",\"position\":1,\"name\":\"Boas Vindas\",\"item\":\"https:\\\/\\\/sepam.com.br\\\/\"},{\"@type\":\"ListItem\",\"position\":2,\"name\":\"Participante do The Voice Kids, Giovanna tamb\u00e9m se dedica a outras atividades art\u00edsticas em Ponta Grossa\"}]},{\"@type\":\"WebSite\",\"@id\":\"https:\\\/\\\/sepam.com.br\\\/fr\\\/#website\",\"url\":\"https:\\\/\\\/sepam.com.br\\\/fr\\\/\",\"name\":\"Col\u00e9gio Sepam\",\"description\":\"Ensino Incompar\u00e1vel\",\"publisher\":{\"@id\":\"https:\\\/\\\/sepam.com.br\\\/fr\\\/#organization\"},\"potentialAction\":[{\"@type\":\"SearchAction\",\"target\":{\"@type\":\"EntryPoint\",\"urlTemplate\":\"https:\\\/\\\/sepam.com.br\\\/fr\\\/?s={search_term_string}\"},\"query-input\":{\"@type\":\"PropertyValueSpecification\",\"valueRequired\":true,\"valueName\":\"search_term_string\"}}],\"inLanguage\":\"fr-FR\"},{\"@type\":\"Organization\",\"@id\":\"https:\\\/\\\/sepam.com.br\\\/fr\\\/#organization\",\"name\":\"Col\u00e9gio Sepam\",\"url\":\"https:\\\/\\\/sepam.com.br\\\/fr\\\/\",\"logo\":{\"@type\":\"ImageObject\",\"inLanguage\":\"fr-FR\",\"@id\":\"https:\\\/\\\/sepam.com.br\\\/fr\\\/#\\\/schema\\\/logo\\\/image\\\/\",\"url\":\"https:\\\/\\\/sepam.com.br\\\/wp-content\\\/uploads\\\/2025\\\/02\\\/Ativo-2.png\",\"contentUrl\":\"https:\\\/\\\/sepam.com.br\\\/wp-content\\\/uploads\\\/2025\\\/02\\\/Ativo-2.png\",\"width\":595,\"height\":525,\"caption\":\"Col\u00e9gio Sepam\"},\"image\":{\"@id\":\"https:\\\/\\\/sepam.com.br\\\/fr\\\/#\\\/schema\\\/logo\\\/image\\\/\"}},{\"@type\":\"Person\",\"@id\":\"https:\\\/\\\/sepam.com.br\\\/#\\\/schema\\\/person\\\/bfa2996c649a5a6d822766f6e64eb7fd\",\"name\":\"Sepam\",\"image\":{\"@type\":\"ImageObject\",\"inLanguage\":\"fr-FR\",\"@id\":\"https:\\\/\\\/secure.gravatar.com\\\/avatar\\\/0219e64664f5861998ad57a3432eb4bd5fd99a34c7cc9bc44b3c59dfb830db85?s=96&d=mm&r=g\",\"url\":\"https:\\\/\\\/secure.gravatar.com\\\/avatar\\\/0219e64664f5861998ad57a3432eb4bd5fd99a34c7cc9bc44b3c59dfb830db85?s=96&d=mm&r=g\",\"contentUrl\":\"https:\\\/\\\/secure.gravatar.com\\\/avatar\\\/0219e64664f5861998ad57a3432eb4bd5fd99a34c7cc9bc44b3c59dfb830db85?s=96&d=mm&r=g\",\"caption\":\"Sepam\"},\"url\":\"https:\\\/\\\/sepam.com.br\\\/fr\\\/author\\\/sepam\\\/\"}]}<\/script>\n<!-- \/ Yoast SEO plugin. -->","yoast_head_json":{"title":"Participante do The Voice Kids, Giovanna tamb\u00e9m se dedica a outras atividades art\u00edsticas em Ponta Grossa","description":"Al\u00e9m de encantar com a m\u00fasica, a adolescente paranaense j\u00e1 protagonizou pe\u00e7as teatrais e participou do grupo de Express\u00e3o Corporal desenvolvido pela institui\u00e7\u00e3o em que estuda, o Col\u00e9gio Sepam Interpretando River, da cantora brit\u00e2nica Bishop Briggs, a adolescente ponta-grossense Giovanna Barbiero causou admira\u00e7\u00e3o nos jurados e no p\u00fablico nas audi\u00e7\u00f5es \u00e0s cegas do The Voice\u2026","robots":{"index":"index","follow":"follow","max-snippet":"max-snippet:-1","max-image-preview":"max-image-preview:large","max-video-preview":"max-video-preview:-1"},"canonical":"https:\/\/sepam.com.br\/fr\/participante-do-the-voice-kids-giovanna-tambem-se-dedica-a-outras-atividades-artisticas-em-ponta-grossa\/","og_locale":"fr_FR","og_type":"article","og_title":"Participante do The Voice Kids, Giovanna tamb\u00e9m se dedica a outras atividades art\u00edsticas em Ponta Grossa","og_description":"Al\u00e9m de encantar com a m\u00fasica, a adolescente paranaense j\u00e1 protagonizou pe\u00e7as teatrais e participou do grupo de Express\u00e3o Corporal desenvolvido pela institui\u00e7\u00e3o em que estuda, o Col\u00e9gio Sepam Interpretando River, da cantora brit\u00e2nica Bishop Briggs, a adolescente ponta-grossense Giovanna Barbiero causou admira\u00e7\u00e3o nos jurados e no p\u00fablico nas audi\u00e7\u00f5es \u00e0s cegas do The Voice\u2026","og_url":"https:\/\/sepam.com.br\/fr\/participante-do-the-voice-kids-giovanna-tambem-se-dedica-a-outras-atividades-artisticas-em-ponta-grossa\/","og_site_name":"Col\u00e9gio Sepam","article_published_time":"2025-08-28T13:47:50+00:00","article_modified_time":"2025-11-24T13:53:34+00:00","author":"Sepam","twitter_card":"summary_large_image","twitter_misc":{"\u00c9crit par":"Sepam","Dur\u00e9e de lecture estim\u00e9e":"3 minutes"},"schema":{"@context":"https:\/\/schema.org","@graph":[{"@type":"Article","@id":"https:\/\/sepam.com.br\/fr\/participante-do-the-voice-kids-giovanna-tambem-se-dedica-a-outras-atividades-artisticas-em-ponta-grossa\/#article","isPartOf":{"@id":"https:\/\/sepam.com.br\/fr\/participante-do-the-voice-kids-giovanna-tambem-se-dedica-a-outras-atividades-artisticas-em-ponta-grossa\/"},"author":{"name":"Sepam","@id":"https:\/\/sepam.com.br\/#\/schema\/person\/bfa2996c649a5a6d822766f6e64eb7fd"},"headline":"Participante do The Voice Kids, Giovanna tamb\u00e9m se dedica a outras atividades art\u00edsticas em Ponta Grossa","datePublished":"2025-08-28T13:47:50+00:00","dateModified":"2025-11-24T13:53:34+00:00","mainEntityOfPage":{"@id":"https:\/\/sepam.com.br\/fr\/participante-do-the-voice-kids-giovanna-tambem-se-dedica-a-outras-atividades-artisticas-em-ponta-grossa\/"},"wordCount":674,"commentCount":0,"publisher":{"@id":"https:\/\/sepam.com.br\/#organization"},"articleSection":["Colegio Sepam"],"inLanguage":"fr-FR","potentialAction":[{"@type":"CommentAction","name":"Comment","target":["https:\/\/sepam.com.br\/fr\/participante-do-the-voice-kids-giovanna-tambem-se-dedica-a-outras-atividades-artisticas-em-ponta-grossa\/#respond"]}]},{"@type":"WebPage","@id":"https:\/\/sepam.com.br\/fr\/participante-do-the-voice-kids-giovanna-tambem-se-dedica-a-outras-atividades-artisticas-em-ponta-grossa\/","url":"https:\/\/sepam.com.br\/fr\/participante-do-the-voice-kids-giovanna-tambem-se-dedica-a-outras-atividades-artisticas-em-ponta-grossa\/","name":"Participante do The Voice Kids, Giovanna tamb\u00e9m se dedica a outras atividades art\u00edsticas em Ponta Grossa - Col\u00e9gio Sepam","isPartOf":{"@id":"https:\/\/sepam.com.br\/#website"},"datePublished":"2025-08-28T13:47:50+00:00","dateModified":"2025-11-24T13:53:34+00:00","breadcrumb":{"@id":"https:\/\/sepam.com.br\/fr\/participante-do-the-voice-kids-giovanna-tambem-se-dedica-a-outras-atividades-artisticas-em-ponta-grossa\/#breadcrumb"},"inLanguage":"fr-FR","potentialAction":[{"@type":"ReadAction","target":["https:\/\/sepam.com.br\/fr\/participante-do-the-voice-kids-giovanna-tambem-se-dedica-a-outras-atividades-artisticas-em-ponta-grossa\/"]}]},{"@type":"BreadcrumbList","@id":"https:\/\/sepam.com.br\/fr\/participante-do-the-voice-kids-giovanna-tambem-se-dedica-a-outras-atividades-artisticas-em-ponta-grossa\/#breadcrumb","itemListElement":[{"@type":"ListItem","position":1,"name":"Boas Vindas","item":"https:\/\/sepam.com.br\/"},{"@type":"ListItem","position":2,"name":"Participante do The Voice Kids, Giovanna tamb\u00e9m se dedica a outras atividades art\u00edsticas em Ponta Grossa"}]},{"@type":"WebSite","@id":"https:\/\/sepam.com.br\/fr\/#website","url":"https:\/\/sepam.com.br\/fr\/","name":"Col\u00e9gio Sepam","description":"Ensino Incompar\u00e1vel","publisher":{"@id":"https:\/\/sepam.com.br\/fr\/#organization"},"potentialAction":[{"@type":"SearchAction","target":{"@type":"EntryPoint","urlTemplate":"https:\/\/sepam.com.br\/fr\/?s={search_term_string}"},"query-input":{"@type":"PropertyValueSpecification","valueRequired":true,"valueName":"search_term_string"}}],"inLanguage":"fr-FR"},{"@type":"Organization","@id":"https:\/\/sepam.com.br\/fr\/#organization","name":"Col\u00e9gio Sepam","url":"https:\/\/sepam.com.br\/fr\/","logo":{"@type":"ImageObject","inLanguage":"fr-FR","@id":"https:\/\/sepam.com.br\/fr\/#\/schema\/logo\/image\/","url":"https:\/\/sepam.com.br\/wp-content\/uploads\/2025\/02\/Ativo-2.png","contentUrl":"https:\/\/sepam.com.br\/wp-content\/uploads\/2025\/02\/Ativo-2.png","width":595,"height":525,"caption":"Col\u00e9gio Sepam"},"image":{"@id":"https:\/\/sepam.com.br\/fr\/#\/schema\/logo\/image\/"}},{"@type":"Person","@id":"https:\/\/sepam.com.br\/#\/schema\/person\/bfa2996c649a5a6d822766f6e64eb7fd","name":"Sepam","image":{"@type":"ImageObject","inLanguage":"fr-FR","@id":"https:\/\/secure.gravatar.com\/avatar\/0219e64664f5861998ad57a3432eb4bd5fd99a34c7cc9bc44b3c59dfb830db85?s=96&d=mm&r=g","url":"https:\/\/secure.gravatar.com\/avatar\/0219e64664f5861998ad57a3432eb4bd5fd99a34c7cc9bc44b3c59dfb830db85?s=96&d=mm&r=g","contentUrl":"https:\/\/secure.gravatar.com\/avatar\/0219e64664f5861998ad57a3432eb4bd5fd99a34c7cc9bc44b3c59dfb830db85?s=96&d=mm&r=g","caption":"Sepam"},"url":"https:\/\/sepam.com.br\/fr\/author\/sepam\/"}]}},"_links":{"self":[{"href":"https:\/\/sepam.com.br\/fr\/wp-json\/wp\/v2\/posts\/7162","targetHints":{"allow":["GET"]}}],"collection":[{"href":"https:\/\/sepam.com.br\/fr\/wp-json\/wp\/v2\/posts"}],"about":[{"href":"https:\/\/sepam.com.br\/fr\/wp-json\/wp\/v2\/types\/post"}],"author":[{"embeddable":true,"href":"https:\/\/sepam.com.br\/fr\/wp-json\/wp\/v2\/users\/13"}],"replies":[{"embeddable":true,"href":"https:\/\/sepam.com.br\/fr\/wp-json\/wp\/v2\/comments?post=7162"}],"version-history":[{"count":1,"href":"https:\/\/sepam.com.br\/fr\/wp-json\/wp\/v2\/posts\/7162\/revisions"}],"predecessor-version":[{"id":7186,"href":"https:\/\/sepam.com.br\/fr\/wp-json\/wp\/v2\/posts\/7162\/revisions\/7186"}],"wp:attachment":[{"href":"https:\/\/sepam.com.br\/fr\/wp-json\/wp\/v2\/media?parent=7162"}],"wp:term":[{"taxonomy":"category","embeddable":true,"href":"https:\/\/sepam.com.br\/fr\/wp-json\/wp\/v2\/categories?post=7162"},{"taxonomy":"post_tag","embeddable":true,"href":"https:\/\/sepam.com.br\/fr\/wp-json\/wp\/v2\/tags?post=7162"}],"curies":[{"name":"wp","href":"https:\/\/api.w.org\/{rel}","templated":true}]}}