{"id":7152,"date":"2025-08-28T10:47:46","date_gmt":"2025-08-28T13:47:46","guid":{"rendered":"https:\/\/dev.alisonandrei.com.br\/noticia\/colegio-sepam-esta-com-matriculas-abertas\/"},"modified":"2025-11-24T10:53:34","modified_gmt":"2025-11-24T13:53:34","slug":"colegio-sepam-esta-com-matriculas-abertas","status":"publish","type":"post","link":"https:\/\/sepam.com.br\/fr\/colegio-sepam-esta-com-matriculas-abertas\/","title":{"rendered":"Col\u00e9gio Sepam est\u00e1 com matr\u00edculas abertas"},"content":{"rendered":"<h2 style=\"text-align: center;\">As aulas iniciam em fevereiro<\/h2>\n<p>O Col\u00e9gio Pontagrossense Sepam se prepara para mais um ano letivo. Com o retorno das aulas programado para o in\u00edcio de fevereiro, professores e equipe pedag\u00f3gica se reuniram nesta semana para forma\u00e7\u00e3o e planejamento. As matr\u00edculas continuam abertas para o ingresso de novos alunos.<\/p>\n<p>O Sepam atende a alunos desde o Infantil 1 at\u00e9 a 3\u00aa s\u00e9rie do Ensino M\u00e9dio, e oferta cursos preparat\u00f3rios para vestibulares. Entre os diferenciais da institui\u00e7\u00e3o est\u00e3o o programa bil\u00edngue, o L\u00edder em Mim e o High School, programa de ensino m\u00e9dio internacional realizado por meio de um conv\u00eanio com a Universidade de Missouri (Estados Unidos). Al\u00e9m de projetos de voluntariado e de protagonismo juvenil, como o Menarca, e atividades esportivas e art\u00edsticas.<\/p>\n<p>Os cadastros para matr\u00edculas podem ser feitos no <a href=\"https:\/\/www.sepam.com.br\/cadastro-para-matricula\">site do Sepam<\/a>. Para mais informa\u00e7\u00f5es, contate o (42) 3225-2677.<\/p>\n<p>Sobre o Col\u00e9gio\u00a0Sepam<\/p>\n<p>Fundado em 1939, na cidade de Ponta Grossa (PR), pelos professores Roberto Em\u00edlio\u00a0Mongruel\u00a0e Altair de Oliveira\u00a0Mongruel, o\u00a0Sepam\u00a0\u00e9 uma institui\u00e7\u00e3o de ensino particular de n\u00edvel infantil, fundamental, m\u00e9dio e pr\u00e9-vestibular. Possui duas unidades em opera\u00e7\u00e3o, sendo a segunda na cidade de Castro (PR), inaugurada em 1993.<br \/>\nCom perfil arrojado e inovador, o Col\u00e9gio\u00a0Sepam\u00a0implantou, em 2015, o programa de ensino m\u00e9dio internacional &#8211; o High\u00a0School\u00a0-, por meio de um conv\u00eanio com a Universidade de Missouri (Estados Unidos).<br \/>\nNa unidade\u00a0Sepam\u00a0Vestibulares, a Institui\u00e7\u00e3o completa 40 anos de atua\u00e7\u00e3o no segmento de pr\u00e9-vestibular, consolidado como um dos l\u00edderes em aprova\u00e7\u00f5es do Paran\u00e1, com mais de 10 mil aprova\u00e7\u00f5es em destacadas universidades brasileiras.<br \/>\nO Col\u00e9gio\u00a0Sepam\u00a0tem como linha filos\u00f3fica a forma\u00e7\u00e3o humanista de seus alunos e possui professores bil\u00edngues com forma\u00e7\u00e3o em diferentes \u00e1reas da licenciatura. Mais informa\u00e7\u00f5es: sepam.com.br, facebook.com\/sepamcolegio\u00a0e @sepamcolegio (Instagram).<\/p>\n<p>&nbsp;<\/p>\n<p><strong>Informa\u00e7\u00f5es para a imprensa<\/strong><\/p>\n<p>MAPA360<br \/>\nAndressa Zaffalon &#8211; Assistente de Comunica\u00e7\u00e3o &#8211; andressa@mapa360.com.br (44) 99888-0857<br \/>\nMaria Priscila &#8211; CEO &#8211; mp@mapa360.com.br<\/p>\n","protected":false},"excerpt":{"rendered":"<p>As aulas iniciam em fevereiro O Col\u00e9gio Pontagrossense Sepam se prepara para mais um ano letivo. Com o retorno das aulas programado para o in\u00edcio de fevereiro, professores e equipe pedag\u00f3gica se reuniram nesta semana para forma\u00e7\u00e3o e planejamento. As matr\u00edculas continuam abertas para o ingresso de novos alunos. O Sepam atende a alunos desde [&hellip;]<\/p>\n","protected":false},"author":13,"featured_media":0,"comment_status":"open","ping_status":"open","sticky":false,"template":"","format":"standard","meta":{"footnotes":""},"categories":[21],"tags":[],"class_list":["post-7152","post","type-post","status-publish","format-standard","hentry","category-colegio-sepam"],"yoast_head":"<!-- This site is optimized with the Yoast SEO plugin v28.4 - https:\/\/yoast.com\/product\/yoast-seo-wordpress\/ -->\n<title>Col\u00e9gio Sepam est\u00e1 com matr\u00edculas abertas<\/title>\n<meta name=\"description\" content=\"As aulas iniciam em fevereiro O Col\u00e9gio Pontagrossense Sepam se prepara para mais um ano letivo. Com o retorno das aulas programado para o in\u00edcio de fevereiro, professores e equipe pedag\u00f3gica se reuniram nesta semana para forma\u00e7\u00e3o e planejamento. As matr\u00edculas continuam abertas para o ingresso de novos alunos. O Sepam atende a alunos desde\u2026\" \/>\n<meta name=\"robots\" content=\"index, follow, max-snippet:-1, max-image-preview:large, max-video-preview:-1\" \/>\n<link rel=\"canonical\" href=\"https:\/\/sepam.com.br\/fr\/colegio-sepam-esta-com-matriculas-abertas\/\" \/>\n<meta property=\"og:locale\" content=\"fr_FR\" \/>\n<meta property=\"og:type\" content=\"article\" \/>\n<meta property=\"og:title\" content=\"Col\u00e9gio Sepam est\u00e1 com matr\u00edculas abertas\" \/>\n<meta property=\"og:description\" content=\"As aulas iniciam em fevereiro O Col\u00e9gio Pontagrossense Sepam se prepara para mais um ano letivo. Com o retorno das aulas programado para o in\u00edcio de fevereiro, professores e equipe pedag\u00f3gica se reuniram nesta semana para forma\u00e7\u00e3o e planejamento. As matr\u00edculas continuam abertas para o ingresso de novos alunos. O Sepam atende a alunos desde\u2026\" \/>\n<meta property=\"og:url\" content=\"https:\/\/sepam.com.br\/fr\/colegio-sepam-esta-com-matriculas-abertas\/\" \/>\n<meta property=\"og:site_name\" content=\"Col\u00e9gio Sepam\" \/>\n<meta property=\"article:published_time\" content=\"2025-08-28T13:47:46+00:00\" \/>\n<meta property=\"article:modified_time\" content=\"2025-11-24T13:53:34+00:00\" \/>\n<meta name=\"author\" content=\"Sepam\" \/>\n<meta name=\"twitter:card\" content=\"summary_large_image\" \/>\n<meta name=\"twitter:label1\" content=\"\u00c9crit par\" \/>\n\t<meta name=\"twitter:data1\" content=\"Sepam\" \/>\n\t<meta name=\"twitter:label2\" content=\"Dur\u00e9e de lecture estim\u00e9e\" \/>\n\t<meta name=\"twitter:data2\" content=\"2 minutes\" \/>\n<script type=\"application\/ld+json\" class=\"yoast-schema-graph\">{\"@context\":\"https:\\\/\\\/schema.org\",\"@graph\":[{\"@type\":\"Article\",\"@id\":\"https:\\\/\\\/sepam.com.br\\\/fr\\\/colegio-sepam-esta-com-matriculas-abertas\\\/#article\",\"isPartOf\":{\"@id\":\"https:\\\/\\\/sepam.com.br\\\/fr\\\/colegio-sepam-esta-com-matriculas-abertas\\\/\"},\"author\":{\"name\":\"Sepam\",\"@id\":\"https:\\\/\\\/sepam.com.br\\\/#\\\/schema\\\/person\\\/bfa2996c649a5a6d822766f6e64eb7fd\"},\"headline\":\"Col\u00e9gio Sepam est\u00e1 com matr\u00edculas abertas\",\"datePublished\":\"2025-08-28T13:47:46+00:00\",\"dateModified\":\"2025-11-24T13:53:34+00:00\",\"mainEntityOfPage\":{\"@id\":\"https:\\\/\\\/sepam.com.br\\\/fr\\\/colegio-sepam-esta-com-matriculas-abertas\\\/\"},\"wordCount\":366,\"commentCount\":0,\"publisher\":{\"@id\":\"https:\\\/\\\/sepam.com.br\\\/#organization\"},\"articleSection\":[\"Colegio Sepam\"],\"inLanguage\":\"fr-FR\",\"potentialAction\":[{\"@type\":\"CommentAction\",\"name\":\"Comment\",\"target\":[\"https:\\\/\\\/sepam.com.br\\\/fr\\\/colegio-sepam-esta-com-matriculas-abertas\\\/#respond\"]}]},{\"@type\":\"WebPage\",\"@id\":\"https:\\\/\\\/sepam.com.br\\\/fr\\\/colegio-sepam-esta-com-matriculas-abertas\\\/\",\"url\":\"https:\\\/\\\/sepam.com.br\\\/fr\\\/colegio-sepam-esta-com-matriculas-abertas\\\/\",\"name\":\"Col\u00e9gio Sepam est\u00e1 com matr\u00edculas abertas - Col\u00e9gio Sepam\",\"isPartOf\":{\"@id\":\"https:\\\/\\\/sepam.com.br\\\/#website\"},\"datePublished\":\"2025-08-28T13:47:46+00:00\",\"dateModified\":\"2025-11-24T13:53:34+00:00\",\"breadcrumb\":{\"@id\":\"https:\\\/\\\/sepam.com.br\\\/fr\\\/colegio-sepam-esta-com-matriculas-abertas\\\/#breadcrumb\"},\"inLanguage\":\"fr-FR\",\"potentialAction\":[{\"@type\":\"ReadAction\",\"target\":[\"https:\\\/\\\/sepam.com.br\\\/fr\\\/colegio-sepam-esta-com-matriculas-abertas\\\/\"]}]},{\"@type\":\"BreadcrumbList\",\"@id\":\"https:\\\/\\\/sepam.com.br\\\/fr\\\/colegio-sepam-esta-com-matriculas-abertas\\\/#breadcrumb\",\"itemListElement\":[{\"@type\":\"ListItem\",\"position\":1,\"name\":\"Boas Vindas\",\"item\":\"https:\\\/\\\/sepam.com.br\\\/\"},{\"@type\":\"ListItem\",\"position\":2,\"name\":\"Col\u00e9gio Sepam est\u00e1 com matr\u00edculas abertas\"}]},{\"@type\":\"WebSite\",\"@id\":\"https:\\\/\\\/sepam.com.br\\\/fr\\\/#website\",\"url\":\"https:\\\/\\\/sepam.com.br\\\/fr\\\/\",\"name\":\"Col\u00e9gio Sepam\",\"description\":\"Ensino Incompar\u00e1vel\",\"publisher\":{\"@id\":\"https:\\\/\\\/sepam.com.br\\\/fr\\\/#organization\"},\"potentialAction\":[{\"@type\":\"SearchAction\",\"target\":{\"@type\":\"EntryPoint\",\"urlTemplate\":\"https:\\\/\\\/sepam.com.br\\\/fr\\\/?s={search_term_string}\"},\"query-input\":{\"@type\":\"PropertyValueSpecification\",\"valueRequired\":true,\"valueName\":\"search_term_string\"}}],\"inLanguage\":\"fr-FR\"},{\"@type\":\"Organization\",\"@id\":\"https:\\\/\\\/sepam.com.br\\\/fr\\\/#organization\",\"name\":\"Col\u00e9gio Sepam\",\"url\":\"https:\\\/\\\/sepam.com.br\\\/fr\\\/\",\"logo\":{\"@type\":\"ImageObject\",\"inLanguage\":\"fr-FR\",\"@id\":\"https:\\\/\\\/sepam.com.br\\\/fr\\\/#\\\/schema\\\/logo\\\/image\\\/\",\"url\":\"https:\\\/\\\/sepam.com.br\\\/wp-content\\\/uploads\\\/2025\\\/02\\\/Ativo-2.png\",\"contentUrl\":\"https:\\\/\\\/sepam.com.br\\\/wp-content\\\/uploads\\\/2025\\\/02\\\/Ativo-2.png\",\"width\":595,\"height\":525,\"caption\":\"Col\u00e9gio Sepam\"},\"image\":{\"@id\":\"https:\\\/\\\/sepam.com.br\\\/fr\\\/#\\\/schema\\\/logo\\\/image\\\/\"}},{\"@type\":\"Person\",\"@id\":\"https:\\\/\\\/sepam.com.br\\\/#\\\/schema\\\/person\\\/bfa2996c649a5a6d822766f6e64eb7fd\",\"name\":\"Sepam\",\"image\":{\"@type\":\"ImageObject\",\"inLanguage\":\"fr-FR\",\"@id\":\"https:\\\/\\\/secure.gravatar.com\\\/avatar\\\/0219e64664f5861998ad57a3432eb4bd5fd99a34c7cc9bc44b3c59dfb830db85?s=96&d=mm&r=g\",\"url\":\"https:\\\/\\\/secure.gravatar.com\\\/avatar\\\/0219e64664f5861998ad57a3432eb4bd5fd99a34c7cc9bc44b3c59dfb830db85?s=96&d=mm&r=g\",\"contentUrl\":\"https:\\\/\\\/secure.gravatar.com\\\/avatar\\\/0219e64664f5861998ad57a3432eb4bd5fd99a34c7cc9bc44b3c59dfb830db85?s=96&d=mm&r=g\",\"caption\":\"Sepam\"},\"url\":\"https:\\\/\\\/sepam.com.br\\\/fr\\\/author\\\/sepam\\\/\"}]}<\/script>\n<!-- \/ Yoast SEO plugin. -->","yoast_head_json":{"title":"Col\u00e9gio Sepam est\u00e1 com matr\u00edculas abertas","description":"As aulas iniciam em fevereiro O Col\u00e9gio Pontagrossense Sepam se prepara para mais um ano letivo. Com o retorno das aulas programado para o in\u00edcio de fevereiro, professores e equipe pedag\u00f3gica se reuniram nesta semana para forma\u00e7\u00e3o e planejamento. As matr\u00edculas continuam abertas para o ingresso de novos alunos. O Sepam atende a alunos desde\u2026","robots":{"index":"index","follow":"follow","max-snippet":"max-snippet:-1","max-image-preview":"max-image-preview:large","max-video-preview":"max-video-preview:-1"},"canonical":"https:\/\/sepam.com.br\/fr\/colegio-sepam-esta-com-matriculas-abertas\/","og_locale":"fr_FR","og_type":"article","og_title":"Col\u00e9gio Sepam est\u00e1 com matr\u00edculas abertas","og_description":"As aulas iniciam em fevereiro O Col\u00e9gio Pontagrossense Sepam se prepara para mais um ano letivo. Com o retorno das aulas programado para o in\u00edcio de fevereiro, professores e equipe pedag\u00f3gica se reuniram nesta semana para forma\u00e7\u00e3o e planejamento. As matr\u00edculas continuam abertas para o ingresso de novos alunos. O Sepam atende a alunos desde\u2026","og_url":"https:\/\/sepam.com.br\/fr\/colegio-sepam-esta-com-matriculas-abertas\/","og_site_name":"Col\u00e9gio Sepam","article_published_time":"2025-08-28T13:47:46+00:00","article_modified_time":"2025-11-24T13:53:34+00:00","author":"Sepam","twitter_card":"summary_large_image","twitter_misc":{"\u00c9crit par":"Sepam","Dur\u00e9e de lecture estim\u00e9e":"2 minutes"},"schema":{"@context":"https:\/\/schema.org","@graph":[{"@type":"Article","@id":"https:\/\/sepam.com.br\/fr\/colegio-sepam-esta-com-matriculas-abertas\/#article","isPartOf":{"@id":"https:\/\/sepam.com.br\/fr\/colegio-sepam-esta-com-matriculas-abertas\/"},"author":{"name":"Sepam","@id":"https:\/\/sepam.com.br\/#\/schema\/person\/bfa2996c649a5a6d822766f6e64eb7fd"},"headline":"Col\u00e9gio Sepam est\u00e1 com matr\u00edculas abertas","datePublished":"2025-08-28T13:47:46+00:00","dateModified":"2025-11-24T13:53:34+00:00","mainEntityOfPage":{"@id":"https:\/\/sepam.com.br\/fr\/colegio-sepam-esta-com-matriculas-abertas\/"},"wordCount":366,"commentCount":0,"publisher":{"@id":"https:\/\/sepam.com.br\/#organization"},"articleSection":["Colegio Sepam"],"inLanguage":"fr-FR","potentialAction":[{"@type":"CommentAction","name":"Comment","target":["https:\/\/sepam.com.br\/fr\/colegio-sepam-esta-com-matriculas-abertas\/#respond"]}]},{"@type":"WebPage","@id":"https:\/\/sepam.com.br\/fr\/colegio-sepam-esta-com-matriculas-abertas\/","url":"https:\/\/sepam.com.br\/fr\/colegio-sepam-esta-com-matriculas-abertas\/","name":"Col\u00e9gio Sepam est\u00e1 com matr\u00edculas abertas - Col\u00e9gio Sepam","isPartOf":{"@id":"https:\/\/sepam.com.br\/#website"},"datePublished":"2025-08-28T13:47:46+00:00","dateModified":"2025-11-24T13:53:34+00:00","breadcrumb":{"@id":"https:\/\/sepam.com.br\/fr\/colegio-sepam-esta-com-matriculas-abertas\/#breadcrumb"},"inLanguage":"fr-FR","potentialAction":[{"@type":"ReadAction","target":["https:\/\/sepam.com.br\/fr\/colegio-sepam-esta-com-matriculas-abertas\/"]}]},{"@type":"BreadcrumbList","@id":"https:\/\/sepam.com.br\/fr\/colegio-sepam-esta-com-matriculas-abertas\/#breadcrumb","itemListElement":[{"@type":"ListItem","position":1,"name":"Boas Vindas","item":"https:\/\/sepam.com.br\/"},{"@type":"ListItem","position":2,"name":"Col\u00e9gio Sepam est\u00e1 com matr\u00edculas abertas"}]},{"@type":"WebSite","@id":"https:\/\/sepam.com.br\/fr\/#website","url":"https:\/\/sepam.com.br\/fr\/","name":"Col\u00e9gio Sepam","description":"Ensino Incompar\u00e1vel","publisher":{"@id":"https:\/\/sepam.com.br\/fr\/#organization"},"potentialAction":[{"@type":"SearchAction","target":{"@type":"EntryPoint","urlTemplate":"https:\/\/sepam.com.br\/fr\/?s={search_term_string}"},"query-input":{"@type":"PropertyValueSpecification","valueRequired":true,"valueName":"search_term_string"}}],"inLanguage":"fr-FR"},{"@type":"Organization","@id":"https:\/\/sepam.com.br\/fr\/#organization","name":"Col\u00e9gio Sepam","url":"https:\/\/sepam.com.br\/fr\/","logo":{"@type":"ImageObject","inLanguage":"fr-FR","@id":"https:\/\/sepam.com.br\/fr\/#\/schema\/logo\/image\/","url":"https:\/\/sepam.com.br\/wp-content\/uploads\/2025\/02\/Ativo-2.png","contentUrl":"https:\/\/sepam.com.br\/wp-content\/uploads\/2025\/02\/Ativo-2.png","width":595,"height":525,"caption":"Col\u00e9gio Sepam"},"image":{"@id":"https:\/\/sepam.com.br\/fr\/#\/schema\/logo\/image\/"}},{"@type":"Person","@id":"https:\/\/sepam.com.br\/#\/schema\/person\/bfa2996c649a5a6d822766f6e64eb7fd","name":"Sepam","image":{"@type":"ImageObject","inLanguage":"fr-FR","@id":"https:\/\/secure.gravatar.com\/avatar\/0219e64664f5861998ad57a3432eb4bd5fd99a34c7cc9bc44b3c59dfb830db85?s=96&d=mm&r=g","url":"https:\/\/secure.gravatar.com\/avatar\/0219e64664f5861998ad57a3432eb4bd5fd99a34c7cc9bc44b3c59dfb830db85?s=96&d=mm&r=g","contentUrl":"https:\/\/secure.gravatar.com\/avatar\/0219e64664f5861998ad57a3432eb4bd5fd99a34c7cc9bc44b3c59dfb830db85?s=96&d=mm&r=g","caption":"Sepam"},"url":"https:\/\/sepam.com.br\/fr\/author\/sepam\/"}]}},"_links":{"self":[{"href":"https:\/\/sepam.com.br\/fr\/wp-json\/wp\/v2\/posts\/7152","targetHints":{"allow":["GET"]}}],"collection":[{"href":"https:\/\/sepam.com.br\/fr\/wp-json\/wp\/v2\/posts"}],"about":[{"href":"https:\/\/sepam.com.br\/fr\/wp-json\/wp\/v2\/types\/post"}],"author":[{"embeddable":true,"href":"https:\/\/sepam.com.br\/fr\/wp-json\/wp\/v2\/users\/13"}],"replies":[{"embeddable":true,"href":"https:\/\/sepam.com.br\/fr\/wp-json\/wp\/v2\/comments?post=7152"}],"version-history":[{"count":1,"href":"https:\/\/sepam.com.br\/fr\/wp-json\/wp\/v2\/posts\/7152\/revisions"}],"predecessor-version":[{"id":7216,"href":"https:\/\/sepam.com.br\/fr\/wp-json\/wp\/v2\/posts\/7152\/revisions\/7216"}],"wp:attachment":[{"href":"https:\/\/sepam.com.br\/fr\/wp-json\/wp\/v2\/media?parent=7152"}],"wp:term":[{"taxonomy":"category","embeddable":true,"href":"https:\/\/sepam.com.br\/fr\/wp-json\/wp\/v2\/categories?post=7152"},{"taxonomy":"post_tag","embeddable":true,"href":"https:\/\/sepam.com.br\/fr\/wp-json\/wp\/v2\/tags?post=7152"}],"curies":[{"name":"wp","href":"https:\/\/api.w.org\/{rel}","templated":true}]}}