{"id":7148,"date":"2025-08-28T10:47:46","date_gmt":"2025-08-28T13:47:46","guid":{"rendered":"https:\/\/dev.alisonandrei.com.br\/noticia\/com-textos-produzidos-por-alunos-sepam-apresenta-5a-edicao-do-projeto-literario\/"},"modified":"2025-11-24T10:53:34","modified_gmt":"2025-11-24T13:53:34","slug":"com-textos-produzidos-por-alunos-sepam-apresenta-5a-edicao-do-projeto-literario","status":"publish","type":"post","link":"https:\/\/sepam.com.br\/fr\/com-textos-produzidos-por-alunos-sepam-apresenta-5a-edicao-do-projeto-literario\/","title":{"rendered":"Com textos produzidos por alunos, Sepam apresenta 5\u00aa edi\u00e7\u00e3o do Projeto Liter\u00e1rio"},"content":{"rendered":"<p style=\"text-align: center;\"><em><span class=\"TextRun Highlight SCXW188106342 BCX0\" lang=\"PT-BR\" xml_lang=\"PT-BR\" data-contrast=\"auto\"><span class=\"NormalTextRun SCXW188106342 BCX0\">Seis obras foram produzidas, quatro em portugu\u00eas e duas em ingl\u00eas<\/span><\/span><span class=\"EOP SCXW188106342 BCX0\" data-ccp-props=\"{&quot;201341983&quot;:0,&quot;335551550&quot;:6,&quot;335551620&quot;:6,&quot;335559739&quot;:160,&quot;335559740&quot;:240}\">\u00a0<\/span><\/em><\/p>\n<p><b><span data-contrast=\"none\">\u00a0Ponta Grossa, novembro de 2021 &#8211;\u00a0<\/span><\/b><span data-contrast=\"none\">O Col\u00e9gio\u00a0Pontagrossense\u00a0Sepam\u00a0concluiu os trabalhos da 5\u00aa edi\u00e7\u00e3o do Projeto Liter\u00e1rio Colet\u00e2neas\u00a0Sepam, com os livros produzidos pelos alunos dos anos finais do Ensino Fundamental. Cada estudante recebeu um exemplar das obras, na manh\u00e3 desta sexta-feira (19), em sala de aula. A iniciativa faz parte dos projetos pedag\u00f3gicos do Col\u00e9gio desde 2017.\u00a0<\/span><span data-ccp-props=\"{&quot;201341983&quot;:0,&quot;335551550&quot;:6,&quot;335551620&quot;:6,&quot;335559739&quot;:160,&quot;335559740&quot;:240}\">\u00a0<\/span><\/p>\n<p><span data-ccp-props=\"{&quot;201341983&quot;:0,&quot;335551550&quot;:6,&quot;335551620&quot;:6,&quot;335559739&quot;:160,&quot;335559740&quot;:240}\">\u00a0<\/span><\/p>\n<p><span data-contrast=\"none\">Os textos foram constru\u00eddos e lapidados durante as aulas de Produ\u00e7\u00e3o de Texto, no primeiro semestre de 2021. A professora Marcela\u00a0Marabeli\u00a0Pagano\u00a0de Oliveira \u00e9 uma das idealizadoras do projeto. A docente conta que a ideia inicial foi incentivar os alunos a escreverem e, assim, tornar a produ\u00e7\u00e3o textual mais atrativa para os adolescentes. \u201cO fato de muitos alunos n\u00e3o se sentirem motivados a praticar a escrita nos mobilizou a idealizar um projeto que os fizesse compreender a import\u00e2ncia da atividade para a forma\u00e7\u00e3o deles. A inten\u00e7\u00e3o foi desenvolver uma a\u00e7\u00e3o que desse aos estudantes autonomia, liberdade e protagonismo para desenvolver os textos\u201d, explica a professora.\u00a0<\/span><span data-ccp-props=\"{&quot;201341983&quot;:0,&quot;335551550&quot;:6,&quot;335551620&quot;:6,&quot;335559739&quot;:160,&quot;335559740&quot;:240}\">\u00a0<\/span><\/p>\n<p><span data-ccp-props=\"{&quot;201341983&quot;:0,&quot;335551550&quot;:6,&quot;335551620&quot;:6,&quot;335559739&quot;:160,&quot;335559740&quot;:240}\">\u00a0<\/span><\/p>\n<p><span data-contrast=\"none\">O projeto contempla a publica\u00e7\u00e3o de um livro do 6\u00ba e um do 7\u00ba ano; dois livros do 8\u00ba e dois livros do 9\u00ba ano (um em portugu\u00eas e outro em ingl\u00eas). Os alunos tamb\u00e9m s\u00e3o respons\u00e1veis pela capa, ilustra\u00e7\u00f5es e fotografias, produzidas com a supervis\u00e3o da professora de Arte,\u00a0J\u00e9ssyka\u00a0Fipke.\u00a0<\/span><span data-ccp-props=\"{&quot;201341983&quot;:0,&quot;335551550&quot;:6,&quot;335551620&quot;:6,&quot;335559739&quot;:160,&quot;335559740&quot;:240}\">\u00a0<\/span><\/p>\n<p><span data-ccp-props=\"{&quot;201341983&quot;:0,&quot;335551550&quot;:6,&quot;335551620&quot;:6,&quot;335559739&quot;:160,&quot;335559740&quot;:240}\">\u00a0<\/span><\/p>\n<p><span data-contrast=\"none\">Na edi\u00e7\u00e3o de 2021, os alunos do 6\u00ba ano, com a orienta\u00e7\u00e3o da professora Ana Caroline Neumann, trabalharam o g\u00eanero poema visual; no 7\u00ba ano, a professora Isabela Mendes abordou hist\u00f3rias em quadrinhos; no 8\u00ba ano, as professoras Ana Paula\u00a0Delezuk\u00a0e Marcela\u00a0Marabeli\u00a0Pagano\u00a0de Oliveira trabalharam cr\u00f4nicas; e a par\u00f3dia foi o g\u00eanero escolhido para os alunos do 9\u00ba ano, que foram acompanhados pela professora Ana Rosely\u00a0Troyner\u00a0Yamamoto. As turmas de 8\u00ba e 9\u00ba anos tamb\u00e9m produziram livros em ingl\u00eas, a partir de um trabalho realizado no projeto bil\u00edngue do Col\u00e9gio pela professora Jaqueline\u00a0Zanluchi. Os alunos do oitavo ano escreveram receitas de fam\u00edlia e os do nono, produziram cartuns.\u00a0<\/span><span data-ccp-props=\"{&quot;201341983&quot;:0,&quot;335551550&quot;:6,&quot;335551620&quot;:6,&quot;335559739&quot;:160,&quot;335559740&quot;:240}\">\u00a0<\/span><\/p>\n<p><img fetchpriority=\"high\" decoding=\"async\" class=\"size-medium wp-image-4036 aligncenter\" src=\"https:\/\/www.sepam.com.br\/wp-content\/uploads\/2021\/11\/MicrosoftTeams-image-34-300x200.jpg\" alt=\"\" width=\"300\" height=\"200\" \/><\/p>\n<p><span data-ccp-props=\"{&quot;201341983&quot;:0,&quot;335551550&quot;:6,&quot;335551620&quot;:6,&quot;335559739&quot;:160,&quot;335559740&quot;:240}\">\u00a0<\/span><\/p>\n<p><span data-contrast=\"none\">Para a coordenadora pedag\u00f3gica do\u00a0Sepam, S\u00f4nia\u00a0Mongruel, um dos pontos principais do projeto \u00e9 colocar o aluno como coautor de uma obra, que ser\u00e1 lida por muitas pessoas, e n\u00e3o somente pela professora da turma. \u201cO trabalho incentiva a leitura e traz um novo significado para a escrita porque os estudantes t\u00eam a consci\u00eancia de que se comunicar\u00e3o com outras pessoas, ent\u00e3o precisam dar sentido ao que v\u00e3o escrever para que o leitor consiga entender a mensagem que est\u00e1 sendo passada. \u00c9, tamb\u00e9m, uma oportunidade de revelar a criatividade, at\u00e9 mesmo, descobrir poss\u00edveis dons\u201d, destaca.\u00a0<\/span><span data-ccp-props=\"{&quot;201341983&quot;:0,&quot;335551550&quot;:6,&quot;335551620&quot;:6,&quot;335559739&quot;:160,&quot;335559740&quot;:240}\">\u00a0<\/span><\/p>\n<p><span data-ccp-props=\"{&quot;201341983&quot;:0,&quot;335551550&quot;:6,&quot;335551620&quot;:6,&quot;335559739&quot;:160,&quot;335559740&quot;:240}\">\u00a0<\/span><\/p>\n<p><span data-contrast=\"none\">O aluno do 9\u00ba ano, Francisco Galv\u00e3o\u00a0Coloda, participa desde a 2\u00aa edi\u00e7\u00e3o do projeto, lan\u00e7ada em 2018, quando ele cursava o 6\u00ba ano. O garoto afirma que o trabalho traz in\u00fameros benef\u00edcios. \u201cO projeto liter\u00e1rio libera nossa criatividade, nos ensina sobre novos g\u00eaneros liter\u00e1rios, nos ajuda a melhorar a produ\u00e7\u00e3o textual e a nos expressarmos. No meu caso, tamb\u00e9m foi importante para que eu pudesse pensar no futuro, como no livro \u2018Uma carta para mim\u2019 (2019), e no passado, como na obra \u2018O ano que eu n\u00e3o planejei\u2019 (2020). Como o col\u00e9gio oferece projeto bil\u00edngue, produzimos textos em ingl\u00eas tamb\u00e9m, o que auxilia na compreens\u00e3o da l\u00edngua\u201d, diz Francisco.\u00a0\u00a0<\/span><span data-ccp-props=\"{&quot;201341983&quot;:0,&quot;335551550&quot;:6,&quot;335551620&quot;:6,&quot;335559739&quot;:160,&quot;335559740&quot;:240}\">\u00a0<\/span><\/p>\n<p><span data-contrast=\"none\">O Projeto Liter\u00e1rio Colet\u00e2neas\u00a0Sepam\u00a0\u00e9 supervisionado pelas coordenadoras pedag\u00f3gicas S\u00f4nia\u00a0Mongruel\u00a0(geral), Juliana\u00a0Dallarmi\u00a0Gil (6\u00ba a 8\u00ba ano) e Giselle\u00a0Gehlen\u00a0(9\u00ba ano). Os livros, de todas as edi\u00e7\u00f5es, tamb\u00e9m est\u00e3o dispon\u00edveis no formato digital no\u00a0<\/span><a href=\"https:\/\/www.sepam.com.br\/projeto-literario-coletaneas-sepam\"><span data-contrast=\"none\">site do Sepam<\/span><\/a><span data-contrast=\"none\">.\u00a0<\/span><span data-ccp-props=\"{&quot;201341983&quot;:0,&quot;335551550&quot;:6,&quot;335551620&quot;:6,&quot;335559739&quot;:160,&quot;335559740&quot;:240}\">\u00a0<\/span><\/p>\n<p><span data-ccp-props=\"{&quot;201341983&quot;:0,&quot;335551550&quot;:2,&quot;335551620&quot;:2,&quot;335559739&quot;:160,&quot;335559740&quot;:240}\">\u00a0<\/span><\/p>\n<p><b><span data-contrast=\"none\">Matr\u00edculas\u00a0<\/span><\/b><span data-ccp-props=\"{&quot;201341983&quot;:0,&quot;335551550&quot;:6,&quot;335551620&quot;:6,&quot;335559739&quot;:160,&quot;335559740&quot;:240}\">\u00a0<\/span><\/p>\n<p><span data-contrast=\"none\">O Projeto Liter\u00e1rio \u00e9 apenas um dos diferenciais do Col\u00e9gio\u00a0Sepam, de Ponta Grossa. A institui\u00e7\u00e3o conta tamb\u00e9m com aulas de rob\u00f3tica; High\u00a0School, em parceria com a Universidade de Missouri dos Estados Unidos; implementa\u00e7\u00e3o do programa de educa\u00e7\u00e3o socioemocional L\u00edder em Mim; aulas de yoga e incentivo \u00e0s pr\u00e1ticas saud\u00e1veis no dia a dia; al\u00e9m de aulas de dan\u00e7a, m\u00fasica, teatro, gin\u00e1stica e treinamentos esportivos.\u00a0\u00a0<\/span><span data-ccp-props=\"{&quot;201341983&quot;:0,&quot;335551550&quot;:6,&quot;335551620&quot;:6,&quot;335559739&quot;:160,&quot;335559740&quot;:240}\">\u00a0<\/span><\/p>\n<p><span data-contrast=\"none\">As matr\u00edculas para o ano de 2022 j\u00e1 podem ser feitas por meio do site do\u00a0Sepam. Para mais informa\u00e7\u00f5es, contate o (42) 3225-2677.\u00a0<\/span><span data-ccp-props=\"{&quot;201341983&quot;:0,&quot;335551550&quot;:6,&quot;335551620&quot;:6,&quot;335559739&quot;:160,&quot;335559740&quot;:240}\">\u00a0<\/span><\/p>\n","protected":false},"excerpt":{"rendered":"<p>Seis obras foram produzidas, quatro em portugu\u00eas e duas em ingl\u00eas\u00a0 \u00a0Ponta Grossa, novembro de 2021 &#8211;\u00a0O Col\u00e9gio\u00a0Pontagrossense\u00a0Sepam\u00a0concluiu os trabalhos da 5\u00aa edi\u00e7\u00e3o do Projeto Liter\u00e1rio Colet\u00e2neas\u00a0Sepam, com os livros produzidos pelos alunos dos anos finais do Ensino Fundamental. Cada estudante recebeu um exemplar das obras, na manh\u00e3 desta sexta-feira (19), em sala de aula. [&hellip;]<\/p>\n","protected":false},"author":13,"featured_media":0,"comment_status":"open","ping_status":"open","sticky":false,"template":"","format":"standard","meta":{"footnotes":""},"categories":[21],"tags":[],"class_list":["post-7148","post","type-post","status-publish","format-standard","hentry","category-colegio-sepam"],"yoast_head":"<!-- This site is optimized with the Yoast SEO plugin v28.4 - https:\/\/yoast.com\/product\/yoast-seo-wordpress\/ -->\n<title>Com textos produzidos por alunos, Sepam apresenta 5\u00aa edi\u00e7\u00e3o do Projeto Liter\u00e1rio<\/title>\n<meta name=\"description\" content=\"Seis obras foram produzidas, quatro em portugu\u00eas e duas em ingl\u00eas\u00a0 \u00a0Ponta Grossa, novembro de 2021 -\u00a0O Col\u00e9gio\u00a0Pontagrossense\u00a0Sepam\u00a0concluiu os trabalhos da 5\u00aa edi\u00e7\u00e3o do Projeto Liter\u00e1rio Colet\u00e2neas\u00a0Sepam, com os livros produzidos pelos alunos dos anos finais do Ensino Fundamental. Cada estudante recebeu um exemplar das obras, na manh\u00e3 desta sexta-feira (19), em sala de aula.\u2026\" \/>\n<meta name=\"robots\" content=\"index, follow, max-snippet:-1, max-image-preview:large, max-video-preview:-1\" \/>\n<link rel=\"canonical\" href=\"https:\/\/sepam.com.br\/fr\/com-textos-produzidos-por-alunos-sepam-apresenta-5a-edicao-do-projeto-literario\/\" \/>\n<meta property=\"og:locale\" content=\"fr_FR\" \/>\n<meta property=\"og:type\" content=\"article\" \/>\n<meta property=\"og:title\" content=\"Com textos produzidos por alunos, Sepam apresenta 5\u00aa edi\u00e7\u00e3o do Projeto Liter\u00e1rio\" \/>\n<meta property=\"og:description\" content=\"Seis obras foram produzidas, quatro em portugu\u00eas e duas em ingl\u00eas\u00a0 \u00a0Ponta Grossa, novembro de 2021 -\u00a0O Col\u00e9gio\u00a0Pontagrossense\u00a0Sepam\u00a0concluiu os trabalhos da 5\u00aa edi\u00e7\u00e3o do Projeto Liter\u00e1rio Colet\u00e2neas\u00a0Sepam, com os livros produzidos pelos alunos dos anos finais do Ensino Fundamental. Cada estudante recebeu um exemplar das obras, na manh\u00e3 desta sexta-feira (19), em sala de aula.\u2026\" \/>\n<meta property=\"og:url\" content=\"https:\/\/sepam.com.br\/fr\/com-textos-produzidos-por-alunos-sepam-apresenta-5a-edicao-do-projeto-literario\/\" \/>\n<meta property=\"og:site_name\" content=\"Col\u00e9gio Sepam\" \/>\n<meta property=\"article:published_time\" content=\"2025-08-28T13:47:46+00:00\" \/>\n<meta property=\"article:modified_time\" content=\"2025-11-24T13:53:34+00:00\" \/>\n<meta name=\"author\" content=\"Sepam\" \/>\n<meta name=\"twitter:card\" content=\"summary_large_image\" \/>\n<meta name=\"twitter:label1\" content=\"\u00c9crit par\" \/>\n\t<meta name=\"twitter:data1\" content=\"Sepam\" \/>\n\t<meta name=\"twitter:label2\" content=\"Dur\u00e9e de lecture estim\u00e9e\" \/>\n\t<meta name=\"twitter:data2\" content=\"4 minutes\" \/>\n<script type=\"application\/ld+json\" class=\"yoast-schema-graph\">{\"@context\":\"https:\\\/\\\/schema.org\",\"@graph\":[{\"@type\":\"Article\",\"@id\":\"https:\\\/\\\/sepam.com.br\\\/fr\\\/com-textos-produzidos-por-alunos-sepam-apresenta-5a-edicao-do-projeto-literario\\\/#article\",\"isPartOf\":{\"@id\":\"https:\\\/\\\/sepam.com.br\\\/fr\\\/com-textos-produzidos-por-alunos-sepam-apresenta-5a-edicao-do-projeto-literario\\\/\"},\"author\":{\"name\":\"Sepam\",\"@id\":\"https:\\\/\\\/sepam.com.br\\\/#\\\/schema\\\/person\\\/bfa2996c649a5a6d822766f6e64eb7fd\"},\"headline\":\"Com textos produzidos por alunos, Sepam apresenta 5\u00aa edi\u00e7\u00e3o do Projeto Liter\u00e1rio\",\"datePublished\":\"2025-08-28T13:47:46+00:00\",\"dateModified\":\"2025-11-24T13:53:34+00:00\",\"mainEntityOfPage\":{\"@id\":\"https:\\\/\\\/sepam.com.br\\\/fr\\\/com-textos-produzidos-por-alunos-sepam-apresenta-5a-edicao-do-projeto-literario\\\/\"},\"wordCount\":751,\"commentCount\":0,\"publisher\":{\"@id\":\"https:\\\/\\\/sepam.com.br\\\/#organization\"},\"image\":{\"@id\":\"https:\\\/\\\/sepam.com.br\\\/fr\\\/com-textos-produzidos-por-alunos-sepam-apresenta-5a-edicao-do-projeto-literario\\\/#primaryimage\"},\"thumbnailUrl\":\"https:\\\/\\\/www.sepam.com.br\\\/wp-content\\\/uploads\\\/2021\\\/11\\\/MicrosoftTeams-image-34-300x200.jpg\",\"articleSection\":[\"Colegio Sepam\"],\"inLanguage\":\"fr-FR\",\"potentialAction\":[{\"@type\":\"CommentAction\",\"name\":\"Comment\",\"target\":[\"https:\\\/\\\/sepam.com.br\\\/fr\\\/com-textos-produzidos-por-alunos-sepam-apresenta-5a-edicao-do-projeto-literario\\\/#respond\"]}]},{\"@type\":\"WebPage\",\"@id\":\"https:\\\/\\\/sepam.com.br\\\/fr\\\/com-textos-produzidos-por-alunos-sepam-apresenta-5a-edicao-do-projeto-literario\\\/\",\"url\":\"https:\\\/\\\/sepam.com.br\\\/fr\\\/com-textos-produzidos-por-alunos-sepam-apresenta-5a-edicao-do-projeto-literario\\\/\",\"name\":\"Com textos produzidos por alunos, Sepam apresenta 5\u00aa edi\u00e7\u00e3o do Projeto Liter\u00e1rio - Col\u00e9gio Sepam\",\"isPartOf\":{\"@id\":\"https:\\\/\\\/sepam.com.br\\\/#website\"},\"primaryImageOfPage\":{\"@id\":\"https:\\\/\\\/sepam.com.br\\\/fr\\\/com-textos-produzidos-por-alunos-sepam-apresenta-5a-edicao-do-projeto-literario\\\/#primaryimage\"},\"image\":{\"@id\":\"https:\\\/\\\/sepam.com.br\\\/fr\\\/com-textos-produzidos-por-alunos-sepam-apresenta-5a-edicao-do-projeto-literario\\\/#primaryimage\"},\"thumbnailUrl\":\"https:\\\/\\\/www.sepam.com.br\\\/wp-content\\\/uploads\\\/2021\\\/11\\\/MicrosoftTeams-image-34-300x200.jpg\",\"datePublished\":\"2025-08-28T13:47:46+00:00\",\"dateModified\":\"2025-11-24T13:53:34+00:00\",\"breadcrumb\":{\"@id\":\"https:\\\/\\\/sepam.com.br\\\/fr\\\/com-textos-produzidos-por-alunos-sepam-apresenta-5a-edicao-do-projeto-literario\\\/#breadcrumb\"},\"inLanguage\":\"fr-FR\",\"potentialAction\":[{\"@type\":\"ReadAction\",\"target\":[\"https:\\\/\\\/sepam.com.br\\\/fr\\\/com-textos-produzidos-por-alunos-sepam-apresenta-5a-edicao-do-projeto-literario\\\/\"]}]},{\"@type\":\"ImageObject\",\"inLanguage\":\"fr-FR\",\"@id\":\"https:\\\/\\\/sepam.com.br\\\/fr\\\/com-textos-produzidos-por-alunos-sepam-apresenta-5a-edicao-do-projeto-literario\\\/#primaryimage\",\"url\":\"https:\\\/\\\/www.sepam.com.br\\\/wp-content\\\/uploads\\\/2021\\\/11\\\/MicrosoftTeams-image-34-300x200.jpg\",\"contentUrl\":\"https:\\\/\\\/www.sepam.com.br\\\/wp-content\\\/uploads\\\/2021\\\/11\\\/MicrosoftTeams-image-34-300x200.jpg\"},{\"@type\":\"BreadcrumbList\",\"@id\":\"https:\\\/\\\/sepam.com.br\\\/fr\\\/com-textos-produzidos-por-alunos-sepam-apresenta-5a-edicao-do-projeto-literario\\\/#breadcrumb\",\"itemListElement\":[{\"@type\":\"ListItem\",\"position\":1,\"name\":\"Boas Vindas\",\"item\":\"https:\\\/\\\/sepam.com.br\\\/\"},{\"@type\":\"ListItem\",\"position\":2,\"name\":\"Com textos produzidos por alunos, Sepam apresenta 5\u00aa edi\u00e7\u00e3o do Projeto Liter\u00e1rio\"}]},{\"@type\":\"WebSite\",\"@id\":\"https:\\\/\\\/sepam.com.br\\\/fr\\\/#website\",\"url\":\"https:\\\/\\\/sepam.com.br\\\/fr\\\/\",\"name\":\"Col\u00e9gio Sepam\",\"description\":\"Ensino Incompar\u00e1vel\",\"publisher\":{\"@id\":\"https:\\\/\\\/sepam.com.br\\\/fr\\\/#organization\"},\"potentialAction\":[{\"@type\":\"SearchAction\",\"target\":{\"@type\":\"EntryPoint\",\"urlTemplate\":\"https:\\\/\\\/sepam.com.br\\\/fr\\\/?s={search_term_string}\"},\"query-input\":{\"@type\":\"PropertyValueSpecification\",\"valueRequired\":true,\"valueName\":\"search_term_string\"}}],\"inLanguage\":\"fr-FR\"},{\"@type\":\"Organization\",\"@id\":\"https:\\\/\\\/sepam.com.br\\\/fr\\\/#organization\",\"name\":\"Col\u00e9gio Sepam\",\"url\":\"https:\\\/\\\/sepam.com.br\\\/fr\\\/\",\"logo\":{\"@type\":\"ImageObject\",\"inLanguage\":\"fr-FR\",\"@id\":\"https:\\\/\\\/sepam.com.br\\\/fr\\\/#\\\/schema\\\/logo\\\/image\\\/\",\"url\":\"https:\\\/\\\/sepam.com.br\\\/wp-content\\\/uploads\\\/2025\\\/02\\\/Ativo-2.png\",\"contentUrl\":\"https:\\\/\\\/sepam.com.br\\\/wp-content\\\/uploads\\\/2025\\\/02\\\/Ativo-2.png\",\"width\":595,\"height\":525,\"caption\":\"Col\u00e9gio Sepam\"},\"image\":{\"@id\":\"https:\\\/\\\/sepam.com.br\\\/fr\\\/#\\\/schema\\\/logo\\\/image\\\/\"}},{\"@type\":\"Person\",\"@id\":\"https:\\\/\\\/sepam.com.br\\\/#\\\/schema\\\/person\\\/bfa2996c649a5a6d822766f6e64eb7fd\",\"name\":\"Sepam\",\"image\":{\"@type\":\"ImageObject\",\"inLanguage\":\"fr-FR\",\"@id\":\"https:\\\/\\\/secure.gravatar.com\\\/avatar\\\/0219e64664f5861998ad57a3432eb4bd5fd99a34c7cc9bc44b3c59dfb830db85?s=96&d=mm&r=g\",\"url\":\"https:\\\/\\\/secure.gravatar.com\\\/avatar\\\/0219e64664f5861998ad57a3432eb4bd5fd99a34c7cc9bc44b3c59dfb830db85?s=96&d=mm&r=g\",\"contentUrl\":\"https:\\\/\\\/secure.gravatar.com\\\/avatar\\\/0219e64664f5861998ad57a3432eb4bd5fd99a34c7cc9bc44b3c59dfb830db85?s=96&d=mm&r=g\",\"caption\":\"Sepam\"},\"url\":\"https:\\\/\\\/sepam.com.br\\\/fr\\\/author\\\/sepam\\\/\"}]}<\/script>\n<!-- \/ Yoast SEO plugin. -->","yoast_head_json":{"title":"Com textos produzidos por alunos, Sepam apresenta 5\u00aa edi\u00e7\u00e3o do Projeto Liter\u00e1rio","description":"Seis obras foram produzidas, quatro em portugu\u00eas e duas em ingl\u00eas\u00a0 \u00a0Ponta Grossa, novembro de 2021 -\u00a0O Col\u00e9gio\u00a0Pontagrossense\u00a0Sepam\u00a0concluiu os trabalhos da 5\u00aa edi\u00e7\u00e3o do Projeto Liter\u00e1rio Colet\u00e2neas\u00a0Sepam, com os livros produzidos pelos alunos dos anos finais do Ensino Fundamental. Cada estudante recebeu um exemplar das obras, na manh\u00e3 desta sexta-feira (19), em sala de aula.\u2026","robots":{"index":"index","follow":"follow","max-snippet":"max-snippet:-1","max-image-preview":"max-image-preview:large","max-video-preview":"max-video-preview:-1"},"canonical":"https:\/\/sepam.com.br\/fr\/com-textos-produzidos-por-alunos-sepam-apresenta-5a-edicao-do-projeto-literario\/","og_locale":"fr_FR","og_type":"article","og_title":"Com textos produzidos por alunos, Sepam apresenta 5\u00aa edi\u00e7\u00e3o do Projeto Liter\u00e1rio","og_description":"Seis obras foram produzidas, quatro em portugu\u00eas e duas em ingl\u00eas\u00a0 \u00a0Ponta Grossa, novembro de 2021 -\u00a0O Col\u00e9gio\u00a0Pontagrossense\u00a0Sepam\u00a0concluiu os trabalhos da 5\u00aa edi\u00e7\u00e3o do Projeto Liter\u00e1rio Colet\u00e2neas\u00a0Sepam, com os livros produzidos pelos alunos dos anos finais do Ensino Fundamental. Cada estudante recebeu um exemplar das obras, na manh\u00e3 desta sexta-feira (19), em sala de aula.\u2026","og_url":"https:\/\/sepam.com.br\/fr\/com-textos-produzidos-por-alunos-sepam-apresenta-5a-edicao-do-projeto-literario\/","og_site_name":"Col\u00e9gio Sepam","article_published_time":"2025-08-28T13:47:46+00:00","article_modified_time":"2025-11-24T13:53:34+00:00","author":"Sepam","twitter_card":"summary_large_image","twitter_misc":{"\u00c9crit par":"Sepam","Dur\u00e9e de lecture estim\u00e9e":"4 minutes"},"schema":{"@context":"https:\/\/schema.org","@graph":[{"@type":"Article","@id":"https:\/\/sepam.com.br\/fr\/com-textos-produzidos-por-alunos-sepam-apresenta-5a-edicao-do-projeto-literario\/#article","isPartOf":{"@id":"https:\/\/sepam.com.br\/fr\/com-textos-produzidos-por-alunos-sepam-apresenta-5a-edicao-do-projeto-literario\/"},"author":{"name":"Sepam","@id":"https:\/\/sepam.com.br\/#\/schema\/person\/bfa2996c649a5a6d822766f6e64eb7fd"},"headline":"Com textos produzidos por alunos, Sepam apresenta 5\u00aa edi\u00e7\u00e3o do Projeto Liter\u00e1rio","datePublished":"2025-08-28T13:47:46+00:00","dateModified":"2025-11-24T13:53:34+00:00","mainEntityOfPage":{"@id":"https:\/\/sepam.com.br\/fr\/com-textos-produzidos-por-alunos-sepam-apresenta-5a-edicao-do-projeto-literario\/"},"wordCount":751,"commentCount":0,"publisher":{"@id":"https:\/\/sepam.com.br\/#organization"},"image":{"@id":"https:\/\/sepam.com.br\/fr\/com-textos-produzidos-por-alunos-sepam-apresenta-5a-edicao-do-projeto-literario\/#primaryimage"},"thumbnailUrl":"https:\/\/www.sepam.com.br\/wp-content\/uploads\/2021\/11\/MicrosoftTeams-image-34-300x200.jpg","articleSection":["Colegio Sepam"],"inLanguage":"fr-FR","potentialAction":[{"@type":"CommentAction","name":"Comment","target":["https:\/\/sepam.com.br\/fr\/com-textos-produzidos-por-alunos-sepam-apresenta-5a-edicao-do-projeto-literario\/#respond"]}]},{"@type":"WebPage","@id":"https:\/\/sepam.com.br\/fr\/com-textos-produzidos-por-alunos-sepam-apresenta-5a-edicao-do-projeto-literario\/","url":"https:\/\/sepam.com.br\/fr\/com-textos-produzidos-por-alunos-sepam-apresenta-5a-edicao-do-projeto-literario\/","name":"Com textos produzidos por alunos, Sepam apresenta 5\u00aa edi\u00e7\u00e3o do Projeto Liter\u00e1rio - Col\u00e9gio Sepam","isPartOf":{"@id":"https:\/\/sepam.com.br\/#website"},"primaryImageOfPage":{"@id":"https:\/\/sepam.com.br\/fr\/com-textos-produzidos-por-alunos-sepam-apresenta-5a-edicao-do-projeto-literario\/#primaryimage"},"image":{"@id":"https:\/\/sepam.com.br\/fr\/com-textos-produzidos-por-alunos-sepam-apresenta-5a-edicao-do-projeto-literario\/#primaryimage"},"thumbnailUrl":"https:\/\/www.sepam.com.br\/wp-content\/uploads\/2021\/11\/MicrosoftTeams-image-34-300x200.jpg","datePublished":"2025-08-28T13:47:46+00:00","dateModified":"2025-11-24T13:53:34+00:00","breadcrumb":{"@id":"https:\/\/sepam.com.br\/fr\/com-textos-produzidos-por-alunos-sepam-apresenta-5a-edicao-do-projeto-literario\/#breadcrumb"},"inLanguage":"fr-FR","potentialAction":[{"@type":"ReadAction","target":["https:\/\/sepam.com.br\/fr\/com-textos-produzidos-por-alunos-sepam-apresenta-5a-edicao-do-projeto-literario\/"]}]},{"@type":"ImageObject","inLanguage":"fr-FR","@id":"https:\/\/sepam.com.br\/fr\/com-textos-produzidos-por-alunos-sepam-apresenta-5a-edicao-do-projeto-literario\/#primaryimage","url":"https:\/\/www.sepam.com.br\/wp-content\/uploads\/2021\/11\/MicrosoftTeams-image-34-300x200.jpg","contentUrl":"https:\/\/www.sepam.com.br\/wp-content\/uploads\/2021\/11\/MicrosoftTeams-image-34-300x200.jpg"},{"@type":"BreadcrumbList","@id":"https:\/\/sepam.com.br\/fr\/com-textos-produzidos-por-alunos-sepam-apresenta-5a-edicao-do-projeto-literario\/#breadcrumb","itemListElement":[{"@type":"ListItem","position":1,"name":"Boas Vindas","item":"https:\/\/sepam.com.br\/"},{"@type":"ListItem","position":2,"name":"Com textos produzidos por alunos, Sepam apresenta 5\u00aa edi\u00e7\u00e3o do Projeto Liter\u00e1rio"}]},{"@type":"WebSite","@id":"https:\/\/sepam.com.br\/fr\/#website","url":"https:\/\/sepam.com.br\/fr\/","name":"Col\u00e9gio Sepam","description":"Ensino Incompar\u00e1vel","publisher":{"@id":"https:\/\/sepam.com.br\/fr\/#organization"},"potentialAction":[{"@type":"SearchAction","target":{"@type":"EntryPoint","urlTemplate":"https:\/\/sepam.com.br\/fr\/?s={search_term_string}"},"query-input":{"@type":"PropertyValueSpecification","valueRequired":true,"valueName":"search_term_string"}}],"inLanguage":"fr-FR"},{"@type":"Organization","@id":"https:\/\/sepam.com.br\/fr\/#organization","name":"Col\u00e9gio Sepam","url":"https:\/\/sepam.com.br\/fr\/","logo":{"@type":"ImageObject","inLanguage":"fr-FR","@id":"https:\/\/sepam.com.br\/fr\/#\/schema\/logo\/image\/","url":"https:\/\/sepam.com.br\/wp-content\/uploads\/2025\/02\/Ativo-2.png","contentUrl":"https:\/\/sepam.com.br\/wp-content\/uploads\/2025\/02\/Ativo-2.png","width":595,"height":525,"caption":"Col\u00e9gio Sepam"},"image":{"@id":"https:\/\/sepam.com.br\/fr\/#\/schema\/logo\/image\/"}},{"@type":"Person","@id":"https:\/\/sepam.com.br\/#\/schema\/person\/bfa2996c649a5a6d822766f6e64eb7fd","name":"Sepam","image":{"@type":"ImageObject","inLanguage":"fr-FR","@id":"https:\/\/secure.gravatar.com\/avatar\/0219e64664f5861998ad57a3432eb4bd5fd99a34c7cc9bc44b3c59dfb830db85?s=96&d=mm&r=g","url":"https:\/\/secure.gravatar.com\/avatar\/0219e64664f5861998ad57a3432eb4bd5fd99a34c7cc9bc44b3c59dfb830db85?s=96&d=mm&r=g","contentUrl":"https:\/\/secure.gravatar.com\/avatar\/0219e64664f5861998ad57a3432eb4bd5fd99a34c7cc9bc44b3c59dfb830db85?s=96&d=mm&r=g","caption":"Sepam"},"url":"https:\/\/sepam.com.br\/fr\/author\/sepam\/"}]}},"_links":{"self":[{"href":"https:\/\/sepam.com.br\/fr\/wp-json\/wp\/v2\/posts\/7148","targetHints":{"allow":["GET"]}}],"collection":[{"href":"https:\/\/sepam.com.br\/fr\/wp-json\/wp\/v2\/posts"}],"about":[{"href":"https:\/\/sepam.com.br\/fr\/wp-json\/wp\/v2\/types\/post"}],"author":[{"embeddable":true,"href":"https:\/\/sepam.com.br\/fr\/wp-json\/wp\/v2\/users\/13"}],"replies":[{"embeddable":true,"href":"https:\/\/sepam.com.br\/fr\/wp-json\/wp\/v2\/comments?post=7148"}],"version-history":[{"count":1,"href":"https:\/\/sepam.com.br\/fr\/wp-json\/wp\/v2\/posts\/7148\/revisions"}],"predecessor-version":[{"id":7212,"href":"https:\/\/sepam.com.br\/fr\/wp-json\/wp\/v2\/posts\/7148\/revisions\/7212"}],"wp:attachment":[{"href":"https:\/\/sepam.com.br\/fr\/wp-json\/wp\/v2\/media?parent=7148"}],"wp:term":[{"taxonomy":"category","embeddable":true,"href":"https:\/\/sepam.com.br\/fr\/wp-json\/wp\/v2\/categories?post=7148"},{"taxonomy":"post_tag","embeddable":true,"href":"https:\/\/sepam.com.br\/fr\/wp-json\/wp\/v2\/tags?post=7148"}],"curies":[{"name":"wp","href":"https:\/\/api.w.org\/{rel}","templated":true}]}}