{"id":7126,"date":"2025-08-28T10:47:43","date_gmt":"2025-08-28T13:47:43","guid":{"rendered":"https:\/\/dev.alisonandrei.com.br\/noticia\/colegio-sepam-realiza-formacao-do-programa-internacional-lider-em-mim\/"},"modified":"2025-11-24T10:53:35","modified_gmt":"2025-11-24T13:53:35","slug":"colegio-sepam-realiza-formacao-do-programa-internacional-lider-em-mim","status":"publish","type":"post","link":"https:\/\/sepam.com.br\/fr\/colegio-sepam-realiza-formacao-do-programa-internacional-lider-em-mim\/","title":{"rendered":"Col\u00e9gio Sepam realiza forma\u00e7\u00e3o do programa internacional \u201cL\u00edder em Mim\u201d"},"content":{"rendered":"<p style=\"text-align: center;\"><em><span class=\"TextRun SCXW4344180 BCX0\" lang=\"PT-BR\" xml_lang=\"PT-BR\" data-contrast=\"auto\"><span class=\"NormalTextRun SCXW4344180 BCX0\">Atividades preparam os professores para o ano letivo<\/span><\/span><span class=\"EOP SCXW4344180 BCX0\" data-ccp-props=\"{&quot;201341983&quot;:0,&quot;335551550&quot;:6,&quot;335551620&quot;:6,&quot;335559739&quot;:160,&quot;335559740&quot;:259}\">\u00a0<\/span><\/em><\/p>\n<p><span data-contrast=\"auto\">As atividades do ano letivo de 2021 no Col\u00e9gio\u00a0<\/span><span data-contrast=\"auto\">Pontagrossense<\/span><span data-contrast=\"auto\">\u00a0&#8211;\u00a0<\/span><span data-contrast=\"auto\">Sepam<\/span><span data-contrast=\"auto\">, de Ponta Grossa (PR), come\u00e7aram na \u00faltima segunda-feira (18) com o acolhimento da equipe docente e o in\u00edcio da semana de forma\u00e7\u00e3o pedag\u00f3gica, incluindo o programa L\u00edder em Mim, que ser\u00e1 desenvolvido com as turmas do Ensino Fundamental do Col\u00e9gio, contemplando alunos de 6 a 14 anos de idade.<\/span><span data-ccp-props=\"{&quot;201341983&quot;:0,&quot;335551550&quot;:6,&quot;335551620&quot;:6,&quot;335559739&quot;:160,&quot;335559740&quot;:259}\">\u00a0<\/span><\/p>\n<p><span data-contrast=\"auto\">\u00a0<\/span><span data-contrast=\"auto\">A forma\u00e7\u00e3o foi voltada para a equipe docente, coordenadores e colaboradores do\u00a0<\/span><span data-contrast=\"auto\">Sepam<\/span><span data-contrast=\"auto\">. \u201cSer l\u00edder est\u00e1 no DNA do\u00a0<\/span><span data-contrast=\"auto\">Sepam<\/span><span data-contrast=\"auto\">. Esse conceito faz parte de todas as a\u00e7\u00f5es do Col\u00e9gio que trabalha h\u00e1 mais de vinte anos com projetos de protagonismo juvenil como o Grupo da Cidadania, o Projeto Menarca, o\u00a0<\/span><span data-contrast=\"auto\">Step<\/span><span data-contrast=\"auto\">\u00a0<\/span><span data-contrast=\"auto\">by<\/span><span data-contrast=\"auto\">\u00a0<\/span><span data-contrast=\"auto\">step<\/span><span data-contrast=\"auto\">\u00a0e o\u00a0<\/span><span data-contrast=\"auto\">Ecopam<\/span><span data-contrast=\"auto\">. Al\u00e9m dos projetos, temos eventos como a\u00a0<\/span><span data-contrast=\"auto\">Ginpam<\/span><span data-contrast=\"auto\">, o Canta SEPAM, Mostra de Talentos, de Dan\u00e7a e de Teatro, o\u00a0<\/span><span data-contrast=\"auto\">Jispam<\/span><span data-contrast=\"auto\">. S\u00e3o muitas atividades que trazem o jovem para o centro da a\u00e7\u00e3o, para que ele realmente fa\u00e7a a diferen\u00e7a na sua vida e na vida da comunidade\u00a0\u00bb, aponta o diretor do\u00a0<\/span><span data-contrast=\"auto\">Sepam<\/span><span data-contrast=\"auto\">, Osni\u00a0<\/span><span data-contrast=\"auto\">Mongruel<\/span><span data-contrast=\"auto\">\u00a0Junior.<\/span><span data-ccp-props=\"{&quot;201341983&quot;:0,&quot;335551550&quot;:6,&quot;335551620&quot;:6,&quot;335559739&quot;:160,&quot;335559740&quot;:259}\">\u00a0<\/span><\/p>\n<p><span data-contrast=\"auto\">\u00a0<\/span><span data-contrast=\"auto\">A coordenadora pedag\u00f3gica do Col\u00e9gio, S\u00f4nia\u00a0<\/span><span data-contrast=\"auto\">Mongruel<\/span><span data-contrast=\"auto\">, explica que o programa ajudar\u00e1 professores e colaboradores a receberem os alunos que ir\u00e3o retornar aos estudos ainda no decorrer de um per\u00edodo \u00fanico na hist\u00f3ria humana, em que a pandemia trouxe instabilidades e muitas mudan\u00e7as de h\u00e1bitos. \u00ab\u00a0A import\u00e2ncia do Programa L\u00edder em Mim \u00e9 inquestion\u00e1vel uma vez que forma pessoas mais preparadas para atuarem em todos os ambientes e condi\u00e7\u00f5es que estiverem. Essa forma\u00e7\u00e3o sustenta e d\u00e1 um apoio ainda maior ao projeto pol\u00edtico pedag\u00f3gico que desenvolvemos com nossos alunos e suas fam\u00edlias\u00a0\u00bb, completa.<\/span><span data-ccp-props=\"{&quot;201341983&quot;:0,&quot;335551550&quot;:6,&quot;335551620&quot;:6,&quot;335559739&quot;:160,&quot;335559740&quot;:259}\">\u00a0<\/span><\/p>\n<p><span data-contrast=\"auto\">\u00a0<\/span><span data-contrast=\"auto\">O curso, promovido pela Editora Somos, foi ministrado pelas facilitadoras Vanessa Gon\u00e7alves Lima e Mariana Figueiredo e Souza. Mariana ressalta que \u00e9 ideal desenvolver princ\u00edpios eficazes de lideran\u00e7a nas crian\u00e7as, para que isso se transforme em um h\u00e1bito e, quando eles tornarem-se adultos, tenham sempre consigo esses princ\u00edpios e comportamentos. A maior autonomia proporcionada pelo programa tamb\u00e9m auxilia o desempenho escolar, especialmente para estes tempos de ensino remoto. Para Vanessa, os h\u00e1bitos de lideran\u00e7a precisam fazer sentido para o professor para que assim eles os transmitam aos alunos. \u00ab\u00a0Vimos na forma\u00e7\u00e3o que os educadores do\u00a0<\/span><span data-contrast=\"auto\">Sepam<\/span><span data-contrast=\"auto\">\u00a0t\u00eam total identidade com o L\u00edder em Mim, o que far\u00e1 toda a diferen\u00e7a quando da realiza\u00e7\u00e3o do trabalho com os alunos durante o ano letivo\u201d.<\/span><span data-ccp-props=\"{&quot;201341983&quot;:0,&quot;335551550&quot;:6,&quot;335551620&quot;:6,&quot;335559739&quot;:160,&quot;335559740&quot;:259}\">\u00a0<\/span><\/p>\n<p><span data-contrast=\"auto\">\u00a0<\/span><span data-contrast=\"auto\">Na avalia\u00e7\u00e3o dos professores do\u00a0<\/span><span data-contrast=\"auto\">Sepam<\/span><span data-contrast=\"auto\">, que participaram da forma\u00e7\u00e3o, trata-se de um programa importante para o crescimento profissional e o desenvolvimento das compet\u00eancias socioemocionais da nossa comunidade escolar.<\/span><span data-ccp-props=\"{&quot;201341983&quot;:0,&quot;335551550&quot;:6,&quot;335551620&quot;:6,&quot;335559739&quot;:160,&quot;335559740&quot;:259}\">\u00a0<\/span><\/p>\n<p><span data-contrast=\"auto\">\u00a0<\/span><span data-contrast=\"auto\">O programa L\u00edder em Mim foi desenvolvido nos Estados Unidos, baseado em estudos de doutorado de Stephen R.\u00a0<\/span><span data-contrast=\"auto\">Covey<\/span><span data-contrast=\"auto\">, autor do livro\u00a0<\/span><span data-contrast=\"auto\">best<\/span><span data-contrast=\"auto\">\u00a0<\/span><span data-contrast=\"auto\">seller<\/span><span data-contrast=\"auto\">\u00a0\u201cOs 7 H\u00e1bitos das Pessoas Altamente Eficazes\u201d, e adaptado \u00e0 realidade brasileira para escolas do n\u00edvel b\u00e1sico.<\/span><span data-ccp-props=\"{&quot;201341983&quot;:0,&quot;335551550&quot;:6,&quot;335551620&quot;:6,&quot;335559739&quot;:160,&quot;335559740&quot;:259}\">\u00a0<\/span><\/p>\n","protected":false},"excerpt":{"rendered":"<p>Atividades preparam os professores para o ano letivo\u00a0 As atividades do ano letivo de 2021 no Col\u00e9gio\u00a0Pontagrossense\u00a0&#8211;\u00a0Sepam, de Ponta Grossa (PR), come\u00e7aram na \u00faltima segunda-feira (18) com o acolhimento da equipe docente e o in\u00edcio da semana de forma\u00e7\u00e3o pedag\u00f3gica, incluindo o programa L\u00edder em Mim, que ser\u00e1 desenvolvido com as turmas do Ensino Fundamental [&hellip;]<\/p>\n","protected":false},"author":13,"featured_media":0,"comment_status":"open","ping_status":"open","sticky":false,"template":"","format":"standard","meta":{"footnotes":""},"categories":[21],"tags":[],"class_list":["post-7126","post","type-post","status-publish","format-standard","hentry","category-colegio-sepam"],"yoast_head":"<!-- This site is optimized with the Yoast SEO plugin v28.4 - https:\/\/yoast.com\/product\/yoast-seo-wordpress\/ -->\n<title>Col\u00e9gio Sepam realiza forma\u00e7\u00e3o do programa internacional \u201cL\u00edder em Mim\u201d<\/title>\n<meta name=\"description\" content=\"Atividades preparam os professores para o ano letivo\u00a0 As atividades do ano letivo de 2021 no Col\u00e9gio\u00a0Pontagrossense\u00a0-\u00a0Sepam, de Ponta Grossa (PR), come\u00e7aram na \u00faltima segunda-feira (18) com o acolhimento da equipe docente e o in\u00edcio da semana de forma\u00e7\u00e3o pedag\u00f3gica, incluindo o programa L\u00edder em Mim, que ser\u00e1 desenvolvido com as turmas do Ensino Fundamental\u2026\" \/>\n<meta name=\"robots\" content=\"index, follow, max-snippet:-1, max-image-preview:large, max-video-preview:-1\" \/>\n<link rel=\"canonical\" href=\"https:\/\/sepam.com.br\/fr\/colegio-sepam-realiza-formacao-do-programa-internacional-lider-em-mim\/\" \/>\n<meta property=\"og:locale\" content=\"fr_FR\" \/>\n<meta property=\"og:type\" content=\"article\" \/>\n<meta property=\"og:title\" content=\"Col\u00e9gio Sepam realiza forma\u00e7\u00e3o do programa internacional \u201cL\u00edder em Mim\u201d\" \/>\n<meta property=\"og:description\" content=\"Atividades preparam os professores para o ano letivo\u00a0 As atividades do ano letivo de 2021 no Col\u00e9gio\u00a0Pontagrossense\u00a0-\u00a0Sepam, de Ponta Grossa (PR), come\u00e7aram na \u00faltima segunda-feira (18) com o acolhimento da equipe docente e o in\u00edcio da semana de forma\u00e7\u00e3o pedag\u00f3gica, incluindo o programa L\u00edder em Mim, que ser\u00e1 desenvolvido com as turmas do Ensino Fundamental\u2026\" \/>\n<meta property=\"og:url\" content=\"https:\/\/sepam.com.br\/fr\/colegio-sepam-realiza-formacao-do-programa-internacional-lider-em-mim\/\" \/>\n<meta property=\"og:site_name\" content=\"Col\u00e9gio Sepam\" \/>\n<meta property=\"article:published_time\" content=\"2025-08-28T13:47:43+00:00\" \/>\n<meta property=\"article:modified_time\" content=\"2025-11-24T13:53:35+00:00\" \/>\n<meta name=\"author\" content=\"Sepam\" \/>\n<meta name=\"twitter:card\" content=\"summary_large_image\" \/>\n<meta name=\"twitter:label1\" content=\"\u00c9crit par\" \/>\n\t<meta name=\"twitter:data1\" content=\"Sepam\" \/>\n\t<meta name=\"twitter:label2\" content=\"Dur\u00e9e de lecture estim\u00e9e\" \/>\n\t<meta name=\"twitter:data2\" content=\"3 minutes\" \/>\n<script type=\"application\/ld+json\" class=\"yoast-schema-graph\">{\"@context\":\"https:\\\/\\\/schema.org\",\"@graph\":[{\"@type\":\"Article\",\"@id\":\"https:\\\/\\\/sepam.com.br\\\/fr\\\/colegio-sepam-realiza-formacao-do-programa-internacional-lider-em-mim\\\/#article\",\"isPartOf\":{\"@id\":\"https:\\\/\\\/sepam.com.br\\\/fr\\\/colegio-sepam-realiza-formacao-do-programa-internacional-lider-em-mim\\\/\"},\"author\":{\"name\":\"Sepam\",\"@id\":\"https:\\\/\\\/sepam.com.br\\\/#\\\/schema\\\/person\\\/bfa2996c649a5a6d822766f6e64eb7fd\"},\"headline\":\"Col\u00e9gio Sepam realiza forma\u00e7\u00e3o do programa internacional \u201cL\u00edder em Mim\u201d\",\"datePublished\":\"2025-08-28T13:47:43+00:00\",\"dateModified\":\"2025-11-24T13:53:35+00:00\",\"mainEntityOfPage\":{\"@id\":\"https:\\\/\\\/sepam.com.br\\\/fr\\\/colegio-sepam-realiza-formacao-do-programa-internacional-lider-em-mim\\\/\"},\"wordCount\":526,\"commentCount\":0,\"publisher\":{\"@id\":\"https:\\\/\\\/sepam.com.br\\\/#organization\"},\"articleSection\":[\"Colegio Sepam\"],\"inLanguage\":\"fr-FR\",\"potentialAction\":[{\"@type\":\"CommentAction\",\"name\":\"Comment\",\"target\":[\"https:\\\/\\\/sepam.com.br\\\/fr\\\/colegio-sepam-realiza-formacao-do-programa-internacional-lider-em-mim\\\/#respond\"]}]},{\"@type\":\"WebPage\",\"@id\":\"https:\\\/\\\/sepam.com.br\\\/fr\\\/colegio-sepam-realiza-formacao-do-programa-internacional-lider-em-mim\\\/\",\"url\":\"https:\\\/\\\/sepam.com.br\\\/fr\\\/colegio-sepam-realiza-formacao-do-programa-internacional-lider-em-mim\\\/\",\"name\":\"Col\u00e9gio Sepam realiza forma\u00e7\u00e3o do programa internacional \u201cL\u00edder em Mim\u201d - Col\u00e9gio Sepam\",\"isPartOf\":{\"@id\":\"https:\\\/\\\/sepam.com.br\\\/#website\"},\"datePublished\":\"2025-08-28T13:47:43+00:00\",\"dateModified\":\"2025-11-24T13:53:35+00:00\",\"breadcrumb\":{\"@id\":\"https:\\\/\\\/sepam.com.br\\\/fr\\\/colegio-sepam-realiza-formacao-do-programa-internacional-lider-em-mim\\\/#breadcrumb\"},\"inLanguage\":\"fr-FR\",\"potentialAction\":[{\"@type\":\"ReadAction\",\"target\":[\"https:\\\/\\\/sepam.com.br\\\/fr\\\/colegio-sepam-realiza-formacao-do-programa-internacional-lider-em-mim\\\/\"]}]},{\"@type\":\"BreadcrumbList\",\"@id\":\"https:\\\/\\\/sepam.com.br\\\/fr\\\/colegio-sepam-realiza-formacao-do-programa-internacional-lider-em-mim\\\/#breadcrumb\",\"itemListElement\":[{\"@type\":\"ListItem\",\"position\":1,\"name\":\"Boas Vindas\",\"item\":\"https:\\\/\\\/sepam.com.br\\\/\"},{\"@type\":\"ListItem\",\"position\":2,\"name\":\"Col\u00e9gio Sepam realiza forma\u00e7\u00e3o do programa internacional \u201cL\u00edder em Mim\u201d\"}]},{\"@type\":\"WebSite\",\"@id\":\"https:\\\/\\\/sepam.com.br\\\/fr\\\/#website\",\"url\":\"https:\\\/\\\/sepam.com.br\\\/fr\\\/\",\"name\":\"Col\u00e9gio Sepam\",\"description\":\"Ensino Incompar\u00e1vel\",\"publisher\":{\"@id\":\"https:\\\/\\\/sepam.com.br\\\/fr\\\/#organization\"},\"potentialAction\":[{\"@type\":\"SearchAction\",\"target\":{\"@type\":\"EntryPoint\",\"urlTemplate\":\"https:\\\/\\\/sepam.com.br\\\/fr\\\/?s={search_term_string}\"},\"query-input\":{\"@type\":\"PropertyValueSpecification\",\"valueRequired\":true,\"valueName\":\"search_term_string\"}}],\"inLanguage\":\"fr-FR\"},{\"@type\":\"Organization\",\"@id\":\"https:\\\/\\\/sepam.com.br\\\/fr\\\/#organization\",\"name\":\"Col\u00e9gio Sepam\",\"url\":\"https:\\\/\\\/sepam.com.br\\\/fr\\\/\",\"logo\":{\"@type\":\"ImageObject\",\"inLanguage\":\"fr-FR\",\"@id\":\"https:\\\/\\\/sepam.com.br\\\/fr\\\/#\\\/schema\\\/logo\\\/image\\\/\",\"url\":\"https:\\\/\\\/sepam.com.br\\\/wp-content\\\/uploads\\\/2025\\\/02\\\/Ativo-2.png\",\"contentUrl\":\"https:\\\/\\\/sepam.com.br\\\/wp-content\\\/uploads\\\/2025\\\/02\\\/Ativo-2.png\",\"width\":595,\"height\":525,\"caption\":\"Col\u00e9gio Sepam\"},\"image\":{\"@id\":\"https:\\\/\\\/sepam.com.br\\\/fr\\\/#\\\/schema\\\/logo\\\/image\\\/\"}},{\"@type\":\"Person\",\"@id\":\"https:\\\/\\\/sepam.com.br\\\/#\\\/schema\\\/person\\\/bfa2996c649a5a6d822766f6e64eb7fd\",\"name\":\"Sepam\",\"image\":{\"@type\":\"ImageObject\",\"inLanguage\":\"fr-FR\",\"@id\":\"https:\\\/\\\/secure.gravatar.com\\\/avatar\\\/0219e64664f5861998ad57a3432eb4bd5fd99a34c7cc9bc44b3c59dfb830db85?s=96&d=mm&r=g\",\"url\":\"https:\\\/\\\/secure.gravatar.com\\\/avatar\\\/0219e64664f5861998ad57a3432eb4bd5fd99a34c7cc9bc44b3c59dfb830db85?s=96&d=mm&r=g\",\"contentUrl\":\"https:\\\/\\\/secure.gravatar.com\\\/avatar\\\/0219e64664f5861998ad57a3432eb4bd5fd99a34c7cc9bc44b3c59dfb830db85?s=96&d=mm&r=g\",\"caption\":\"Sepam\"},\"url\":\"https:\\\/\\\/sepam.com.br\\\/fr\\\/author\\\/sepam\\\/\"}]}<\/script>\n<!-- \/ Yoast SEO plugin. -->","yoast_head_json":{"title":"Col\u00e9gio Sepam realiza forma\u00e7\u00e3o do programa internacional \u201cL\u00edder em Mim\u201d","description":"Atividades preparam os professores para o ano letivo\u00a0 As atividades do ano letivo de 2021 no Col\u00e9gio\u00a0Pontagrossense\u00a0-\u00a0Sepam, de Ponta Grossa (PR), come\u00e7aram na \u00faltima segunda-feira (18) com o acolhimento da equipe docente e o in\u00edcio da semana de forma\u00e7\u00e3o pedag\u00f3gica, incluindo o programa L\u00edder em Mim, que ser\u00e1 desenvolvido com as turmas do Ensino Fundamental\u2026","robots":{"index":"index","follow":"follow","max-snippet":"max-snippet:-1","max-image-preview":"max-image-preview:large","max-video-preview":"max-video-preview:-1"},"canonical":"https:\/\/sepam.com.br\/fr\/colegio-sepam-realiza-formacao-do-programa-internacional-lider-em-mim\/","og_locale":"fr_FR","og_type":"article","og_title":"Col\u00e9gio Sepam realiza forma\u00e7\u00e3o do programa internacional \u201cL\u00edder em Mim\u201d","og_description":"Atividades preparam os professores para o ano letivo\u00a0 As atividades do ano letivo de 2021 no Col\u00e9gio\u00a0Pontagrossense\u00a0-\u00a0Sepam, de Ponta Grossa (PR), come\u00e7aram na \u00faltima segunda-feira (18) com o acolhimento da equipe docente e o in\u00edcio da semana de forma\u00e7\u00e3o pedag\u00f3gica, incluindo o programa L\u00edder em Mim, que ser\u00e1 desenvolvido com as turmas do Ensino Fundamental\u2026","og_url":"https:\/\/sepam.com.br\/fr\/colegio-sepam-realiza-formacao-do-programa-internacional-lider-em-mim\/","og_site_name":"Col\u00e9gio Sepam","article_published_time":"2025-08-28T13:47:43+00:00","article_modified_time":"2025-11-24T13:53:35+00:00","author":"Sepam","twitter_card":"summary_large_image","twitter_misc":{"\u00c9crit par":"Sepam","Dur\u00e9e de lecture estim\u00e9e":"3 minutes"},"schema":{"@context":"https:\/\/schema.org","@graph":[{"@type":"Article","@id":"https:\/\/sepam.com.br\/fr\/colegio-sepam-realiza-formacao-do-programa-internacional-lider-em-mim\/#article","isPartOf":{"@id":"https:\/\/sepam.com.br\/fr\/colegio-sepam-realiza-formacao-do-programa-internacional-lider-em-mim\/"},"author":{"name":"Sepam","@id":"https:\/\/sepam.com.br\/#\/schema\/person\/bfa2996c649a5a6d822766f6e64eb7fd"},"headline":"Col\u00e9gio Sepam realiza forma\u00e7\u00e3o do programa internacional \u201cL\u00edder em Mim\u201d","datePublished":"2025-08-28T13:47:43+00:00","dateModified":"2025-11-24T13:53:35+00:00","mainEntityOfPage":{"@id":"https:\/\/sepam.com.br\/fr\/colegio-sepam-realiza-formacao-do-programa-internacional-lider-em-mim\/"},"wordCount":526,"commentCount":0,"publisher":{"@id":"https:\/\/sepam.com.br\/#organization"},"articleSection":["Colegio Sepam"],"inLanguage":"fr-FR","potentialAction":[{"@type":"CommentAction","name":"Comment","target":["https:\/\/sepam.com.br\/fr\/colegio-sepam-realiza-formacao-do-programa-internacional-lider-em-mim\/#respond"]}]},{"@type":"WebPage","@id":"https:\/\/sepam.com.br\/fr\/colegio-sepam-realiza-formacao-do-programa-internacional-lider-em-mim\/","url":"https:\/\/sepam.com.br\/fr\/colegio-sepam-realiza-formacao-do-programa-internacional-lider-em-mim\/","name":"Col\u00e9gio Sepam realiza forma\u00e7\u00e3o do programa internacional \u201cL\u00edder em Mim\u201d - Col\u00e9gio Sepam","isPartOf":{"@id":"https:\/\/sepam.com.br\/#website"},"datePublished":"2025-08-28T13:47:43+00:00","dateModified":"2025-11-24T13:53:35+00:00","breadcrumb":{"@id":"https:\/\/sepam.com.br\/fr\/colegio-sepam-realiza-formacao-do-programa-internacional-lider-em-mim\/#breadcrumb"},"inLanguage":"fr-FR","potentialAction":[{"@type":"ReadAction","target":["https:\/\/sepam.com.br\/fr\/colegio-sepam-realiza-formacao-do-programa-internacional-lider-em-mim\/"]}]},{"@type":"BreadcrumbList","@id":"https:\/\/sepam.com.br\/fr\/colegio-sepam-realiza-formacao-do-programa-internacional-lider-em-mim\/#breadcrumb","itemListElement":[{"@type":"ListItem","position":1,"name":"Boas Vindas","item":"https:\/\/sepam.com.br\/"},{"@type":"ListItem","position":2,"name":"Col\u00e9gio Sepam realiza forma\u00e7\u00e3o do programa internacional \u201cL\u00edder em Mim\u201d"}]},{"@type":"WebSite","@id":"https:\/\/sepam.com.br\/fr\/#website","url":"https:\/\/sepam.com.br\/fr\/","name":"Col\u00e9gio Sepam","description":"Ensino Incompar\u00e1vel","publisher":{"@id":"https:\/\/sepam.com.br\/fr\/#organization"},"potentialAction":[{"@type":"SearchAction","target":{"@type":"EntryPoint","urlTemplate":"https:\/\/sepam.com.br\/fr\/?s={search_term_string}"},"query-input":{"@type":"PropertyValueSpecification","valueRequired":true,"valueName":"search_term_string"}}],"inLanguage":"fr-FR"},{"@type":"Organization","@id":"https:\/\/sepam.com.br\/fr\/#organization","name":"Col\u00e9gio Sepam","url":"https:\/\/sepam.com.br\/fr\/","logo":{"@type":"ImageObject","inLanguage":"fr-FR","@id":"https:\/\/sepam.com.br\/fr\/#\/schema\/logo\/image\/","url":"https:\/\/sepam.com.br\/wp-content\/uploads\/2025\/02\/Ativo-2.png","contentUrl":"https:\/\/sepam.com.br\/wp-content\/uploads\/2025\/02\/Ativo-2.png","width":595,"height":525,"caption":"Col\u00e9gio Sepam"},"image":{"@id":"https:\/\/sepam.com.br\/fr\/#\/schema\/logo\/image\/"}},{"@type":"Person","@id":"https:\/\/sepam.com.br\/#\/schema\/person\/bfa2996c649a5a6d822766f6e64eb7fd","name":"Sepam","image":{"@type":"ImageObject","inLanguage":"fr-FR","@id":"https:\/\/secure.gravatar.com\/avatar\/0219e64664f5861998ad57a3432eb4bd5fd99a34c7cc9bc44b3c59dfb830db85?s=96&d=mm&r=g","url":"https:\/\/secure.gravatar.com\/avatar\/0219e64664f5861998ad57a3432eb4bd5fd99a34c7cc9bc44b3c59dfb830db85?s=96&d=mm&r=g","contentUrl":"https:\/\/secure.gravatar.com\/avatar\/0219e64664f5861998ad57a3432eb4bd5fd99a34c7cc9bc44b3c59dfb830db85?s=96&d=mm&r=g","caption":"Sepam"},"url":"https:\/\/sepam.com.br\/fr\/author\/sepam\/"}]}},"_links":{"self":[{"href":"https:\/\/sepam.com.br\/fr\/wp-json\/wp\/v2\/posts\/7126","targetHints":{"allow":["GET"]}}],"collection":[{"href":"https:\/\/sepam.com.br\/fr\/wp-json\/wp\/v2\/posts"}],"about":[{"href":"https:\/\/sepam.com.br\/fr\/wp-json\/wp\/v2\/types\/post"}],"author":[{"embeddable":true,"href":"https:\/\/sepam.com.br\/fr\/wp-json\/wp\/v2\/users\/13"}],"replies":[{"embeddable":true,"href":"https:\/\/sepam.com.br\/fr\/wp-json\/wp\/v2\/comments?post=7126"}],"version-history":[{"count":1,"href":"https:\/\/sepam.com.br\/fr\/wp-json\/wp\/v2\/posts\/7126\/revisions"}],"predecessor-version":[{"id":7230,"href":"https:\/\/sepam.com.br\/fr\/wp-json\/wp\/v2\/posts\/7126\/revisions\/7230"}],"wp:attachment":[{"href":"https:\/\/sepam.com.br\/fr\/wp-json\/wp\/v2\/media?parent=7126"}],"wp:term":[{"taxonomy":"category","embeddable":true,"href":"https:\/\/sepam.com.br\/fr\/wp-json\/wp\/v2\/categories?post=7126"},{"taxonomy":"post_tag","embeddable":true,"href":"https:\/\/sepam.com.br\/fr\/wp-json\/wp\/v2\/tags?post=7126"}],"curies":[{"name":"wp","href":"https:\/\/api.w.org\/{rel}","templated":true}]}}