{"id":7084,"date":"2025-08-28T10:47:37","date_gmt":"2025-08-28T13:47:37","guid":{"rendered":"https:\/\/dev.alisonandrei.com.br\/noticia\/aluno-do-sepam-e-campeao-geral-no-nivel-junior-da-opmat\/"},"modified":"2025-11-24T10:53:35","modified_gmt":"2025-11-24T13:53:35","slug":"aluno-do-sepam-e-campeao-geral-no-nivel-junior-da-opmat","status":"publish","type":"post","link":"https:\/\/sepam.com.br\/fr\/aluno-do-sepam-e-campeao-geral-no-nivel-junior-da-opmat\/","title":{"rendered":"Aluno do Sepam \u00e9 campe\u00e3o geral no N\u00edvel Junior da OPMat"},"content":{"rendered":"<p><em>Olimp\u00edada Pontagrossense de Matem\u00e1tica premiou 24 alunos do Col\u00e9gio<\/em><\/p>\n<p>O aluno do Col\u00e9gio Sepam, Tom\u00e1s Milczewski Batista, conquistou o primeiro lugar geral das escolas particulares no N\u00edvel Junior (5\u00ba ano) na Olimp\u00edada Pontagrossense de Matem\u00e1tica (OPMat), recebendo a medalha de ouro e o trof\u00e9u. E no mesmo n\u00edvel, o aluno Lucas Ferreira ficou com o segundo lugar geral. A premia\u00e7\u00e3o, que aconteceu no \u00faltimo s\u00e1bado, 07, destacou mais 22 estudantes do Col\u00e9gio.<\/p>\n<p>Os resultados expressivos na OPMat devem-se ao trabalho cont\u00ednuo que \u00e9 realizado pela equipe de professores do Sepam, especialmente com os estudantes do quinto ano. \u201cDurante o ano letivo as crian\u00e7as realizaram, semanalmente, atividades no formato de desafios, semelhante ao que \u00e9 cobrado na Olimp\u00edada. Era vis\u00edvel a dedica\u00e7\u00e3o e o interesse neles em cumprir esses desafios. Somado a isso, conhecemos o potencial de nossos alunos, ent\u00e3o, com certeza, esper\u00e1vamos bons resultados\u201d, enaltece a professora Francine Gomes.<\/p>\n<p>Ainda no N\u00edvel Junior, Leonardo Oliveira Bittencourt ganhou a prata. Os estudantes Cau\u00e3 Gabriel Rettig da Luz, Francisco de Assis Brasil, Jean Luca de Araujo Pissaia, Jing Chao Chen e Maria Eduarda Soltovski Eisele conquistaram o bronze; e Arthur Araujo de Castro, Daniela Fernanda Kuhn, Andr\u00e9 Jun Sumikawa e B\u00e1rbara Malacarne Campagnoli a men\u00e7\u00e3o honrosa.<\/p>\n<p>No N\u00edvel 1, 2, 3 e 4, o aluno Danilo Beltrame (2\u00aa s\u00e9rie EM) ganhou o ouro; os estudantes Arthur Kr\u00fcger Geronimo (6\u00ba ano), Manuella Louize Pasturczak Schade e Vinicius Ribas Bida (7\u00ba ano) e Beatriz Souza Maestri (9\u00ba ano), a medalha de prata. O bronze ficou com Ana Marcela Reis de Freitas e Maria Eduarda Schmidt Werlang (7\u00b0 ano) e Isabela Alberti Fischer (1\u00aa s\u00e9rie EM). Henrique Heichuk de Oliveira, Leonardo Luiz Chaves Domingues, Vanessa Ribeiro dos Santos (6\u00b0 ano) e Henrique Franzini Oz\u00f3rio (8\u00ba ano) receberam men\u00e7\u00e3o honrosa.<\/p>\n<p>A OPMat, realizada pelo Departamento de Matem\u00e1tica da Universidade Estadual de Ponta Grossa (UEPG), recebe inscri\u00e7\u00f5es de alunos do 5\u00ba ano do Ensino Fundamental at\u00e9 a 3\u00aa s\u00e9rie do Ensino M\u00e9dio, de escolas p\u00fablicas e privadas do munic\u00edpio.<\/p>\n","protected":false},"excerpt":{"rendered":"<p>Olimp\u00edada Pontagrossense de Matem\u00e1tica premiou 24 alunos do Col\u00e9gio O aluno do Col\u00e9gio Sepam, Tom\u00e1s Milczewski Batista, conquistou o primeiro lugar geral das escolas particulares no N\u00edvel Junior (5\u00ba ano) na Olimp\u00edada Pontagrossense de Matem\u00e1tica (OPMat), recebendo a medalha de ouro e o trof\u00e9u. E no mesmo n\u00edvel, o aluno Lucas Ferreira ficou com o [&hellip;]<\/p>\n","protected":false},"author":13,"featured_media":0,"comment_status":"open","ping_status":"open","sticky":false,"template":"","format":"standard","meta":{"footnotes":""},"categories":[21],"tags":[],"class_list":["post-7084","post","type-post","status-publish","format-standard","hentry","category-colegio-sepam"],"yoast_head":"<!-- This site is optimized with the Yoast SEO plugin v28.4 - https:\/\/yoast.com\/product\/yoast-seo-wordpress\/ -->\n<title>Aluno do Sepam \u00e9 campe\u00e3o geral no N\u00edvel Junior da OPMat<\/title>\n<meta name=\"description\" content=\"Olimp\u00edada Pontagrossense de Matem\u00e1tica premiou 24 alunos do Col\u00e9gio O aluno do Col\u00e9gio Sepam, Tom\u00e1s Milczewski Batista, conquistou o primeiro lugar geral das escolas particulares no N\u00edvel Junior (5\u00ba ano) na Olimp\u00edada Pontagrossense de Matem\u00e1tica (OPMat), recebendo a medalha de ouro e o trof\u00e9u. E no mesmo n\u00edvel, o aluno Lucas Ferreira ficou com o\u2026\" \/>\n<meta name=\"robots\" content=\"index, follow, max-snippet:-1, max-image-preview:large, max-video-preview:-1\" \/>\n<link rel=\"canonical\" href=\"https:\/\/sepam.com.br\/fr\/aluno-do-sepam-e-campeao-geral-no-nivel-junior-da-opmat\/\" \/>\n<meta property=\"og:locale\" content=\"fr_FR\" \/>\n<meta property=\"og:type\" content=\"article\" \/>\n<meta property=\"og:title\" content=\"Aluno do Sepam \u00e9 campe\u00e3o geral no N\u00edvel Junior da OPMat\" \/>\n<meta property=\"og:description\" content=\"Olimp\u00edada Pontagrossense de Matem\u00e1tica premiou 24 alunos do Col\u00e9gio O aluno do Col\u00e9gio Sepam, Tom\u00e1s Milczewski Batista, conquistou o primeiro lugar geral das escolas particulares no N\u00edvel Junior (5\u00ba ano) na Olimp\u00edada Pontagrossense de Matem\u00e1tica (OPMat), recebendo a medalha de ouro e o trof\u00e9u. E no mesmo n\u00edvel, o aluno Lucas Ferreira ficou com o\u2026\" \/>\n<meta property=\"og:url\" content=\"https:\/\/sepam.com.br\/fr\/aluno-do-sepam-e-campeao-geral-no-nivel-junior-da-opmat\/\" \/>\n<meta property=\"og:site_name\" content=\"Col\u00e9gio Sepam\" \/>\n<meta property=\"article:published_time\" content=\"2025-08-28T13:47:37+00:00\" \/>\n<meta property=\"article:modified_time\" content=\"2025-11-24T13:53:35+00:00\" \/>\n<meta name=\"author\" content=\"Sepam\" \/>\n<meta name=\"twitter:card\" content=\"summary_large_image\" \/>\n<meta name=\"twitter:label1\" content=\"\u00c9crit par\" \/>\n\t<meta name=\"twitter:data1\" content=\"Sepam\" \/>\n\t<meta name=\"twitter:label2\" content=\"Dur\u00e9e de lecture estim\u00e9e\" \/>\n\t<meta name=\"twitter:data2\" content=\"2 minutes\" \/>\n<script type=\"application\/ld+json\" class=\"yoast-schema-graph\">{\"@context\":\"https:\\\/\\\/schema.org\",\"@graph\":[{\"@type\":\"Article\",\"@id\":\"https:\\\/\\\/sepam.com.br\\\/fr\\\/aluno-do-sepam-e-campeao-geral-no-nivel-junior-da-opmat\\\/#article\",\"isPartOf\":{\"@id\":\"https:\\\/\\\/sepam.com.br\\\/fr\\\/aluno-do-sepam-e-campeao-geral-no-nivel-junior-da-opmat\\\/\"},\"author\":{\"name\":\"Sepam\",\"@id\":\"https:\\\/\\\/sepam.com.br\\\/#\\\/schema\\\/person\\\/bfa2996c649a5a6d822766f6e64eb7fd\"},\"headline\":\"Aluno do Sepam \u00e9 campe\u00e3o geral no N\u00edvel Junior da OPMat\",\"datePublished\":\"2025-08-28T13:47:37+00:00\",\"dateModified\":\"2025-11-24T13:53:35+00:00\",\"mainEntityOfPage\":{\"@id\":\"https:\\\/\\\/sepam.com.br\\\/fr\\\/aluno-do-sepam-e-campeao-geral-no-nivel-junior-da-opmat\\\/\"},\"wordCount\":359,\"commentCount\":0,\"publisher\":{\"@id\":\"https:\\\/\\\/sepam.com.br\\\/#organization\"},\"articleSection\":[\"Colegio Sepam\"],\"inLanguage\":\"fr-FR\",\"potentialAction\":[{\"@type\":\"CommentAction\",\"name\":\"Comment\",\"target\":[\"https:\\\/\\\/sepam.com.br\\\/fr\\\/aluno-do-sepam-e-campeao-geral-no-nivel-junior-da-opmat\\\/#respond\"]}]},{\"@type\":\"WebPage\",\"@id\":\"https:\\\/\\\/sepam.com.br\\\/fr\\\/aluno-do-sepam-e-campeao-geral-no-nivel-junior-da-opmat\\\/\",\"url\":\"https:\\\/\\\/sepam.com.br\\\/fr\\\/aluno-do-sepam-e-campeao-geral-no-nivel-junior-da-opmat\\\/\",\"name\":\"Aluno do Sepam \u00e9 campe\u00e3o geral no N\u00edvel Junior da OPMat - Col\u00e9gio Sepam\",\"isPartOf\":{\"@id\":\"https:\\\/\\\/sepam.com.br\\\/#website\"},\"datePublished\":\"2025-08-28T13:47:37+00:00\",\"dateModified\":\"2025-11-24T13:53:35+00:00\",\"breadcrumb\":{\"@id\":\"https:\\\/\\\/sepam.com.br\\\/fr\\\/aluno-do-sepam-e-campeao-geral-no-nivel-junior-da-opmat\\\/#breadcrumb\"},\"inLanguage\":\"fr-FR\",\"potentialAction\":[{\"@type\":\"ReadAction\",\"target\":[\"https:\\\/\\\/sepam.com.br\\\/fr\\\/aluno-do-sepam-e-campeao-geral-no-nivel-junior-da-opmat\\\/\"]}]},{\"@type\":\"BreadcrumbList\",\"@id\":\"https:\\\/\\\/sepam.com.br\\\/fr\\\/aluno-do-sepam-e-campeao-geral-no-nivel-junior-da-opmat\\\/#breadcrumb\",\"itemListElement\":[{\"@type\":\"ListItem\",\"position\":1,\"name\":\"Boas Vindas\",\"item\":\"https:\\\/\\\/sepam.com.br\\\/\"},{\"@type\":\"ListItem\",\"position\":2,\"name\":\"Aluno do Sepam \u00e9 campe\u00e3o geral no N\u00edvel Junior da OPMat\"}]},{\"@type\":\"WebSite\",\"@id\":\"https:\\\/\\\/sepam.com.br\\\/fr\\\/#website\",\"url\":\"https:\\\/\\\/sepam.com.br\\\/fr\\\/\",\"name\":\"Col\u00e9gio Sepam\",\"description\":\"Ensino Incompar\u00e1vel\",\"publisher\":{\"@id\":\"https:\\\/\\\/sepam.com.br\\\/fr\\\/#organization\"},\"potentialAction\":[{\"@type\":\"SearchAction\",\"target\":{\"@type\":\"EntryPoint\",\"urlTemplate\":\"https:\\\/\\\/sepam.com.br\\\/fr\\\/?s={search_term_string}\"},\"query-input\":{\"@type\":\"PropertyValueSpecification\",\"valueRequired\":true,\"valueName\":\"search_term_string\"}}],\"inLanguage\":\"fr-FR\"},{\"@type\":\"Organization\",\"@id\":\"https:\\\/\\\/sepam.com.br\\\/fr\\\/#organization\",\"name\":\"Col\u00e9gio Sepam\",\"url\":\"https:\\\/\\\/sepam.com.br\\\/fr\\\/\",\"logo\":{\"@type\":\"ImageObject\",\"inLanguage\":\"fr-FR\",\"@id\":\"https:\\\/\\\/sepam.com.br\\\/fr\\\/#\\\/schema\\\/logo\\\/image\\\/\",\"url\":\"https:\\\/\\\/sepam.com.br\\\/wp-content\\\/uploads\\\/2025\\\/02\\\/Ativo-2.png\",\"contentUrl\":\"https:\\\/\\\/sepam.com.br\\\/wp-content\\\/uploads\\\/2025\\\/02\\\/Ativo-2.png\",\"width\":595,\"height\":525,\"caption\":\"Col\u00e9gio Sepam\"},\"image\":{\"@id\":\"https:\\\/\\\/sepam.com.br\\\/fr\\\/#\\\/schema\\\/logo\\\/image\\\/\"}},{\"@type\":\"Person\",\"@id\":\"https:\\\/\\\/sepam.com.br\\\/#\\\/schema\\\/person\\\/bfa2996c649a5a6d822766f6e64eb7fd\",\"name\":\"Sepam\",\"image\":{\"@type\":\"ImageObject\",\"inLanguage\":\"fr-FR\",\"@id\":\"https:\\\/\\\/secure.gravatar.com\\\/avatar\\\/0219e64664f5861998ad57a3432eb4bd5fd99a34c7cc9bc44b3c59dfb830db85?s=96&d=mm&r=g\",\"url\":\"https:\\\/\\\/secure.gravatar.com\\\/avatar\\\/0219e64664f5861998ad57a3432eb4bd5fd99a34c7cc9bc44b3c59dfb830db85?s=96&d=mm&r=g\",\"contentUrl\":\"https:\\\/\\\/secure.gravatar.com\\\/avatar\\\/0219e64664f5861998ad57a3432eb4bd5fd99a34c7cc9bc44b3c59dfb830db85?s=96&d=mm&r=g\",\"caption\":\"Sepam\"},\"url\":\"https:\\\/\\\/sepam.com.br\\\/fr\\\/author\\\/sepam\\\/\"}]}<\/script>\n<!-- \/ Yoast SEO plugin. -->","yoast_head_json":{"title":"Aluno do Sepam \u00e9 campe\u00e3o geral no N\u00edvel Junior da OPMat","description":"Olimp\u00edada Pontagrossense de Matem\u00e1tica premiou 24 alunos do Col\u00e9gio O aluno do Col\u00e9gio Sepam, Tom\u00e1s Milczewski Batista, conquistou o primeiro lugar geral das escolas particulares no N\u00edvel Junior (5\u00ba ano) na Olimp\u00edada Pontagrossense de Matem\u00e1tica (OPMat), recebendo a medalha de ouro e o trof\u00e9u. E no mesmo n\u00edvel, o aluno Lucas Ferreira ficou com o\u2026","robots":{"index":"index","follow":"follow","max-snippet":"max-snippet:-1","max-image-preview":"max-image-preview:large","max-video-preview":"max-video-preview:-1"},"canonical":"https:\/\/sepam.com.br\/fr\/aluno-do-sepam-e-campeao-geral-no-nivel-junior-da-opmat\/","og_locale":"fr_FR","og_type":"article","og_title":"Aluno do Sepam \u00e9 campe\u00e3o geral no N\u00edvel Junior da OPMat","og_description":"Olimp\u00edada Pontagrossense de Matem\u00e1tica premiou 24 alunos do Col\u00e9gio O aluno do Col\u00e9gio Sepam, Tom\u00e1s Milczewski Batista, conquistou o primeiro lugar geral das escolas particulares no N\u00edvel Junior (5\u00ba ano) na Olimp\u00edada Pontagrossense de Matem\u00e1tica (OPMat), recebendo a medalha de ouro e o trof\u00e9u. E no mesmo n\u00edvel, o aluno Lucas Ferreira ficou com o\u2026","og_url":"https:\/\/sepam.com.br\/fr\/aluno-do-sepam-e-campeao-geral-no-nivel-junior-da-opmat\/","og_site_name":"Col\u00e9gio Sepam","article_published_time":"2025-08-28T13:47:37+00:00","article_modified_time":"2025-11-24T13:53:35+00:00","author":"Sepam","twitter_card":"summary_large_image","twitter_misc":{"\u00c9crit par":"Sepam","Dur\u00e9e de lecture estim\u00e9e":"2 minutes"},"schema":{"@context":"https:\/\/schema.org","@graph":[{"@type":"Article","@id":"https:\/\/sepam.com.br\/fr\/aluno-do-sepam-e-campeao-geral-no-nivel-junior-da-opmat\/#article","isPartOf":{"@id":"https:\/\/sepam.com.br\/fr\/aluno-do-sepam-e-campeao-geral-no-nivel-junior-da-opmat\/"},"author":{"name":"Sepam","@id":"https:\/\/sepam.com.br\/#\/schema\/person\/bfa2996c649a5a6d822766f6e64eb7fd"},"headline":"Aluno do Sepam \u00e9 campe\u00e3o geral no N\u00edvel Junior da OPMat","datePublished":"2025-08-28T13:47:37+00:00","dateModified":"2025-11-24T13:53:35+00:00","mainEntityOfPage":{"@id":"https:\/\/sepam.com.br\/fr\/aluno-do-sepam-e-campeao-geral-no-nivel-junior-da-opmat\/"},"wordCount":359,"commentCount":0,"publisher":{"@id":"https:\/\/sepam.com.br\/#organization"},"articleSection":["Colegio Sepam"],"inLanguage":"fr-FR","potentialAction":[{"@type":"CommentAction","name":"Comment","target":["https:\/\/sepam.com.br\/fr\/aluno-do-sepam-e-campeao-geral-no-nivel-junior-da-opmat\/#respond"]}]},{"@type":"WebPage","@id":"https:\/\/sepam.com.br\/fr\/aluno-do-sepam-e-campeao-geral-no-nivel-junior-da-opmat\/","url":"https:\/\/sepam.com.br\/fr\/aluno-do-sepam-e-campeao-geral-no-nivel-junior-da-opmat\/","name":"Aluno do Sepam \u00e9 campe\u00e3o geral no N\u00edvel Junior da OPMat - Col\u00e9gio Sepam","isPartOf":{"@id":"https:\/\/sepam.com.br\/#website"},"datePublished":"2025-08-28T13:47:37+00:00","dateModified":"2025-11-24T13:53:35+00:00","breadcrumb":{"@id":"https:\/\/sepam.com.br\/fr\/aluno-do-sepam-e-campeao-geral-no-nivel-junior-da-opmat\/#breadcrumb"},"inLanguage":"fr-FR","potentialAction":[{"@type":"ReadAction","target":["https:\/\/sepam.com.br\/fr\/aluno-do-sepam-e-campeao-geral-no-nivel-junior-da-opmat\/"]}]},{"@type":"BreadcrumbList","@id":"https:\/\/sepam.com.br\/fr\/aluno-do-sepam-e-campeao-geral-no-nivel-junior-da-opmat\/#breadcrumb","itemListElement":[{"@type":"ListItem","position":1,"name":"Boas Vindas","item":"https:\/\/sepam.com.br\/"},{"@type":"ListItem","position":2,"name":"Aluno do Sepam \u00e9 campe\u00e3o geral no N\u00edvel Junior da OPMat"}]},{"@type":"WebSite","@id":"https:\/\/sepam.com.br\/fr\/#website","url":"https:\/\/sepam.com.br\/fr\/","name":"Col\u00e9gio Sepam","description":"Ensino Incompar\u00e1vel","publisher":{"@id":"https:\/\/sepam.com.br\/fr\/#organization"},"potentialAction":[{"@type":"SearchAction","target":{"@type":"EntryPoint","urlTemplate":"https:\/\/sepam.com.br\/fr\/?s={search_term_string}"},"query-input":{"@type":"PropertyValueSpecification","valueRequired":true,"valueName":"search_term_string"}}],"inLanguage":"fr-FR"},{"@type":"Organization","@id":"https:\/\/sepam.com.br\/fr\/#organization","name":"Col\u00e9gio Sepam","url":"https:\/\/sepam.com.br\/fr\/","logo":{"@type":"ImageObject","inLanguage":"fr-FR","@id":"https:\/\/sepam.com.br\/fr\/#\/schema\/logo\/image\/","url":"https:\/\/sepam.com.br\/wp-content\/uploads\/2025\/02\/Ativo-2.png","contentUrl":"https:\/\/sepam.com.br\/wp-content\/uploads\/2025\/02\/Ativo-2.png","width":595,"height":525,"caption":"Col\u00e9gio Sepam"},"image":{"@id":"https:\/\/sepam.com.br\/fr\/#\/schema\/logo\/image\/"}},{"@type":"Person","@id":"https:\/\/sepam.com.br\/#\/schema\/person\/bfa2996c649a5a6d822766f6e64eb7fd","name":"Sepam","image":{"@type":"ImageObject","inLanguage":"fr-FR","@id":"https:\/\/secure.gravatar.com\/avatar\/0219e64664f5861998ad57a3432eb4bd5fd99a34c7cc9bc44b3c59dfb830db85?s=96&d=mm&r=g","url":"https:\/\/secure.gravatar.com\/avatar\/0219e64664f5861998ad57a3432eb4bd5fd99a34c7cc9bc44b3c59dfb830db85?s=96&d=mm&r=g","contentUrl":"https:\/\/secure.gravatar.com\/avatar\/0219e64664f5861998ad57a3432eb4bd5fd99a34c7cc9bc44b3c59dfb830db85?s=96&d=mm&r=g","caption":"Sepam"},"url":"https:\/\/sepam.com.br\/fr\/author\/sepam\/"}]}},"_links":{"self":[{"href":"https:\/\/sepam.com.br\/fr\/wp-json\/wp\/v2\/posts\/7084","targetHints":{"allow":["GET"]}}],"collection":[{"href":"https:\/\/sepam.com.br\/fr\/wp-json\/wp\/v2\/posts"}],"about":[{"href":"https:\/\/sepam.com.br\/fr\/wp-json\/wp\/v2\/types\/post"}],"author":[{"embeddable":true,"href":"https:\/\/sepam.com.br\/fr\/wp-json\/wp\/v2\/users\/13"}],"replies":[{"embeddable":true,"href":"https:\/\/sepam.com.br\/fr\/wp-json\/wp\/v2\/comments?post=7084"}],"version-history":[{"count":1,"href":"https:\/\/sepam.com.br\/fr\/wp-json\/wp\/v2\/posts\/7084\/revisions"}],"predecessor-version":[{"id":7268,"href":"https:\/\/sepam.com.br\/fr\/wp-json\/wp\/v2\/posts\/7084\/revisions\/7268"}],"wp:attachment":[{"href":"https:\/\/sepam.com.br\/fr\/wp-json\/wp\/v2\/media?parent=7084"}],"wp:term":[{"taxonomy":"category","embeddable":true,"href":"https:\/\/sepam.com.br\/fr\/wp-json\/wp\/v2\/categories?post=7084"},{"taxonomy":"post_tag","embeddable":true,"href":"https:\/\/sepam.com.br\/fr\/wp-json\/wp\/v2\/tags?post=7084"}],"curies":[{"name":"wp","href":"https:\/\/api.w.org\/{rel}","templated":true}]}}