{"id":7076,"date":"2025-08-28T10:47:34","date_gmt":"2025-08-28T13:47:34","guid":{"rendered":"https:\/\/dev.alisonandrei.com.br\/noticia\/3a-copa-sepam-operario-de-futsal-acontece-neste-fim-de-semana\/"},"modified":"2025-11-24T10:53:35","modified_gmt":"2025-11-24T13:53:35","slug":"3a-copa-sepam-operario-de-futsal-acontece-neste-fim-de-semana","status":"publish","type":"post","link":"https:\/\/sepam.com.br\/fr\/3a-copa-sepam-operario-de-futsal-acontece-neste-fim-de-semana\/","title":{"rendered":"3\u00aa Copa Sepam\/Oper\u00e1rio de Futsal acontece neste fim de semana"},"content":{"rendered":"<p><em>Mais de 100 atletas de quatro institui\u00e7\u00f5es de ensino participar\u00e3o dos jogos. <\/em><\/p>\n<p>O Col\u00e9gio Pontagrossense Sepam realiza, na sexta-feira (29) e no s\u00e1bado (30), a 3\u00aa Copa Sepam\/Oper\u00e1rio de Futsal com a participa\u00e7\u00e3o de atletas do Sepam, dos Col\u00e9gios Integra\u00e7\u00e3o e Desafio e da Escola Municipal Professora Maria Vit\u00f3ria Braga Ramos. Os jogos acontecer\u00e3o no Gin\u00e1sio Osni Vilaca Mongruel das 18:00 \u00e0s 20:30 na sexta e das 9:00 \u00e0s 19:30 no s\u00e1bado. A entrada \u00e9 gratuita.<\/p>\n<p>A competi\u00e7\u00e3o est\u00e1 dividida em duas categorias. No Grupo 01 competem alunos de 7 e 8 anos de idade, e no Grupo 02 de 9 e 10 anos. \u00a0Segundo o coordenador de Educa\u00e7\u00e3o F\u00edsica e t\u00e9cnico de Futsal do Sepam, Luiz Marcelo de Lara, o principal objetivo \u00e9 promover a integra\u00e7\u00e3o entre os jogadores. \u201cEsta tamb\u00e9m \u00e9 uma oportunidade para as crian\u00e7as participarem de uma competi\u00e7\u00e3o com \u00e1rbitro, juiz, regras e medalhas, que \u00e9 um cen\u00e1rio diferente do que est\u00e3o acostumados no dia a dia dos treinos\u201d, comenta.<\/p>\n<p>A parceria entre o Sepam e o Oper\u00e1rio Ferrovi\u00e1rio Esporte Clube (OFEC) na escolinha de futsal acontece desde 2018. Os alunos que participam recebem a carteirinha de s\u00f3cio-torcedor kids e, durante o ano, t\u00eam a oportunidade de entrar em campo com os jogadores, al\u00e9m de conhecer as instala\u00e7\u00f5es do time no Est\u00e1dio Germano Kr\u00fcger.<\/p>\n<p>A Copa Sepam\/Oper\u00e1rio tamb\u00e9m tem car\u00e1ter beneficente. Os atletas s\u00e3o convidados a doarem um brinquedo, que ser\u00e1 destinado a institui\u00e7\u00f5es sociais da cidade de Ponta Grossa. Na segunda edi\u00e7\u00e3o do campeonato, que aconteceu junho deste ano, as medalhas foram entregues aos alunos pelo jogador do OFEC, Xuxa.<\/p>\n<p><strong>Troca de Figurinhas <\/strong><\/p>\n<p><strong>\u00a0<\/strong>No s\u00e1bado (26), acontecer\u00e1 mais uma edi\u00e7\u00e3o da Troca de Figurinhas Sepam. Alunos e familiares que colecionam figurinhas do Campeonato Brasileiro podem participar. A troca ser\u00e1 no hall do Gin\u00e1sio Osni Vilaca Mongruel, das 9:00 \u00e0s 11:00.<\/p>\n","protected":false},"excerpt":{"rendered":"<p>Mais de 100 atletas de quatro institui\u00e7\u00f5es de ensino participar\u00e3o dos jogos. O Col\u00e9gio Pontagrossense Sepam realiza, na sexta-feira (29) e no s\u00e1bado (30), a 3\u00aa Copa Sepam\/Oper\u00e1rio de Futsal com a participa\u00e7\u00e3o de atletas do Sepam, dos Col\u00e9gios Integra\u00e7\u00e3o e Desafio e da Escola Municipal Professora Maria Vit\u00f3ria Braga Ramos. Os jogos acontecer\u00e3o no [&hellip;]<\/p>\n","protected":false},"author":13,"featured_media":0,"comment_status":"open","ping_status":"open","sticky":false,"template":"","format":"standard","meta":{"footnotes":""},"categories":[21],"tags":[],"class_list":["post-7076","post","type-post","status-publish","format-standard","hentry","category-colegio-sepam"],"yoast_head":"<!-- This site is optimized with the Yoast SEO plugin v28.4 - https:\/\/yoast.com\/product\/yoast-seo-wordpress\/ -->\n<title>3\u00aa Copa Sepam\/Oper\u00e1rio de Futsal acontece neste fim de semana<\/title>\n<meta name=\"description\" content=\"Mais de 100 atletas de quatro institui\u00e7\u00f5es de ensino participar\u00e3o dos jogos. O Col\u00e9gio Pontagrossense Sepam realiza, na sexta-feira (29) e no s\u00e1bado (30), a 3\u00aa Copa Sepam\/Oper\u00e1rio de Futsal com a participa\u00e7\u00e3o de atletas do Sepam, dos Col\u00e9gios Integra\u00e7\u00e3o e Desafio e da Escola Municipal Professora Maria Vit\u00f3ria Braga Ramos. Os jogos acontecer\u00e3o no\u2026\" \/>\n<meta name=\"robots\" content=\"index, follow, max-snippet:-1, max-image-preview:large, max-video-preview:-1\" \/>\n<link rel=\"canonical\" href=\"https:\/\/sepam.com.br\/fr\/3a-copa-sepam-operario-de-futsal-acontece-neste-fim-de-semana\/\" \/>\n<meta property=\"og:locale\" content=\"fr_FR\" \/>\n<meta property=\"og:type\" content=\"article\" \/>\n<meta property=\"og:title\" content=\"3\u00aa Copa Sepam\/Oper\u00e1rio de Futsal acontece neste fim de semana\" \/>\n<meta property=\"og:description\" content=\"Mais de 100 atletas de quatro institui\u00e7\u00f5es de ensino participar\u00e3o dos jogos. O Col\u00e9gio Pontagrossense Sepam realiza, na sexta-feira (29) e no s\u00e1bado (30), a 3\u00aa Copa Sepam\/Oper\u00e1rio de Futsal com a participa\u00e7\u00e3o de atletas do Sepam, dos Col\u00e9gios Integra\u00e7\u00e3o e Desafio e da Escola Municipal Professora Maria Vit\u00f3ria Braga Ramos. Os jogos acontecer\u00e3o no\u2026\" \/>\n<meta property=\"og:url\" content=\"https:\/\/sepam.com.br\/fr\/3a-copa-sepam-operario-de-futsal-acontece-neste-fim-de-semana\/\" \/>\n<meta property=\"og:site_name\" content=\"Col\u00e9gio Sepam\" \/>\n<meta property=\"article:published_time\" content=\"2025-08-28T13:47:34+00:00\" \/>\n<meta property=\"article:modified_time\" content=\"2025-11-24T13:53:35+00:00\" \/>\n<meta name=\"author\" content=\"Sepam\" \/>\n<meta name=\"twitter:card\" content=\"summary_large_image\" \/>\n<meta name=\"twitter:label1\" content=\"\u00c9crit par\" \/>\n\t<meta name=\"twitter:data1\" content=\"Sepam\" \/>\n\t<meta name=\"twitter:label2\" content=\"Dur\u00e9e de lecture estim\u00e9e\" \/>\n\t<meta name=\"twitter:data2\" content=\"2 minutes\" \/>\n<script type=\"application\/ld+json\" class=\"yoast-schema-graph\">{\"@context\":\"https:\\\/\\\/schema.org\",\"@graph\":[{\"@type\":\"Article\",\"@id\":\"https:\\\/\\\/sepam.com.br\\\/fr\\\/3a-copa-sepam-operario-de-futsal-acontece-neste-fim-de-semana\\\/#article\",\"isPartOf\":{\"@id\":\"https:\\\/\\\/sepam.com.br\\\/fr\\\/3a-copa-sepam-operario-de-futsal-acontece-neste-fim-de-semana\\\/\"},\"author\":{\"name\":\"Sepam\",\"@id\":\"https:\\\/\\\/sepam.com.br\\\/#\\\/schema\\\/person\\\/bfa2996c649a5a6d822766f6e64eb7fd\"},\"headline\":\"3\u00aa Copa Sepam\\\/Oper\u00e1rio de Futsal acontece neste fim de semana\",\"datePublished\":\"2025-08-28T13:47:34+00:00\",\"dateModified\":\"2025-11-24T13:53:35+00:00\",\"mainEntityOfPage\":{\"@id\":\"https:\\\/\\\/sepam.com.br\\\/fr\\\/3a-copa-sepam-operario-de-futsal-acontece-neste-fim-de-semana\\\/\"},\"wordCount\":335,\"commentCount\":0,\"publisher\":{\"@id\":\"https:\\\/\\\/sepam.com.br\\\/#organization\"},\"articleSection\":[\"Colegio Sepam\"],\"inLanguage\":\"fr-FR\",\"potentialAction\":[{\"@type\":\"CommentAction\",\"name\":\"Comment\",\"target\":[\"https:\\\/\\\/sepam.com.br\\\/fr\\\/3a-copa-sepam-operario-de-futsal-acontece-neste-fim-de-semana\\\/#respond\"]}]},{\"@type\":\"WebPage\",\"@id\":\"https:\\\/\\\/sepam.com.br\\\/fr\\\/3a-copa-sepam-operario-de-futsal-acontece-neste-fim-de-semana\\\/\",\"url\":\"https:\\\/\\\/sepam.com.br\\\/fr\\\/3a-copa-sepam-operario-de-futsal-acontece-neste-fim-de-semana\\\/\",\"name\":\"3\u00aa Copa Sepam\\\/Oper\u00e1rio de Futsal acontece neste fim de semana - Col\u00e9gio Sepam\",\"isPartOf\":{\"@id\":\"https:\\\/\\\/sepam.com.br\\\/#website\"},\"datePublished\":\"2025-08-28T13:47:34+00:00\",\"dateModified\":\"2025-11-24T13:53:35+00:00\",\"breadcrumb\":{\"@id\":\"https:\\\/\\\/sepam.com.br\\\/fr\\\/3a-copa-sepam-operario-de-futsal-acontece-neste-fim-de-semana\\\/#breadcrumb\"},\"inLanguage\":\"fr-FR\",\"potentialAction\":[{\"@type\":\"ReadAction\",\"target\":[\"https:\\\/\\\/sepam.com.br\\\/fr\\\/3a-copa-sepam-operario-de-futsal-acontece-neste-fim-de-semana\\\/\"]}]},{\"@type\":\"BreadcrumbList\",\"@id\":\"https:\\\/\\\/sepam.com.br\\\/fr\\\/3a-copa-sepam-operario-de-futsal-acontece-neste-fim-de-semana\\\/#breadcrumb\",\"itemListElement\":[{\"@type\":\"ListItem\",\"position\":1,\"name\":\"Boas Vindas\",\"item\":\"https:\\\/\\\/sepam.com.br\\\/\"},{\"@type\":\"ListItem\",\"position\":2,\"name\":\"3\u00aa Copa Sepam\\\/Oper\u00e1rio de Futsal acontece neste fim de semana\"}]},{\"@type\":\"WebSite\",\"@id\":\"https:\\\/\\\/sepam.com.br\\\/fr\\\/#website\",\"url\":\"https:\\\/\\\/sepam.com.br\\\/fr\\\/\",\"name\":\"Col\u00e9gio Sepam\",\"description\":\"Ensino Incompar\u00e1vel\",\"publisher\":{\"@id\":\"https:\\\/\\\/sepam.com.br\\\/fr\\\/#organization\"},\"potentialAction\":[{\"@type\":\"SearchAction\",\"target\":{\"@type\":\"EntryPoint\",\"urlTemplate\":\"https:\\\/\\\/sepam.com.br\\\/fr\\\/?s={search_term_string}\"},\"query-input\":{\"@type\":\"PropertyValueSpecification\",\"valueRequired\":true,\"valueName\":\"search_term_string\"}}],\"inLanguage\":\"fr-FR\"},{\"@type\":\"Organization\",\"@id\":\"https:\\\/\\\/sepam.com.br\\\/fr\\\/#organization\",\"name\":\"Col\u00e9gio Sepam\",\"url\":\"https:\\\/\\\/sepam.com.br\\\/fr\\\/\",\"logo\":{\"@type\":\"ImageObject\",\"inLanguage\":\"fr-FR\",\"@id\":\"https:\\\/\\\/sepam.com.br\\\/fr\\\/#\\\/schema\\\/logo\\\/image\\\/\",\"url\":\"https:\\\/\\\/sepam.com.br\\\/wp-content\\\/uploads\\\/2025\\\/02\\\/Ativo-2.png\",\"contentUrl\":\"https:\\\/\\\/sepam.com.br\\\/wp-content\\\/uploads\\\/2025\\\/02\\\/Ativo-2.png\",\"width\":595,\"height\":525,\"caption\":\"Col\u00e9gio Sepam\"},\"image\":{\"@id\":\"https:\\\/\\\/sepam.com.br\\\/fr\\\/#\\\/schema\\\/logo\\\/image\\\/\"}},{\"@type\":\"Person\",\"@id\":\"https:\\\/\\\/sepam.com.br\\\/#\\\/schema\\\/person\\\/bfa2996c649a5a6d822766f6e64eb7fd\",\"name\":\"Sepam\",\"image\":{\"@type\":\"ImageObject\",\"inLanguage\":\"fr-FR\",\"@id\":\"https:\\\/\\\/secure.gravatar.com\\\/avatar\\\/0219e64664f5861998ad57a3432eb4bd5fd99a34c7cc9bc44b3c59dfb830db85?s=96&d=mm&r=g\",\"url\":\"https:\\\/\\\/secure.gravatar.com\\\/avatar\\\/0219e64664f5861998ad57a3432eb4bd5fd99a34c7cc9bc44b3c59dfb830db85?s=96&d=mm&r=g\",\"contentUrl\":\"https:\\\/\\\/secure.gravatar.com\\\/avatar\\\/0219e64664f5861998ad57a3432eb4bd5fd99a34c7cc9bc44b3c59dfb830db85?s=96&d=mm&r=g\",\"caption\":\"Sepam\"},\"url\":\"https:\\\/\\\/sepam.com.br\\\/fr\\\/author\\\/sepam\\\/\"}]}<\/script>\n<!-- \/ Yoast SEO plugin. -->","yoast_head_json":{"title":"3\u00aa Copa Sepam\/Oper\u00e1rio de Futsal acontece neste fim de semana","description":"Mais de 100 atletas de quatro institui\u00e7\u00f5es de ensino participar\u00e3o dos jogos. O Col\u00e9gio Pontagrossense Sepam realiza, na sexta-feira (29) e no s\u00e1bado (30), a 3\u00aa Copa Sepam\/Oper\u00e1rio de Futsal com a participa\u00e7\u00e3o de atletas do Sepam, dos Col\u00e9gios Integra\u00e7\u00e3o e Desafio e da Escola Municipal Professora Maria Vit\u00f3ria Braga Ramos. Os jogos acontecer\u00e3o no\u2026","robots":{"index":"index","follow":"follow","max-snippet":"max-snippet:-1","max-image-preview":"max-image-preview:large","max-video-preview":"max-video-preview:-1"},"canonical":"https:\/\/sepam.com.br\/fr\/3a-copa-sepam-operario-de-futsal-acontece-neste-fim-de-semana\/","og_locale":"fr_FR","og_type":"article","og_title":"3\u00aa Copa Sepam\/Oper\u00e1rio de Futsal acontece neste fim de semana","og_description":"Mais de 100 atletas de quatro institui\u00e7\u00f5es de ensino participar\u00e3o dos jogos. O Col\u00e9gio Pontagrossense Sepam realiza, na sexta-feira (29) e no s\u00e1bado (30), a 3\u00aa Copa Sepam\/Oper\u00e1rio de Futsal com a participa\u00e7\u00e3o de atletas do Sepam, dos Col\u00e9gios Integra\u00e7\u00e3o e Desafio e da Escola Municipal Professora Maria Vit\u00f3ria Braga Ramos. Os jogos acontecer\u00e3o no\u2026","og_url":"https:\/\/sepam.com.br\/fr\/3a-copa-sepam-operario-de-futsal-acontece-neste-fim-de-semana\/","og_site_name":"Col\u00e9gio Sepam","article_published_time":"2025-08-28T13:47:34+00:00","article_modified_time":"2025-11-24T13:53:35+00:00","author":"Sepam","twitter_card":"summary_large_image","twitter_misc":{"\u00c9crit par":"Sepam","Dur\u00e9e de lecture estim\u00e9e":"2 minutes"},"schema":{"@context":"https:\/\/schema.org","@graph":[{"@type":"Article","@id":"https:\/\/sepam.com.br\/fr\/3a-copa-sepam-operario-de-futsal-acontece-neste-fim-de-semana\/#article","isPartOf":{"@id":"https:\/\/sepam.com.br\/fr\/3a-copa-sepam-operario-de-futsal-acontece-neste-fim-de-semana\/"},"author":{"name":"Sepam","@id":"https:\/\/sepam.com.br\/#\/schema\/person\/bfa2996c649a5a6d822766f6e64eb7fd"},"headline":"3\u00aa Copa Sepam\/Oper\u00e1rio de Futsal acontece neste fim de semana","datePublished":"2025-08-28T13:47:34+00:00","dateModified":"2025-11-24T13:53:35+00:00","mainEntityOfPage":{"@id":"https:\/\/sepam.com.br\/fr\/3a-copa-sepam-operario-de-futsal-acontece-neste-fim-de-semana\/"},"wordCount":335,"commentCount":0,"publisher":{"@id":"https:\/\/sepam.com.br\/#organization"},"articleSection":["Colegio Sepam"],"inLanguage":"fr-FR","potentialAction":[{"@type":"CommentAction","name":"Comment","target":["https:\/\/sepam.com.br\/fr\/3a-copa-sepam-operario-de-futsal-acontece-neste-fim-de-semana\/#respond"]}]},{"@type":"WebPage","@id":"https:\/\/sepam.com.br\/fr\/3a-copa-sepam-operario-de-futsal-acontece-neste-fim-de-semana\/","url":"https:\/\/sepam.com.br\/fr\/3a-copa-sepam-operario-de-futsal-acontece-neste-fim-de-semana\/","name":"3\u00aa Copa Sepam\/Oper\u00e1rio de Futsal acontece neste fim de semana - Col\u00e9gio Sepam","isPartOf":{"@id":"https:\/\/sepam.com.br\/#website"},"datePublished":"2025-08-28T13:47:34+00:00","dateModified":"2025-11-24T13:53:35+00:00","breadcrumb":{"@id":"https:\/\/sepam.com.br\/fr\/3a-copa-sepam-operario-de-futsal-acontece-neste-fim-de-semana\/#breadcrumb"},"inLanguage":"fr-FR","potentialAction":[{"@type":"ReadAction","target":["https:\/\/sepam.com.br\/fr\/3a-copa-sepam-operario-de-futsal-acontece-neste-fim-de-semana\/"]}]},{"@type":"BreadcrumbList","@id":"https:\/\/sepam.com.br\/fr\/3a-copa-sepam-operario-de-futsal-acontece-neste-fim-de-semana\/#breadcrumb","itemListElement":[{"@type":"ListItem","position":1,"name":"Boas Vindas","item":"https:\/\/sepam.com.br\/"},{"@type":"ListItem","position":2,"name":"3\u00aa Copa Sepam\/Oper\u00e1rio de Futsal acontece neste fim de semana"}]},{"@type":"WebSite","@id":"https:\/\/sepam.com.br\/fr\/#website","url":"https:\/\/sepam.com.br\/fr\/","name":"Col\u00e9gio Sepam","description":"Ensino Incompar\u00e1vel","publisher":{"@id":"https:\/\/sepam.com.br\/fr\/#organization"},"potentialAction":[{"@type":"SearchAction","target":{"@type":"EntryPoint","urlTemplate":"https:\/\/sepam.com.br\/fr\/?s={search_term_string}"},"query-input":{"@type":"PropertyValueSpecification","valueRequired":true,"valueName":"search_term_string"}}],"inLanguage":"fr-FR"},{"@type":"Organization","@id":"https:\/\/sepam.com.br\/fr\/#organization","name":"Col\u00e9gio Sepam","url":"https:\/\/sepam.com.br\/fr\/","logo":{"@type":"ImageObject","inLanguage":"fr-FR","@id":"https:\/\/sepam.com.br\/fr\/#\/schema\/logo\/image\/","url":"https:\/\/sepam.com.br\/wp-content\/uploads\/2025\/02\/Ativo-2.png","contentUrl":"https:\/\/sepam.com.br\/wp-content\/uploads\/2025\/02\/Ativo-2.png","width":595,"height":525,"caption":"Col\u00e9gio Sepam"},"image":{"@id":"https:\/\/sepam.com.br\/fr\/#\/schema\/logo\/image\/"}},{"@type":"Person","@id":"https:\/\/sepam.com.br\/#\/schema\/person\/bfa2996c649a5a6d822766f6e64eb7fd","name":"Sepam","image":{"@type":"ImageObject","inLanguage":"fr-FR","@id":"https:\/\/secure.gravatar.com\/avatar\/0219e64664f5861998ad57a3432eb4bd5fd99a34c7cc9bc44b3c59dfb830db85?s=96&d=mm&r=g","url":"https:\/\/secure.gravatar.com\/avatar\/0219e64664f5861998ad57a3432eb4bd5fd99a34c7cc9bc44b3c59dfb830db85?s=96&d=mm&r=g","contentUrl":"https:\/\/secure.gravatar.com\/avatar\/0219e64664f5861998ad57a3432eb4bd5fd99a34c7cc9bc44b3c59dfb830db85?s=96&d=mm&r=g","caption":"Sepam"},"url":"https:\/\/sepam.com.br\/fr\/author\/sepam\/"}]}},"_links":{"self":[{"href":"https:\/\/sepam.com.br\/fr\/wp-json\/wp\/v2\/posts\/7076","targetHints":{"allow":["GET"]}}],"collection":[{"href":"https:\/\/sepam.com.br\/fr\/wp-json\/wp\/v2\/posts"}],"about":[{"href":"https:\/\/sepam.com.br\/fr\/wp-json\/wp\/v2\/types\/post"}],"author":[{"embeddable":true,"href":"https:\/\/sepam.com.br\/fr\/wp-json\/wp\/v2\/users\/13"}],"replies":[{"embeddable":true,"href":"https:\/\/sepam.com.br\/fr\/wp-json\/wp\/v2\/comments?post=7076"}],"version-history":[{"count":1,"href":"https:\/\/sepam.com.br\/fr\/wp-json\/wp\/v2\/posts\/7076\/revisions"}],"predecessor-version":[{"id":7300,"href":"https:\/\/sepam.com.br\/fr\/wp-json\/wp\/v2\/posts\/7076\/revisions\/7300"}],"wp:attachment":[{"href":"https:\/\/sepam.com.br\/fr\/wp-json\/wp\/v2\/media?parent=7076"}],"wp:term":[{"taxonomy":"category","embeddable":true,"href":"https:\/\/sepam.com.br\/fr\/wp-json\/wp\/v2\/categories?post=7076"},{"taxonomy":"post_tag","embeddable":true,"href":"https:\/\/sepam.com.br\/fr\/wp-json\/wp\/v2\/tags?post=7076"}],"curies":[{"name":"wp","href":"https:\/\/api.w.org\/{rel}","templated":true}]}}