{"id":7065,"date":"2025-08-28T10:47:34","date_gmt":"2025-08-28T13:47:34","guid":{"rendered":"https:\/\/dev.alisonandrei.com.br\/noticia\/sepam-lanca-terceira-edicao-de-projeto-literario-nesta-sexta-feira\/"},"modified":"2025-11-24T10:53:35","modified_gmt":"2025-11-24T13:53:35","slug":"sepam-lanca-terceira-edicao-de-projeto-literario-nesta-sexta-feira","status":"publish","type":"post","link":"https:\/\/sepam.com.br\/fr\/sepam-lanca-terceira-edicao-de-projeto-literario-nesta-sexta-feira\/","title":{"rendered":"Sepam lan\u00e7a terceira edi\u00e7\u00e3o de projeto liter\u00e1rio nesta sexta-feira"},"content":{"rendered":"<p><em>Foram publicados seis livros que trazem como tem\u00e1tica os 80 anos do Col\u00e9gio <\/em><\/p>\n<p>Acontece nesta sexta-feira, dia 25, em solenidade especial no Clube Ponta Lagoa, o lan\u00e7amento dos livros do Projeto Liter\u00e1rio Colet\u00e2neas Sepam 2019. Parte integrante da disciplina de Produ\u00e7\u00e3o Textual, a iniciativa permeia os anos finais do Ensino Fundamental com a finalidade do desenvolvimento da escrita, sendo um dos projetos pedag\u00f3gicos do Col\u00e9gio, realizado desde 2017. Seis obras, sendo duas em ingl\u00eas, com textos de autoria dos alunos foram publicadas na edi\u00e7\u00e3o deste ano.<\/p>\n<p>Para a coordenadora pedag\u00f3gica do Sepam, S\u00f4nia Mongruel, esse projeto \u00e9 o coroamento de todo o trabalho, realizado em sala de aula, quanto ao desenvolvimento da oralidade e da escrita dos estudantes. \u201cN\u00e3o s\u00e3o todas as pessoas que t\u00eam a habilidade da escrita t\u00e3o desenvolvida, por isso, ver aquele aluno que tem mais dificuldade conseguir organizar suas ideias e coloc\u00e1-las no papel, expressando-se por meio do texto, e ainda ver essa produ\u00e7\u00e3o publicada em um livro, \u00e9 maravilhoso. Estamos orgulhosos com os resultados desse trabalho\u201d, enaltece.<\/p>\n<p>A partir da tem\u00e1tica \u201cSepam 80 anos\u201d foram trabalhados os g\u00eaneros textuais: conto, carta pessoal, narra\u00e7\u00e3o, poema e autobiografia. Al\u00e9m dos textos, os alunos tamb\u00e9m fizerem as capas e as ilustra\u00e7\u00f5es que comp\u00f5em as obras. Para a professora do 7\u00ba ano, Ana Caroline Cavanhari Neumann, este projeto incentiva a forma\u00e7\u00e3o de escritores. \u201cOs alunos se sentem valorizados porque os textos ser\u00e3o lidos por outras pessoas. Eles passam a perceber a import\u00e2ncia do escritor e da literatura\u201d, diz.<\/p>\n<p>A professora de portugu\u00eas de 8\u00ba e 9\u00ba anos, Marcela Marabeli, trabalhou narra\u00e7\u00e3o e poema. Por meio desses g\u00eaneros os alunos voltaram ao passado, conheceram hist\u00f3rias de ex-professores, alunos e funcion\u00e1rios do Col\u00e9gio, e relembraram os momentos marcantes que eles pr\u00f3prios passaram dentro da institui\u00e7\u00e3o. Para ela, o envolvimento deles no processo justifica os objetivos do projeto. \u201cN\u00e3o buscamos autores prontos, mas as peculiaridades dos nossos alunos escritores, deixando-os livres para revelar o conhecimento de mundo e as experi\u00eancias que possuem\u201d, destaca.<\/p>\n<p>Ana Marina Giebeluka, professora que conduziu o trabalho com os alunos do 6\u00ba ano, tamb\u00e9m acredita que o projeto \u00e9 uma forma de fazer os alunos perceberem a import\u00e2ncia da escrita para a sociedade. \u201cEles s\u00e3o t\u00e3o novos e j\u00e1 t\u00eam a oportunidade de fazer o texto sair da sala de aula e ficar \u00e0 disposi\u00e7\u00e3o do p\u00fablico. Isto \u00e9 muito significativo para eles e para os familiares\u201d, assinala.<\/p>\n<p>Professora de ingl\u00eas, Jaqueline Zanluchi acredita que este trabalho revela a confian\u00e7a que os professores t\u00eam nos alunos. \u201cEstamos colocando os alunos em evid\u00eancia, incentivando que produzam e mostrem seu trabalho porque sabemos que eles t\u00eam capacidade de ir longe\u201d, finaliza.<\/p>\n","protected":false},"excerpt":{"rendered":"<p>Foram publicados seis livros que trazem como tem\u00e1tica os 80 anos do Col\u00e9gio Acontece nesta sexta-feira, dia 25, em solenidade especial no Clube Ponta Lagoa, o lan\u00e7amento dos livros do Projeto Liter\u00e1rio Colet\u00e2neas Sepam 2019. Parte integrante da disciplina de Produ\u00e7\u00e3o Textual, a iniciativa permeia os anos finais do Ensino Fundamental com a finalidade do [&hellip;]<\/p>\n","protected":false},"author":13,"featured_media":0,"comment_status":"open","ping_status":"open","sticky":false,"template":"","format":"standard","meta":{"footnotes":""},"categories":[21],"tags":[],"class_list":["post-7065","post","type-post","status-publish","format-standard","hentry","category-colegio-sepam"],"yoast_head":"<!-- This site is optimized with the Yoast SEO plugin v28.4 - https:\/\/yoast.com\/product\/yoast-seo-wordpress\/ -->\n<title>Sepam lan\u00e7a terceira edi\u00e7\u00e3o de projeto liter\u00e1rio nesta sexta-feira<\/title>\n<meta name=\"description\" content=\"Foram publicados seis livros que trazem como tem\u00e1tica os 80 anos do Col\u00e9gio Acontece nesta sexta-feira, dia 25, em solenidade especial no Clube Ponta Lagoa, o lan\u00e7amento dos livros do Projeto Liter\u00e1rio Colet\u00e2neas Sepam 2019. Parte integrante da disciplina de Produ\u00e7\u00e3o Textual, a iniciativa permeia os anos finais do Ensino Fundamental com a finalidade do\u2026\" \/>\n<meta name=\"robots\" content=\"index, follow, max-snippet:-1, max-image-preview:large, max-video-preview:-1\" \/>\n<link rel=\"canonical\" href=\"https:\/\/sepam.com.br\/fr\/sepam-lanca-terceira-edicao-de-projeto-literario-nesta-sexta-feira\/\" \/>\n<meta property=\"og:locale\" content=\"fr_FR\" \/>\n<meta property=\"og:type\" content=\"article\" \/>\n<meta property=\"og:title\" content=\"Sepam lan\u00e7a terceira edi\u00e7\u00e3o de projeto liter\u00e1rio nesta sexta-feira\" \/>\n<meta property=\"og:description\" content=\"Foram publicados seis livros que trazem como tem\u00e1tica os 80 anos do Col\u00e9gio Acontece nesta sexta-feira, dia 25, em solenidade especial no Clube Ponta Lagoa, o lan\u00e7amento dos livros do Projeto Liter\u00e1rio Colet\u00e2neas Sepam 2019. Parte integrante da disciplina de Produ\u00e7\u00e3o Textual, a iniciativa permeia os anos finais do Ensino Fundamental com a finalidade do\u2026\" \/>\n<meta property=\"og:url\" content=\"https:\/\/sepam.com.br\/fr\/sepam-lanca-terceira-edicao-de-projeto-literario-nesta-sexta-feira\/\" \/>\n<meta property=\"og:site_name\" content=\"Col\u00e9gio Sepam\" \/>\n<meta property=\"article:published_time\" content=\"2025-08-28T13:47:34+00:00\" \/>\n<meta property=\"article:modified_time\" content=\"2025-11-24T13:53:35+00:00\" \/>\n<meta name=\"author\" content=\"Sepam\" \/>\n<meta name=\"twitter:card\" content=\"summary_large_image\" \/>\n<meta name=\"twitter:label1\" content=\"\u00c9crit par\" \/>\n\t<meta name=\"twitter:data1\" content=\"Sepam\" \/>\n\t<meta name=\"twitter:label2\" content=\"Dur\u00e9e de lecture estim\u00e9e\" \/>\n\t<meta name=\"twitter:data2\" content=\"2 minutes\" \/>\n<script type=\"application\/ld+json\" class=\"yoast-schema-graph\">{\"@context\":\"https:\\\/\\\/schema.org\",\"@graph\":[{\"@type\":\"Article\",\"@id\":\"https:\\\/\\\/sepam.com.br\\\/fr\\\/sepam-lanca-terceira-edicao-de-projeto-literario-nesta-sexta-feira\\\/#article\",\"isPartOf\":{\"@id\":\"https:\\\/\\\/sepam.com.br\\\/fr\\\/sepam-lanca-terceira-edicao-de-projeto-literario-nesta-sexta-feira\\\/\"},\"author\":{\"name\":\"Sepam\",\"@id\":\"https:\\\/\\\/sepam.com.br\\\/#\\\/schema\\\/person\\\/bfa2996c649a5a6d822766f6e64eb7fd\"},\"headline\":\"Sepam lan\u00e7a terceira edi\u00e7\u00e3o de projeto liter\u00e1rio nesta sexta-feira\",\"datePublished\":\"2025-08-28T13:47:34+00:00\",\"dateModified\":\"2025-11-24T13:53:35+00:00\",\"mainEntityOfPage\":{\"@id\":\"https:\\\/\\\/sepam.com.br\\\/fr\\\/sepam-lanca-terceira-edicao-de-projeto-literario-nesta-sexta-feira\\\/\"},\"wordCount\":489,\"commentCount\":0,\"publisher\":{\"@id\":\"https:\\\/\\\/sepam.com.br\\\/#organization\"},\"articleSection\":[\"Colegio Sepam\"],\"inLanguage\":\"fr-FR\",\"potentialAction\":[{\"@type\":\"CommentAction\",\"name\":\"Comment\",\"target\":[\"https:\\\/\\\/sepam.com.br\\\/fr\\\/sepam-lanca-terceira-edicao-de-projeto-literario-nesta-sexta-feira\\\/#respond\"]}]},{\"@type\":\"WebPage\",\"@id\":\"https:\\\/\\\/sepam.com.br\\\/fr\\\/sepam-lanca-terceira-edicao-de-projeto-literario-nesta-sexta-feira\\\/\",\"url\":\"https:\\\/\\\/sepam.com.br\\\/fr\\\/sepam-lanca-terceira-edicao-de-projeto-literario-nesta-sexta-feira\\\/\",\"name\":\"Sepam lan\u00e7a terceira edi\u00e7\u00e3o de projeto liter\u00e1rio nesta sexta-feira - Col\u00e9gio Sepam\",\"isPartOf\":{\"@id\":\"https:\\\/\\\/sepam.com.br\\\/#website\"},\"datePublished\":\"2025-08-28T13:47:34+00:00\",\"dateModified\":\"2025-11-24T13:53:35+00:00\",\"breadcrumb\":{\"@id\":\"https:\\\/\\\/sepam.com.br\\\/fr\\\/sepam-lanca-terceira-edicao-de-projeto-literario-nesta-sexta-feira\\\/#breadcrumb\"},\"inLanguage\":\"fr-FR\",\"potentialAction\":[{\"@type\":\"ReadAction\",\"target\":[\"https:\\\/\\\/sepam.com.br\\\/fr\\\/sepam-lanca-terceira-edicao-de-projeto-literario-nesta-sexta-feira\\\/\"]}]},{\"@type\":\"BreadcrumbList\",\"@id\":\"https:\\\/\\\/sepam.com.br\\\/fr\\\/sepam-lanca-terceira-edicao-de-projeto-literario-nesta-sexta-feira\\\/#breadcrumb\",\"itemListElement\":[{\"@type\":\"ListItem\",\"position\":1,\"name\":\"Boas Vindas\",\"item\":\"https:\\\/\\\/sepam.com.br\\\/\"},{\"@type\":\"ListItem\",\"position\":2,\"name\":\"Sepam lan\u00e7a terceira edi\u00e7\u00e3o de projeto liter\u00e1rio nesta sexta-feira\"}]},{\"@type\":\"WebSite\",\"@id\":\"https:\\\/\\\/sepam.com.br\\\/fr\\\/#website\",\"url\":\"https:\\\/\\\/sepam.com.br\\\/fr\\\/\",\"name\":\"Col\u00e9gio Sepam\",\"description\":\"Ensino Incompar\u00e1vel\",\"publisher\":{\"@id\":\"https:\\\/\\\/sepam.com.br\\\/fr\\\/#organization\"},\"potentialAction\":[{\"@type\":\"SearchAction\",\"target\":{\"@type\":\"EntryPoint\",\"urlTemplate\":\"https:\\\/\\\/sepam.com.br\\\/fr\\\/?s={search_term_string}\"},\"query-input\":{\"@type\":\"PropertyValueSpecification\",\"valueRequired\":true,\"valueName\":\"search_term_string\"}}],\"inLanguage\":\"fr-FR\"},{\"@type\":\"Organization\",\"@id\":\"https:\\\/\\\/sepam.com.br\\\/fr\\\/#organization\",\"name\":\"Col\u00e9gio Sepam\",\"url\":\"https:\\\/\\\/sepam.com.br\\\/fr\\\/\",\"logo\":{\"@type\":\"ImageObject\",\"inLanguage\":\"fr-FR\",\"@id\":\"https:\\\/\\\/sepam.com.br\\\/fr\\\/#\\\/schema\\\/logo\\\/image\\\/\",\"url\":\"https:\\\/\\\/sepam.com.br\\\/wp-content\\\/uploads\\\/2025\\\/02\\\/Ativo-2.png\",\"contentUrl\":\"https:\\\/\\\/sepam.com.br\\\/wp-content\\\/uploads\\\/2025\\\/02\\\/Ativo-2.png\",\"width\":595,\"height\":525,\"caption\":\"Col\u00e9gio Sepam\"},\"image\":{\"@id\":\"https:\\\/\\\/sepam.com.br\\\/fr\\\/#\\\/schema\\\/logo\\\/image\\\/\"}},{\"@type\":\"Person\",\"@id\":\"https:\\\/\\\/sepam.com.br\\\/#\\\/schema\\\/person\\\/bfa2996c649a5a6d822766f6e64eb7fd\",\"name\":\"Sepam\",\"image\":{\"@type\":\"ImageObject\",\"inLanguage\":\"fr-FR\",\"@id\":\"https:\\\/\\\/secure.gravatar.com\\\/avatar\\\/0219e64664f5861998ad57a3432eb4bd5fd99a34c7cc9bc44b3c59dfb830db85?s=96&d=mm&r=g\",\"url\":\"https:\\\/\\\/secure.gravatar.com\\\/avatar\\\/0219e64664f5861998ad57a3432eb4bd5fd99a34c7cc9bc44b3c59dfb830db85?s=96&d=mm&r=g\",\"contentUrl\":\"https:\\\/\\\/secure.gravatar.com\\\/avatar\\\/0219e64664f5861998ad57a3432eb4bd5fd99a34c7cc9bc44b3c59dfb830db85?s=96&d=mm&r=g\",\"caption\":\"Sepam\"},\"url\":\"https:\\\/\\\/sepam.com.br\\\/fr\\\/author\\\/sepam\\\/\"}]}<\/script>\n<!-- \/ Yoast SEO plugin. -->","yoast_head_json":{"title":"Sepam lan\u00e7a terceira edi\u00e7\u00e3o de projeto liter\u00e1rio nesta sexta-feira","description":"Foram publicados seis livros que trazem como tem\u00e1tica os 80 anos do Col\u00e9gio Acontece nesta sexta-feira, dia 25, em solenidade especial no Clube Ponta Lagoa, o lan\u00e7amento dos livros do Projeto Liter\u00e1rio Colet\u00e2neas Sepam 2019. Parte integrante da disciplina de Produ\u00e7\u00e3o Textual, a iniciativa permeia os anos finais do Ensino Fundamental com a finalidade do\u2026","robots":{"index":"index","follow":"follow","max-snippet":"max-snippet:-1","max-image-preview":"max-image-preview:large","max-video-preview":"max-video-preview:-1"},"canonical":"https:\/\/sepam.com.br\/fr\/sepam-lanca-terceira-edicao-de-projeto-literario-nesta-sexta-feira\/","og_locale":"fr_FR","og_type":"article","og_title":"Sepam lan\u00e7a terceira edi\u00e7\u00e3o de projeto liter\u00e1rio nesta sexta-feira","og_description":"Foram publicados seis livros que trazem como tem\u00e1tica os 80 anos do Col\u00e9gio Acontece nesta sexta-feira, dia 25, em solenidade especial no Clube Ponta Lagoa, o lan\u00e7amento dos livros do Projeto Liter\u00e1rio Colet\u00e2neas Sepam 2019. Parte integrante da disciplina de Produ\u00e7\u00e3o Textual, a iniciativa permeia os anos finais do Ensino Fundamental com a finalidade do\u2026","og_url":"https:\/\/sepam.com.br\/fr\/sepam-lanca-terceira-edicao-de-projeto-literario-nesta-sexta-feira\/","og_site_name":"Col\u00e9gio Sepam","article_published_time":"2025-08-28T13:47:34+00:00","article_modified_time":"2025-11-24T13:53:35+00:00","author":"Sepam","twitter_card":"summary_large_image","twitter_misc":{"\u00c9crit par":"Sepam","Dur\u00e9e de lecture estim\u00e9e":"2 minutes"},"schema":{"@context":"https:\/\/schema.org","@graph":[{"@type":"Article","@id":"https:\/\/sepam.com.br\/fr\/sepam-lanca-terceira-edicao-de-projeto-literario-nesta-sexta-feira\/#article","isPartOf":{"@id":"https:\/\/sepam.com.br\/fr\/sepam-lanca-terceira-edicao-de-projeto-literario-nesta-sexta-feira\/"},"author":{"name":"Sepam","@id":"https:\/\/sepam.com.br\/#\/schema\/person\/bfa2996c649a5a6d822766f6e64eb7fd"},"headline":"Sepam lan\u00e7a terceira edi\u00e7\u00e3o de projeto liter\u00e1rio nesta sexta-feira","datePublished":"2025-08-28T13:47:34+00:00","dateModified":"2025-11-24T13:53:35+00:00","mainEntityOfPage":{"@id":"https:\/\/sepam.com.br\/fr\/sepam-lanca-terceira-edicao-de-projeto-literario-nesta-sexta-feira\/"},"wordCount":489,"commentCount":0,"publisher":{"@id":"https:\/\/sepam.com.br\/#organization"},"articleSection":["Colegio Sepam"],"inLanguage":"fr-FR","potentialAction":[{"@type":"CommentAction","name":"Comment","target":["https:\/\/sepam.com.br\/fr\/sepam-lanca-terceira-edicao-de-projeto-literario-nesta-sexta-feira\/#respond"]}]},{"@type":"WebPage","@id":"https:\/\/sepam.com.br\/fr\/sepam-lanca-terceira-edicao-de-projeto-literario-nesta-sexta-feira\/","url":"https:\/\/sepam.com.br\/fr\/sepam-lanca-terceira-edicao-de-projeto-literario-nesta-sexta-feira\/","name":"Sepam lan\u00e7a terceira edi\u00e7\u00e3o de projeto liter\u00e1rio nesta sexta-feira - Col\u00e9gio Sepam","isPartOf":{"@id":"https:\/\/sepam.com.br\/#website"},"datePublished":"2025-08-28T13:47:34+00:00","dateModified":"2025-11-24T13:53:35+00:00","breadcrumb":{"@id":"https:\/\/sepam.com.br\/fr\/sepam-lanca-terceira-edicao-de-projeto-literario-nesta-sexta-feira\/#breadcrumb"},"inLanguage":"fr-FR","potentialAction":[{"@type":"ReadAction","target":["https:\/\/sepam.com.br\/fr\/sepam-lanca-terceira-edicao-de-projeto-literario-nesta-sexta-feira\/"]}]},{"@type":"BreadcrumbList","@id":"https:\/\/sepam.com.br\/fr\/sepam-lanca-terceira-edicao-de-projeto-literario-nesta-sexta-feira\/#breadcrumb","itemListElement":[{"@type":"ListItem","position":1,"name":"Boas Vindas","item":"https:\/\/sepam.com.br\/"},{"@type":"ListItem","position":2,"name":"Sepam lan\u00e7a terceira edi\u00e7\u00e3o de projeto liter\u00e1rio nesta sexta-feira"}]},{"@type":"WebSite","@id":"https:\/\/sepam.com.br\/fr\/#website","url":"https:\/\/sepam.com.br\/fr\/","name":"Col\u00e9gio Sepam","description":"Ensino Incompar\u00e1vel","publisher":{"@id":"https:\/\/sepam.com.br\/fr\/#organization"},"potentialAction":[{"@type":"SearchAction","target":{"@type":"EntryPoint","urlTemplate":"https:\/\/sepam.com.br\/fr\/?s={search_term_string}"},"query-input":{"@type":"PropertyValueSpecification","valueRequired":true,"valueName":"search_term_string"}}],"inLanguage":"fr-FR"},{"@type":"Organization","@id":"https:\/\/sepam.com.br\/fr\/#organization","name":"Col\u00e9gio Sepam","url":"https:\/\/sepam.com.br\/fr\/","logo":{"@type":"ImageObject","inLanguage":"fr-FR","@id":"https:\/\/sepam.com.br\/fr\/#\/schema\/logo\/image\/","url":"https:\/\/sepam.com.br\/wp-content\/uploads\/2025\/02\/Ativo-2.png","contentUrl":"https:\/\/sepam.com.br\/wp-content\/uploads\/2025\/02\/Ativo-2.png","width":595,"height":525,"caption":"Col\u00e9gio Sepam"},"image":{"@id":"https:\/\/sepam.com.br\/fr\/#\/schema\/logo\/image\/"}},{"@type":"Person","@id":"https:\/\/sepam.com.br\/#\/schema\/person\/bfa2996c649a5a6d822766f6e64eb7fd","name":"Sepam","image":{"@type":"ImageObject","inLanguage":"fr-FR","@id":"https:\/\/secure.gravatar.com\/avatar\/0219e64664f5861998ad57a3432eb4bd5fd99a34c7cc9bc44b3c59dfb830db85?s=96&d=mm&r=g","url":"https:\/\/secure.gravatar.com\/avatar\/0219e64664f5861998ad57a3432eb4bd5fd99a34c7cc9bc44b3c59dfb830db85?s=96&d=mm&r=g","contentUrl":"https:\/\/secure.gravatar.com\/avatar\/0219e64664f5861998ad57a3432eb4bd5fd99a34c7cc9bc44b3c59dfb830db85?s=96&d=mm&r=g","caption":"Sepam"},"url":"https:\/\/sepam.com.br\/fr\/author\/sepam\/"}]}},"_links":{"self":[{"href":"https:\/\/sepam.com.br\/fr\/wp-json\/wp\/v2\/posts\/7065","targetHints":{"allow":["GET"]}}],"collection":[{"href":"https:\/\/sepam.com.br\/fr\/wp-json\/wp\/v2\/posts"}],"about":[{"href":"https:\/\/sepam.com.br\/fr\/wp-json\/wp\/v2\/types\/post"}],"author":[{"embeddable":true,"href":"https:\/\/sepam.com.br\/fr\/wp-json\/wp\/v2\/users\/13"}],"replies":[{"embeddable":true,"href":"https:\/\/sepam.com.br\/fr\/wp-json\/wp\/v2\/comments?post=7065"}],"version-history":[{"count":1,"href":"https:\/\/sepam.com.br\/fr\/wp-json\/wp\/v2\/posts\/7065\/revisions"}],"predecessor-version":[{"id":7289,"href":"https:\/\/sepam.com.br\/fr\/wp-json\/wp\/v2\/posts\/7065\/revisions\/7289"}],"wp:attachment":[{"href":"https:\/\/sepam.com.br\/fr\/wp-json\/wp\/v2\/media?parent=7065"}],"wp:term":[{"taxonomy":"category","embeddable":true,"href":"https:\/\/sepam.com.br\/fr\/wp-json\/wp\/v2\/categories?post=7065"},{"taxonomy":"post_tag","embeddable":true,"href":"https:\/\/sepam.com.br\/fr\/wp-json\/wp\/v2\/tags?post=7065"}],"curies":[{"name":"wp","href":"https:\/\/api.w.org\/{rel}","templated":true}]}}