{"id":7051,"date":"2025-08-28T10:47:31","date_gmt":"2025-08-28T13:47:31","guid":{"rendered":"https:\/\/dev.alisonandrei.com.br\/noticia\/feira-da-cultura-turmas-do-1o-ano-resgatam-as-fases-da-vida-dentro-da-escola\/"},"modified":"2025-11-24T10:53:36","modified_gmt":"2025-11-24T13:53:36","slug":"feira-da-cultura-turmas-do-1o-ano-resgatam-as-fases-da-vida-dentro-da-escola","status":"publish","type":"post","link":"https:\/\/sepam.com.br\/fr\/feira-da-cultura-turmas-do-1o-ano-resgatam-as-fases-da-vida-dentro-da-escola\/","title":{"rendered":"Feira da Cultura: Turmas do 1\u00ba ano resgatam as fases da vida dentro da escola"},"content":{"rendered":"<p>Hoje encerra a Feira da Cultura Sepam 2019 do Ensino Fundamental &#8211; Anos Iniciais com a exposi\u00e7\u00e3o dos trabalhos dos alunos do 1\u00ba ano, que trazem curiosidades sobre as fases da vida dentro da escola, da inf\u00e2ncia \u00e0 velhice, por meio de relatos e pesquisas realizadas com familiares e funcion\u00e1rios do Col\u00e9gio Sepam. O trabalho foi conduzido pelas professoras Darlene Bueno dos Santos, Marilda Lauber, Patricia Martins e Suelen Pinheiro Ribeiro.<\/p>\n<p>Durante as pesquisas para elabora\u00e7\u00e3o do material, os alunos entrevistaram alguns adultos para conhecer suas fun\u00e7\u00f5es dentro do Col\u00e9gio, receberam os adolescentes que participam dos projetos de protagonismo juvenil do Sepam, visitaram as crian\u00e7as na Educa\u00e7\u00e3o Infantil e conversaram com pessoas idosas que fazem parte da hist\u00f3ria do Sepam, que completa 80 anos em outubro.<\/p>\n<p>\u201cNessa idade as crian\u00e7as s\u00e3o muito curiosas, a cada descoberta elas ficam admiradas, por isso a Feira \u00e9 um momento muito importante para que possam comparar o passado com a atualidade e percebam as principais mudan\u00e7as dos \u00faltimos 80 anos\u201d, acredita a professora Darlene (1\u00baC).<\/p>\n<p>Todas as pesquisas e relatos foram reunidas em um livreto, que ser\u00e1 entregue aos familiares dos alunos. Eles tamb\u00e9m criaram c\u00e1psulas do tempo com suas perspectivas para daqui a 5 anos.<\/p>\n<p>&nbsp;<\/p>\n","protected":false},"excerpt":{"rendered":"<p>Hoje encerra a Feira da Cultura Sepam 2019 do Ensino Fundamental &#8211; Anos Iniciais com a exposi\u00e7\u00e3o dos trabalhos dos alunos do 1\u00ba ano, que trazem curiosidades sobre as fases da vida dentro da escola, da inf\u00e2ncia \u00e0 velhice, por meio de relatos e pesquisas realizadas com familiares e funcion\u00e1rios do Col\u00e9gio Sepam. O trabalho [&hellip;]<\/p>\n","protected":false},"author":13,"featured_media":0,"comment_status":"open","ping_status":"open","sticky":false,"template":"","format":"standard","meta":{"footnotes":""},"categories":[21],"tags":[],"class_list":["post-7051","post","type-post","status-publish","format-standard","hentry","category-colegio-sepam"],"yoast_head":"<!-- This site is optimized with the Yoast SEO plugin v28.4 - https:\/\/yoast.com\/product\/yoast-seo-wordpress\/ -->\n<title>Feira da Cultura: Turmas do 1\u00ba ano resgatam as fases da vida dentro da escola<\/title>\n<meta name=\"description\" content=\"Hoje encerra a Feira da Cultura Sepam 2019 do Ensino Fundamental - Anos Iniciais com a exposi\u00e7\u00e3o dos trabalhos dos alunos do 1\u00ba ano, que trazem curiosidades sobre as fases da vida dentro da escola, da inf\u00e2ncia \u00e0 velhice, por meio de relatos e pesquisas realizadas com familiares e funcion\u00e1rios do Col\u00e9gio Sepam. O trabalho\u2026\" \/>\n<meta name=\"robots\" content=\"index, follow, max-snippet:-1, max-image-preview:large, max-video-preview:-1\" \/>\n<link rel=\"canonical\" href=\"https:\/\/sepam.com.br\/fr\/feira-da-cultura-turmas-do-1o-ano-resgatam-as-fases-da-vida-dentro-da-escola\/\" \/>\n<meta property=\"og:locale\" content=\"fr_FR\" \/>\n<meta property=\"og:type\" content=\"article\" \/>\n<meta property=\"og:title\" content=\"Feira da Cultura: Turmas do 1\u00ba ano resgatam as fases da vida dentro da escola\" \/>\n<meta property=\"og:description\" content=\"Hoje encerra a Feira da Cultura Sepam 2019 do Ensino Fundamental - Anos Iniciais com a exposi\u00e7\u00e3o dos trabalhos dos alunos do 1\u00ba ano, que trazem curiosidades sobre as fases da vida dentro da escola, da inf\u00e2ncia \u00e0 velhice, por meio de relatos e pesquisas realizadas com familiares e funcion\u00e1rios do Col\u00e9gio Sepam. O trabalho\u2026\" \/>\n<meta property=\"og:url\" content=\"https:\/\/sepam.com.br\/fr\/feira-da-cultura-turmas-do-1o-ano-resgatam-as-fases-da-vida-dentro-da-escola\/\" \/>\n<meta property=\"og:site_name\" content=\"Col\u00e9gio Sepam\" \/>\n<meta property=\"article:published_time\" content=\"2025-08-28T13:47:31+00:00\" \/>\n<meta property=\"article:modified_time\" content=\"2025-11-24T13:53:36+00:00\" \/>\n<meta name=\"author\" content=\"Sepam\" \/>\n<meta name=\"twitter:card\" content=\"summary_large_image\" \/>\n<meta name=\"twitter:label1\" content=\"\u00c9crit par\" \/>\n\t<meta name=\"twitter:data1\" content=\"Sepam\" \/>\n\t<meta name=\"twitter:label2\" content=\"Dur\u00e9e de lecture estim\u00e9e\" \/>\n\t<meta name=\"twitter:data2\" content=\"1 minute\" \/>\n<script type=\"application\/ld+json\" class=\"yoast-schema-graph\">{\"@context\":\"https:\\\/\\\/schema.org\",\"@graph\":[{\"@type\":\"Article\",\"@id\":\"https:\\\/\\\/sepam.com.br\\\/fr\\\/feira-da-cultura-turmas-do-1o-ano-resgatam-as-fases-da-vida-dentro-da-escola\\\/#article\",\"isPartOf\":{\"@id\":\"https:\\\/\\\/sepam.com.br\\\/fr\\\/feira-da-cultura-turmas-do-1o-ano-resgatam-as-fases-da-vida-dentro-da-escola\\\/\"},\"author\":{\"name\":\"Sepam\",\"@id\":\"https:\\\/\\\/sepam.com.br\\\/#\\\/schema\\\/person\\\/bfa2996c649a5a6d822766f6e64eb7fd\"},\"headline\":\"Feira da Cultura: Turmas do 1\u00ba ano resgatam as fases da vida dentro da escola\",\"datePublished\":\"2025-08-28T13:47:31+00:00\",\"dateModified\":\"2025-11-24T13:53:36+00:00\",\"mainEntityOfPage\":{\"@id\":\"https:\\\/\\\/sepam.com.br\\\/fr\\\/feira-da-cultura-turmas-do-1o-ano-resgatam-as-fases-da-vida-dentro-da-escola\\\/\"},\"wordCount\":225,\"commentCount\":0,\"publisher\":{\"@id\":\"https:\\\/\\\/sepam.com.br\\\/#organization\"},\"articleSection\":[\"Colegio Sepam\"],\"inLanguage\":\"fr-FR\",\"potentialAction\":[{\"@type\":\"CommentAction\",\"name\":\"Comment\",\"target\":[\"https:\\\/\\\/sepam.com.br\\\/fr\\\/feira-da-cultura-turmas-do-1o-ano-resgatam-as-fases-da-vida-dentro-da-escola\\\/#respond\"]}]},{\"@type\":\"WebPage\",\"@id\":\"https:\\\/\\\/sepam.com.br\\\/fr\\\/feira-da-cultura-turmas-do-1o-ano-resgatam-as-fases-da-vida-dentro-da-escola\\\/\",\"url\":\"https:\\\/\\\/sepam.com.br\\\/fr\\\/feira-da-cultura-turmas-do-1o-ano-resgatam-as-fases-da-vida-dentro-da-escola\\\/\",\"name\":\"Feira da Cultura: Turmas do 1\u00ba ano resgatam as fases da vida dentro da escola - Col\u00e9gio Sepam\",\"isPartOf\":{\"@id\":\"https:\\\/\\\/sepam.com.br\\\/#website\"},\"datePublished\":\"2025-08-28T13:47:31+00:00\",\"dateModified\":\"2025-11-24T13:53:36+00:00\",\"breadcrumb\":{\"@id\":\"https:\\\/\\\/sepam.com.br\\\/fr\\\/feira-da-cultura-turmas-do-1o-ano-resgatam-as-fases-da-vida-dentro-da-escola\\\/#breadcrumb\"},\"inLanguage\":\"fr-FR\",\"potentialAction\":[{\"@type\":\"ReadAction\",\"target\":[\"https:\\\/\\\/sepam.com.br\\\/fr\\\/feira-da-cultura-turmas-do-1o-ano-resgatam-as-fases-da-vida-dentro-da-escola\\\/\"]}]},{\"@type\":\"BreadcrumbList\",\"@id\":\"https:\\\/\\\/sepam.com.br\\\/fr\\\/feira-da-cultura-turmas-do-1o-ano-resgatam-as-fases-da-vida-dentro-da-escola\\\/#breadcrumb\",\"itemListElement\":[{\"@type\":\"ListItem\",\"position\":1,\"name\":\"Boas Vindas\",\"item\":\"https:\\\/\\\/sepam.com.br\\\/\"},{\"@type\":\"ListItem\",\"position\":2,\"name\":\"Feira da Cultura: Turmas do 1\u00ba ano resgatam as fases da vida dentro da escola\"}]},{\"@type\":\"WebSite\",\"@id\":\"https:\\\/\\\/sepam.com.br\\\/fr\\\/#website\",\"url\":\"https:\\\/\\\/sepam.com.br\\\/fr\\\/\",\"name\":\"Col\u00e9gio Sepam\",\"description\":\"Ensino Incompar\u00e1vel\",\"publisher\":{\"@id\":\"https:\\\/\\\/sepam.com.br\\\/fr\\\/#organization\"},\"potentialAction\":[{\"@type\":\"SearchAction\",\"target\":{\"@type\":\"EntryPoint\",\"urlTemplate\":\"https:\\\/\\\/sepam.com.br\\\/fr\\\/?s={search_term_string}\"},\"query-input\":{\"@type\":\"PropertyValueSpecification\",\"valueRequired\":true,\"valueName\":\"search_term_string\"}}],\"inLanguage\":\"fr-FR\"},{\"@type\":\"Organization\",\"@id\":\"https:\\\/\\\/sepam.com.br\\\/fr\\\/#organization\",\"name\":\"Col\u00e9gio Sepam\",\"url\":\"https:\\\/\\\/sepam.com.br\\\/fr\\\/\",\"logo\":{\"@type\":\"ImageObject\",\"inLanguage\":\"fr-FR\",\"@id\":\"https:\\\/\\\/sepam.com.br\\\/fr\\\/#\\\/schema\\\/logo\\\/image\\\/\",\"url\":\"https:\\\/\\\/sepam.com.br\\\/wp-content\\\/uploads\\\/2025\\\/02\\\/Ativo-2.png\",\"contentUrl\":\"https:\\\/\\\/sepam.com.br\\\/wp-content\\\/uploads\\\/2025\\\/02\\\/Ativo-2.png\",\"width\":595,\"height\":525,\"caption\":\"Col\u00e9gio Sepam\"},\"image\":{\"@id\":\"https:\\\/\\\/sepam.com.br\\\/fr\\\/#\\\/schema\\\/logo\\\/image\\\/\"}},{\"@type\":\"Person\",\"@id\":\"https:\\\/\\\/sepam.com.br\\\/#\\\/schema\\\/person\\\/bfa2996c649a5a6d822766f6e64eb7fd\",\"name\":\"Sepam\",\"image\":{\"@type\":\"ImageObject\",\"inLanguage\":\"fr-FR\",\"@id\":\"https:\\\/\\\/secure.gravatar.com\\\/avatar\\\/0219e64664f5861998ad57a3432eb4bd5fd99a34c7cc9bc44b3c59dfb830db85?s=96&d=mm&r=g\",\"url\":\"https:\\\/\\\/secure.gravatar.com\\\/avatar\\\/0219e64664f5861998ad57a3432eb4bd5fd99a34c7cc9bc44b3c59dfb830db85?s=96&d=mm&r=g\",\"contentUrl\":\"https:\\\/\\\/secure.gravatar.com\\\/avatar\\\/0219e64664f5861998ad57a3432eb4bd5fd99a34c7cc9bc44b3c59dfb830db85?s=96&d=mm&r=g\",\"caption\":\"Sepam\"},\"url\":\"https:\\\/\\\/sepam.com.br\\\/fr\\\/author\\\/sepam\\\/\"}]}<\/script>\n<!-- \/ Yoast SEO plugin. -->","yoast_head_json":{"title":"Feira da Cultura: Turmas do 1\u00ba ano resgatam as fases da vida dentro da escola","description":"Hoje encerra a Feira da Cultura Sepam 2019 do Ensino Fundamental - Anos Iniciais com a exposi\u00e7\u00e3o dos trabalhos dos alunos do 1\u00ba ano, que trazem curiosidades sobre as fases da vida dentro da escola, da inf\u00e2ncia \u00e0 velhice, por meio de relatos e pesquisas realizadas com familiares e funcion\u00e1rios do Col\u00e9gio Sepam. O trabalho\u2026","robots":{"index":"index","follow":"follow","max-snippet":"max-snippet:-1","max-image-preview":"max-image-preview:large","max-video-preview":"max-video-preview:-1"},"canonical":"https:\/\/sepam.com.br\/fr\/feira-da-cultura-turmas-do-1o-ano-resgatam-as-fases-da-vida-dentro-da-escola\/","og_locale":"fr_FR","og_type":"article","og_title":"Feira da Cultura: Turmas do 1\u00ba ano resgatam as fases da vida dentro da escola","og_description":"Hoje encerra a Feira da Cultura Sepam 2019 do Ensino Fundamental - Anos Iniciais com a exposi\u00e7\u00e3o dos trabalhos dos alunos do 1\u00ba ano, que trazem curiosidades sobre as fases da vida dentro da escola, da inf\u00e2ncia \u00e0 velhice, por meio de relatos e pesquisas realizadas com familiares e funcion\u00e1rios do Col\u00e9gio Sepam. O trabalho\u2026","og_url":"https:\/\/sepam.com.br\/fr\/feira-da-cultura-turmas-do-1o-ano-resgatam-as-fases-da-vida-dentro-da-escola\/","og_site_name":"Col\u00e9gio Sepam","article_published_time":"2025-08-28T13:47:31+00:00","article_modified_time":"2025-11-24T13:53:36+00:00","author":"Sepam","twitter_card":"summary_large_image","twitter_misc":{"\u00c9crit par":"Sepam","Dur\u00e9e de lecture estim\u00e9e":"1 minute"},"schema":{"@context":"https:\/\/schema.org","@graph":[{"@type":"Article","@id":"https:\/\/sepam.com.br\/fr\/feira-da-cultura-turmas-do-1o-ano-resgatam-as-fases-da-vida-dentro-da-escola\/#article","isPartOf":{"@id":"https:\/\/sepam.com.br\/fr\/feira-da-cultura-turmas-do-1o-ano-resgatam-as-fases-da-vida-dentro-da-escola\/"},"author":{"name":"Sepam","@id":"https:\/\/sepam.com.br\/#\/schema\/person\/bfa2996c649a5a6d822766f6e64eb7fd"},"headline":"Feira da Cultura: Turmas do 1\u00ba ano resgatam as fases da vida dentro da escola","datePublished":"2025-08-28T13:47:31+00:00","dateModified":"2025-11-24T13:53:36+00:00","mainEntityOfPage":{"@id":"https:\/\/sepam.com.br\/fr\/feira-da-cultura-turmas-do-1o-ano-resgatam-as-fases-da-vida-dentro-da-escola\/"},"wordCount":225,"commentCount":0,"publisher":{"@id":"https:\/\/sepam.com.br\/#organization"},"articleSection":["Colegio Sepam"],"inLanguage":"fr-FR","potentialAction":[{"@type":"CommentAction","name":"Comment","target":["https:\/\/sepam.com.br\/fr\/feira-da-cultura-turmas-do-1o-ano-resgatam-as-fases-da-vida-dentro-da-escola\/#respond"]}]},{"@type":"WebPage","@id":"https:\/\/sepam.com.br\/fr\/feira-da-cultura-turmas-do-1o-ano-resgatam-as-fases-da-vida-dentro-da-escola\/","url":"https:\/\/sepam.com.br\/fr\/feira-da-cultura-turmas-do-1o-ano-resgatam-as-fases-da-vida-dentro-da-escola\/","name":"Feira da Cultura: Turmas do 1\u00ba ano resgatam as fases da vida dentro da escola - Col\u00e9gio Sepam","isPartOf":{"@id":"https:\/\/sepam.com.br\/#website"},"datePublished":"2025-08-28T13:47:31+00:00","dateModified":"2025-11-24T13:53:36+00:00","breadcrumb":{"@id":"https:\/\/sepam.com.br\/fr\/feira-da-cultura-turmas-do-1o-ano-resgatam-as-fases-da-vida-dentro-da-escola\/#breadcrumb"},"inLanguage":"fr-FR","potentialAction":[{"@type":"ReadAction","target":["https:\/\/sepam.com.br\/fr\/feira-da-cultura-turmas-do-1o-ano-resgatam-as-fases-da-vida-dentro-da-escola\/"]}]},{"@type":"BreadcrumbList","@id":"https:\/\/sepam.com.br\/fr\/feira-da-cultura-turmas-do-1o-ano-resgatam-as-fases-da-vida-dentro-da-escola\/#breadcrumb","itemListElement":[{"@type":"ListItem","position":1,"name":"Boas Vindas","item":"https:\/\/sepam.com.br\/"},{"@type":"ListItem","position":2,"name":"Feira da Cultura: Turmas do 1\u00ba ano resgatam as fases da vida dentro da escola"}]},{"@type":"WebSite","@id":"https:\/\/sepam.com.br\/fr\/#website","url":"https:\/\/sepam.com.br\/fr\/","name":"Col\u00e9gio Sepam","description":"Ensino Incompar\u00e1vel","publisher":{"@id":"https:\/\/sepam.com.br\/fr\/#organization"},"potentialAction":[{"@type":"SearchAction","target":{"@type":"EntryPoint","urlTemplate":"https:\/\/sepam.com.br\/fr\/?s={search_term_string}"},"query-input":{"@type":"PropertyValueSpecification","valueRequired":true,"valueName":"search_term_string"}}],"inLanguage":"fr-FR"},{"@type":"Organization","@id":"https:\/\/sepam.com.br\/fr\/#organization","name":"Col\u00e9gio Sepam","url":"https:\/\/sepam.com.br\/fr\/","logo":{"@type":"ImageObject","inLanguage":"fr-FR","@id":"https:\/\/sepam.com.br\/fr\/#\/schema\/logo\/image\/","url":"https:\/\/sepam.com.br\/wp-content\/uploads\/2025\/02\/Ativo-2.png","contentUrl":"https:\/\/sepam.com.br\/wp-content\/uploads\/2025\/02\/Ativo-2.png","width":595,"height":525,"caption":"Col\u00e9gio Sepam"},"image":{"@id":"https:\/\/sepam.com.br\/fr\/#\/schema\/logo\/image\/"}},{"@type":"Person","@id":"https:\/\/sepam.com.br\/#\/schema\/person\/bfa2996c649a5a6d822766f6e64eb7fd","name":"Sepam","image":{"@type":"ImageObject","inLanguage":"fr-FR","@id":"https:\/\/secure.gravatar.com\/avatar\/0219e64664f5861998ad57a3432eb4bd5fd99a34c7cc9bc44b3c59dfb830db85?s=96&d=mm&r=g","url":"https:\/\/secure.gravatar.com\/avatar\/0219e64664f5861998ad57a3432eb4bd5fd99a34c7cc9bc44b3c59dfb830db85?s=96&d=mm&r=g","contentUrl":"https:\/\/secure.gravatar.com\/avatar\/0219e64664f5861998ad57a3432eb4bd5fd99a34c7cc9bc44b3c59dfb830db85?s=96&d=mm&r=g","caption":"Sepam"},"url":"https:\/\/sepam.com.br\/fr\/author\/sepam\/"}]}},"_links":{"self":[{"href":"https:\/\/sepam.com.br\/fr\/wp-json\/wp\/v2\/posts\/7051","targetHints":{"allow":["GET"]}}],"collection":[{"href":"https:\/\/sepam.com.br\/fr\/wp-json\/wp\/v2\/posts"}],"about":[{"href":"https:\/\/sepam.com.br\/fr\/wp-json\/wp\/v2\/types\/post"}],"author":[{"embeddable":true,"href":"https:\/\/sepam.com.br\/fr\/wp-json\/wp\/v2\/users\/13"}],"replies":[{"embeddable":true,"href":"https:\/\/sepam.com.br\/fr\/wp-json\/wp\/v2\/comments?post=7051"}],"version-history":[{"count":1,"href":"https:\/\/sepam.com.br\/fr\/wp-json\/wp\/v2\/posts\/7051\/revisions"}],"predecessor-version":[{"id":7315,"href":"https:\/\/sepam.com.br\/fr\/wp-json\/wp\/v2\/posts\/7051\/revisions\/7315"}],"wp:attachment":[{"href":"https:\/\/sepam.com.br\/fr\/wp-json\/wp\/v2\/media?parent=7051"}],"wp:term":[{"taxonomy":"category","embeddable":true,"href":"https:\/\/sepam.com.br\/fr\/wp-json\/wp\/v2\/categories?post=7051"},{"taxonomy":"post_tag","embeddable":true,"href":"https:\/\/sepam.com.br\/fr\/wp-json\/wp\/v2\/tags?post=7051"}],"curies":[{"name":"wp","href":"https:\/\/api.w.org\/{rel}","templated":true}]}}