{"id":7041,"date":"2025-08-28T10:47:31","date_gmt":"2025-08-28T13:47:31","guid":{"rendered":"https:\/\/dev.alisonandrei.com.br\/noticia\/sepam-realiza-o-quarto-encontro-de-turmas\/"},"modified":"2025-11-24T10:53:35","modified_gmt":"2025-11-24T13:53:35","slug":"sepam-realiza-o-quarto-encontro-de-turmas","status":"publish","type":"post","link":"https:\/\/sepam.com.br\/fr\/sepam-realiza-o-quarto-encontro-de-turmas\/","title":{"rendered":"Sepam realiza o quarto encontro de turmas \u00a0"},"content":{"rendered":"<p>O Col\u00e9gio Sepam realizou, no \u00faltimo s\u00e1bado (24), o quarto encontro de turmas. Estiveram presentes atuais e ex-alunos, professores e funcion\u00e1rios que passaram pela institui\u00e7\u00e3o de ensino desde os anos 2000. Os encontros fazem parte da programa\u00e7\u00e3o de anivers\u00e1rio do Col\u00e9gio, que completa 80 anos de funda\u00e7\u00e3o em 2019.\u00a0 Mais de mil pessoas participaram das quatro edi\u00e7\u00f5es do evento, que iniciou em abril reunindo turmas a partir de 1939, ano de abertura do Col\u00e9gio Pontagrossense &#8211; Sepam.<\/p>\n","protected":false},"excerpt":{"rendered":"<p>O Col\u00e9gio Sepam realizou, no \u00faltimo s\u00e1bado (24), o quarto encontro de turmas. Estiveram presentes atuais e ex-alunos, professores e funcion\u00e1rios que passaram pela institui\u00e7\u00e3o de ensino desde os anos 2000. Os encontros fazem parte da programa\u00e7\u00e3o de anivers\u00e1rio do Col\u00e9gio, que completa 80 anos de funda\u00e7\u00e3o em 2019.\u00a0 Mais de mil pessoas participaram das [&hellip;]<\/p>\n","protected":false},"author":13,"featured_media":0,"comment_status":"open","ping_status":"open","sticky":false,"template":"","format":"standard","meta":{"footnotes":""},"categories":[21],"tags":[],"class_list":["post-7041","post","type-post","status-publish","format-standard","hentry","category-colegio-sepam"],"yoast_head":"<!-- This site is optimized with the Yoast SEO plugin v28.4 - https:\/\/yoast.com\/product\/yoast-seo-wordpress\/ -->\n<title>Sepam realiza o quarto encontro de turmas \u00a0<\/title>\n<meta name=\"description\" content=\"O Col\u00e9gio Sepam realizou, no \u00faltimo s\u00e1bado (24), o quarto encontro de turmas. Estiveram presentes atuais e ex-alunos, professores e funcion\u00e1rios que passaram pela institui\u00e7\u00e3o de ensino desde os anos 2000. Os encontros fazem parte da programa\u00e7\u00e3o de anivers\u00e1rio do Col\u00e9gio, que completa 80 anos de funda\u00e7\u00e3o em 2019.\u00a0 Mais de mil pessoas participaram das\u2026\" \/>\n<meta name=\"robots\" content=\"index, follow, max-snippet:-1, max-image-preview:large, max-video-preview:-1\" \/>\n<link rel=\"canonical\" href=\"https:\/\/sepam.com.br\/fr\/sepam-realiza-o-quarto-encontro-de-turmas\/\" \/>\n<meta property=\"og:locale\" content=\"fr_FR\" \/>\n<meta property=\"og:type\" content=\"article\" \/>\n<meta property=\"og:title\" content=\"Sepam realiza o quarto encontro de turmas \u00a0\" \/>\n<meta property=\"og:description\" content=\"O Col\u00e9gio Sepam realizou, no \u00faltimo s\u00e1bado (24), o quarto encontro de turmas. Estiveram presentes atuais e ex-alunos, professores e funcion\u00e1rios que passaram pela institui\u00e7\u00e3o de ensino desde os anos 2000. Os encontros fazem parte da programa\u00e7\u00e3o de anivers\u00e1rio do Col\u00e9gio, que completa 80 anos de funda\u00e7\u00e3o em 2019.\u00a0 Mais de mil pessoas participaram das\u2026\" \/>\n<meta property=\"og:url\" content=\"https:\/\/sepam.com.br\/fr\/sepam-realiza-o-quarto-encontro-de-turmas\/\" \/>\n<meta property=\"og:site_name\" content=\"Col\u00e9gio Sepam\" \/>\n<meta property=\"article:published_time\" content=\"2025-08-28T13:47:31+00:00\" \/>\n<meta property=\"article:modified_time\" content=\"2025-11-24T13:53:35+00:00\" \/>\n<meta name=\"author\" content=\"Sepam\" \/>\n<meta name=\"twitter:card\" content=\"summary_large_image\" \/>\n<meta name=\"twitter:label1\" content=\"\u00c9crit par\" \/>\n\t<meta name=\"twitter:data1\" content=\"Sepam\" \/>\n<script type=\"application\/ld+json\" class=\"yoast-schema-graph\">{\"@context\":\"https:\\\/\\\/schema.org\",\"@graph\":[{\"@type\":\"Article\",\"@id\":\"https:\\\/\\\/sepam.com.br\\\/fr\\\/sepam-realiza-o-quarto-encontro-de-turmas\\\/#article\",\"isPartOf\":{\"@id\":\"https:\\\/\\\/sepam.com.br\\\/fr\\\/sepam-realiza-o-quarto-encontro-de-turmas\\\/\"},\"author\":{\"name\":\"Sepam\",\"@id\":\"https:\\\/\\\/sepam.com.br\\\/#\\\/schema\\\/person\\\/bfa2996c649a5a6d822766f6e64eb7fd\"},\"headline\":\"Sepam realiza o quarto encontro de turmas \u00a0\",\"datePublished\":\"2025-08-28T13:47:31+00:00\",\"dateModified\":\"2025-11-24T13:53:35+00:00\",\"mainEntityOfPage\":{\"@id\":\"https:\\\/\\\/sepam.com.br\\\/fr\\\/sepam-realiza-o-quarto-encontro-de-turmas\\\/\"},\"wordCount\":89,\"commentCount\":0,\"publisher\":{\"@id\":\"https:\\\/\\\/sepam.com.br\\\/#organization\"},\"articleSection\":[\"Colegio Sepam\"],\"inLanguage\":\"fr-FR\",\"potentialAction\":[{\"@type\":\"CommentAction\",\"name\":\"Comment\",\"target\":[\"https:\\\/\\\/sepam.com.br\\\/fr\\\/sepam-realiza-o-quarto-encontro-de-turmas\\\/#respond\"]}]},{\"@type\":\"WebPage\",\"@id\":\"https:\\\/\\\/sepam.com.br\\\/fr\\\/sepam-realiza-o-quarto-encontro-de-turmas\\\/\",\"url\":\"https:\\\/\\\/sepam.com.br\\\/fr\\\/sepam-realiza-o-quarto-encontro-de-turmas\\\/\",\"name\":\"Sepam realiza o quarto encontro de turmas \u00a0 - Col\u00e9gio Sepam\",\"isPartOf\":{\"@id\":\"https:\\\/\\\/sepam.com.br\\\/#website\"},\"datePublished\":\"2025-08-28T13:47:31+00:00\",\"dateModified\":\"2025-11-24T13:53:35+00:00\",\"breadcrumb\":{\"@id\":\"https:\\\/\\\/sepam.com.br\\\/fr\\\/sepam-realiza-o-quarto-encontro-de-turmas\\\/#breadcrumb\"},\"inLanguage\":\"fr-FR\",\"potentialAction\":[{\"@type\":\"ReadAction\",\"target\":[\"https:\\\/\\\/sepam.com.br\\\/fr\\\/sepam-realiza-o-quarto-encontro-de-turmas\\\/\"]}]},{\"@type\":\"BreadcrumbList\",\"@id\":\"https:\\\/\\\/sepam.com.br\\\/fr\\\/sepam-realiza-o-quarto-encontro-de-turmas\\\/#breadcrumb\",\"itemListElement\":[{\"@type\":\"ListItem\",\"position\":1,\"name\":\"Boas Vindas\",\"item\":\"https:\\\/\\\/sepam.com.br\\\/\"},{\"@type\":\"ListItem\",\"position\":2,\"name\":\"Sepam realiza o quarto encontro de turmas \u00a0\"}]},{\"@type\":\"WebSite\",\"@id\":\"https:\\\/\\\/sepam.com.br\\\/fr\\\/#website\",\"url\":\"https:\\\/\\\/sepam.com.br\\\/fr\\\/\",\"name\":\"Col\u00e9gio Sepam\",\"description\":\"Ensino Incompar\u00e1vel\",\"publisher\":{\"@id\":\"https:\\\/\\\/sepam.com.br\\\/fr\\\/#organization\"},\"potentialAction\":[{\"@type\":\"SearchAction\",\"target\":{\"@type\":\"EntryPoint\",\"urlTemplate\":\"https:\\\/\\\/sepam.com.br\\\/fr\\\/?s={search_term_string}\"},\"query-input\":{\"@type\":\"PropertyValueSpecification\",\"valueRequired\":true,\"valueName\":\"search_term_string\"}}],\"inLanguage\":\"fr-FR\"},{\"@type\":\"Organization\",\"@id\":\"https:\\\/\\\/sepam.com.br\\\/fr\\\/#organization\",\"name\":\"Col\u00e9gio Sepam\",\"url\":\"https:\\\/\\\/sepam.com.br\\\/fr\\\/\",\"logo\":{\"@type\":\"ImageObject\",\"inLanguage\":\"fr-FR\",\"@id\":\"https:\\\/\\\/sepam.com.br\\\/fr\\\/#\\\/schema\\\/logo\\\/image\\\/\",\"url\":\"https:\\\/\\\/sepam.com.br\\\/wp-content\\\/uploads\\\/2025\\\/02\\\/Ativo-2.png\",\"contentUrl\":\"https:\\\/\\\/sepam.com.br\\\/wp-content\\\/uploads\\\/2025\\\/02\\\/Ativo-2.png\",\"width\":595,\"height\":525,\"caption\":\"Col\u00e9gio Sepam\"},\"image\":{\"@id\":\"https:\\\/\\\/sepam.com.br\\\/fr\\\/#\\\/schema\\\/logo\\\/image\\\/\"}},{\"@type\":\"Person\",\"@id\":\"https:\\\/\\\/sepam.com.br\\\/#\\\/schema\\\/person\\\/bfa2996c649a5a6d822766f6e64eb7fd\",\"name\":\"Sepam\",\"image\":{\"@type\":\"ImageObject\",\"inLanguage\":\"fr-FR\",\"@id\":\"https:\\\/\\\/secure.gravatar.com\\\/avatar\\\/0219e64664f5861998ad57a3432eb4bd5fd99a34c7cc9bc44b3c59dfb830db85?s=96&d=mm&r=g\",\"url\":\"https:\\\/\\\/secure.gravatar.com\\\/avatar\\\/0219e64664f5861998ad57a3432eb4bd5fd99a34c7cc9bc44b3c59dfb830db85?s=96&d=mm&r=g\",\"contentUrl\":\"https:\\\/\\\/secure.gravatar.com\\\/avatar\\\/0219e64664f5861998ad57a3432eb4bd5fd99a34c7cc9bc44b3c59dfb830db85?s=96&d=mm&r=g\",\"caption\":\"Sepam\"},\"url\":\"https:\\\/\\\/sepam.com.br\\\/fr\\\/author\\\/sepam\\\/\"}]}<\/script>\n<!-- \/ Yoast SEO plugin. -->","yoast_head_json":{"title":"Sepam realiza o quarto encontro de turmas \u00a0","description":"O Col\u00e9gio Sepam realizou, no \u00faltimo s\u00e1bado (24), o quarto encontro de turmas. Estiveram presentes atuais e ex-alunos, professores e funcion\u00e1rios que passaram pela institui\u00e7\u00e3o de ensino desde os anos 2000. Os encontros fazem parte da programa\u00e7\u00e3o de anivers\u00e1rio do Col\u00e9gio, que completa 80 anos de funda\u00e7\u00e3o em 2019.\u00a0 Mais de mil pessoas participaram das\u2026","robots":{"index":"index","follow":"follow","max-snippet":"max-snippet:-1","max-image-preview":"max-image-preview:large","max-video-preview":"max-video-preview:-1"},"canonical":"https:\/\/sepam.com.br\/fr\/sepam-realiza-o-quarto-encontro-de-turmas\/","og_locale":"fr_FR","og_type":"article","og_title":"Sepam realiza o quarto encontro de turmas \u00a0","og_description":"O Col\u00e9gio Sepam realizou, no \u00faltimo s\u00e1bado (24), o quarto encontro de turmas. Estiveram presentes atuais e ex-alunos, professores e funcion\u00e1rios que passaram pela institui\u00e7\u00e3o de ensino desde os anos 2000. Os encontros fazem parte da programa\u00e7\u00e3o de anivers\u00e1rio do Col\u00e9gio, que completa 80 anos de funda\u00e7\u00e3o em 2019.\u00a0 Mais de mil pessoas participaram das\u2026","og_url":"https:\/\/sepam.com.br\/fr\/sepam-realiza-o-quarto-encontro-de-turmas\/","og_site_name":"Col\u00e9gio Sepam","article_published_time":"2025-08-28T13:47:31+00:00","article_modified_time":"2025-11-24T13:53:35+00:00","author":"Sepam","twitter_card":"summary_large_image","twitter_misc":{"\u00c9crit par":"Sepam"},"schema":{"@context":"https:\/\/schema.org","@graph":[{"@type":"Article","@id":"https:\/\/sepam.com.br\/fr\/sepam-realiza-o-quarto-encontro-de-turmas\/#article","isPartOf":{"@id":"https:\/\/sepam.com.br\/fr\/sepam-realiza-o-quarto-encontro-de-turmas\/"},"author":{"name":"Sepam","@id":"https:\/\/sepam.com.br\/#\/schema\/person\/bfa2996c649a5a6d822766f6e64eb7fd"},"headline":"Sepam realiza o quarto encontro de turmas \u00a0","datePublished":"2025-08-28T13:47:31+00:00","dateModified":"2025-11-24T13:53:35+00:00","mainEntityOfPage":{"@id":"https:\/\/sepam.com.br\/fr\/sepam-realiza-o-quarto-encontro-de-turmas\/"},"wordCount":89,"commentCount":0,"publisher":{"@id":"https:\/\/sepam.com.br\/#organization"},"articleSection":["Colegio Sepam"],"inLanguage":"fr-FR","potentialAction":[{"@type":"CommentAction","name":"Comment","target":["https:\/\/sepam.com.br\/fr\/sepam-realiza-o-quarto-encontro-de-turmas\/#respond"]}]},{"@type":"WebPage","@id":"https:\/\/sepam.com.br\/fr\/sepam-realiza-o-quarto-encontro-de-turmas\/","url":"https:\/\/sepam.com.br\/fr\/sepam-realiza-o-quarto-encontro-de-turmas\/","name":"Sepam realiza o quarto encontro de turmas \u00a0 - Col\u00e9gio Sepam","isPartOf":{"@id":"https:\/\/sepam.com.br\/#website"},"datePublished":"2025-08-28T13:47:31+00:00","dateModified":"2025-11-24T13:53:35+00:00","breadcrumb":{"@id":"https:\/\/sepam.com.br\/fr\/sepam-realiza-o-quarto-encontro-de-turmas\/#breadcrumb"},"inLanguage":"fr-FR","potentialAction":[{"@type":"ReadAction","target":["https:\/\/sepam.com.br\/fr\/sepam-realiza-o-quarto-encontro-de-turmas\/"]}]},{"@type":"BreadcrumbList","@id":"https:\/\/sepam.com.br\/fr\/sepam-realiza-o-quarto-encontro-de-turmas\/#breadcrumb","itemListElement":[{"@type":"ListItem","position":1,"name":"Boas Vindas","item":"https:\/\/sepam.com.br\/"},{"@type":"ListItem","position":2,"name":"Sepam realiza o quarto encontro de turmas \u00a0"}]},{"@type":"WebSite","@id":"https:\/\/sepam.com.br\/fr\/#website","url":"https:\/\/sepam.com.br\/fr\/","name":"Col\u00e9gio Sepam","description":"Ensino Incompar\u00e1vel","publisher":{"@id":"https:\/\/sepam.com.br\/fr\/#organization"},"potentialAction":[{"@type":"SearchAction","target":{"@type":"EntryPoint","urlTemplate":"https:\/\/sepam.com.br\/fr\/?s={search_term_string}"},"query-input":{"@type":"PropertyValueSpecification","valueRequired":true,"valueName":"search_term_string"}}],"inLanguage":"fr-FR"},{"@type":"Organization","@id":"https:\/\/sepam.com.br\/fr\/#organization","name":"Col\u00e9gio Sepam","url":"https:\/\/sepam.com.br\/fr\/","logo":{"@type":"ImageObject","inLanguage":"fr-FR","@id":"https:\/\/sepam.com.br\/fr\/#\/schema\/logo\/image\/","url":"https:\/\/sepam.com.br\/wp-content\/uploads\/2025\/02\/Ativo-2.png","contentUrl":"https:\/\/sepam.com.br\/wp-content\/uploads\/2025\/02\/Ativo-2.png","width":595,"height":525,"caption":"Col\u00e9gio Sepam"},"image":{"@id":"https:\/\/sepam.com.br\/fr\/#\/schema\/logo\/image\/"}},{"@type":"Person","@id":"https:\/\/sepam.com.br\/#\/schema\/person\/bfa2996c649a5a6d822766f6e64eb7fd","name":"Sepam","image":{"@type":"ImageObject","inLanguage":"fr-FR","@id":"https:\/\/secure.gravatar.com\/avatar\/0219e64664f5861998ad57a3432eb4bd5fd99a34c7cc9bc44b3c59dfb830db85?s=96&d=mm&r=g","url":"https:\/\/secure.gravatar.com\/avatar\/0219e64664f5861998ad57a3432eb4bd5fd99a34c7cc9bc44b3c59dfb830db85?s=96&d=mm&r=g","contentUrl":"https:\/\/secure.gravatar.com\/avatar\/0219e64664f5861998ad57a3432eb4bd5fd99a34c7cc9bc44b3c59dfb830db85?s=96&d=mm&r=g","caption":"Sepam"},"url":"https:\/\/sepam.com.br\/fr\/author\/sepam\/"}]}},"_links":{"self":[{"href":"https:\/\/sepam.com.br\/fr\/wp-json\/wp\/v2\/posts\/7041","targetHints":{"allow":["GET"]}}],"collection":[{"href":"https:\/\/sepam.com.br\/fr\/wp-json\/wp\/v2\/posts"}],"about":[{"href":"https:\/\/sepam.com.br\/fr\/wp-json\/wp\/v2\/types\/post"}],"author":[{"embeddable":true,"href":"https:\/\/sepam.com.br\/fr\/wp-json\/wp\/v2\/users\/13"}],"replies":[{"embeddable":true,"href":"https:\/\/sepam.com.br\/fr\/wp-json\/wp\/v2\/comments?post=7041"}],"version-history":[{"count":1,"href":"https:\/\/sepam.com.br\/fr\/wp-json\/wp\/v2\/posts\/7041\/revisions"}],"predecessor-version":[{"id":7305,"href":"https:\/\/sepam.com.br\/fr\/wp-json\/wp\/v2\/posts\/7041\/revisions\/7305"}],"wp:attachment":[{"href":"https:\/\/sepam.com.br\/fr\/wp-json\/wp\/v2\/media?parent=7041"}],"wp:term":[{"taxonomy":"category","embeddable":true,"href":"https:\/\/sepam.com.br\/fr\/wp-json\/wp\/v2\/categories?post=7041"},{"taxonomy":"post_tag","embeddable":true,"href":"https:\/\/sepam.com.br\/fr\/wp-json\/wp\/v2\/tags?post=7041"}],"curies":[{"name":"wp","href":"https:\/\/api.w.org\/{rel}","templated":true}]}}