{"id":7022,"date":"2025-08-28T10:47:28","date_gmt":"2025-08-28T13:47:28","guid":{"rendered":"https:\/\/dev.alisonandrei.com.br\/noticia\/professoras-criam-projeto-de-valorizacao-do-individuo\/"},"modified":"2025-11-24T10:53:36","modified_gmt":"2025-11-24T13:53:36","slug":"professoras-criam-projeto-de-valorizacao-do-individuo","status":"publish","type":"post","link":"https:\/\/sepam.com.br\/fr\/professoras-criam-projeto-de-valorizacao-do-individuo\/","title":{"rendered":"Professoras criam projeto de valoriza\u00e7\u00e3o do indiv\u00edduo"},"content":{"rendered":"<p>Com o objetivo de discutir temas atuais e presentes no cotidiano de crian\u00e7as e adolescentes, como bullying, machismo e a valoriza\u00e7\u00e3o da vida, os alunos do 7\u00ba ano do Col\u00e9gio SEPAM participaram, durante o segundo bimestre, do projeto \u201cVoc\u00ea \u00e9 especial e eu tamb\u00e9m\u201d, que contemplou atividades envolvendo as disciplinas de Produ\u00e7\u00e3o de Texto, Literatura e Filosofia.<\/p>\n<p>Conduzido pelas professoras Ana Caroline Cavanhari Neumann e Rubia Caroline Janz, o trabalho\u00a0 iniciou com a narra\u00e7\u00e3o de \u00ab\u00a0Voc\u00ea \u00e9 especial!\u00a0\u00bb, de Max Lucado, que estimula a reflex\u00e3o sobre as qualidades e os defeitos de cada pessoa. No conto, o personagem Eli \u00e9 um marceneiro que constr\u00f3i xulingos &#8211; bonecos de madeira com caracter\u00edsticas e sentimentos humanos. A partir disso, os alunos foram incentivados a criar seus pr\u00f3prios bonecos e produzir um texto contando como tinha sido a vida do seu xulingo at\u00e9 aquele momento, quais eram suas caracter\u00edsticas, suas dificuldades e seus planos para o futuro.<\/p>\n<p>Para a professora Ana Caroline, \u00e9 importante conversar com os alunos sobre esse assunto, pois as dificuldades que derivam de dist\u00farbios emocionais aparecem recorrentemente na adolesc\u00eancia. \u201cA import\u00e2ncia de desenvolver as habilidades da intelig\u00eancia emocional \u00e9 permitir que os alunos reconhe\u00e7am suas pr\u00f3prias emo\u00e7\u00f5es e, tamb\u00e9m, tenham mais empatia pelas emo\u00e7\u00f5es do outro e aprendam a maneira mais adequada de lidar com elas\u201d, afirma.<\/p>\n<p>Para finalizar o projeto, as turmas receberam a visita da psic\u00f3loga Tais Alves, que conduziu um bate-papo respondendo d\u00favidas e questionamentos dos alunos. Posteriormente, foram realizadas pesquisas e a produ\u00e7\u00e3o de cartazes de conscientiza\u00e7\u00e3o, que ficaram expostos nos murais do col\u00e9gio.<\/p>\n","protected":false},"excerpt":{"rendered":"<p>Com o objetivo de discutir temas atuais e presentes no cotidiano de crian\u00e7as e adolescentes, como bullying, machismo e a valoriza\u00e7\u00e3o da vida, os alunos do 7\u00ba ano do Col\u00e9gio SEPAM participaram, durante o segundo bimestre, do projeto \u201cVoc\u00ea \u00e9 especial e eu tamb\u00e9m\u201d, que contemplou atividades envolvendo as disciplinas de Produ\u00e7\u00e3o de Texto, Literatura [&hellip;]<\/p>\n","protected":false},"author":13,"featured_media":0,"comment_status":"open","ping_status":"open","sticky":false,"template":"","format":"standard","meta":{"footnotes":""},"categories":[21],"tags":[],"class_list":["post-7022","post","type-post","status-publish","format-standard","hentry","category-colegio-sepam"],"yoast_head":"<!-- This site is optimized with the Yoast SEO plugin v28.4 - https:\/\/yoast.com\/product\/yoast-seo-wordpress\/ -->\n<title>Professoras criam projeto de valoriza\u00e7\u00e3o do indiv\u00edduo<\/title>\n<meta name=\"description\" content=\"Com o objetivo de discutir temas atuais e presentes no cotidiano de crian\u00e7as e adolescentes, como bullying, machismo e a valoriza\u00e7\u00e3o da vida, os alunos do 7\u00ba ano do Col\u00e9gio SEPAM participaram, durante o segundo bimestre, do projeto \u201cVoc\u00ea \u00e9 especial e eu tamb\u00e9m\u201d, que contemplou atividades envolvendo as disciplinas de Produ\u00e7\u00e3o de Texto, Literatura\u2026\" \/>\n<meta name=\"robots\" content=\"index, follow, max-snippet:-1, max-image-preview:large, max-video-preview:-1\" \/>\n<link rel=\"canonical\" href=\"https:\/\/sepam.com.br\/fr\/professoras-criam-projeto-de-valorizacao-do-individuo\/\" \/>\n<meta property=\"og:locale\" content=\"fr_FR\" \/>\n<meta property=\"og:type\" content=\"article\" \/>\n<meta property=\"og:title\" content=\"Professoras criam projeto de valoriza\u00e7\u00e3o do indiv\u00edduo\" \/>\n<meta property=\"og:description\" content=\"Com o objetivo de discutir temas atuais e presentes no cotidiano de crian\u00e7as e adolescentes, como bullying, machismo e a valoriza\u00e7\u00e3o da vida, os alunos do 7\u00ba ano do Col\u00e9gio SEPAM participaram, durante o segundo bimestre, do projeto \u201cVoc\u00ea \u00e9 especial e eu tamb\u00e9m\u201d, que contemplou atividades envolvendo as disciplinas de Produ\u00e7\u00e3o de Texto, Literatura\u2026\" \/>\n<meta property=\"og:url\" content=\"https:\/\/sepam.com.br\/fr\/professoras-criam-projeto-de-valorizacao-do-individuo\/\" \/>\n<meta property=\"og:site_name\" content=\"Col\u00e9gio Sepam\" \/>\n<meta property=\"article:published_time\" content=\"2025-08-28T13:47:28+00:00\" \/>\n<meta property=\"article:modified_time\" content=\"2025-11-24T13:53:36+00:00\" \/>\n<meta name=\"author\" content=\"Sepam\" \/>\n<meta name=\"twitter:card\" content=\"summary_large_image\" \/>\n<meta name=\"twitter:label1\" content=\"\u00c9crit par\" \/>\n\t<meta name=\"twitter:data1\" content=\"Sepam\" \/>\n\t<meta name=\"twitter:label2\" content=\"Dur\u00e9e de lecture estim\u00e9e\" \/>\n\t<meta name=\"twitter:data2\" content=\"1 minute\" \/>\n<script type=\"application\/ld+json\" class=\"yoast-schema-graph\">{\"@context\":\"https:\\\/\\\/schema.org\",\"@graph\":[{\"@type\":\"Article\",\"@id\":\"https:\\\/\\\/sepam.com.br\\\/fr\\\/professoras-criam-projeto-de-valorizacao-do-individuo\\\/#article\",\"isPartOf\":{\"@id\":\"https:\\\/\\\/sepam.com.br\\\/fr\\\/professoras-criam-projeto-de-valorizacao-do-individuo\\\/\"},\"author\":{\"name\":\"Sepam\",\"@id\":\"https:\\\/\\\/sepam.com.br\\\/#\\\/schema\\\/person\\\/bfa2996c649a5a6d822766f6e64eb7fd\"},\"headline\":\"Professoras criam projeto de valoriza\u00e7\u00e3o do indiv\u00edduo\",\"datePublished\":\"2025-08-28T13:47:28+00:00\",\"dateModified\":\"2025-11-24T13:53:36+00:00\",\"mainEntityOfPage\":{\"@id\":\"https:\\\/\\\/sepam.com.br\\\/fr\\\/professoras-criam-projeto-de-valorizacao-do-individuo\\\/\"},\"wordCount\":287,\"commentCount\":0,\"publisher\":{\"@id\":\"https:\\\/\\\/sepam.com.br\\\/#organization\"},\"articleSection\":[\"Colegio Sepam\"],\"inLanguage\":\"fr-FR\",\"potentialAction\":[{\"@type\":\"CommentAction\",\"name\":\"Comment\",\"target\":[\"https:\\\/\\\/sepam.com.br\\\/fr\\\/professoras-criam-projeto-de-valorizacao-do-individuo\\\/#respond\"]}]},{\"@type\":\"WebPage\",\"@id\":\"https:\\\/\\\/sepam.com.br\\\/fr\\\/professoras-criam-projeto-de-valorizacao-do-individuo\\\/\",\"url\":\"https:\\\/\\\/sepam.com.br\\\/fr\\\/professoras-criam-projeto-de-valorizacao-do-individuo\\\/\",\"name\":\"Professoras criam projeto de valoriza\u00e7\u00e3o do indiv\u00edduo - Col\u00e9gio Sepam\",\"isPartOf\":{\"@id\":\"https:\\\/\\\/sepam.com.br\\\/#website\"},\"datePublished\":\"2025-08-28T13:47:28+00:00\",\"dateModified\":\"2025-11-24T13:53:36+00:00\",\"breadcrumb\":{\"@id\":\"https:\\\/\\\/sepam.com.br\\\/fr\\\/professoras-criam-projeto-de-valorizacao-do-individuo\\\/#breadcrumb\"},\"inLanguage\":\"fr-FR\",\"potentialAction\":[{\"@type\":\"ReadAction\",\"target\":[\"https:\\\/\\\/sepam.com.br\\\/fr\\\/professoras-criam-projeto-de-valorizacao-do-individuo\\\/\"]}]},{\"@type\":\"BreadcrumbList\",\"@id\":\"https:\\\/\\\/sepam.com.br\\\/fr\\\/professoras-criam-projeto-de-valorizacao-do-individuo\\\/#breadcrumb\",\"itemListElement\":[{\"@type\":\"ListItem\",\"position\":1,\"name\":\"Boas Vindas\",\"item\":\"https:\\\/\\\/sepam.com.br\\\/\"},{\"@type\":\"ListItem\",\"position\":2,\"name\":\"Professoras criam projeto de valoriza\u00e7\u00e3o do indiv\u00edduo\"}]},{\"@type\":\"WebSite\",\"@id\":\"https:\\\/\\\/sepam.com.br\\\/fr\\\/#website\",\"url\":\"https:\\\/\\\/sepam.com.br\\\/fr\\\/\",\"name\":\"Col\u00e9gio Sepam\",\"description\":\"Ensino Incompar\u00e1vel\",\"publisher\":{\"@id\":\"https:\\\/\\\/sepam.com.br\\\/fr\\\/#organization\"},\"potentialAction\":[{\"@type\":\"SearchAction\",\"target\":{\"@type\":\"EntryPoint\",\"urlTemplate\":\"https:\\\/\\\/sepam.com.br\\\/fr\\\/?s={search_term_string}\"},\"query-input\":{\"@type\":\"PropertyValueSpecification\",\"valueRequired\":true,\"valueName\":\"search_term_string\"}}],\"inLanguage\":\"fr-FR\"},{\"@type\":\"Organization\",\"@id\":\"https:\\\/\\\/sepam.com.br\\\/fr\\\/#organization\",\"name\":\"Col\u00e9gio Sepam\",\"url\":\"https:\\\/\\\/sepam.com.br\\\/fr\\\/\",\"logo\":{\"@type\":\"ImageObject\",\"inLanguage\":\"fr-FR\",\"@id\":\"https:\\\/\\\/sepam.com.br\\\/fr\\\/#\\\/schema\\\/logo\\\/image\\\/\",\"url\":\"https:\\\/\\\/sepam.com.br\\\/wp-content\\\/uploads\\\/2025\\\/02\\\/Ativo-2.png\",\"contentUrl\":\"https:\\\/\\\/sepam.com.br\\\/wp-content\\\/uploads\\\/2025\\\/02\\\/Ativo-2.png\",\"width\":595,\"height\":525,\"caption\":\"Col\u00e9gio Sepam\"},\"image\":{\"@id\":\"https:\\\/\\\/sepam.com.br\\\/fr\\\/#\\\/schema\\\/logo\\\/image\\\/\"}},{\"@type\":\"Person\",\"@id\":\"https:\\\/\\\/sepam.com.br\\\/#\\\/schema\\\/person\\\/bfa2996c649a5a6d822766f6e64eb7fd\",\"name\":\"Sepam\",\"image\":{\"@type\":\"ImageObject\",\"inLanguage\":\"fr-FR\",\"@id\":\"https:\\\/\\\/secure.gravatar.com\\\/avatar\\\/0219e64664f5861998ad57a3432eb4bd5fd99a34c7cc9bc44b3c59dfb830db85?s=96&d=mm&r=g\",\"url\":\"https:\\\/\\\/secure.gravatar.com\\\/avatar\\\/0219e64664f5861998ad57a3432eb4bd5fd99a34c7cc9bc44b3c59dfb830db85?s=96&d=mm&r=g\",\"contentUrl\":\"https:\\\/\\\/secure.gravatar.com\\\/avatar\\\/0219e64664f5861998ad57a3432eb4bd5fd99a34c7cc9bc44b3c59dfb830db85?s=96&d=mm&r=g\",\"caption\":\"Sepam\"},\"url\":\"https:\\\/\\\/sepam.com.br\\\/fr\\\/author\\\/sepam\\\/\"}]}<\/script>\n<!-- \/ Yoast SEO plugin. -->","yoast_head_json":{"title":"Professoras criam projeto de valoriza\u00e7\u00e3o do indiv\u00edduo","description":"Com o objetivo de discutir temas atuais e presentes no cotidiano de crian\u00e7as e adolescentes, como bullying, machismo e a valoriza\u00e7\u00e3o da vida, os alunos do 7\u00ba ano do Col\u00e9gio SEPAM participaram, durante o segundo bimestre, do projeto \u201cVoc\u00ea \u00e9 especial e eu tamb\u00e9m\u201d, que contemplou atividades envolvendo as disciplinas de Produ\u00e7\u00e3o de Texto, Literatura\u2026","robots":{"index":"index","follow":"follow","max-snippet":"max-snippet:-1","max-image-preview":"max-image-preview:large","max-video-preview":"max-video-preview:-1"},"canonical":"https:\/\/sepam.com.br\/fr\/professoras-criam-projeto-de-valorizacao-do-individuo\/","og_locale":"fr_FR","og_type":"article","og_title":"Professoras criam projeto de valoriza\u00e7\u00e3o do indiv\u00edduo","og_description":"Com o objetivo de discutir temas atuais e presentes no cotidiano de crian\u00e7as e adolescentes, como bullying, machismo e a valoriza\u00e7\u00e3o da vida, os alunos do 7\u00ba ano do Col\u00e9gio SEPAM participaram, durante o segundo bimestre, do projeto \u201cVoc\u00ea \u00e9 especial e eu tamb\u00e9m\u201d, que contemplou atividades envolvendo as disciplinas de Produ\u00e7\u00e3o de Texto, Literatura\u2026","og_url":"https:\/\/sepam.com.br\/fr\/professoras-criam-projeto-de-valorizacao-do-individuo\/","og_site_name":"Col\u00e9gio Sepam","article_published_time":"2025-08-28T13:47:28+00:00","article_modified_time":"2025-11-24T13:53:36+00:00","author":"Sepam","twitter_card":"summary_large_image","twitter_misc":{"\u00c9crit par":"Sepam","Dur\u00e9e de lecture estim\u00e9e":"1 minute"},"schema":{"@context":"https:\/\/schema.org","@graph":[{"@type":"Article","@id":"https:\/\/sepam.com.br\/fr\/professoras-criam-projeto-de-valorizacao-do-individuo\/#article","isPartOf":{"@id":"https:\/\/sepam.com.br\/fr\/professoras-criam-projeto-de-valorizacao-do-individuo\/"},"author":{"name":"Sepam","@id":"https:\/\/sepam.com.br\/#\/schema\/person\/bfa2996c649a5a6d822766f6e64eb7fd"},"headline":"Professoras criam projeto de valoriza\u00e7\u00e3o do indiv\u00edduo","datePublished":"2025-08-28T13:47:28+00:00","dateModified":"2025-11-24T13:53:36+00:00","mainEntityOfPage":{"@id":"https:\/\/sepam.com.br\/fr\/professoras-criam-projeto-de-valorizacao-do-individuo\/"},"wordCount":287,"commentCount":0,"publisher":{"@id":"https:\/\/sepam.com.br\/#organization"},"articleSection":["Colegio Sepam"],"inLanguage":"fr-FR","potentialAction":[{"@type":"CommentAction","name":"Comment","target":["https:\/\/sepam.com.br\/fr\/professoras-criam-projeto-de-valorizacao-do-individuo\/#respond"]}]},{"@type":"WebPage","@id":"https:\/\/sepam.com.br\/fr\/professoras-criam-projeto-de-valorizacao-do-individuo\/","url":"https:\/\/sepam.com.br\/fr\/professoras-criam-projeto-de-valorizacao-do-individuo\/","name":"Professoras criam projeto de valoriza\u00e7\u00e3o do indiv\u00edduo - Col\u00e9gio Sepam","isPartOf":{"@id":"https:\/\/sepam.com.br\/#website"},"datePublished":"2025-08-28T13:47:28+00:00","dateModified":"2025-11-24T13:53:36+00:00","breadcrumb":{"@id":"https:\/\/sepam.com.br\/fr\/professoras-criam-projeto-de-valorizacao-do-individuo\/#breadcrumb"},"inLanguage":"fr-FR","potentialAction":[{"@type":"ReadAction","target":["https:\/\/sepam.com.br\/fr\/professoras-criam-projeto-de-valorizacao-do-individuo\/"]}]},{"@type":"BreadcrumbList","@id":"https:\/\/sepam.com.br\/fr\/professoras-criam-projeto-de-valorizacao-do-individuo\/#breadcrumb","itemListElement":[{"@type":"ListItem","position":1,"name":"Boas Vindas","item":"https:\/\/sepam.com.br\/"},{"@type":"ListItem","position":2,"name":"Professoras criam projeto de valoriza\u00e7\u00e3o do indiv\u00edduo"}]},{"@type":"WebSite","@id":"https:\/\/sepam.com.br\/fr\/#website","url":"https:\/\/sepam.com.br\/fr\/","name":"Col\u00e9gio Sepam","description":"Ensino Incompar\u00e1vel","publisher":{"@id":"https:\/\/sepam.com.br\/fr\/#organization"},"potentialAction":[{"@type":"SearchAction","target":{"@type":"EntryPoint","urlTemplate":"https:\/\/sepam.com.br\/fr\/?s={search_term_string}"},"query-input":{"@type":"PropertyValueSpecification","valueRequired":true,"valueName":"search_term_string"}}],"inLanguage":"fr-FR"},{"@type":"Organization","@id":"https:\/\/sepam.com.br\/fr\/#organization","name":"Col\u00e9gio Sepam","url":"https:\/\/sepam.com.br\/fr\/","logo":{"@type":"ImageObject","inLanguage":"fr-FR","@id":"https:\/\/sepam.com.br\/fr\/#\/schema\/logo\/image\/","url":"https:\/\/sepam.com.br\/wp-content\/uploads\/2025\/02\/Ativo-2.png","contentUrl":"https:\/\/sepam.com.br\/wp-content\/uploads\/2025\/02\/Ativo-2.png","width":595,"height":525,"caption":"Col\u00e9gio Sepam"},"image":{"@id":"https:\/\/sepam.com.br\/fr\/#\/schema\/logo\/image\/"}},{"@type":"Person","@id":"https:\/\/sepam.com.br\/#\/schema\/person\/bfa2996c649a5a6d822766f6e64eb7fd","name":"Sepam","image":{"@type":"ImageObject","inLanguage":"fr-FR","@id":"https:\/\/secure.gravatar.com\/avatar\/0219e64664f5861998ad57a3432eb4bd5fd99a34c7cc9bc44b3c59dfb830db85?s=96&d=mm&r=g","url":"https:\/\/secure.gravatar.com\/avatar\/0219e64664f5861998ad57a3432eb4bd5fd99a34c7cc9bc44b3c59dfb830db85?s=96&d=mm&r=g","contentUrl":"https:\/\/secure.gravatar.com\/avatar\/0219e64664f5861998ad57a3432eb4bd5fd99a34c7cc9bc44b3c59dfb830db85?s=96&d=mm&r=g","caption":"Sepam"},"url":"https:\/\/sepam.com.br\/fr\/author\/sepam\/"}]}},"_links":{"self":[{"href":"https:\/\/sepam.com.br\/fr\/wp-json\/wp\/v2\/posts\/7022","targetHints":{"allow":["GET"]}}],"collection":[{"href":"https:\/\/sepam.com.br\/fr\/wp-json\/wp\/v2\/posts"}],"about":[{"href":"https:\/\/sepam.com.br\/fr\/wp-json\/wp\/v2\/types\/post"}],"author":[{"embeddable":true,"href":"https:\/\/sepam.com.br\/fr\/wp-json\/wp\/v2\/users\/13"}],"replies":[{"embeddable":true,"href":"https:\/\/sepam.com.br\/fr\/wp-json\/wp\/v2\/comments?post=7022"}],"version-history":[{"count":1,"href":"https:\/\/sepam.com.br\/fr\/wp-json\/wp\/v2\/posts\/7022\/revisions"}],"predecessor-version":[{"id":7326,"href":"https:\/\/sepam.com.br\/fr\/wp-json\/wp\/v2\/posts\/7022\/revisions\/7326"}],"wp:attachment":[{"href":"https:\/\/sepam.com.br\/fr\/wp-json\/wp\/v2\/media?parent=7022"}],"wp:term":[{"taxonomy":"category","embeddable":true,"href":"https:\/\/sepam.com.br\/fr\/wp-json\/wp\/v2\/categories?post=7022"},{"taxonomy":"post_tag","embeddable":true,"href":"https:\/\/sepam.com.br\/fr\/wp-json\/wp\/v2\/tags?post=7022"}],"curies":[{"name":"wp","href":"https:\/\/api.w.org\/{rel}","templated":true}]}}