{"id":7016,"date":"2025-08-28T10:47:25","date_gmt":"2025-08-28T13:47:25","guid":{"rendered":"https:\/\/dev.alisonandrei.com.br\/noticia\/sepam-abre-inscricoes-para-os-auloes\/"},"modified":"2025-11-24T10:53:36","modified_gmt":"2025-11-24T13:53:36","slug":"sepam-abre-inscricoes-para-os-auloes","status":"publish","type":"post","link":"https:\/\/sepam.com.br\/fr\/sepam-abre-inscricoes-para-os-auloes\/","title":{"rendered":"Sepam abre inscri\u00e7\u00f5es para os Aul\u00f5es"},"content":{"rendered":"<p>Semana preparat\u00f3ria antecede o Vestibular de Inverno da Universidade Estadual de Ponta Grossa (UEPG)<\/p>\n<p>&nbsp;<\/p>\n<p>O Sepam Vestibulares est\u00e1 com as inscri\u00e7\u00f5es abertas para a tradicional semana de Aul\u00f5es, que acontecer\u00e1 de 1\u00ba a 5 de julho pr\u00f3ximo, antecedendo as provas do vestibular de Inverno da UEPG. Para se inscrever basta comparecer \u00e0 secretaria do Sepam.<br \/>\nSegundo o professor e coordenador do Sepam Vestibulares, Yuri S\u00f3crates Saleh Hichmeh, a inscri\u00e7\u00e3o tamb\u00e9m pode ser feita no dia das aulas, sendo poss\u00edvel ao aluno escolher se quer participar de toda a Semana ou determinados dias. \u201cSe quiser assistir apenas uma ou duas aulas, pagar\u00e1 o valor proporcional\u201d, esclarece. Os cinco dias custam R$ 100 e mais R$ 20 do material did\u00e1tico \u2013 preparado pela equipe de professores do Sepam.<br \/>\nConforme o professor, toda pessoa que estiver interessada nos aul\u00f5es pode participar, n\u00e3o havendo limite de idade. \u201cTemos pessoas mais velhas e mesmo alguns pais que pretendem iniciar um curso superior e tamb\u00e9m participam dessa semana de revis\u00e3o dos conte\u00fados do ensino m\u00e9dio\u201d, observa.<br \/>\nO professor diz que todos os inscritos, independente da idade, conseguir\u00e3o acompanhar as explica\u00e7\u00f5es dos professores. \u201cOs aul\u00f5es t\u00eam conte\u00fado revisional justamente pensando em dicas em rela\u00e7\u00e3o \u00e0quela mat\u00e9ria. Os assuntos enfatizados s\u00e3o as quest\u00f5es mais recorrentes nos vestibulares, s\u00e3o projetados exerc\u00edcios em tel\u00e3o e o aluno tem o material de apoio, onde h\u00e1 a parte t\u00e9cnica e a de resolu\u00e7\u00e3o das atividades\u201d, explica.<br \/>\nEle destaca a tradi\u00e7\u00e3o dos aul\u00f5es. \u201cTodo ano eles acontecem e s\u00e3o voltados n\u00e3o s\u00f3 \u00e0 discuss\u00e3o de conte\u00fado, mas \u00e9 uma forma de dar apoio final antes das provas, assim cada professor desenvolve uma t\u00e9cnica para a sua aula, usando m\u00fasicas, se fantasiando; \u00e9 uma semana revisional de conte\u00fado, mas que relaxa a cabe\u00e7a do aluno\u201d, fala. Neste ano, os aul\u00f5es do Sepam t\u00eam como tema a comemora\u00e7\u00e3o dos 80 anos da institui\u00e7\u00e3o.<br \/>\nAs aulas acontecer\u00e3o no Gin\u00e1sio do Col\u00e9gio Sepam, de segunda \u00e0 quinta-feira, das 18h30 \u00e0s 22h20 (quatro disciplinas ser\u00e3o trabalhadas em cada aula) e na sexta-feira, das 18h30 \u00e0s 21h20 (tr\u00eas disciplinas).<br \/>\nParceria<br \/>\nOs alunos que participarem dos aul\u00f5es estar\u00e3o concorrendo a brindes de empresas parceiras do Sepam. O Restaurante Jer\u00f4nimo, rec\u00e9m-inaugurado em Ponta Grossa e pertencente ao Grupo Madero, estar\u00e1 sorteando 60 vales-refei\u00e7\u00e3o.<\/p>\n<p>Servi\u00e7o:<br \/>\nSemana de Aul\u00f5es<br \/>\nSegunda \u00e0 quinta-feira (1\u00ba a 4 de julho) \u2013 das 18h30 \u00e0s 22h20<br \/>\nSexta-feira (5 de julho) \u2013 das 18h30 \u00e0s 21h20<br \/>\nLocal: Gin\u00e1sio do Col\u00e9gio Sepam<br \/>\nInscri\u00e7\u00f5es: Secretaria do Sepam Vestibulares \u2013 Rua Bonif\u00e1cio Vilela, 328, e no dia do evento, no Gin\u00e1sio do Col\u00e9gio \u2013 esquina das Ruas Santos Dumond e Francisco B\u00farzio.<\/p>\n","protected":false},"excerpt":{"rendered":"<p>Semana preparat\u00f3ria antecede o Vestibular de Inverno da Universidade Estadual de Ponta Grossa (UEPG) &nbsp; O Sepam Vestibulares est\u00e1 com as inscri\u00e7\u00f5es abertas para a tradicional semana de Aul\u00f5es, que acontecer\u00e1 de 1\u00ba a 5 de julho pr\u00f3ximo, antecedendo as provas do vestibular de Inverno da UEPG. Para se inscrever basta comparecer \u00e0 secretaria do [&hellip;]<\/p>\n","protected":false},"author":13,"featured_media":0,"comment_status":"open","ping_status":"open","sticky":false,"template":"","format":"standard","meta":{"footnotes":""},"categories":[21],"tags":[],"class_list":["post-7016","post","type-post","status-publish","format-standard","hentry","category-colegio-sepam"],"yoast_head":"<!-- This site is optimized with the Yoast SEO plugin v28.4 - https:\/\/yoast.com\/product\/yoast-seo-wordpress\/ -->\n<title>Sepam abre inscri\u00e7\u00f5es para os Aul\u00f5es<\/title>\n<meta name=\"description\" content=\"Semana preparat\u00f3ria antecede o Vestibular de Inverno da Universidade Estadual de Ponta Grossa (UEPG) &nbsp; O Sepam Vestibulares est\u00e1 com as inscri\u00e7\u00f5es abertas para a tradicional semana de Aul\u00f5es, que acontecer\u00e1 de 1\u00ba a 5 de julho pr\u00f3ximo, antecedendo as provas do vestibular de Inverno da UEPG. Para se inscrever basta comparecer \u00e0 secretaria do\u2026\" \/>\n<meta name=\"robots\" content=\"index, follow, max-snippet:-1, max-image-preview:large, max-video-preview:-1\" \/>\n<link rel=\"canonical\" href=\"https:\/\/sepam.com.br\/fr\/sepam-abre-inscricoes-para-os-auloes\/\" \/>\n<meta property=\"og:locale\" content=\"fr_FR\" \/>\n<meta property=\"og:type\" content=\"article\" \/>\n<meta property=\"og:title\" content=\"Sepam abre inscri\u00e7\u00f5es para os Aul\u00f5es\" \/>\n<meta property=\"og:description\" content=\"Semana preparat\u00f3ria antecede o Vestibular de Inverno da Universidade Estadual de Ponta Grossa (UEPG) &nbsp; O Sepam Vestibulares est\u00e1 com as inscri\u00e7\u00f5es abertas para a tradicional semana de Aul\u00f5es, que acontecer\u00e1 de 1\u00ba a 5 de julho pr\u00f3ximo, antecedendo as provas do vestibular de Inverno da UEPG. Para se inscrever basta comparecer \u00e0 secretaria do\u2026\" \/>\n<meta property=\"og:url\" content=\"https:\/\/sepam.com.br\/fr\/sepam-abre-inscricoes-para-os-auloes\/\" \/>\n<meta property=\"og:site_name\" content=\"Col\u00e9gio Sepam\" \/>\n<meta property=\"article:published_time\" content=\"2025-08-28T13:47:25+00:00\" \/>\n<meta property=\"article:modified_time\" content=\"2025-11-24T13:53:36+00:00\" \/>\n<meta name=\"author\" content=\"Sepam\" \/>\n<meta name=\"twitter:card\" content=\"summary_large_image\" \/>\n<meta name=\"twitter:label1\" content=\"\u00c9crit par\" \/>\n\t<meta name=\"twitter:data1\" content=\"Sepam\" \/>\n\t<meta name=\"twitter:label2\" content=\"Dur\u00e9e de lecture estim\u00e9e\" \/>\n\t<meta name=\"twitter:data2\" content=\"2 minutes\" \/>\n<script type=\"application\/ld+json\" class=\"yoast-schema-graph\">{\"@context\":\"https:\\\/\\\/schema.org\",\"@graph\":[{\"@type\":\"Article\",\"@id\":\"https:\\\/\\\/sepam.com.br\\\/fr\\\/sepam-abre-inscricoes-para-os-auloes\\\/#article\",\"isPartOf\":{\"@id\":\"https:\\\/\\\/sepam.com.br\\\/fr\\\/sepam-abre-inscricoes-para-os-auloes\\\/\"},\"author\":{\"name\":\"Sepam\",\"@id\":\"https:\\\/\\\/sepam.com.br\\\/#\\\/schema\\\/person\\\/bfa2996c649a5a6d822766f6e64eb7fd\"},\"headline\":\"Sepam abre inscri\u00e7\u00f5es para os Aul\u00f5es\",\"datePublished\":\"2025-08-28T13:47:25+00:00\",\"dateModified\":\"2025-11-24T13:53:36+00:00\",\"mainEntityOfPage\":{\"@id\":\"https:\\\/\\\/sepam.com.br\\\/fr\\\/sepam-abre-inscricoes-para-os-auloes\\\/\"},\"wordCount\":481,\"commentCount\":0,\"publisher\":{\"@id\":\"https:\\\/\\\/sepam.com.br\\\/#organization\"},\"articleSection\":[\"Colegio Sepam\"],\"inLanguage\":\"fr-FR\",\"potentialAction\":[{\"@type\":\"CommentAction\",\"name\":\"Comment\",\"target\":[\"https:\\\/\\\/sepam.com.br\\\/fr\\\/sepam-abre-inscricoes-para-os-auloes\\\/#respond\"]}]},{\"@type\":\"WebPage\",\"@id\":\"https:\\\/\\\/sepam.com.br\\\/fr\\\/sepam-abre-inscricoes-para-os-auloes\\\/\",\"url\":\"https:\\\/\\\/sepam.com.br\\\/fr\\\/sepam-abre-inscricoes-para-os-auloes\\\/\",\"name\":\"Sepam abre inscri\u00e7\u00f5es para os Aul\u00f5es - Col\u00e9gio Sepam\",\"isPartOf\":{\"@id\":\"https:\\\/\\\/sepam.com.br\\\/#website\"},\"datePublished\":\"2025-08-28T13:47:25+00:00\",\"dateModified\":\"2025-11-24T13:53:36+00:00\",\"breadcrumb\":{\"@id\":\"https:\\\/\\\/sepam.com.br\\\/fr\\\/sepam-abre-inscricoes-para-os-auloes\\\/#breadcrumb\"},\"inLanguage\":\"fr-FR\",\"potentialAction\":[{\"@type\":\"ReadAction\",\"target\":[\"https:\\\/\\\/sepam.com.br\\\/fr\\\/sepam-abre-inscricoes-para-os-auloes\\\/\"]}]},{\"@type\":\"BreadcrumbList\",\"@id\":\"https:\\\/\\\/sepam.com.br\\\/fr\\\/sepam-abre-inscricoes-para-os-auloes\\\/#breadcrumb\",\"itemListElement\":[{\"@type\":\"ListItem\",\"position\":1,\"name\":\"Boas Vindas\",\"item\":\"https:\\\/\\\/sepam.com.br\\\/\"},{\"@type\":\"ListItem\",\"position\":2,\"name\":\"Sepam abre inscri\u00e7\u00f5es para os Aul\u00f5es\"}]},{\"@type\":\"WebSite\",\"@id\":\"https:\\\/\\\/sepam.com.br\\\/fr\\\/#website\",\"url\":\"https:\\\/\\\/sepam.com.br\\\/fr\\\/\",\"name\":\"Col\u00e9gio Sepam\",\"description\":\"Ensino Incompar\u00e1vel\",\"publisher\":{\"@id\":\"https:\\\/\\\/sepam.com.br\\\/fr\\\/#organization\"},\"potentialAction\":[{\"@type\":\"SearchAction\",\"target\":{\"@type\":\"EntryPoint\",\"urlTemplate\":\"https:\\\/\\\/sepam.com.br\\\/fr\\\/?s={search_term_string}\"},\"query-input\":{\"@type\":\"PropertyValueSpecification\",\"valueRequired\":true,\"valueName\":\"search_term_string\"}}],\"inLanguage\":\"fr-FR\"},{\"@type\":\"Organization\",\"@id\":\"https:\\\/\\\/sepam.com.br\\\/fr\\\/#organization\",\"name\":\"Col\u00e9gio Sepam\",\"url\":\"https:\\\/\\\/sepam.com.br\\\/fr\\\/\",\"logo\":{\"@type\":\"ImageObject\",\"inLanguage\":\"fr-FR\",\"@id\":\"https:\\\/\\\/sepam.com.br\\\/fr\\\/#\\\/schema\\\/logo\\\/image\\\/\",\"url\":\"https:\\\/\\\/sepam.com.br\\\/wp-content\\\/uploads\\\/2025\\\/02\\\/Ativo-2.png\",\"contentUrl\":\"https:\\\/\\\/sepam.com.br\\\/wp-content\\\/uploads\\\/2025\\\/02\\\/Ativo-2.png\",\"width\":595,\"height\":525,\"caption\":\"Col\u00e9gio Sepam\"},\"image\":{\"@id\":\"https:\\\/\\\/sepam.com.br\\\/fr\\\/#\\\/schema\\\/logo\\\/image\\\/\"}},{\"@type\":\"Person\",\"@id\":\"https:\\\/\\\/sepam.com.br\\\/#\\\/schema\\\/person\\\/bfa2996c649a5a6d822766f6e64eb7fd\",\"name\":\"Sepam\",\"image\":{\"@type\":\"ImageObject\",\"inLanguage\":\"fr-FR\",\"@id\":\"https:\\\/\\\/secure.gravatar.com\\\/avatar\\\/0219e64664f5861998ad57a3432eb4bd5fd99a34c7cc9bc44b3c59dfb830db85?s=96&d=mm&r=g\",\"url\":\"https:\\\/\\\/secure.gravatar.com\\\/avatar\\\/0219e64664f5861998ad57a3432eb4bd5fd99a34c7cc9bc44b3c59dfb830db85?s=96&d=mm&r=g\",\"contentUrl\":\"https:\\\/\\\/secure.gravatar.com\\\/avatar\\\/0219e64664f5861998ad57a3432eb4bd5fd99a34c7cc9bc44b3c59dfb830db85?s=96&d=mm&r=g\",\"caption\":\"Sepam\"},\"url\":\"https:\\\/\\\/sepam.com.br\\\/fr\\\/author\\\/sepam\\\/\"}]}<\/script>\n<!-- \/ Yoast SEO plugin. -->","yoast_head_json":{"title":"Sepam abre inscri\u00e7\u00f5es para os Aul\u00f5es","description":"Semana preparat\u00f3ria antecede o Vestibular de Inverno da Universidade Estadual de Ponta Grossa (UEPG) &nbsp; O Sepam Vestibulares est\u00e1 com as inscri\u00e7\u00f5es abertas para a tradicional semana de Aul\u00f5es, que acontecer\u00e1 de 1\u00ba a 5 de julho pr\u00f3ximo, antecedendo as provas do vestibular de Inverno da UEPG. Para se inscrever basta comparecer \u00e0 secretaria do\u2026","robots":{"index":"index","follow":"follow","max-snippet":"max-snippet:-1","max-image-preview":"max-image-preview:large","max-video-preview":"max-video-preview:-1"},"canonical":"https:\/\/sepam.com.br\/fr\/sepam-abre-inscricoes-para-os-auloes\/","og_locale":"fr_FR","og_type":"article","og_title":"Sepam abre inscri\u00e7\u00f5es para os Aul\u00f5es","og_description":"Semana preparat\u00f3ria antecede o Vestibular de Inverno da Universidade Estadual de Ponta Grossa (UEPG) &nbsp; O Sepam Vestibulares est\u00e1 com as inscri\u00e7\u00f5es abertas para a tradicional semana de Aul\u00f5es, que acontecer\u00e1 de 1\u00ba a 5 de julho pr\u00f3ximo, antecedendo as provas do vestibular de Inverno da UEPG. Para se inscrever basta comparecer \u00e0 secretaria do\u2026","og_url":"https:\/\/sepam.com.br\/fr\/sepam-abre-inscricoes-para-os-auloes\/","og_site_name":"Col\u00e9gio Sepam","article_published_time":"2025-08-28T13:47:25+00:00","article_modified_time":"2025-11-24T13:53:36+00:00","author":"Sepam","twitter_card":"summary_large_image","twitter_misc":{"\u00c9crit par":"Sepam","Dur\u00e9e de lecture estim\u00e9e":"2 minutes"},"schema":{"@context":"https:\/\/schema.org","@graph":[{"@type":"Article","@id":"https:\/\/sepam.com.br\/fr\/sepam-abre-inscricoes-para-os-auloes\/#article","isPartOf":{"@id":"https:\/\/sepam.com.br\/fr\/sepam-abre-inscricoes-para-os-auloes\/"},"author":{"name":"Sepam","@id":"https:\/\/sepam.com.br\/#\/schema\/person\/bfa2996c649a5a6d822766f6e64eb7fd"},"headline":"Sepam abre inscri\u00e7\u00f5es para os Aul\u00f5es","datePublished":"2025-08-28T13:47:25+00:00","dateModified":"2025-11-24T13:53:36+00:00","mainEntityOfPage":{"@id":"https:\/\/sepam.com.br\/fr\/sepam-abre-inscricoes-para-os-auloes\/"},"wordCount":481,"commentCount":0,"publisher":{"@id":"https:\/\/sepam.com.br\/#organization"},"articleSection":["Colegio Sepam"],"inLanguage":"fr-FR","potentialAction":[{"@type":"CommentAction","name":"Comment","target":["https:\/\/sepam.com.br\/fr\/sepam-abre-inscricoes-para-os-auloes\/#respond"]}]},{"@type":"WebPage","@id":"https:\/\/sepam.com.br\/fr\/sepam-abre-inscricoes-para-os-auloes\/","url":"https:\/\/sepam.com.br\/fr\/sepam-abre-inscricoes-para-os-auloes\/","name":"Sepam abre inscri\u00e7\u00f5es para os Aul\u00f5es - Col\u00e9gio Sepam","isPartOf":{"@id":"https:\/\/sepam.com.br\/#website"},"datePublished":"2025-08-28T13:47:25+00:00","dateModified":"2025-11-24T13:53:36+00:00","breadcrumb":{"@id":"https:\/\/sepam.com.br\/fr\/sepam-abre-inscricoes-para-os-auloes\/#breadcrumb"},"inLanguage":"fr-FR","potentialAction":[{"@type":"ReadAction","target":["https:\/\/sepam.com.br\/fr\/sepam-abre-inscricoes-para-os-auloes\/"]}]},{"@type":"BreadcrumbList","@id":"https:\/\/sepam.com.br\/fr\/sepam-abre-inscricoes-para-os-auloes\/#breadcrumb","itemListElement":[{"@type":"ListItem","position":1,"name":"Boas Vindas","item":"https:\/\/sepam.com.br\/"},{"@type":"ListItem","position":2,"name":"Sepam abre inscri\u00e7\u00f5es para os Aul\u00f5es"}]},{"@type":"WebSite","@id":"https:\/\/sepam.com.br\/fr\/#website","url":"https:\/\/sepam.com.br\/fr\/","name":"Col\u00e9gio Sepam","description":"Ensino Incompar\u00e1vel","publisher":{"@id":"https:\/\/sepam.com.br\/fr\/#organization"},"potentialAction":[{"@type":"SearchAction","target":{"@type":"EntryPoint","urlTemplate":"https:\/\/sepam.com.br\/fr\/?s={search_term_string}"},"query-input":{"@type":"PropertyValueSpecification","valueRequired":true,"valueName":"search_term_string"}}],"inLanguage":"fr-FR"},{"@type":"Organization","@id":"https:\/\/sepam.com.br\/fr\/#organization","name":"Col\u00e9gio Sepam","url":"https:\/\/sepam.com.br\/fr\/","logo":{"@type":"ImageObject","inLanguage":"fr-FR","@id":"https:\/\/sepam.com.br\/fr\/#\/schema\/logo\/image\/","url":"https:\/\/sepam.com.br\/wp-content\/uploads\/2025\/02\/Ativo-2.png","contentUrl":"https:\/\/sepam.com.br\/wp-content\/uploads\/2025\/02\/Ativo-2.png","width":595,"height":525,"caption":"Col\u00e9gio Sepam"},"image":{"@id":"https:\/\/sepam.com.br\/fr\/#\/schema\/logo\/image\/"}},{"@type":"Person","@id":"https:\/\/sepam.com.br\/#\/schema\/person\/bfa2996c649a5a6d822766f6e64eb7fd","name":"Sepam","image":{"@type":"ImageObject","inLanguage":"fr-FR","@id":"https:\/\/secure.gravatar.com\/avatar\/0219e64664f5861998ad57a3432eb4bd5fd99a34c7cc9bc44b3c59dfb830db85?s=96&d=mm&r=g","url":"https:\/\/secure.gravatar.com\/avatar\/0219e64664f5861998ad57a3432eb4bd5fd99a34c7cc9bc44b3c59dfb830db85?s=96&d=mm&r=g","contentUrl":"https:\/\/secure.gravatar.com\/avatar\/0219e64664f5861998ad57a3432eb4bd5fd99a34c7cc9bc44b3c59dfb830db85?s=96&d=mm&r=g","caption":"Sepam"},"url":"https:\/\/sepam.com.br\/fr\/author\/sepam\/"}]}},"_links":{"self":[{"href":"https:\/\/sepam.com.br\/fr\/wp-json\/wp\/v2\/posts\/7016","targetHints":{"allow":["GET"]}}],"collection":[{"href":"https:\/\/sepam.com.br\/fr\/wp-json\/wp\/v2\/posts"}],"about":[{"href":"https:\/\/sepam.com.br\/fr\/wp-json\/wp\/v2\/types\/post"}],"author":[{"embeddable":true,"href":"https:\/\/sepam.com.br\/fr\/wp-json\/wp\/v2\/users\/13"}],"replies":[{"embeddable":true,"href":"https:\/\/sepam.com.br\/fr\/wp-json\/wp\/v2\/comments?post=7016"}],"version-history":[{"count":1,"href":"https:\/\/sepam.com.br\/fr\/wp-json\/wp\/v2\/posts\/7016\/revisions"}],"predecessor-version":[{"id":7360,"href":"https:\/\/sepam.com.br\/fr\/wp-json\/wp\/v2\/posts\/7016\/revisions\/7360"}],"wp:attachment":[{"href":"https:\/\/sepam.com.br\/fr\/wp-json\/wp\/v2\/media?parent=7016"}],"wp:term":[{"taxonomy":"category","embeddable":true,"href":"https:\/\/sepam.com.br\/fr\/wp-json\/wp\/v2\/categories?post=7016"},{"taxonomy":"post_tag","embeddable":true,"href":"https:\/\/sepam.com.br\/fr\/wp-json\/wp\/v2\/tags?post=7016"}],"curies":[{"name":"wp","href":"https:\/\/api.w.org\/{rel}","templated":true}]}}