{"id":7008,"date":"2025-08-28T10:47:25","date_gmt":"2025-08-28T13:47:25","guid":{"rendered":"https:\/\/dev.alisonandrei.com.br\/noticia\/sepam-leva-enxadristas-para-campeonato-brasileiro-amador\/"},"modified":"2025-11-24T10:53:36","modified_gmt":"2025-11-24T13:53:36","slug":"sepam-leva-enxadristas-para-campeonato-brasileiro-amador","status":"publish","type":"post","link":"https:\/\/sepam.com.br\/fr\/sepam-leva-enxadristas-para-campeonato-brasileiro-amador\/","title":{"rendered":"Sepam leva enxadristas para Campeonato Brasileiro Amador"},"content":{"rendered":"<p>O feriado de Corpus Christi (20) ser\u00e1 de muita concentra\u00e7\u00e3o para os enxadristas do Col\u00e9gio Sepam. Cinco alunos (quatro meninos e uma menina) participar\u00e3o do Campeonato Brasileiro Amador, que acontecer\u00e1 de 20 a 23 de junho, em S\u00e3o Paulo (SP).<\/p>\n<p>Segundo o professor e t\u00e9cnico de xadrez do Sepam, Lucas Borges, os enxadristas t\u00eam entre 11 e 17 anos de idade. \u201c\u00c9 um torneio onde a premia\u00e7\u00e3o n\u00e3o \u00e9 por faixa et\u00e1ria; \u00e9 uma competi\u00e7\u00e3o aberta\u201d, explica.<\/p>\n<p>Para o professor, o campeonato \u201c\u00e9 uma forma de os enxadristas adquirirem experi\u00eancia porque \u00e9 um torneio de n\u00edvel nacional\u201d, diz. No ano passado, mais de 300 participantes de diversos pontos do pa\u00eds participaram da disputa. O Sepam teve um enxadrista classificado em quarto lugar. \u201cN\u00e3o \u00e9 um evento escolar; \u00e9 um torneio forte\u201d, destaca o professor.<\/p>\n<p>Ele explica que por ser uma competi\u00e7\u00e3o de tr\u00eas dias e devido \u00e0 dist\u00e2ncia nem todos os enxadristas do Col\u00e9gio fizeram a inscri\u00e7\u00e3o. \u201cNo paranaense tivemos 15 alunos inscritos\u201d, lembra.<\/p>\n<p>O Campeonato Brasileiro \u00e9 uma promo\u00e7\u00e3o da Confedera\u00e7\u00e3o Brasileira de Xadrez e uma realiza\u00e7\u00e3o do Xadrez Total e Espa\u00e7o Xadrez Total.<\/p>\n","protected":false},"excerpt":{"rendered":"<p>O feriado de Corpus Christi (20) ser\u00e1 de muita concentra\u00e7\u00e3o para os enxadristas do Col\u00e9gio Sepam. Cinco alunos (quatro meninos e uma menina) participar\u00e3o do Campeonato Brasileiro Amador, que acontecer\u00e1 de 20 a 23 de junho, em S\u00e3o Paulo (SP). Segundo o professor e t\u00e9cnico de xadrez do Sepam, Lucas Borges, os enxadristas t\u00eam entre [&hellip;]<\/p>\n","protected":false},"author":13,"featured_media":0,"comment_status":"open","ping_status":"open","sticky":false,"template":"","format":"standard","meta":{"footnotes":""},"categories":[21],"tags":[],"class_list":["post-7008","post","type-post","status-publish","format-standard","hentry","category-colegio-sepam"],"yoast_head":"<!-- This site is optimized with the Yoast SEO plugin v28.4 - https:\/\/yoast.com\/product\/yoast-seo-wordpress\/ -->\n<title>Sepam leva enxadristas para Campeonato Brasileiro Amador<\/title>\n<meta name=\"description\" content=\"O feriado de Corpus Christi (20) ser\u00e1 de muita concentra\u00e7\u00e3o para os enxadristas do Col\u00e9gio Sepam. Cinco alunos (quatro meninos e uma menina) participar\u00e3o do Campeonato Brasileiro Amador, que acontecer\u00e1 de 20 a 23 de junho, em S\u00e3o Paulo (SP). Segundo o professor e t\u00e9cnico de xadrez do Sepam, Lucas Borges, os enxadristas t\u00eam entre\u2026\" \/>\n<meta name=\"robots\" content=\"index, follow, max-snippet:-1, max-image-preview:large, max-video-preview:-1\" \/>\n<link rel=\"canonical\" href=\"https:\/\/sepam.com.br\/fr\/sepam-leva-enxadristas-para-campeonato-brasileiro-amador\/\" \/>\n<meta property=\"og:locale\" content=\"fr_FR\" \/>\n<meta property=\"og:type\" content=\"article\" \/>\n<meta property=\"og:title\" content=\"Sepam leva enxadristas para Campeonato Brasileiro Amador\" \/>\n<meta property=\"og:description\" content=\"O feriado de Corpus Christi (20) ser\u00e1 de muita concentra\u00e7\u00e3o para os enxadristas do Col\u00e9gio Sepam. Cinco alunos (quatro meninos e uma menina) participar\u00e3o do Campeonato Brasileiro Amador, que acontecer\u00e1 de 20 a 23 de junho, em S\u00e3o Paulo (SP). Segundo o professor e t\u00e9cnico de xadrez do Sepam, Lucas Borges, os enxadristas t\u00eam entre\u2026\" \/>\n<meta property=\"og:url\" content=\"https:\/\/sepam.com.br\/fr\/sepam-leva-enxadristas-para-campeonato-brasileiro-amador\/\" \/>\n<meta property=\"og:site_name\" content=\"Col\u00e9gio Sepam\" \/>\n<meta property=\"article:published_time\" content=\"2025-08-28T13:47:25+00:00\" \/>\n<meta property=\"article:modified_time\" content=\"2025-11-24T13:53:36+00:00\" \/>\n<meta name=\"author\" content=\"Sepam\" \/>\n<meta name=\"twitter:card\" content=\"summary_large_image\" \/>\n<meta name=\"twitter:label1\" content=\"\u00c9crit par\" \/>\n\t<meta name=\"twitter:data1\" content=\"Sepam\" \/>\n\t<meta name=\"twitter:label2\" content=\"Dur\u00e9e de lecture estim\u00e9e\" \/>\n\t<meta name=\"twitter:data2\" content=\"1 minute\" \/>\n<script type=\"application\/ld+json\" class=\"yoast-schema-graph\">{\"@context\":\"https:\\\/\\\/schema.org\",\"@graph\":[{\"@type\":\"Article\",\"@id\":\"https:\\\/\\\/sepam.com.br\\\/fr\\\/sepam-leva-enxadristas-para-campeonato-brasileiro-amador\\\/#article\",\"isPartOf\":{\"@id\":\"https:\\\/\\\/sepam.com.br\\\/fr\\\/sepam-leva-enxadristas-para-campeonato-brasileiro-amador\\\/\"},\"author\":{\"name\":\"Sepam\",\"@id\":\"https:\\\/\\\/sepam.com.br\\\/#\\\/schema\\\/person\\\/bfa2996c649a5a6d822766f6e64eb7fd\"},\"headline\":\"Sepam leva enxadristas para Campeonato Brasileiro Amador\",\"datePublished\":\"2025-08-28T13:47:25+00:00\",\"dateModified\":\"2025-11-24T13:53:36+00:00\",\"mainEntityOfPage\":{\"@id\":\"https:\\\/\\\/sepam.com.br\\\/fr\\\/sepam-leva-enxadristas-para-campeonato-brasileiro-amador\\\/\"},\"wordCount\":199,\"commentCount\":0,\"publisher\":{\"@id\":\"https:\\\/\\\/sepam.com.br\\\/#organization\"},\"articleSection\":[\"Colegio Sepam\"],\"inLanguage\":\"fr-FR\",\"potentialAction\":[{\"@type\":\"CommentAction\",\"name\":\"Comment\",\"target\":[\"https:\\\/\\\/sepam.com.br\\\/fr\\\/sepam-leva-enxadristas-para-campeonato-brasileiro-amador\\\/#respond\"]}]},{\"@type\":\"WebPage\",\"@id\":\"https:\\\/\\\/sepam.com.br\\\/fr\\\/sepam-leva-enxadristas-para-campeonato-brasileiro-amador\\\/\",\"url\":\"https:\\\/\\\/sepam.com.br\\\/fr\\\/sepam-leva-enxadristas-para-campeonato-brasileiro-amador\\\/\",\"name\":\"Sepam leva enxadristas para Campeonato Brasileiro Amador - Col\u00e9gio Sepam\",\"isPartOf\":{\"@id\":\"https:\\\/\\\/sepam.com.br\\\/#website\"},\"datePublished\":\"2025-08-28T13:47:25+00:00\",\"dateModified\":\"2025-11-24T13:53:36+00:00\",\"breadcrumb\":{\"@id\":\"https:\\\/\\\/sepam.com.br\\\/fr\\\/sepam-leva-enxadristas-para-campeonato-brasileiro-amador\\\/#breadcrumb\"},\"inLanguage\":\"fr-FR\",\"potentialAction\":[{\"@type\":\"ReadAction\",\"target\":[\"https:\\\/\\\/sepam.com.br\\\/fr\\\/sepam-leva-enxadristas-para-campeonato-brasileiro-amador\\\/\"]}]},{\"@type\":\"BreadcrumbList\",\"@id\":\"https:\\\/\\\/sepam.com.br\\\/fr\\\/sepam-leva-enxadristas-para-campeonato-brasileiro-amador\\\/#breadcrumb\",\"itemListElement\":[{\"@type\":\"ListItem\",\"position\":1,\"name\":\"Boas Vindas\",\"item\":\"https:\\\/\\\/sepam.com.br\\\/\"},{\"@type\":\"ListItem\",\"position\":2,\"name\":\"Sepam leva enxadristas para Campeonato Brasileiro Amador\"}]},{\"@type\":\"WebSite\",\"@id\":\"https:\\\/\\\/sepam.com.br\\\/fr\\\/#website\",\"url\":\"https:\\\/\\\/sepam.com.br\\\/fr\\\/\",\"name\":\"Col\u00e9gio Sepam\",\"description\":\"Ensino Incompar\u00e1vel\",\"publisher\":{\"@id\":\"https:\\\/\\\/sepam.com.br\\\/fr\\\/#organization\"},\"potentialAction\":[{\"@type\":\"SearchAction\",\"target\":{\"@type\":\"EntryPoint\",\"urlTemplate\":\"https:\\\/\\\/sepam.com.br\\\/fr\\\/?s={search_term_string}\"},\"query-input\":{\"@type\":\"PropertyValueSpecification\",\"valueRequired\":true,\"valueName\":\"search_term_string\"}}],\"inLanguage\":\"fr-FR\"},{\"@type\":\"Organization\",\"@id\":\"https:\\\/\\\/sepam.com.br\\\/fr\\\/#organization\",\"name\":\"Col\u00e9gio Sepam\",\"url\":\"https:\\\/\\\/sepam.com.br\\\/fr\\\/\",\"logo\":{\"@type\":\"ImageObject\",\"inLanguage\":\"fr-FR\",\"@id\":\"https:\\\/\\\/sepam.com.br\\\/fr\\\/#\\\/schema\\\/logo\\\/image\\\/\",\"url\":\"https:\\\/\\\/sepam.com.br\\\/wp-content\\\/uploads\\\/2025\\\/02\\\/Ativo-2.png\",\"contentUrl\":\"https:\\\/\\\/sepam.com.br\\\/wp-content\\\/uploads\\\/2025\\\/02\\\/Ativo-2.png\",\"width\":595,\"height\":525,\"caption\":\"Col\u00e9gio Sepam\"},\"image\":{\"@id\":\"https:\\\/\\\/sepam.com.br\\\/fr\\\/#\\\/schema\\\/logo\\\/image\\\/\"}},{\"@type\":\"Person\",\"@id\":\"https:\\\/\\\/sepam.com.br\\\/#\\\/schema\\\/person\\\/bfa2996c649a5a6d822766f6e64eb7fd\",\"name\":\"Sepam\",\"image\":{\"@type\":\"ImageObject\",\"inLanguage\":\"fr-FR\",\"@id\":\"https:\\\/\\\/secure.gravatar.com\\\/avatar\\\/0219e64664f5861998ad57a3432eb4bd5fd99a34c7cc9bc44b3c59dfb830db85?s=96&d=mm&r=g\",\"url\":\"https:\\\/\\\/secure.gravatar.com\\\/avatar\\\/0219e64664f5861998ad57a3432eb4bd5fd99a34c7cc9bc44b3c59dfb830db85?s=96&d=mm&r=g\",\"contentUrl\":\"https:\\\/\\\/secure.gravatar.com\\\/avatar\\\/0219e64664f5861998ad57a3432eb4bd5fd99a34c7cc9bc44b3c59dfb830db85?s=96&d=mm&r=g\",\"caption\":\"Sepam\"},\"url\":\"https:\\\/\\\/sepam.com.br\\\/fr\\\/author\\\/sepam\\\/\"}]}<\/script>\n<!-- \/ Yoast SEO plugin. -->","yoast_head_json":{"title":"Sepam leva enxadristas para Campeonato Brasileiro Amador","description":"O feriado de Corpus Christi (20) ser\u00e1 de muita concentra\u00e7\u00e3o para os enxadristas do Col\u00e9gio Sepam. Cinco alunos (quatro meninos e uma menina) participar\u00e3o do Campeonato Brasileiro Amador, que acontecer\u00e1 de 20 a 23 de junho, em S\u00e3o Paulo (SP). Segundo o professor e t\u00e9cnico de xadrez do Sepam, Lucas Borges, os enxadristas t\u00eam entre\u2026","robots":{"index":"index","follow":"follow","max-snippet":"max-snippet:-1","max-image-preview":"max-image-preview:large","max-video-preview":"max-video-preview:-1"},"canonical":"https:\/\/sepam.com.br\/fr\/sepam-leva-enxadristas-para-campeonato-brasileiro-amador\/","og_locale":"fr_FR","og_type":"article","og_title":"Sepam leva enxadristas para Campeonato Brasileiro Amador","og_description":"O feriado de Corpus Christi (20) ser\u00e1 de muita concentra\u00e7\u00e3o para os enxadristas do Col\u00e9gio Sepam. Cinco alunos (quatro meninos e uma menina) participar\u00e3o do Campeonato Brasileiro Amador, que acontecer\u00e1 de 20 a 23 de junho, em S\u00e3o Paulo (SP). Segundo o professor e t\u00e9cnico de xadrez do Sepam, Lucas Borges, os enxadristas t\u00eam entre\u2026","og_url":"https:\/\/sepam.com.br\/fr\/sepam-leva-enxadristas-para-campeonato-brasileiro-amador\/","og_site_name":"Col\u00e9gio Sepam","article_published_time":"2025-08-28T13:47:25+00:00","article_modified_time":"2025-11-24T13:53:36+00:00","author":"Sepam","twitter_card":"summary_large_image","twitter_misc":{"\u00c9crit par":"Sepam","Dur\u00e9e de lecture estim\u00e9e":"1 minute"},"schema":{"@context":"https:\/\/schema.org","@graph":[{"@type":"Article","@id":"https:\/\/sepam.com.br\/fr\/sepam-leva-enxadristas-para-campeonato-brasileiro-amador\/#article","isPartOf":{"@id":"https:\/\/sepam.com.br\/fr\/sepam-leva-enxadristas-para-campeonato-brasileiro-amador\/"},"author":{"name":"Sepam","@id":"https:\/\/sepam.com.br\/#\/schema\/person\/bfa2996c649a5a6d822766f6e64eb7fd"},"headline":"Sepam leva enxadristas para Campeonato Brasileiro Amador","datePublished":"2025-08-28T13:47:25+00:00","dateModified":"2025-11-24T13:53:36+00:00","mainEntityOfPage":{"@id":"https:\/\/sepam.com.br\/fr\/sepam-leva-enxadristas-para-campeonato-brasileiro-amador\/"},"wordCount":199,"commentCount":0,"publisher":{"@id":"https:\/\/sepam.com.br\/#organization"},"articleSection":["Colegio Sepam"],"inLanguage":"fr-FR","potentialAction":[{"@type":"CommentAction","name":"Comment","target":["https:\/\/sepam.com.br\/fr\/sepam-leva-enxadristas-para-campeonato-brasileiro-amador\/#respond"]}]},{"@type":"WebPage","@id":"https:\/\/sepam.com.br\/fr\/sepam-leva-enxadristas-para-campeonato-brasileiro-amador\/","url":"https:\/\/sepam.com.br\/fr\/sepam-leva-enxadristas-para-campeonato-brasileiro-amador\/","name":"Sepam leva enxadristas para Campeonato Brasileiro Amador - Col\u00e9gio Sepam","isPartOf":{"@id":"https:\/\/sepam.com.br\/#website"},"datePublished":"2025-08-28T13:47:25+00:00","dateModified":"2025-11-24T13:53:36+00:00","breadcrumb":{"@id":"https:\/\/sepam.com.br\/fr\/sepam-leva-enxadristas-para-campeonato-brasileiro-amador\/#breadcrumb"},"inLanguage":"fr-FR","potentialAction":[{"@type":"ReadAction","target":["https:\/\/sepam.com.br\/fr\/sepam-leva-enxadristas-para-campeonato-brasileiro-amador\/"]}]},{"@type":"BreadcrumbList","@id":"https:\/\/sepam.com.br\/fr\/sepam-leva-enxadristas-para-campeonato-brasileiro-amador\/#breadcrumb","itemListElement":[{"@type":"ListItem","position":1,"name":"Boas Vindas","item":"https:\/\/sepam.com.br\/"},{"@type":"ListItem","position":2,"name":"Sepam leva enxadristas para Campeonato Brasileiro Amador"}]},{"@type":"WebSite","@id":"https:\/\/sepam.com.br\/fr\/#website","url":"https:\/\/sepam.com.br\/fr\/","name":"Col\u00e9gio Sepam","description":"Ensino Incompar\u00e1vel","publisher":{"@id":"https:\/\/sepam.com.br\/fr\/#organization"},"potentialAction":[{"@type":"SearchAction","target":{"@type":"EntryPoint","urlTemplate":"https:\/\/sepam.com.br\/fr\/?s={search_term_string}"},"query-input":{"@type":"PropertyValueSpecification","valueRequired":true,"valueName":"search_term_string"}}],"inLanguage":"fr-FR"},{"@type":"Organization","@id":"https:\/\/sepam.com.br\/fr\/#organization","name":"Col\u00e9gio Sepam","url":"https:\/\/sepam.com.br\/fr\/","logo":{"@type":"ImageObject","inLanguage":"fr-FR","@id":"https:\/\/sepam.com.br\/fr\/#\/schema\/logo\/image\/","url":"https:\/\/sepam.com.br\/wp-content\/uploads\/2025\/02\/Ativo-2.png","contentUrl":"https:\/\/sepam.com.br\/wp-content\/uploads\/2025\/02\/Ativo-2.png","width":595,"height":525,"caption":"Col\u00e9gio Sepam"},"image":{"@id":"https:\/\/sepam.com.br\/fr\/#\/schema\/logo\/image\/"}},{"@type":"Person","@id":"https:\/\/sepam.com.br\/#\/schema\/person\/bfa2996c649a5a6d822766f6e64eb7fd","name":"Sepam","image":{"@type":"ImageObject","inLanguage":"fr-FR","@id":"https:\/\/secure.gravatar.com\/avatar\/0219e64664f5861998ad57a3432eb4bd5fd99a34c7cc9bc44b3c59dfb830db85?s=96&d=mm&r=g","url":"https:\/\/secure.gravatar.com\/avatar\/0219e64664f5861998ad57a3432eb4bd5fd99a34c7cc9bc44b3c59dfb830db85?s=96&d=mm&r=g","contentUrl":"https:\/\/secure.gravatar.com\/avatar\/0219e64664f5861998ad57a3432eb4bd5fd99a34c7cc9bc44b3c59dfb830db85?s=96&d=mm&r=g","caption":"Sepam"},"url":"https:\/\/sepam.com.br\/fr\/author\/sepam\/"}]}},"_links":{"self":[{"href":"https:\/\/sepam.com.br\/fr\/wp-json\/wp\/v2\/posts\/7008","targetHints":{"allow":["GET"]}}],"collection":[{"href":"https:\/\/sepam.com.br\/fr\/wp-json\/wp\/v2\/posts"}],"about":[{"href":"https:\/\/sepam.com.br\/fr\/wp-json\/wp\/v2\/types\/post"}],"author":[{"embeddable":true,"href":"https:\/\/sepam.com.br\/fr\/wp-json\/wp\/v2\/users\/13"}],"replies":[{"embeddable":true,"href":"https:\/\/sepam.com.br\/fr\/wp-json\/wp\/v2\/comments?post=7008"}],"version-history":[{"count":1,"href":"https:\/\/sepam.com.br\/fr\/wp-json\/wp\/v2\/posts\/7008\/revisions"}],"predecessor-version":[{"id":7352,"href":"https:\/\/sepam.com.br\/fr\/wp-json\/wp\/v2\/posts\/7008\/revisions\/7352"}],"wp:attachment":[{"href":"https:\/\/sepam.com.br\/fr\/wp-json\/wp\/v2\/media?parent=7008"}],"wp:term":[{"taxonomy":"category","embeddable":true,"href":"https:\/\/sepam.com.br\/fr\/wp-json\/wp\/v2\/categories?post=7008"},{"taxonomy":"post_tag","embeddable":true,"href":"https:\/\/sepam.com.br\/fr\/wp-json\/wp\/v2\/tags?post=7008"}],"curies":[{"name":"wp","href":"https:\/\/api.w.org\/{rel}","templated":true}]}}