{"id":7000,"date":"2025-08-28T10:47:25","date_gmt":"2025-08-28T13:47:25","guid":{"rendered":"https:\/\/dev.alisonandrei.com.br\/noticia\/escola-municipal-osni-vilaca-mongruel-homenageia-seu-patrono\/"},"modified":"2025-11-24T10:53:36","modified_gmt":"2025-11-24T13:53:36","slug":"escola-municipal-osni-vilaca-mongruel-homenageia-seu-patrono","status":"publish","type":"post","link":"https:\/\/sepam.com.br\/fr\/escola-municipal-osni-vilaca-mongruel-homenageia-seu-patrono\/","title":{"rendered":"Escola Municipal Osni Vilaca Mongruel homenageia seu patrono"},"content":{"rendered":"<p>Na \u00faltima semana, a Escola Municipal Professor Osni Vilaca Mongruel promoveu mais uma edi\u00e7\u00e3o da \u201cFeira do Patrono\u201d, que este ano trouxe o tema \u201cOsni narra Vin\u00edcius\u201d, com a declama\u00e7\u00e3o de poemas de Vin\u00edcius de Moraes pelos alunos. A a\u00e7\u00e3o tem por objetivo mostrar o trabalho desenvolvido pela escola e homenagear o professor que d\u00e1 nome \u00e0 escola.<\/p>\n<p>\u201cPara n\u00f3s, esse momento \u00e9 muito importante, pois sabemos o quanto o Professor Osni valorizava a educa\u00e7\u00e3o. E nada \u00e9 mais apropriado do que celebrarmos essa data em um local onde ele se sentia muito \u00e0 vontade e pelo qual tinha uma imensa paix\u00e3o, que \u00e9 a escola\u201d, ressalta a diretora da E.M. Osni, Bianca Maria Novak Lacerda.<\/p>\n<p>A Feira do Patrono teve in\u00edcio em 2002, ano de funda\u00e7\u00e3o da Escola, com o objetivo de celebrar a data de anivers\u00e1rio do falecido Osni Vilaca Mongruel (13 de maio). Desta forma, os temas escolhidos para a feira sempre destacam sua hist\u00f3ria da vida, bem como seus valores e sua paix\u00e3o pelo trabalho.<\/p>\n<p><strong>Destaque<\/strong><\/p>\n<p>Neste ano, a Escola Municipal Professor Osni Vilaca Mongruel est\u00e1 concorrendo ao pr\u00eamio nacional de Boas Pr\u00e1ticas em Gest\u00e3o Escolar, promovido pelo Instituto Elos, junto com as escolas: EM Aldo Bonde General e E.M Maria Antonia de Andrade. \u201cTenho certeza que nosso Patrono ficaria muito honrado em saber que procuramos sempre zelar por boas a\u00e7\u00f5es e bons trabalhos, preservando assim o exemplo de amor e dedica\u00e7\u00e3o \u00e0 escola que ele nos deixou\u201d, finaliza Bianca.<\/p>\n","protected":false},"excerpt":{"rendered":"<p>Na \u00faltima semana, a Escola Municipal Professor Osni Vilaca Mongruel promoveu mais uma edi\u00e7\u00e3o da \u201cFeira do Patrono\u201d, que este ano trouxe o tema \u201cOsni narra Vin\u00edcius\u201d, com a declama\u00e7\u00e3o de poemas de Vin\u00edcius de Moraes pelos alunos. A a\u00e7\u00e3o tem por objetivo mostrar o trabalho desenvolvido pela escola e homenagear o professor que d\u00e1 [&hellip;]<\/p>\n","protected":false},"author":13,"featured_media":0,"comment_status":"open","ping_status":"open","sticky":false,"template":"","format":"standard","meta":{"footnotes":""},"categories":[21],"tags":[],"class_list":["post-7000","post","type-post","status-publish","format-standard","hentry","category-colegio-sepam"],"yoast_head":"<!-- This site is optimized with the Yoast SEO plugin v28.4 - https:\/\/yoast.com\/product\/yoast-seo-wordpress\/ -->\n<title>Escola Municipal Osni Vilaca Mongruel homenageia seu patrono<\/title>\n<meta name=\"description\" content=\"Na \u00faltima semana, a Escola Municipal Professor Osni Vilaca Mongruel promoveu mais uma edi\u00e7\u00e3o da \u201cFeira do Patrono\u201d, que este ano trouxe o tema \u201cOsni narra Vin\u00edcius\u201d, com a declama\u00e7\u00e3o de poemas de Vin\u00edcius de Moraes pelos alunos. A a\u00e7\u00e3o tem por objetivo mostrar o trabalho desenvolvido pela escola e homenagear o professor que d\u00e1\u2026\" \/>\n<meta name=\"robots\" content=\"index, follow, max-snippet:-1, max-image-preview:large, max-video-preview:-1\" \/>\n<link rel=\"canonical\" href=\"https:\/\/sepam.com.br\/fr\/escola-municipal-osni-vilaca-mongruel-homenageia-seu-patrono\/\" \/>\n<meta property=\"og:locale\" content=\"fr_FR\" \/>\n<meta property=\"og:type\" content=\"article\" \/>\n<meta property=\"og:title\" content=\"Escola Municipal Osni Vilaca Mongruel homenageia seu patrono\" \/>\n<meta property=\"og:description\" content=\"Na \u00faltima semana, a Escola Municipal Professor Osni Vilaca Mongruel promoveu mais uma edi\u00e7\u00e3o da \u201cFeira do Patrono\u201d, que este ano trouxe o tema \u201cOsni narra Vin\u00edcius\u201d, com a declama\u00e7\u00e3o de poemas de Vin\u00edcius de Moraes pelos alunos. A a\u00e7\u00e3o tem por objetivo mostrar o trabalho desenvolvido pela escola e homenagear o professor que d\u00e1\u2026\" \/>\n<meta property=\"og:url\" content=\"https:\/\/sepam.com.br\/fr\/escola-municipal-osni-vilaca-mongruel-homenageia-seu-patrono\/\" \/>\n<meta property=\"og:site_name\" content=\"Col\u00e9gio Sepam\" \/>\n<meta property=\"article:published_time\" content=\"2025-08-28T13:47:25+00:00\" \/>\n<meta property=\"article:modified_time\" content=\"2025-11-24T13:53:36+00:00\" \/>\n<meta name=\"author\" content=\"Sepam\" \/>\n<meta name=\"twitter:card\" content=\"summary_large_image\" \/>\n<meta name=\"twitter:label1\" content=\"\u00c9crit par\" \/>\n\t<meta name=\"twitter:data1\" content=\"Sepam\" \/>\n\t<meta name=\"twitter:label2\" content=\"Dur\u00e9e de lecture estim\u00e9e\" \/>\n\t<meta name=\"twitter:data2\" content=\"1 minute\" \/>\n<script type=\"application\/ld+json\" class=\"yoast-schema-graph\">{\"@context\":\"https:\\\/\\\/schema.org\",\"@graph\":[{\"@type\":\"Article\",\"@id\":\"https:\\\/\\\/sepam.com.br\\\/fr\\\/escola-municipal-osni-vilaca-mongruel-homenageia-seu-patrono\\\/#article\",\"isPartOf\":{\"@id\":\"https:\\\/\\\/sepam.com.br\\\/fr\\\/escola-municipal-osni-vilaca-mongruel-homenageia-seu-patrono\\\/\"},\"author\":{\"name\":\"Sepam\",\"@id\":\"https:\\\/\\\/sepam.com.br\\\/#\\\/schema\\\/person\\\/bfa2996c649a5a6d822766f6e64eb7fd\"},\"headline\":\"Escola Municipal Osni Vilaca Mongruel homenageia seu patrono\",\"datePublished\":\"2025-08-28T13:47:25+00:00\",\"dateModified\":\"2025-11-24T13:53:36+00:00\",\"mainEntityOfPage\":{\"@id\":\"https:\\\/\\\/sepam.com.br\\\/fr\\\/escola-municipal-osni-vilaca-mongruel-homenageia-seu-patrono\\\/\"},\"wordCount\":264,\"commentCount\":0,\"publisher\":{\"@id\":\"https:\\\/\\\/sepam.com.br\\\/#organization\"},\"articleSection\":[\"Colegio Sepam\"],\"inLanguage\":\"fr-FR\",\"potentialAction\":[{\"@type\":\"CommentAction\",\"name\":\"Comment\",\"target\":[\"https:\\\/\\\/sepam.com.br\\\/fr\\\/escola-municipal-osni-vilaca-mongruel-homenageia-seu-patrono\\\/#respond\"]}]},{\"@type\":\"WebPage\",\"@id\":\"https:\\\/\\\/sepam.com.br\\\/fr\\\/escola-municipal-osni-vilaca-mongruel-homenageia-seu-patrono\\\/\",\"url\":\"https:\\\/\\\/sepam.com.br\\\/fr\\\/escola-municipal-osni-vilaca-mongruel-homenageia-seu-patrono\\\/\",\"name\":\"Escola Municipal Osni Vilaca Mongruel homenageia seu patrono - Col\u00e9gio Sepam\",\"isPartOf\":{\"@id\":\"https:\\\/\\\/sepam.com.br\\\/#website\"},\"datePublished\":\"2025-08-28T13:47:25+00:00\",\"dateModified\":\"2025-11-24T13:53:36+00:00\",\"breadcrumb\":{\"@id\":\"https:\\\/\\\/sepam.com.br\\\/fr\\\/escola-municipal-osni-vilaca-mongruel-homenageia-seu-patrono\\\/#breadcrumb\"},\"inLanguage\":\"fr-FR\",\"potentialAction\":[{\"@type\":\"ReadAction\",\"target\":[\"https:\\\/\\\/sepam.com.br\\\/fr\\\/escola-municipal-osni-vilaca-mongruel-homenageia-seu-patrono\\\/\"]}]},{\"@type\":\"BreadcrumbList\",\"@id\":\"https:\\\/\\\/sepam.com.br\\\/fr\\\/escola-municipal-osni-vilaca-mongruel-homenageia-seu-patrono\\\/#breadcrumb\",\"itemListElement\":[{\"@type\":\"ListItem\",\"position\":1,\"name\":\"Boas Vindas\",\"item\":\"https:\\\/\\\/sepam.com.br\\\/\"},{\"@type\":\"ListItem\",\"position\":2,\"name\":\"Escola Municipal Osni Vilaca Mongruel homenageia seu patrono\"}]},{\"@type\":\"WebSite\",\"@id\":\"https:\\\/\\\/sepam.com.br\\\/fr\\\/#website\",\"url\":\"https:\\\/\\\/sepam.com.br\\\/fr\\\/\",\"name\":\"Col\u00e9gio Sepam\",\"description\":\"Ensino Incompar\u00e1vel\",\"publisher\":{\"@id\":\"https:\\\/\\\/sepam.com.br\\\/fr\\\/#organization\"},\"potentialAction\":[{\"@type\":\"SearchAction\",\"target\":{\"@type\":\"EntryPoint\",\"urlTemplate\":\"https:\\\/\\\/sepam.com.br\\\/fr\\\/?s={search_term_string}\"},\"query-input\":{\"@type\":\"PropertyValueSpecification\",\"valueRequired\":true,\"valueName\":\"search_term_string\"}}],\"inLanguage\":\"fr-FR\"},{\"@type\":\"Organization\",\"@id\":\"https:\\\/\\\/sepam.com.br\\\/fr\\\/#organization\",\"name\":\"Col\u00e9gio Sepam\",\"url\":\"https:\\\/\\\/sepam.com.br\\\/fr\\\/\",\"logo\":{\"@type\":\"ImageObject\",\"inLanguage\":\"fr-FR\",\"@id\":\"https:\\\/\\\/sepam.com.br\\\/fr\\\/#\\\/schema\\\/logo\\\/image\\\/\",\"url\":\"https:\\\/\\\/sepam.com.br\\\/wp-content\\\/uploads\\\/2025\\\/02\\\/Ativo-2.png\",\"contentUrl\":\"https:\\\/\\\/sepam.com.br\\\/wp-content\\\/uploads\\\/2025\\\/02\\\/Ativo-2.png\",\"width\":595,\"height\":525,\"caption\":\"Col\u00e9gio Sepam\"},\"image\":{\"@id\":\"https:\\\/\\\/sepam.com.br\\\/fr\\\/#\\\/schema\\\/logo\\\/image\\\/\"}},{\"@type\":\"Person\",\"@id\":\"https:\\\/\\\/sepam.com.br\\\/#\\\/schema\\\/person\\\/bfa2996c649a5a6d822766f6e64eb7fd\",\"name\":\"Sepam\",\"image\":{\"@type\":\"ImageObject\",\"inLanguage\":\"fr-FR\",\"@id\":\"https:\\\/\\\/secure.gravatar.com\\\/avatar\\\/0219e64664f5861998ad57a3432eb4bd5fd99a34c7cc9bc44b3c59dfb830db85?s=96&d=mm&r=g\",\"url\":\"https:\\\/\\\/secure.gravatar.com\\\/avatar\\\/0219e64664f5861998ad57a3432eb4bd5fd99a34c7cc9bc44b3c59dfb830db85?s=96&d=mm&r=g\",\"contentUrl\":\"https:\\\/\\\/secure.gravatar.com\\\/avatar\\\/0219e64664f5861998ad57a3432eb4bd5fd99a34c7cc9bc44b3c59dfb830db85?s=96&d=mm&r=g\",\"caption\":\"Sepam\"},\"url\":\"https:\\\/\\\/sepam.com.br\\\/fr\\\/author\\\/sepam\\\/\"}]}<\/script>\n<!-- \/ Yoast SEO plugin. -->","yoast_head_json":{"title":"Escola Municipal Osni Vilaca Mongruel homenageia seu patrono","description":"Na \u00faltima semana, a Escola Municipal Professor Osni Vilaca Mongruel promoveu mais uma edi\u00e7\u00e3o da \u201cFeira do Patrono\u201d, que este ano trouxe o tema \u201cOsni narra Vin\u00edcius\u201d, com a declama\u00e7\u00e3o de poemas de Vin\u00edcius de Moraes pelos alunos. A a\u00e7\u00e3o tem por objetivo mostrar o trabalho desenvolvido pela escola e homenagear o professor que d\u00e1\u2026","robots":{"index":"index","follow":"follow","max-snippet":"max-snippet:-1","max-image-preview":"max-image-preview:large","max-video-preview":"max-video-preview:-1"},"canonical":"https:\/\/sepam.com.br\/fr\/escola-municipal-osni-vilaca-mongruel-homenageia-seu-patrono\/","og_locale":"fr_FR","og_type":"article","og_title":"Escola Municipal Osni Vilaca Mongruel homenageia seu patrono","og_description":"Na \u00faltima semana, a Escola Municipal Professor Osni Vilaca Mongruel promoveu mais uma edi\u00e7\u00e3o da \u201cFeira do Patrono\u201d, que este ano trouxe o tema \u201cOsni narra Vin\u00edcius\u201d, com a declama\u00e7\u00e3o de poemas de Vin\u00edcius de Moraes pelos alunos. A a\u00e7\u00e3o tem por objetivo mostrar o trabalho desenvolvido pela escola e homenagear o professor que d\u00e1\u2026","og_url":"https:\/\/sepam.com.br\/fr\/escola-municipal-osni-vilaca-mongruel-homenageia-seu-patrono\/","og_site_name":"Col\u00e9gio Sepam","article_published_time":"2025-08-28T13:47:25+00:00","article_modified_time":"2025-11-24T13:53:36+00:00","author":"Sepam","twitter_card":"summary_large_image","twitter_misc":{"\u00c9crit par":"Sepam","Dur\u00e9e de lecture estim\u00e9e":"1 minute"},"schema":{"@context":"https:\/\/schema.org","@graph":[{"@type":"Article","@id":"https:\/\/sepam.com.br\/fr\/escola-municipal-osni-vilaca-mongruel-homenageia-seu-patrono\/#article","isPartOf":{"@id":"https:\/\/sepam.com.br\/fr\/escola-municipal-osni-vilaca-mongruel-homenageia-seu-patrono\/"},"author":{"name":"Sepam","@id":"https:\/\/sepam.com.br\/#\/schema\/person\/bfa2996c649a5a6d822766f6e64eb7fd"},"headline":"Escola Municipal Osni Vilaca Mongruel homenageia seu patrono","datePublished":"2025-08-28T13:47:25+00:00","dateModified":"2025-11-24T13:53:36+00:00","mainEntityOfPage":{"@id":"https:\/\/sepam.com.br\/fr\/escola-municipal-osni-vilaca-mongruel-homenageia-seu-patrono\/"},"wordCount":264,"commentCount":0,"publisher":{"@id":"https:\/\/sepam.com.br\/#organization"},"articleSection":["Colegio Sepam"],"inLanguage":"fr-FR","potentialAction":[{"@type":"CommentAction","name":"Comment","target":["https:\/\/sepam.com.br\/fr\/escola-municipal-osni-vilaca-mongruel-homenageia-seu-patrono\/#respond"]}]},{"@type":"WebPage","@id":"https:\/\/sepam.com.br\/fr\/escola-municipal-osni-vilaca-mongruel-homenageia-seu-patrono\/","url":"https:\/\/sepam.com.br\/fr\/escola-municipal-osni-vilaca-mongruel-homenageia-seu-patrono\/","name":"Escola Municipal Osni Vilaca Mongruel homenageia seu patrono - Col\u00e9gio Sepam","isPartOf":{"@id":"https:\/\/sepam.com.br\/#website"},"datePublished":"2025-08-28T13:47:25+00:00","dateModified":"2025-11-24T13:53:36+00:00","breadcrumb":{"@id":"https:\/\/sepam.com.br\/fr\/escola-municipal-osni-vilaca-mongruel-homenageia-seu-patrono\/#breadcrumb"},"inLanguage":"fr-FR","potentialAction":[{"@type":"ReadAction","target":["https:\/\/sepam.com.br\/fr\/escola-municipal-osni-vilaca-mongruel-homenageia-seu-patrono\/"]}]},{"@type":"BreadcrumbList","@id":"https:\/\/sepam.com.br\/fr\/escola-municipal-osni-vilaca-mongruel-homenageia-seu-patrono\/#breadcrumb","itemListElement":[{"@type":"ListItem","position":1,"name":"Boas Vindas","item":"https:\/\/sepam.com.br\/"},{"@type":"ListItem","position":2,"name":"Escola Municipal Osni Vilaca Mongruel homenageia seu patrono"}]},{"@type":"WebSite","@id":"https:\/\/sepam.com.br\/fr\/#website","url":"https:\/\/sepam.com.br\/fr\/","name":"Col\u00e9gio Sepam","description":"Ensino Incompar\u00e1vel","publisher":{"@id":"https:\/\/sepam.com.br\/fr\/#organization"},"potentialAction":[{"@type":"SearchAction","target":{"@type":"EntryPoint","urlTemplate":"https:\/\/sepam.com.br\/fr\/?s={search_term_string}"},"query-input":{"@type":"PropertyValueSpecification","valueRequired":true,"valueName":"search_term_string"}}],"inLanguage":"fr-FR"},{"@type":"Organization","@id":"https:\/\/sepam.com.br\/fr\/#organization","name":"Col\u00e9gio Sepam","url":"https:\/\/sepam.com.br\/fr\/","logo":{"@type":"ImageObject","inLanguage":"fr-FR","@id":"https:\/\/sepam.com.br\/fr\/#\/schema\/logo\/image\/","url":"https:\/\/sepam.com.br\/wp-content\/uploads\/2025\/02\/Ativo-2.png","contentUrl":"https:\/\/sepam.com.br\/wp-content\/uploads\/2025\/02\/Ativo-2.png","width":595,"height":525,"caption":"Col\u00e9gio Sepam"},"image":{"@id":"https:\/\/sepam.com.br\/fr\/#\/schema\/logo\/image\/"}},{"@type":"Person","@id":"https:\/\/sepam.com.br\/#\/schema\/person\/bfa2996c649a5a6d822766f6e64eb7fd","name":"Sepam","image":{"@type":"ImageObject","inLanguage":"fr-FR","@id":"https:\/\/secure.gravatar.com\/avatar\/0219e64664f5861998ad57a3432eb4bd5fd99a34c7cc9bc44b3c59dfb830db85?s=96&d=mm&r=g","url":"https:\/\/secure.gravatar.com\/avatar\/0219e64664f5861998ad57a3432eb4bd5fd99a34c7cc9bc44b3c59dfb830db85?s=96&d=mm&r=g","contentUrl":"https:\/\/secure.gravatar.com\/avatar\/0219e64664f5861998ad57a3432eb4bd5fd99a34c7cc9bc44b3c59dfb830db85?s=96&d=mm&r=g","caption":"Sepam"},"url":"https:\/\/sepam.com.br\/fr\/author\/sepam\/"}]}},"_links":{"self":[{"href":"https:\/\/sepam.com.br\/fr\/wp-json\/wp\/v2\/posts\/7000","targetHints":{"allow":["GET"]}}],"collection":[{"href":"https:\/\/sepam.com.br\/fr\/wp-json\/wp\/v2\/posts"}],"about":[{"href":"https:\/\/sepam.com.br\/fr\/wp-json\/wp\/v2\/types\/post"}],"author":[{"embeddable":true,"href":"https:\/\/sepam.com.br\/fr\/wp-json\/wp\/v2\/users\/13"}],"replies":[{"embeddable":true,"href":"https:\/\/sepam.com.br\/fr\/wp-json\/wp\/v2\/comments?post=7000"}],"version-history":[{"count":1,"href":"https:\/\/sepam.com.br\/fr\/wp-json\/wp\/v2\/posts\/7000\/revisions"}],"predecessor-version":[{"id":7344,"href":"https:\/\/sepam.com.br\/fr\/wp-json\/wp\/v2\/posts\/7000\/revisions\/7344"}],"wp:attachment":[{"href":"https:\/\/sepam.com.br\/fr\/wp-json\/wp\/v2\/media?parent=7000"}],"wp:term":[{"taxonomy":"category","embeddable":true,"href":"https:\/\/sepam.com.br\/fr\/wp-json\/wp\/v2\/categories?post=7000"},{"taxonomy":"post_tag","embeddable":true,"href":"https:\/\/sepam.com.br\/fr\/wp-json\/wp\/v2\/tags?post=7000"}],"curies":[{"name":"wp","href":"https:\/\/api.w.org\/{rel}","templated":true}]}}