{"id":6989,"date":"2025-08-28T10:47:22","date_gmt":"2025-08-28T13:47:22","guid":{"rendered":"https:\/\/dev.alisonandrei.com.br\/noticia\/sepam-vai-para-cascavel-em-busca-da-taca-parana-de-handebol\/"},"modified":"2025-11-24T10:53:36","modified_gmt":"2025-11-24T13:53:36","slug":"sepam-vai-para-cascavel-em-busca-da-taca-parana-de-handebol","status":"publish","type":"post","link":"https:\/\/sepam.com.br\/fr\/sepam-vai-para-cascavel-em-busca-da-taca-parana-de-handebol\/","title":{"rendered":"Sepam vai para Cascavel em busca da Ta\u00e7a Paran\u00e1 de Handebol"},"content":{"rendered":"<p>O fim de semana ser\u00e1 de grande desafio para a equipe de Handebol do Col\u00e9gio Sepam de Ponta Grossa. O grupo chegou nesta sexta-feira, 3 de maio, em Cascavel (PR), onde \u00e0s 16h30 j\u00e1 estar\u00e1 em quadra. A disputa, at\u00e9 domingo, 5, \u00e9 pela ta\u00e7a do Paran\u00e1 Handebol Cup 2019\u00a0 \u2013 categoria sub 15. A primeira partida ser\u00e1 contra o Santa Isabel do Oeste.<\/p>\n<p>Segundo o treinador do Sepam, Jo\u00e3o Leandro Bartniak Pereira, neste s\u00e1bado, 4, o campeonato segue com a sua equipe jogando, pela manh\u00e3, contra o time da cidade de Bom Sucesso. A classifica\u00e7\u00e3o para a final depender\u00e1 dos resultados dos primeiros jogos.<\/p>\n<p>De acordo com o t\u00e9cnico, essa \u00e9 a primeira grande competi\u00e7\u00e3o que o Sepam enfrenta neste ano. Para tanto, a equipe, formada por garotos entre 14 e 15 anos de idade, est\u00e1 sendo treinada desde 2012 e j\u00e1 passou por v\u00e1rios desafios. \u201cEsse grupo vem dos jogos escolares do ano passado, com algumas mudan\u00e7as\u201d, destaca. \u201c\u00c9 a primeira vez que est\u00e3o indo para esta disputa, que tamb\u00e9m \u00e9 um treinamento para competi\u00e7\u00f5es futuras\u201d, completa Jo\u00e3o.<\/p>\n<p><em>Ta\u00e7a<\/em><\/p>\n<p>O campeonato \u00e9 uma realiza\u00e7\u00e3o da Liga de Handebol do Paran\u00e1, filiada \u00e0 Confedera\u00e7\u00e3o Brasileira de Handebol (CBHb). A disputa vale o Trof\u00e9u Ant\u00f4nio Cesar de Oliveira \u2013 Cesinha, ex-\u00e1rbitro paranaense. As partidas acontecem no Gin\u00e1sio de Esportes da Faculdade Assis Gurgacz (FAG), em Cascavel<\/p>\n<p><strong>\u00a0<\/strong><\/p>\n<p><strong>Programa\u00e7\u00e3o <\/strong><\/p>\n<p>3 de maio<\/p>\n<p>16h20 \u2013 Col\u00e9gio Sepam x P.M. Santa Izabel do Oeste\/AIHA<\/p>\n<p>4 de maio<\/p>\n<p>08h3- ACH\/Cascavel\/AC5 x Col\u00e9gio Sepam<\/p>\n<p>5 de maio<\/p>\n<p>Hor\u00e1rio e disputa depende da classifica\u00e7\u00e3o dos times<\/p>\n<p>Fonte: Liga de Handebol do Paran\u00e1<\/p>\n<p>&nbsp;<\/p>\n","protected":false},"excerpt":{"rendered":"<p>O fim de semana ser\u00e1 de grande desafio para a equipe de Handebol do Col\u00e9gio Sepam de Ponta Grossa. O grupo chegou nesta sexta-feira, 3 de maio, em Cascavel (PR), onde \u00e0s 16h30 j\u00e1 estar\u00e1 em quadra. A disputa, at\u00e9 domingo, 5, \u00e9 pela ta\u00e7a do Paran\u00e1 Handebol Cup 2019\u00a0 \u2013 categoria sub 15. A [&hellip;]<\/p>\n","protected":false},"author":13,"featured_media":0,"comment_status":"open","ping_status":"open","sticky":false,"template":"","format":"standard","meta":{"footnotes":""},"categories":[21],"tags":[],"class_list":["post-6989","post","type-post","status-publish","format-standard","hentry","category-colegio-sepam"],"yoast_head":"<!-- This site is optimized with the Yoast SEO plugin v28.4 - https:\/\/yoast.com\/product\/yoast-seo-wordpress\/ -->\n<title>Sepam vai para Cascavel em busca da Ta\u00e7a Paran\u00e1 de Handebol<\/title>\n<meta name=\"description\" content=\"O fim de semana ser\u00e1 de grande desafio para a equipe de Handebol do Col\u00e9gio Sepam de Ponta Grossa. O grupo chegou nesta sexta-feira, 3 de maio, em Cascavel (PR), onde \u00e0s 16h30 j\u00e1 estar\u00e1 em quadra. A disputa, at\u00e9 domingo, 5, \u00e9 pela ta\u00e7a do Paran\u00e1 Handebol Cup 2019\u00a0 \u2013 categoria sub 15. A\u2026\" \/>\n<meta name=\"robots\" content=\"index, follow, max-snippet:-1, max-image-preview:large, max-video-preview:-1\" \/>\n<link rel=\"canonical\" href=\"https:\/\/sepam.com.br\/fr\/sepam-vai-para-cascavel-em-busca-da-taca-parana-de-handebol\/\" \/>\n<meta property=\"og:locale\" content=\"fr_FR\" \/>\n<meta property=\"og:type\" content=\"article\" \/>\n<meta property=\"og:title\" content=\"Sepam vai para Cascavel em busca da Ta\u00e7a Paran\u00e1 de Handebol\" \/>\n<meta property=\"og:description\" content=\"O fim de semana ser\u00e1 de grande desafio para a equipe de Handebol do Col\u00e9gio Sepam de Ponta Grossa. O grupo chegou nesta sexta-feira, 3 de maio, em Cascavel (PR), onde \u00e0s 16h30 j\u00e1 estar\u00e1 em quadra. A disputa, at\u00e9 domingo, 5, \u00e9 pela ta\u00e7a do Paran\u00e1 Handebol Cup 2019\u00a0 \u2013 categoria sub 15. A\u2026\" \/>\n<meta property=\"og:url\" content=\"https:\/\/sepam.com.br\/fr\/sepam-vai-para-cascavel-em-busca-da-taca-parana-de-handebol\/\" \/>\n<meta property=\"og:site_name\" content=\"Col\u00e9gio Sepam\" \/>\n<meta property=\"article:published_time\" content=\"2025-08-28T13:47:22+00:00\" \/>\n<meta property=\"article:modified_time\" content=\"2025-11-24T13:53:36+00:00\" \/>\n<meta name=\"author\" content=\"Sepam\" \/>\n<meta name=\"twitter:card\" content=\"summary_large_image\" \/>\n<meta name=\"twitter:label1\" content=\"\u00c9crit par\" \/>\n\t<meta name=\"twitter:data1\" content=\"Sepam\" \/>\n\t<meta name=\"twitter:label2\" content=\"Dur\u00e9e de lecture estim\u00e9e\" \/>\n\t<meta name=\"twitter:data2\" content=\"1 minute\" \/>\n<script type=\"application\/ld+json\" class=\"yoast-schema-graph\">{\"@context\":\"https:\\\/\\\/schema.org\",\"@graph\":[{\"@type\":\"Article\",\"@id\":\"https:\\\/\\\/sepam.com.br\\\/fr\\\/sepam-vai-para-cascavel-em-busca-da-taca-parana-de-handebol\\\/#article\",\"isPartOf\":{\"@id\":\"https:\\\/\\\/sepam.com.br\\\/fr\\\/sepam-vai-para-cascavel-em-busca-da-taca-parana-de-handebol\\\/\"},\"author\":{\"name\":\"Sepam\",\"@id\":\"https:\\\/\\\/sepam.com.br\\\/#\\\/schema\\\/person\\\/bfa2996c649a5a6d822766f6e64eb7fd\"},\"headline\":\"Sepam vai para Cascavel em busca da Ta\u00e7a Paran\u00e1 de Handebol\",\"datePublished\":\"2025-08-28T13:47:22+00:00\",\"dateModified\":\"2025-11-24T13:53:36+00:00\",\"mainEntityOfPage\":{\"@id\":\"https:\\\/\\\/sepam.com.br\\\/fr\\\/sepam-vai-para-cascavel-em-busca-da-taca-parana-de-handebol\\\/\"},\"wordCount\":288,\"commentCount\":0,\"publisher\":{\"@id\":\"https:\\\/\\\/sepam.com.br\\\/#organization\"},\"articleSection\":[\"Colegio Sepam\"],\"inLanguage\":\"fr-FR\",\"potentialAction\":[{\"@type\":\"CommentAction\",\"name\":\"Comment\",\"target\":[\"https:\\\/\\\/sepam.com.br\\\/fr\\\/sepam-vai-para-cascavel-em-busca-da-taca-parana-de-handebol\\\/#respond\"]}]},{\"@type\":\"WebPage\",\"@id\":\"https:\\\/\\\/sepam.com.br\\\/fr\\\/sepam-vai-para-cascavel-em-busca-da-taca-parana-de-handebol\\\/\",\"url\":\"https:\\\/\\\/sepam.com.br\\\/fr\\\/sepam-vai-para-cascavel-em-busca-da-taca-parana-de-handebol\\\/\",\"name\":\"Sepam vai para Cascavel em busca da Ta\u00e7a Paran\u00e1 de Handebol - Col\u00e9gio Sepam\",\"isPartOf\":{\"@id\":\"https:\\\/\\\/sepam.com.br\\\/#website\"},\"datePublished\":\"2025-08-28T13:47:22+00:00\",\"dateModified\":\"2025-11-24T13:53:36+00:00\",\"breadcrumb\":{\"@id\":\"https:\\\/\\\/sepam.com.br\\\/fr\\\/sepam-vai-para-cascavel-em-busca-da-taca-parana-de-handebol\\\/#breadcrumb\"},\"inLanguage\":\"fr-FR\",\"potentialAction\":[{\"@type\":\"ReadAction\",\"target\":[\"https:\\\/\\\/sepam.com.br\\\/fr\\\/sepam-vai-para-cascavel-em-busca-da-taca-parana-de-handebol\\\/\"]}]},{\"@type\":\"BreadcrumbList\",\"@id\":\"https:\\\/\\\/sepam.com.br\\\/fr\\\/sepam-vai-para-cascavel-em-busca-da-taca-parana-de-handebol\\\/#breadcrumb\",\"itemListElement\":[{\"@type\":\"ListItem\",\"position\":1,\"name\":\"Boas Vindas\",\"item\":\"https:\\\/\\\/sepam.com.br\\\/\"},{\"@type\":\"ListItem\",\"position\":2,\"name\":\"Sepam vai para Cascavel em busca da Ta\u00e7a Paran\u00e1 de Handebol\"}]},{\"@type\":\"WebSite\",\"@id\":\"https:\\\/\\\/sepam.com.br\\\/fr\\\/#website\",\"url\":\"https:\\\/\\\/sepam.com.br\\\/fr\\\/\",\"name\":\"Col\u00e9gio Sepam\",\"description\":\"Ensino Incompar\u00e1vel\",\"publisher\":{\"@id\":\"https:\\\/\\\/sepam.com.br\\\/fr\\\/#organization\"},\"potentialAction\":[{\"@type\":\"SearchAction\",\"target\":{\"@type\":\"EntryPoint\",\"urlTemplate\":\"https:\\\/\\\/sepam.com.br\\\/fr\\\/?s={search_term_string}\"},\"query-input\":{\"@type\":\"PropertyValueSpecification\",\"valueRequired\":true,\"valueName\":\"search_term_string\"}}],\"inLanguage\":\"fr-FR\"},{\"@type\":\"Organization\",\"@id\":\"https:\\\/\\\/sepam.com.br\\\/fr\\\/#organization\",\"name\":\"Col\u00e9gio Sepam\",\"url\":\"https:\\\/\\\/sepam.com.br\\\/fr\\\/\",\"logo\":{\"@type\":\"ImageObject\",\"inLanguage\":\"fr-FR\",\"@id\":\"https:\\\/\\\/sepam.com.br\\\/fr\\\/#\\\/schema\\\/logo\\\/image\\\/\",\"url\":\"https:\\\/\\\/sepam.com.br\\\/wp-content\\\/uploads\\\/2025\\\/02\\\/Ativo-2.png\",\"contentUrl\":\"https:\\\/\\\/sepam.com.br\\\/wp-content\\\/uploads\\\/2025\\\/02\\\/Ativo-2.png\",\"width\":595,\"height\":525,\"caption\":\"Col\u00e9gio Sepam\"},\"image\":{\"@id\":\"https:\\\/\\\/sepam.com.br\\\/fr\\\/#\\\/schema\\\/logo\\\/image\\\/\"}},{\"@type\":\"Person\",\"@id\":\"https:\\\/\\\/sepam.com.br\\\/#\\\/schema\\\/person\\\/bfa2996c649a5a6d822766f6e64eb7fd\",\"name\":\"Sepam\",\"image\":{\"@type\":\"ImageObject\",\"inLanguage\":\"fr-FR\",\"@id\":\"https:\\\/\\\/secure.gravatar.com\\\/avatar\\\/0219e64664f5861998ad57a3432eb4bd5fd99a34c7cc9bc44b3c59dfb830db85?s=96&d=mm&r=g\",\"url\":\"https:\\\/\\\/secure.gravatar.com\\\/avatar\\\/0219e64664f5861998ad57a3432eb4bd5fd99a34c7cc9bc44b3c59dfb830db85?s=96&d=mm&r=g\",\"contentUrl\":\"https:\\\/\\\/secure.gravatar.com\\\/avatar\\\/0219e64664f5861998ad57a3432eb4bd5fd99a34c7cc9bc44b3c59dfb830db85?s=96&d=mm&r=g\",\"caption\":\"Sepam\"},\"url\":\"https:\\\/\\\/sepam.com.br\\\/fr\\\/author\\\/sepam\\\/\"}]}<\/script>\n<!-- \/ Yoast SEO plugin. -->","yoast_head_json":{"title":"Sepam vai para Cascavel em busca da Ta\u00e7a Paran\u00e1 de Handebol","description":"O fim de semana ser\u00e1 de grande desafio para a equipe de Handebol do Col\u00e9gio Sepam de Ponta Grossa. O grupo chegou nesta sexta-feira, 3 de maio, em Cascavel (PR), onde \u00e0s 16h30 j\u00e1 estar\u00e1 em quadra. A disputa, at\u00e9 domingo, 5, \u00e9 pela ta\u00e7a do Paran\u00e1 Handebol Cup 2019\u00a0 \u2013 categoria sub 15. A\u2026","robots":{"index":"index","follow":"follow","max-snippet":"max-snippet:-1","max-image-preview":"max-image-preview:large","max-video-preview":"max-video-preview:-1"},"canonical":"https:\/\/sepam.com.br\/fr\/sepam-vai-para-cascavel-em-busca-da-taca-parana-de-handebol\/","og_locale":"fr_FR","og_type":"article","og_title":"Sepam vai para Cascavel em busca da Ta\u00e7a Paran\u00e1 de Handebol","og_description":"O fim de semana ser\u00e1 de grande desafio para a equipe de Handebol do Col\u00e9gio Sepam de Ponta Grossa. O grupo chegou nesta sexta-feira, 3 de maio, em Cascavel (PR), onde \u00e0s 16h30 j\u00e1 estar\u00e1 em quadra. A disputa, at\u00e9 domingo, 5, \u00e9 pela ta\u00e7a do Paran\u00e1 Handebol Cup 2019\u00a0 \u2013 categoria sub 15. A\u2026","og_url":"https:\/\/sepam.com.br\/fr\/sepam-vai-para-cascavel-em-busca-da-taca-parana-de-handebol\/","og_site_name":"Col\u00e9gio Sepam","article_published_time":"2025-08-28T13:47:22+00:00","article_modified_time":"2025-11-24T13:53:36+00:00","author":"Sepam","twitter_card":"summary_large_image","twitter_misc":{"\u00c9crit par":"Sepam","Dur\u00e9e de lecture estim\u00e9e":"1 minute"},"schema":{"@context":"https:\/\/schema.org","@graph":[{"@type":"Article","@id":"https:\/\/sepam.com.br\/fr\/sepam-vai-para-cascavel-em-busca-da-taca-parana-de-handebol\/#article","isPartOf":{"@id":"https:\/\/sepam.com.br\/fr\/sepam-vai-para-cascavel-em-busca-da-taca-parana-de-handebol\/"},"author":{"name":"Sepam","@id":"https:\/\/sepam.com.br\/#\/schema\/person\/bfa2996c649a5a6d822766f6e64eb7fd"},"headline":"Sepam vai para Cascavel em busca da Ta\u00e7a Paran\u00e1 de Handebol","datePublished":"2025-08-28T13:47:22+00:00","dateModified":"2025-11-24T13:53:36+00:00","mainEntityOfPage":{"@id":"https:\/\/sepam.com.br\/fr\/sepam-vai-para-cascavel-em-busca-da-taca-parana-de-handebol\/"},"wordCount":288,"commentCount":0,"publisher":{"@id":"https:\/\/sepam.com.br\/#organization"},"articleSection":["Colegio Sepam"],"inLanguage":"fr-FR","potentialAction":[{"@type":"CommentAction","name":"Comment","target":["https:\/\/sepam.com.br\/fr\/sepam-vai-para-cascavel-em-busca-da-taca-parana-de-handebol\/#respond"]}]},{"@type":"WebPage","@id":"https:\/\/sepam.com.br\/fr\/sepam-vai-para-cascavel-em-busca-da-taca-parana-de-handebol\/","url":"https:\/\/sepam.com.br\/fr\/sepam-vai-para-cascavel-em-busca-da-taca-parana-de-handebol\/","name":"Sepam vai para Cascavel em busca da Ta\u00e7a Paran\u00e1 de Handebol - Col\u00e9gio Sepam","isPartOf":{"@id":"https:\/\/sepam.com.br\/#website"},"datePublished":"2025-08-28T13:47:22+00:00","dateModified":"2025-11-24T13:53:36+00:00","breadcrumb":{"@id":"https:\/\/sepam.com.br\/fr\/sepam-vai-para-cascavel-em-busca-da-taca-parana-de-handebol\/#breadcrumb"},"inLanguage":"fr-FR","potentialAction":[{"@type":"ReadAction","target":["https:\/\/sepam.com.br\/fr\/sepam-vai-para-cascavel-em-busca-da-taca-parana-de-handebol\/"]}]},{"@type":"BreadcrumbList","@id":"https:\/\/sepam.com.br\/fr\/sepam-vai-para-cascavel-em-busca-da-taca-parana-de-handebol\/#breadcrumb","itemListElement":[{"@type":"ListItem","position":1,"name":"Boas Vindas","item":"https:\/\/sepam.com.br\/"},{"@type":"ListItem","position":2,"name":"Sepam vai para Cascavel em busca da Ta\u00e7a Paran\u00e1 de Handebol"}]},{"@type":"WebSite","@id":"https:\/\/sepam.com.br\/fr\/#website","url":"https:\/\/sepam.com.br\/fr\/","name":"Col\u00e9gio Sepam","description":"Ensino Incompar\u00e1vel","publisher":{"@id":"https:\/\/sepam.com.br\/fr\/#organization"},"potentialAction":[{"@type":"SearchAction","target":{"@type":"EntryPoint","urlTemplate":"https:\/\/sepam.com.br\/fr\/?s={search_term_string}"},"query-input":{"@type":"PropertyValueSpecification","valueRequired":true,"valueName":"search_term_string"}}],"inLanguage":"fr-FR"},{"@type":"Organization","@id":"https:\/\/sepam.com.br\/fr\/#organization","name":"Col\u00e9gio Sepam","url":"https:\/\/sepam.com.br\/fr\/","logo":{"@type":"ImageObject","inLanguage":"fr-FR","@id":"https:\/\/sepam.com.br\/fr\/#\/schema\/logo\/image\/","url":"https:\/\/sepam.com.br\/wp-content\/uploads\/2025\/02\/Ativo-2.png","contentUrl":"https:\/\/sepam.com.br\/wp-content\/uploads\/2025\/02\/Ativo-2.png","width":595,"height":525,"caption":"Col\u00e9gio Sepam"},"image":{"@id":"https:\/\/sepam.com.br\/fr\/#\/schema\/logo\/image\/"}},{"@type":"Person","@id":"https:\/\/sepam.com.br\/#\/schema\/person\/bfa2996c649a5a6d822766f6e64eb7fd","name":"Sepam","image":{"@type":"ImageObject","inLanguage":"fr-FR","@id":"https:\/\/secure.gravatar.com\/avatar\/0219e64664f5861998ad57a3432eb4bd5fd99a34c7cc9bc44b3c59dfb830db85?s=96&d=mm&r=g","url":"https:\/\/secure.gravatar.com\/avatar\/0219e64664f5861998ad57a3432eb4bd5fd99a34c7cc9bc44b3c59dfb830db85?s=96&d=mm&r=g","contentUrl":"https:\/\/secure.gravatar.com\/avatar\/0219e64664f5861998ad57a3432eb4bd5fd99a34c7cc9bc44b3c59dfb830db85?s=96&d=mm&r=g","caption":"Sepam"},"url":"https:\/\/sepam.com.br\/fr\/author\/sepam\/"}]}},"_links":{"self":[{"href":"https:\/\/sepam.com.br\/fr\/wp-json\/wp\/v2\/posts\/6989","targetHints":{"allow":["GET"]}}],"collection":[{"href":"https:\/\/sepam.com.br\/fr\/wp-json\/wp\/v2\/posts"}],"about":[{"href":"https:\/\/sepam.com.br\/fr\/wp-json\/wp\/v2\/types\/post"}],"author":[{"embeddable":true,"href":"https:\/\/sepam.com.br\/fr\/wp-json\/wp\/v2\/users\/13"}],"replies":[{"embeddable":true,"href":"https:\/\/sepam.com.br\/fr\/wp-json\/wp\/v2\/comments?post=6989"}],"version-history":[{"count":1,"href":"https:\/\/sepam.com.br\/fr\/wp-json\/wp\/v2\/posts\/6989\/revisions"}],"predecessor-version":[{"id":7373,"href":"https:\/\/sepam.com.br\/fr\/wp-json\/wp\/v2\/posts\/6989\/revisions\/7373"}],"wp:attachment":[{"href":"https:\/\/sepam.com.br\/fr\/wp-json\/wp\/v2\/media?parent=6989"}],"wp:term":[{"taxonomy":"category","embeddable":true,"href":"https:\/\/sepam.com.br\/fr\/wp-json\/wp\/v2\/categories?post=6989"},{"taxonomy":"post_tag","embeddable":true,"href":"https:\/\/sepam.com.br\/fr\/wp-json\/wp\/v2\/tags?post=6989"}],"curies":[{"name":"wp","href":"https:\/\/api.w.org\/{rel}","templated":true}]}}