{"id":6983,"date":"2025-08-28T10:47:22","date_gmt":"2025-08-28T13:47:22","guid":{"rendered":"https:\/\/dev.alisonandrei.com.br\/noticia\/temas-sociais-como-falar-sobre-adocao-em-sala-de-aula\/"},"modified":"2025-11-24T10:53:36","modified_gmt":"2025-11-24T13:53:36","slug":"temas-sociais-como-falar-sobre-adocao-em-sala-de-aula","status":"publish","type":"post","link":"https:\/\/sepam.com.br\/fr\/temas-sociais-como-falar-sobre-adocao-em-sala-de-aula\/","title":{"rendered":"Temas sociais: Como falar sobre ado\u00e7\u00e3o em sala de aula?"},"content":{"rendered":"<p>O alunos do 4\u00ba ano do Ensino Fundamental do Col\u00e9gio SEPAM est\u00e3o trabalhando o tema social \u201cado\u00e7\u00e3o\u201d, que \u00e9 abordado nos livros: O Menino Misterioso ( \u00c1lvaro Ottoni) e Beb\u00ea do Cora\u00e7\u00e3o (Thelma Kracochansky Laufer). As obras est\u00e3o sendo utilizados no projeto de leitura desenvolvido com as turmas e foram escolhidas porque abordam o tema com ilustra\u00e7\u00f5es que, de forma sensibilizada, chamam a aten\u00e7\u00e3o e despertam a curiosidade dos alunos.<\/p>\n<p>Para dar \u00eanfase ao assunto, as professoras Joice Bandil, Karoline Aparecida Antunes, Maira Desir\u00e8e Bus e Sheila Bueno de Oliveira convidaram Jocimara Majur Garcia, que veio ao Col\u00e9gio contar para as crian\u00e7as como foi o processo de ado\u00e7\u00e3o do seu filho. O objetivo da conversa foi esclarecer as d\u00favidas dos alunos e tamb\u00e9m mostrar a eles que uma pessoa n\u00e3o se difere da outra por ser adotada.<\/p>\n<p>Jocimara conta que a obra de Thelma Kracochansky Laufer foi uma entre tantas utilizadas por ela para que o filho pudesse compreender a hist\u00f3ria dele. \u201cMuitas crian\u00e7as me perguntavam: \u2018como foi quando voc\u00ea contou pra ele?\u2019 Eu explico que foi um processo tranquilo, que utilizei muitos livros que abordavam o assunto e, conforme ele ia crescendo, tudo se esclarecia. Ele n\u00e3o teve esse choque que muitas crian\u00e7as t\u00eam. Para ele \u00e9 muito natural, ele adora falar sobre ado\u00e7\u00e3o\u201d, explica.<\/p>\n<p>A professora Maira (4\u00ba D) considera importante debater temas sociais em sala de aula porque isso influencia o modo de pensar dos alunos, que est\u00e3o em processo de constru\u00e7\u00e3o de opini\u00f5es e conceitos. \u201cPor meio da sensibilidade que o tema traz, n\u00f3s quisemos mostrar \u00e0s crian\u00e7as que n\u00e3o existem diferen\u00e7as entre elas. Com todo nosso trabalho em sala de aula e a visita da m\u00e3e, hoje \u00e9 percept\u00edvel que eles conseguem ver muitas coisas diferentes\u201d, finaliza a professora.<\/p>\n","protected":false},"excerpt":{"rendered":"<p>O alunos do 4\u00ba ano do Ensino Fundamental do Col\u00e9gio SEPAM est\u00e3o trabalhando o tema social \u201cado\u00e7\u00e3o\u201d, que \u00e9 abordado nos livros: O Menino Misterioso ( \u00c1lvaro Ottoni) e Beb\u00ea do Cora\u00e7\u00e3o (Thelma Kracochansky Laufer). As obras est\u00e3o sendo utilizados no projeto de leitura desenvolvido com as turmas e foram escolhidas porque abordam o tema [&hellip;]<\/p>\n","protected":false},"author":13,"featured_media":0,"comment_status":"open","ping_status":"open","sticky":false,"template":"","format":"standard","meta":{"footnotes":""},"categories":[21],"tags":[],"class_list":["post-6983","post","type-post","status-publish","format-standard","hentry","category-colegio-sepam"],"yoast_head":"<!-- This site is optimized with the Yoast SEO plugin v28.4 - https:\/\/yoast.com\/product\/yoast-seo-wordpress\/ -->\n<title>Temas sociais: Como falar sobre ado\u00e7\u00e3o em sala de aula?<\/title>\n<meta name=\"description\" content=\"O alunos do 4\u00ba ano do Ensino Fundamental do Col\u00e9gio SEPAM est\u00e3o trabalhando o tema social \u201cado\u00e7\u00e3o\u201d, que \u00e9 abordado nos livros: O Menino Misterioso ( \u00c1lvaro Ottoni) e Beb\u00ea do Cora\u00e7\u00e3o (Thelma Kracochansky Laufer). As obras est\u00e3o sendo utilizados no projeto de leitura desenvolvido com as turmas e foram escolhidas porque abordam o tema\u2026\" \/>\n<meta name=\"robots\" content=\"index, follow, max-snippet:-1, max-image-preview:large, max-video-preview:-1\" \/>\n<link rel=\"canonical\" href=\"https:\/\/sepam.com.br\/fr\/temas-sociais-como-falar-sobre-adocao-em-sala-de-aula\/\" \/>\n<meta property=\"og:locale\" content=\"fr_FR\" \/>\n<meta property=\"og:type\" content=\"article\" \/>\n<meta property=\"og:title\" content=\"Temas sociais: Como falar sobre ado\u00e7\u00e3o em sala de aula?\" \/>\n<meta property=\"og:description\" content=\"O alunos do 4\u00ba ano do Ensino Fundamental do Col\u00e9gio SEPAM est\u00e3o trabalhando o tema social \u201cado\u00e7\u00e3o\u201d, que \u00e9 abordado nos livros: O Menino Misterioso ( \u00c1lvaro Ottoni) e Beb\u00ea do Cora\u00e7\u00e3o (Thelma Kracochansky Laufer). As obras est\u00e3o sendo utilizados no projeto de leitura desenvolvido com as turmas e foram escolhidas porque abordam o tema\u2026\" \/>\n<meta property=\"og:url\" content=\"https:\/\/sepam.com.br\/fr\/temas-sociais-como-falar-sobre-adocao-em-sala-de-aula\/\" \/>\n<meta property=\"og:site_name\" content=\"Col\u00e9gio Sepam\" \/>\n<meta property=\"article:published_time\" content=\"2025-08-28T13:47:22+00:00\" \/>\n<meta property=\"article:modified_time\" content=\"2025-11-24T13:53:36+00:00\" \/>\n<meta name=\"author\" content=\"Sepam\" \/>\n<meta name=\"twitter:card\" content=\"summary_large_image\" \/>\n<meta name=\"twitter:label1\" content=\"\u00c9crit par\" \/>\n\t<meta name=\"twitter:data1\" content=\"Sepam\" \/>\n\t<meta name=\"twitter:label2\" content=\"Dur\u00e9e de lecture estim\u00e9e\" \/>\n\t<meta name=\"twitter:data2\" content=\"2 minutes\" \/>\n<script type=\"application\/ld+json\" class=\"yoast-schema-graph\">{\"@context\":\"https:\\\/\\\/schema.org\",\"@graph\":[{\"@type\":\"Article\",\"@id\":\"https:\\\/\\\/sepam.com.br\\\/fr\\\/temas-sociais-como-falar-sobre-adocao-em-sala-de-aula\\\/#article\",\"isPartOf\":{\"@id\":\"https:\\\/\\\/sepam.com.br\\\/fr\\\/temas-sociais-como-falar-sobre-adocao-em-sala-de-aula\\\/\"},\"author\":{\"name\":\"Sepam\",\"@id\":\"https:\\\/\\\/sepam.com.br\\\/#\\\/schema\\\/person\\\/bfa2996c649a5a6d822766f6e64eb7fd\"},\"headline\":\"Temas sociais: Como falar sobre ado\u00e7\u00e3o em sala de aula?\",\"datePublished\":\"2025-08-28T13:47:22+00:00\",\"dateModified\":\"2025-11-24T13:53:36+00:00\",\"mainEntityOfPage\":{\"@id\":\"https:\\\/\\\/sepam.com.br\\\/fr\\\/temas-sociais-como-falar-sobre-adocao-em-sala-de-aula\\\/\"},\"wordCount\":328,\"commentCount\":0,\"publisher\":{\"@id\":\"https:\\\/\\\/sepam.com.br\\\/#organization\"},\"articleSection\":[\"Colegio Sepam\"],\"inLanguage\":\"fr-FR\",\"potentialAction\":[{\"@type\":\"CommentAction\",\"name\":\"Comment\",\"target\":[\"https:\\\/\\\/sepam.com.br\\\/fr\\\/temas-sociais-como-falar-sobre-adocao-em-sala-de-aula\\\/#respond\"]}]},{\"@type\":\"WebPage\",\"@id\":\"https:\\\/\\\/sepam.com.br\\\/fr\\\/temas-sociais-como-falar-sobre-adocao-em-sala-de-aula\\\/\",\"url\":\"https:\\\/\\\/sepam.com.br\\\/fr\\\/temas-sociais-como-falar-sobre-adocao-em-sala-de-aula\\\/\",\"name\":\"Temas sociais: Como falar sobre ado\u00e7\u00e3o em sala de aula? - Col\u00e9gio Sepam\",\"isPartOf\":{\"@id\":\"https:\\\/\\\/sepam.com.br\\\/#website\"},\"datePublished\":\"2025-08-28T13:47:22+00:00\",\"dateModified\":\"2025-11-24T13:53:36+00:00\",\"breadcrumb\":{\"@id\":\"https:\\\/\\\/sepam.com.br\\\/fr\\\/temas-sociais-como-falar-sobre-adocao-em-sala-de-aula\\\/#breadcrumb\"},\"inLanguage\":\"fr-FR\",\"potentialAction\":[{\"@type\":\"ReadAction\",\"target\":[\"https:\\\/\\\/sepam.com.br\\\/fr\\\/temas-sociais-como-falar-sobre-adocao-em-sala-de-aula\\\/\"]}]},{\"@type\":\"BreadcrumbList\",\"@id\":\"https:\\\/\\\/sepam.com.br\\\/fr\\\/temas-sociais-como-falar-sobre-adocao-em-sala-de-aula\\\/#breadcrumb\",\"itemListElement\":[{\"@type\":\"ListItem\",\"position\":1,\"name\":\"Boas Vindas\",\"item\":\"https:\\\/\\\/sepam.com.br\\\/\"},{\"@type\":\"ListItem\",\"position\":2,\"name\":\"Temas sociais: Como falar sobre ado\u00e7\u00e3o em sala de aula?\"}]},{\"@type\":\"WebSite\",\"@id\":\"https:\\\/\\\/sepam.com.br\\\/fr\\\/#website\",\"url\":\"https:\\\/\\\/sepam.com.br\\\/fr\\\/\",\"name\":\"Col\u00e9gio Sepam\",\"description\":\"Ensino Incompar\u00e1vel\",\"publisher\":{\"@id\":\"https:\\\/\\\/sepam.com.br\\\/fr\\\/#organization\"},\"potentialAction\":[{\"@type\":\"SearchAction\",\"target\":{\"@type\":\"EntryPoint\",\"urlTemplate\":\"https:\\\/\\\/sepam.com.br\\\/fr\\\/?s={search_term_string}\"},\"query-input\":{\"@type\":\"PropertyValueSpecification\",\"valueRequired\":true,\"valueName\":\"search_term_string\"}}],\"inLanguage\":\"fr-FR\"},{\"@type\":\"Organization\",\"@id\":\"https:\\\/\\\/sepam.com.br\\\/fr\\\/#organization\",\"name\":\"Col\u00e9gio Sepam\",\"url\":\"https:\\\/\\\/sepam.com.br\\\/fr\\\/\",\"logo\":{\"@type\":\"ImageObject\",\"inLanguage\":\"fr-FR\",\"@id\":\"https:\\\/\\\/sepam.com.br\\\/fr\\\/#\\\/schema\\\/logo\\\/image\\\/\",\"url\":\"https:\\\/\\\/sepam.com.br\\\/wp-content\\\/uploads\\\/2025\\\/02\\\/Ativo-2.png\",\"contentUrl\":\"https:\\\/\\\/sepam.com.br\\\/wp-content\\\/uploads\\\/2025\\\/02\\\/Ativo-2.png\",\"width\":595,\"height\":525,\"caption\":\"Col\u00e9gio Sepam\"},\"image\":{\"@id\":\"https:\\\/\\\/sepam.com.br\\\/fr\\\/#\\\/schema\\\/logo\\\/image\\\/\"}},{\"@type\":\"Person\",\"@id\":\"https:\\\/\\\/sepam.com.br\\\/#\\\/schema\\\/person\\\/bfa2996c649a5a6d822766f6e64eb7fd\",\"name\":\"Sepam\",\"image\":{\"@type\":\"ImageObject\",\"inLanguage\":\"fr-FR\",\"@id\":\"https:\\\/\\\/secure.gravatar.com\\\/avatar\\\/0219e64664f5861998ad57a3432eb4bd5fd99a34c7cc9bc44b3c59dfb830db85?s=96&d=mm&r=g\",\"url\":\"https:\\\/\\\/secure.gravatar.com\\\/avatar\\\/0219e64664f5861998ad57a3432eb4bd5fd99a34c7cc9bc44b3c59dfb830db85?s=96&d=mm&r=g\",\"contentUrl\":\"https:\\\/\\\/secure.gravatar.com\\\/avatar\\\/0219e64664f5861998ad57a3432eb4bd5fd99a34c7cc9bc44b3c59dfb830db85?s=96&d=mm&r=g\",\"caption\":\"Sepam\"},\"url\":\"https:\\\/\\\/sepam.com.br\\\/fr\\\/author\\\/sepam\\\/\"}]}<\/script>\n<!-- \/ Yoast SEO plugin. -->","yoast_head_json":{"title":"Temas sociais: Como falar sobre ado\u00e7\u00e3o em sala de aula?","description":"O alunos do 4\u00ba ano do Ensino Fundamental do Col\u00e9gio SEPAM est\u00e3o trabalhando o tema social \u201cado\u00e7\u00e3o\u201d, que \u00e9 abordado nos livros: O Menino Misterioso ( \u00c1lvaro Ottoni) e Beb\u00ea do Cora\u00e7\u00e3o (Thelma Kracochansky Laufer). As obras est\u00e3o sendo utilizados no projeto de leitura desenvolvido com as turmas e foram escolhidas porque abordam o tema\u2026","robots":{"index":"index","follow":"follow","max-snippet":"max-snippet:-1","max-image-preview":"max-image-preview:large","max-video-preview":"max-video-preview:-1"},"canonical":"https:\/\/sepam.com.br\/fr\/temas-sociais-como-falar-sobre-adocao-em-sala-de-aula\/","og_locale":"fr_FR","og_type":"article","og_title":"Temas sociais: Como falar sobre ado\u00e7\u00e3o em sala de aula?","og_description":"O alunos do 4\u00ba ano do Ensino Fundamental do Col\u00e9gio SEPAM est\u00e3o trabalhando o tema social \u201cado\u00e7\u00e3o\u201d, que \u00e9 abordado nos livros: O Menino Misterioso ( \u00c1lvaro Ottoni) e Beb\u00ea do Cora\u00e7\u00e3o (Thelma Kracochansky Laufer). As obras est\u00e3o sendo utilizados no projeto de leitura desenvolvido com as turmas e foram escolhidas porque abordam o tema\u2026","og_url":"https:\/\/sepam.com.br\/fr\/temas-sociais-como-falar-sobre-adocao-em-sala-de-aula\/","og_site_name":"Col\u00e9gio Sepam","article_published_time":"2025-08-28T13:47:22+00:00","article_modified_time":"2025-11-24T13:53:36+00:00","author":"Sepam","twitter_card":"summary_large_image","twitter_misc":{"\u00c9crit par":"Sepam","Dur\u00e9e de lecture estim\u00e9e":"2 minutes"},"schema":{"@context":"https:\/\/schema.org","@graph":[{"@type":"Article","@id":"https:\/\/sepam.com.br\/fr\/temas-sociais-como-falar-sobre-adocao-em-sala-de-aula\/#article","isPartOf":{"@id":"https:\/\/sepam.com.br\/fr\/temas-sociais-como-falar-sobre-adocao-em-sala-de-aula\/"},"author":{"name":"Sepam","@id":"https:\/\/sepam.com.br\/#\/schema\/person\/bfa2996c649a5a6d822766f6e64eb7fd"},"headline":"Temas sociais: Como falar sobre ado\u00e7\u00e3o em sala de aula?","datePublished":"2025-08-28T13:47:22+00:00","dateModified":"2025-11-24T13:53:36+00:00","mainEntityOfPage":{"@id":"https:\/\/sepam.com.br\/fr\/temas-sociais-como-falar-sobre-adocao-em-sala-de-aula\/"},"wordCount":328,"commentCount":0,"publisher":{"@id":"https:\/\/sepam.com.br\/#organization"},"articleSection":["Colegio Sepam"],"inLanguage":"fr-FR","potentialAction":[{"@type":"CommentAction","name":"Comment","target":["https:\/\/sepam.com.br\/fr\/temas-sociais-como-falar-sobre-adocao-em-sala-de-aula\/#respond"]}]},{"@type":"WebPage","@id":"https:\/\/sepam.com.br\/fr\/temas-sociais-como-falar-sobre-adocao-em-sala-de-aula\/","url":"https:\/\/sepam.com.br\/fr\/temas-sociais-como-falar-sobre-adocao-em-sala-de-aula\/","name":"Temas sociais: Como falar sobre ado\u00e7\u00e3o em sala de aula? - Col\u00e9gio Sepam","isPartOf":{"@id":"https:\/\/sepam.com.br\/#website"},"datePublished":"2025-08-28T13:47:22+00:00","dateModified":"2025-11-24T13:53:36+00:00","breadcrumb":{"@id":"https:\/\/sepam.com.br\/fr\/temas-sociais-como-falar-sobre-adocao-em-sala-de-aula\/#breadcrumb"},"inLanguage":"fr-FR","potentialAction":[{"@type":"ReadAction","target":["https:\/\/sepam.com.br\/fr\/temas-sociais-como-falar-sobre-adocao-em-sala-de-aula\/"]}]},{"@type":"BreadcrumbList","@id":"https:\/\/sepam.com.br\/fr\/temas-sociais-como-falar-sobre-adocao-em-sala-de-aula\/#breadcrumb","itemListElement":[{"@type":"ListItem","position":1,"name":"Boas Vindas","item":"https:\/\/sepam.com.br\/"},{"@type":"ListItem","position":2,"name":"Temas sociais: Como falar sobre ado\u00e7\u00e3o em sala de aula?"}]},{"@type":"WebSite","@id":"https:\/\/sepam.com.br\/fr\/#website","url":"https:\/\/sepam.com.br\/fr\/","name":"Col\u00e9gio Sepam","description":"Ensino Incompar\u00e1vel","publisher":{"@id":"https:\/\/sepam.com.br\/fr\/#organization"},"potentialAction":[{"@type":"SearchAction","target":{"@type":"EntryPoint","urlTemplate":"https:\/\/sepam.com.br\/fr\/?s={search_term_string}"},"query-input":{"@type":"PropertyValueSpecification","valueRequired":true,"valueName":"search_term_string"}}],"inLanguage":"fr-FR"},{"@type":"Organization","@id":"https:\/\/sepam.com.br\/fr\/#organization","name":"Col\u00e9gio Sepam","url":"https:\/\/sepam.com.br\/fr\/","logo":{"@type":"ImageObject","inLanguage":"fr-FR","@id":"https:\/\/sepam.com.br\/fr\/#\/schema\/logo\/image\/","url":"https:\/\/sepam.com.br\/wp-content\/uploads\/2025\/02\/Ativo-2.png","contentUrl":"https:\/\/sepam.com.br\/wp-content\/uploads\/2025\/02\/Ativo-2.png","width":595,"height":525,"caption":"Col\u00e9gio Sepam"},"image":{"@id":"https:\/\/sepam.com.br\/fr\/#\/schema\/logo\/image\/"}},{"@type":"Person","@id":"https:\/\/sepam.com.br\/#\/schema\/person\/bfa2996c649a5a6d822766f6e64eb7fd","name":"Sepam","image":{"@type":"ImageObject","inLanguage":"fr-FR","@id":"https:\/\/secure.gravatar.com\/avatar\/0219e64664f5861998ad57a3432eb4bd5fd99a34c7cc9bc44b3c59dfb830db85?s=96&d=mm&r=g","url":"https:\/\/secure.gravatar.com\/avatar\/0219e64664f5861998ad57a3432eb4bd5fd99a34c7cc9bc44b3c59dfb830db85?s=96&d=mm&r=g","contentUrl":"https:\/\/secure.gravatar.com\/avatar\/0219e64664f5861998ad57a3432eb4bd5fd99a34c7cc9bc44b3c59dfb830db85?s=96&d=mm&r=g","caption":"Sepam"},"url":"https:\/\/sepam.com.br\/fr\/author\/sepam\/"}]}},"_links":{"self":[{"href":"https:\/\/sepam.com.br\/fr\/wp-json\/wp\/v2\/posts\/6983","targetHints":{"allow":["GET"]}}],"collection":[{"href":"https:\/\/sepam.com.br\/fr\/wp-json\/wp\/v2\/posts"}],"about":[{"href":"https:\/\/sepam.com.br\/fr\/wp-json\/wp\/v2\/types\/post"}],"author":[{"embeddable":true,"href":"https:\/\/sepam.com.br\/fr\/wp-json\/wp\/v2\/users\/13"}],"replies":[{"embeddable":true,"href":"https:\/\/sepam.com.br\/fr\/wp-json\/wp\/v2\/comments?post=6983"}],"version-history":[{"count":1,"href":"https:\/\/sepam.com.br\/fr\/wp-json\/wp\/v2\/posts\/6983\/revisions"}],"predecessor-version":[{"id":7367,"href":"https:\/\/sepam.com.br\/fr\/wp-json\/wp\/v2\/posts\/6983\/revisions\/7367"}],"wp:attachment":[{"href":"https:\/\/sepam.com.br\/fr\/wp-json\/wp\/v2\/media?parent=6983"}],"wp:term":[{"taxonomy":"category","embeddable":true,"href":"https:\/\/sepam.com.br\/fr\/wp-json\/wp\/v2\/categories?post=6983"},{"taxonomy":"post_tag","embeddable":true,"href":"https:\/\/sepam.com.br\/fr\/wp-json\/wp\/v2\/tags?post=6983"}],"curies":[{"name":"wp","href":"https:\/\/api.w.org\/{rel}","templated":true}]}}